{"id":252394,"date":"2022-03-11T19:49:51","date_gmt":"2022-03-11T18:49:51","guid":{"rendered":"https:\/\/www.letemsvetemapplem.eu\/bazar\/?p=252394"},"modified":"2022-03-11T19:49:51","modified_gmt":"2022-03-11T18:49:51","slug":"imac-27-5k-late-2015-1tb-fusion","status":"publish","type":"post","link":"https:\/\/www.letemsvetemapplem.eu\/bazar\/imac-27-5k-late-2015-1tb-fusion\/","title":{"rendered":"iMac 27\u201d 5K &#8211; late 2015 &#8211; 1TB fusion"},"content":{"rendered":"<p>Prod\u00e1m iMac &#8211; dodnes slou\u017e\u00ed skv\u011ble &#8211; bez jak\u00fdchkoliv z\u00e1vad jak funk\u010dn\u00edch tak estetick\u00fdch.<br \/>\nPo\u010d\u00edta\u010d st\u00e1le ulo\u017een na jednom m\u00edst\u011b.<br \/>\nBez vad.<br \/>\nPln\u011b funk\u010dn\u00ed.<br \/>\nKomplet balen\u00ed &#8211; nap\u00e1jec\u00ed kabel, po\u010d\u00edta\u010d, kl\u00e1vesnice, my\u0161. <\/p>\n<p>Podrobnosti o konfiguraci na fotografii. <\/p>\n<p>P\u0159i rychl\u00e9m jedn\u00e1n\u00ed mo\u017en\u00e1 sleva.<br \/>\nOSTRAVA<\/p>\n","protected":false},"excerpt":{"rendered":"<p>Prod\u00e1m iMac &#8211; dodnes slou\u017e\u00ed skv\u011ble &#8211; bez jak\u00fdchkoliv z\u00e1vad jak funk\u010dn\u00edch tak estetick\u00fdch. Po\u010d\u00edta\u010d st\u00e1le ulo\u017een na jednom m\u00edst\u011b. Bez vad. Pln\u011b funk\u010dn\u00ed. Komplet balen\u00ed &#8211; nap\u00e1jec\u00ed kabel, po\u010d\u00edta\u010d, kl\u00e1vesnice, my\u0161. Podrobnosti o konfiguraci na fotografii. P\u0159i rychl\u00e9m jedn\u00e1n\u00ed mo\u017en\u00e1 sleva. OSTRAVA<\/p>\n","protected":false},"author":0,"featured_media":252395,"comment_status":"closed","ping_status":"closed","sticky":false,"template":"","format":"standard","meta":{"footnotes":""},"categories":[41],"tags":[],"class_list":["post-252394","post","type-post","status-publish","format-standard","has-post-thumbnail","hentry","category-imac"],"yoast_head":"<!-- This site is optimized with the Yoast SEO plugin v27.2 - https:\/\/yoast.com\/product\/yoast-seo-wordpress\/ -->\n<title>iMac 27\u201d 5K - late 2015 - 1TB fusion - Apple bazar<\/title>\n<meta name=\"robots\" content=\"index, follow, max-snippet:-1, max-image-preview:large, max-video-preview:-1\" \/>\n<link rel=\"canonical\" href=\"https:\/\/www.letemsvetemapplem.eu\/bazar\/imac-27-5k-late-2015-1tb-fusion\/\" \/>\n<meta property=\"og:locale\" content=\"cs_CZ\" \/>\n<meta property=\"og:type\" content=\"article\" \/>\n<meta property=\"og:title\" content=\"iMac 27\u201d 5K - late 2015 - 1TB fusion - Apple bazar\" \/>\n<meta property=\"og:description\" content=\"Prod\u00e1m iMac &#8211; dodnes slou\u017e\u00ed skv\u011ble &#8211; bez jak\u00fdchkoliv z\u00e1vad jak funk\u010dn\u00edch tak estetick\u00fdch. Po\u010d\u00edta\u010d st\u00e1le ulo\u017een na jednom m\u00edst\u011b. Bez vad. Pln\u011b funk\u010dn\u00ed. Komplet balen\u00ed &#8211; nap\u00e1jec\u00ed kabel, po\u010d\u00edta\u010d, kl\u00e1vesnice, my\u0161. Podrobnosti o konfiguraci na fotografii. P\u0159i rychl\u00e9m jedn\u00e1n\u00ed mo\u017en\u00e1 sleva. OSTRAVA\" \/>\n<meta property=\"og:url\" content=\"https:\/\/www.letemsvetemapplem.eu\/bazar\/imac-27-5k-late-2015-1tb-fusion\/\" \/>\n<meta property=\"og:site_name\" content=\"Apple bazar\" \/>\n<meta property=\"article:published_time\" content=\"2022-03-11T18:49:51+00:00\" \/>\n<meta property=\"og:image\" content=\"https:\/\/www.letemsvetemapplem.eu\/bazar\/wp-content\/uploads\/2022\/03\/2F71D733-0609-4896-BFE3-3B8E6A2B9983-scaled.jpeg\" \/>\n\t<meta property=\"og:image:width\" content=\"1440\" \/>\n\t<meta property=\"og:image:height\" content=\"2560\" \/>\n\t<meta property=\"og:image:type\" content=\"image\/jpeg\" \/>\n<meta name=\"twitter:card\" content=\"summary_large_image\" \/>\n<script type=\"application\/ld+json\" class=\"yoast-schema-graph\">{\"@context\":\"https:\/\/schema.org\",\"@graph\":[{\"@type\":\"Article\",\"@id\":\"https:\/\/www.letemsvetemapplem.eu\/bazar\/imac-27-5k-late-2015-1tb-fusion\/#article\",\"isPartOf\":{\"@id\":\"https:\/\/www.letemsvetemapplem.eu\/bazar\/imac-27-5k-late-2015-1tb-fusion\/\"},\"author\":{\"name\":\"\",\"@id\":\"\"},\"headline\":\"iMac 27\u201d 5K &#8211; late 2015 &#8211; 1TB fusion\",\"datePublished\":\"2022-03-11T18:49:51+00:00\",\"mainEntityOfPage\":{\"@id\":\"https:\/\/www.letemsvetemapplem.eu\/bazar\/imac-27-5k-late-2015-1tb-fusion\/\"},\"wordCount\":69,\"image\":{\"@id\":\"https:\/\/www.letemsvetemapplem.eu\/bazar\/imac-27-5k-late-2015-1tb-fusion\/#primaryimage\"},\"thumbnailUrl\":\"https:\/\/www.letemsvetemapplem.eu\/bazar\/wp-content\/uploads\/2022\/03\/2F71D733-0609-4896-BFE3-3B8E6A2B9983-scaled.jpeg\",\"articleSection\":[\"iMac\"],\"inLanguage\":\"cs\"},{\"@type\":\"WebPage\",\"@id\":\"https:\/\/www.letemsvetemapplem.eu\/bazar\/imac-27-5k-late-2015-1tb-fusion\/\",\"url\":\"https:\/\/www.letemsvetemapplem.eu\/bazar\/imac-27-5k-late-2015-1tb-fusion\/\",\"name\":\"iMac 27\u201d 5K - late 2015 - 1TB fusion - Apple bazar\",\"isPartOf\":{\"@id\":\"https:\/\/www.letemsvetemapplem.eu\/bazar\/#website\"},\"primaryImageOfPage\":{\"@id\":\"https:\/\/www.letemsvetemapplem.eu\/bazar\/imac-27-5k-late-2015-1tb-fusion\/#primaryimage\"},\"image\":{\"@id\":\"https:\/\/www.letemsvetemapplem.eu\/bazar\/imac-27-5k-late-2015-1tb-fusion\/#primaryimage\"},\"thumbnailUrl\":\"https:\/\/www.letemsvetemapplem.eu\/bazar\/wp-content\/uploads\/2022\/03\/2F71D733-0609-4896-BFE3-3B8E6A2B9983-scaled.jpeg\",\"datePublished\":\"2022-03-11T18:49:51+00:00\",\"author\":{\"@id\":\"\"},\"breadcrumb\":{\"@id\":\"https:\/\/www.letemsvetemapplem.eu\/bazar\/imac-27-5k-late-2015-1tb-fusion\/#breadcrumb\"},\"inLanguage\":\"cs\",\"potentialAction\":[{\"@type\":\"ReadAction\",\"target\":[\"https:\/\/www.letemsvetemapplem.eu\/bazar\/imac-27-5k-late-2015-1tb-fusion\/\"]}]},{\"@type\":\"ImageObject\",\"inLanguage\":\"cs\",\"@id\":\"https:\/\/www.letemsvetemapplem.eu\/bazar\/imac-27-5k-late-2015-1tb-fusion\/#primaryimage\",\"url\":\"https:\/\/www.letemsvetemapplem.eu\/bazar\/wp-content\/uploads\/2022\/03\/2F71D733-0609-4896-BFE3-3B8E6A2B9983-scaled.jpeg\",\"contentUrl\":\"https:\/\/www.letemsvetemapplem.eu\/bazar\/wp-content\/uploads\/2022\/03\/2F71D733-0609-4896-BFE3-3B8E6A2B9983-scaled.jpeg\",\"width\":1440,\"height\":2560},{\"@type\":\"BreadcrumbList\",\"@id\":\"https:\/\/www.letemsvetemapplem.eu\/bazar\/imac-27-5k-late-2015-1tb-fusion\/#breadcrumb\",\"itemListElement\":[{\"@type\":\"ListItem\",\"position\":1,\"name\":\"Apple Bazar\",\"item\":\"https:\/\/www.letemsvetemapplem.eu\/bazar\/\"},{\"@type\":\"ListItem\",\"position\":2,\"name\":\"iMac 27\u201d 5K &#8211; late 2015 &#8211; 1TB fusion\"}]},{\"@type\":\"WebSite\",\"@id\":\"https:\/\/www.letemsvetemapplem.eu\/bazar\/#website\",\"url\":\"https:\/\/www.letemsvetemapplem.eu\/bazar\/\",\"name\":\"Apple bazar\",\"description\":\"Oou\u017eit\u00e9 Apple produkty za skv\u011bl\u00e9 ceny\",\"potentialAction\":[{\"@type\":\"SearchAction\",\"target\":{\"@type\":\"EntryPoint\",\"urlTemplate\":\"https:\/\/www.letemsvetemapplem.eu\/bazar\/?s={search_term_string}\"},\"query-input\":{\"@type\":\"PropertyValueSpecification\",\"valueRequired\":true,\"valueName\":\"search_term_string\"}}],\"inLanguage\":\"cs\"}]}<\/script>\n<!-- \/ Yoast SEO plugin. -->","yoast_head_json":{"title":"iMac 27\u201d 5K - late 2015 - 1TB fusion - Apple bazar","robots":{"index":"index","follow":"follow","max-snippet":"max-snippet:-1","max-image-preview":"max-image-preview:large","max-video-preview":"max-video-preview:-1"},"canonical":"https:\/\/www.letemsvetemapplem.eu\/bazar\/imac-27-5k-late-2015-1tb-fusion\/","og_locale":"cs_CZ","og_type":"article","og_title":"iMac 27\u201d 5K - late 2015 - 1TB fusion - Apple bazar","og_description":"Prod\u00e1m iMac &#8211; dodnes slou\u017e\u00ed skv\u011ble &#8211; bez jak\u00fdchkoliv z\u00e1vad jak funk\u010dn\u00edch tak estetick\u00fdch. Po\u010d\u00edta\u010d st\u00e1le ulo\u017een na jednom m\u00edst\u011b. Bez vad. Pln\u011b funk\u010dn\u00ed. Komplet balen\u00ed &#8211; nap\u00e1jec\u00ed kabel, po\u010d\u00edta\u010d, kl\u00e1vesnice, my\u0161. Podrobnosti o konfiguraci na fotografii. P\u0159i rychl\u00e9m jedn\u00e1n\u00ed mo\u017en\u00e1 sleva. OSTRAVA","og_url":"https:\/\/www.letemsvetemapplem.eu\/bazar\/imac-27-5k-late-2015-1tb-fusion\/","og_site_name":"Apple bazar","article_published_time":"2022-03-11T18:49:51+00:00","og_image":[{"width":1440,"height":2560,"url":"https:\/\/www.letemsvetemapplem.eu\/bazar\/wp-content\/uploads\/2022\/03\/2F71D733-0609-4896-BFE3-3B8E6A2B9983-scaled.jpeg","type":"image\/jpeg"}],"twitter_card":"summary_large_image","schema":{"@context":"https:\/\/schema.org","@graph":[{"@type":"Article","@id":"https:\/\/www.letemsvetemapplem.eu\/bazar\/imac-27-5k-late-2015-1tb-fusion\/#article","isPartOf":{"@id":"https:\/\/www.letemsvetemapplem.eu\/bazar\/imac-27-5k-late-2015-1tb-fusion\/"},"author":{"name":"","@id":""},"headline":"iMac 27\u201d 5K &#8211; late 2015 &#8211; 1TB fusion","datePublished":"2022-03-11T18:49:51+00:00","mainEntityOfPage":{"@id":"https:\/\/www.letemsvetemapplem.eu\/bazar\/imac-27-5k-late-2015-1tb-fusion\/"},"wordCount":69,"image":{"@id":"https:\/\/www.letemsvetemapplem.eu\/bazar\/imac-27-5k-late-2015-1tb-fusion\/#primaryimage"},"thumbnailUrl":"https:\/\/www.letemsvetemapplem.eu\/bazar\/wp-content\/uploads\/2022\/03\/2F71D733-0609-4896-BFE3-3B8E6A2B9983-scaled.jpeg","articleSection":["iMac"],"inLanguage":"cs"},{"@type":"WebPage","@id":"https:\/\/www.letemsvetemapplem.eu\/bazar\/imac-27-5k-late-2015-1tb-fusion\/","url":"https:\/\/www.letemsvetemapplem.eu\/bazar\/imac-27-5k-late-2015-1tb-fusion\/","name":"iMac 27\u201d 5K - late 2015 - 1TB fusion - Apple bazar","isPartOf":{"@id":"https:\/\/www.letemsvetemapplem.eu\/bazar\/#website"},"primaryImageOfPage":{"@id":"https:\/\/www.letemsvetemapplem.eu\/bazar\/imac-27-5k-late-2015-1tb-fusion\/#primaryimage"},"image":{"@id":"https:\/\/www.letemsvetemapplem.eu\/bazar\/imac-27-5k-late-2015-1tb-fusion\/#primaryimage"},"thumbnailUrl":"https:\/\/www.letemsvetemapplem.eu\/bazar\/wp-content\/uploads\/2022\/03\/2F71D733-0609-4896-BFE3-3B8E6A2B9983-scaled.jpeg","datePublished":"2022-03-11T18:49:51+00:00","author":{"@id":""},"breadcrumb":{"@id":"https:\/\/www.letemsvetemapplem.eu\/bazar\/imac-27-5k-late-2015-1tb-fusion\/#breadcrumb"},"inLanguage":"cs","potentialAction":[{"@type":"ReadAction","target":["https:\/\/www.letemsvetemapplem.eu\/bazar\/imac-27-5k-late-2015-1tb-fusion\/"]}]},{"@type":"ImageObject","inLanguage":"cs","@id":"https:\/\/www.letemsvetemapplem.eu\/bazar\/imac-27-5k-late-2015-1tb-fusion\/#primaryimage","url":"https:\/\/www.letemsvetemapplem.eu\/bazar\/wp-content\/uploads\/2022\/03\/2F71D733-0609-4896-BFE3-3B8E6A2B9983-scaled.jpeg","contentUrl":"https:\/\/www.letemsvetemapplem.eu\/bazar\/wp-content\/uploads\/2022\/03\/2F71D733-0609-4896-BFE3-3B8E6A2B9983-scaled.jpeg","width":1440,"height":2560},{"@type":"BreadcrumbList","@id":"https:\/\/www.letemsvetemapplem.eu\/bazar\/imac-27-5k-late-2015-1tb-fusion\/#breadcrumb","itemListElement":[{"@type":"ListItem","position":1,"name":"Apple Bazar","item":"https:\/\/www.letemsvetemapplem.eu\/bazar\/"},{"@type":"ListItem","position":2,"name":"iMac 27\u201d 5K &#8211; late 2015 &#8211; 1TB fusion"}]},{"@type":"WebSite","@id":"https:\/\/www.letemsvetemapplem.eu\/bazar\/#website","url":"https:\/\/www.letemsvetemapplem.eu\/bazar\/","name":"Apple bazar","description":"Oou\u017eit\u00e9 Apple produkty za skv\u011bl\u00e9 ceny","potentialAction":[{"@type":"SearchAction","target":{"@type":"EntryPoint","urlTemplate":"https:\/\/www.letemsvetemapplem.eu\/bazar\/?s={search_term_string}"},"query-input":{"@type":"PropertyValueSpecification","valueRequired":true,"valueName":"search_term_string"}}],"inLanguage":"cs"}]}},"_links":{"self":[{"href":"https:\/\/www.letemsvetemapplem.eu\/bazar\/wp-json\/wp\/v2\/posts\/252394","targetHints":{"allow":["GET"]}}],"collection":[{"href":"https:\/\/www.letemsvetemapplem.eu\/bazar\/wp-json\/wp\/v2\/posts"}],"about":[{"href":"https:\/\/www.letemsvetemapplem.eu\/bazar\/wp-json\/wp\/v2\/types\/post"}],"replies":[{"embeddable":true,"href":"https:\/\/www.letemsvetemapplem.eu\/bazar\/wp-json\/wp\/v2\/comments?post=252394"}],"version-history":[{"count":1,"href":"https:\/\/www.letemsvetemapplem.eu\/bazar\/wp-json\/wp\/v2\/posts\/252394\/revisions"}],"predecessor-version":[{"id":252398,"href":"https:\/\/www.letemsvetemapplem.eu\/bazar\/wp-json\/wp\/v2\/posts\/252394\/revisions\/252398"}],"wp:featuredmedia":[{"embeddable":true,"href":"https:\/\/www.letemsvetemapplem.eu\/bazar\/wp-json\/wp\/v2\/media\/252395"}],"wp:attachment":[{"href":"https:\/\/www.letemsvetemapplem.eu\/bazar\/wp-json\/wp\/v2\/media?parent=252394"}],"wp:term":[{"taxonomy":"category","embeddable":true,"href":"https:\/\/www.letemsvetemapplem.eu\/bazar\/wp-json\/wp\/v2\/categories?post=252394"},{"taxonomy":"post_tag","embeddable":true,"href":"https:\/\/www.letemsvetemapplem.eu\/bazar\/wp-json\/wp\/v2\/tags?post=252394"}],"curies":[{"name":"wp","href":"https:\/\/api.w.org\/{rel}","templated":true}]}}