{"id":251883,"date":"2022-03-05T14:19:12","date_gmt":"2022-03-05T13:19:12","guid":{"rendered":"https:\/\/www.letemsvetemapplem.eu\/bazar\/?p=251883"},"modified":"2022-03-18T15:01:40","modified_gmt":"2022-03-18T14:01:40","slug":"imac-21-5-cz-retina-4k-2017-2","status":"publish","type":"post","link":"https:\/\/www.letemsvetemapplem.eu\/bazar\/imac-21-5-cz-retina-4k-2017-2\/","title":{"rendered":"iMac 21.5&quot; CZ Retina 4K 2017"},"content":{"rendered":"<p>Dobr\u00fd den,<br \/>\nprod\u00e1v\u00e1m Apple iMac z d\u016fvodu p\u0159echodu na nov\u011bj\u0161\u00ed model.&lt;br \/&gt;<br \/>\nV\u0161e je na 100 % funk\u010dn\u00ed a nejsou \u017e\u00e1dn\u00e9 zn\u00e1mky pou\u017e\u00edv\u00e1n\u00ed. Sou\u010d\u00e1st\u00ed je origin\u00e1ln\u00ed krabice Magic mouse 2 a kl\u00e1vesnice 2 generace.<br \/>\nMohu zaslat v\u00edce fotek na po\u017e\u00e1d\u00e1n\u00ed.&lt;br \/&gt;<br \/>\niMac je aktualizovan\u00fd a p\u0159ipraven\u00fd pro nov\u00e9ho u\u017eivatele.<br \/>\nPreferuji osobn\u00ed p\u0159ed\u00e1n\u00ed (je mo\u017en\u00e9 si v\u0161e odzkou\u0161et) a nebo po domluv\u011b mohu poslat p\u0159es z\u00e1silkovnu nebo po\u0161tou.<br \/>\nParametry a specifikace<br \/>\nOpera\u010dn\u00ed syst\u00e9m&lt;br \/&gt;&lt;br \/&gt;<br \/>\nOpera\u010dn\u00ed syst\u00e9m macOS&lt;br \/&gt;&lt;br \/&gt;<br \/>\nPou\u017eit\u00ed&lt;br \/&gt;&lt;br \/&gt;<br \/>\nTyp sestavy All-in-one PC&lt;br \/&gt;&lt;br \/&gt;<br \/>\nDisplej&lt;br \/&gt;&lt;br \/&gt;<br \/>\n\u00dahlop\u0159\u00ed\u010dka displeje 21,5&quot; (54,61 cm)&lt;br \/&gt;&lt;br \/&gt;<br \/>\nRozli\u0161en\u00ed 4096 \u00d7 2304 px&lt;br \/&gt;&lt;br \/&gt;<br \/>\nTyp panelu IPS&lt;br \/&gt;&lt;br \/&gt;<br \/>\nProcesor&lt;br \/&gt;&lt;br \/&gt;<br \/>\n\u0158ada procesoru Intel Core i5&lt;br \/&gt;&lt;br \/&gt;<br \/>\nModel procesoru Intel Core i5 7500 Kaby Lake&lt;br \/&gt;&lt;br \/&gt;<br \/>\nFrekvence procesoru 3,4 GHz (3 400 MHz)&lt;br \/&gt;&lt;br \/&gt;<br \/>\nPo\u010det jader procesoru 4 \u00d7&lt;br \/&gt;&lt;br \/&gt;<br \/>\nFunkce procesoru HyperThreading, Podpora Virtualizace&lt;br \/&gt;&lt;br \/&gt;<br \/>\nGrafick\u00e1 karta&lt;br \/&gt;&lt;br \/&gt;<br \/>\nPam\u011b\u0165 grafick\u00e9 karty 4 GB&lt;br \/&gt;&lt;br \/&gt;<br \/>\nModel grafick\u00e9 karty AMD Radeon Pro 560&lt;br \/&gt;&lt;br \/&gt;<br \/>\nDisk&lt;br \/&gt;&lt;br \/&gt;<br \/>\nTyp \u00falo\u017ei\u0161t\u011b HDD&lt;br \/&gt;&lt;br \/&gt;<br \/>\nKapacita \u00falo\u017ei\u0161t\u011b 1 000 GB (1 TB)&lt;br \/&gt;&lt;br \/&gt;<br \/>\nHDD Kapacita 1 TB (1 000 GB)&lt;br \/&gt;&lt;br \/&gt;<br \/>\nPo\u010det ot\u00e1\u010dek HDD 5400 ot\/min&lt;br \/&gt;&lt;br \/&gt;<br \/>\nV\u00fdbava&lt;br \/&gt;&lt;br \/&gt;<br \/>\nZ\u00e1kladn\u00ed v\u00fdbava Bluetooth, \u010cte\u010dka pam\u011b\u0165ov\u00fdch karet, Webov\u00e1 kamera, Wi-Fi&lt;br \/&gt;&lt;br \/&gt;<br \/>\nOpera\u010dn\u00ed pam\u011b\u0165&lt;br \/&gt;&lt;br \/&gt;<br \/>\nVelikost opera\u010dn\u00ed pam\u011bti RAM 8 GB&lt;br \/&gt;&lt;br \/&gt;<br \/>\nTyp pam\u011bti DDR4&lt;br \/&gt;&lt;br \/&gt;<br \/>\nMaxim\u00e1ln\u00ed kapacita RAM 32 GB&lt;br \/&gt;&lt;br \/&gt;<br \/>\nPo\u010det slot\u016f RAM 2 ks&lt;br \/&gt;&lt;br \/&gt;<br \/>\nPo\u010det osazen\u00fdch slot\u016f 2 ks&lt;br \/&gt;&lt;br \/&gt;<br \/>\nV\u00fdstupy&lt;br \/&gt;&lt;br \/&gt;<br \/>\nUSB 3.2 Gen 1 (USB 3.0) 6 \u00d7&lt;br \/&gt;&lt;br \/&gt;<br \/>\nGrafick\u00e9 DVI&lt;br \/&gt;&lt;br \/&gt;<br \/>\nDal\u0161\u00ed Combo Audio Jack, mini DisplayPort, V\u00fdstup na sluch\u00e1tka \/ reproduktor, Thunderbolt&lt;br \/&gt;&lt;br \/&gt;<br \/>\nCase&lt;br \/&gt;&lt;br \/&gt;<br \/>\n\u0160\u00ed\u0159ka 528 mm&lt;br \/&gt;&lt;br \/&gt;<br \/>\nV\u00fd\u0161ka 450 mm&lt;br \/&gt;&lt;br \/&gt;<br \/>\nHloubka 175 mm&lt;br \/&gt;&lt;br \/&gt;<br \/>\nHmotnost 5,66 kg&lt;br \/&gt;&lt;br \/&gt;<br \/>\nP\u0159\u00edslu\u0161enstv\u00ed&lt;br \/&gt;&lt;br \/&gt;<br \/>\nZ\u00e1kladn\u00ed p\u0159\u00edslu\u0161enstv\u00ed My\u0161, Kl\u00e1vesnice&lt;br \/&gt;&lt;br \/&gt;<br \/>\nProduktov\u00e1 \u0159ada&lt;br \/&gt;&lt;br \/&gt;<br \/>\n\u0158ada po\u010d\u00edta\u010de Apple iMac&lt;br \/&gt;<br \/>\niMac 21.5&quot; CZ Retina 4K 2017&lt;br \/&gt;&lt;br \/&gt;<br \/>\nNeuv\u011b\u0159iteln\u00e9 detaily na 4K monitoru&lt;br \/&gt;&lt;br \/&gt;<br \/>\n\u00dapln\u011b nov\u00fd Retina 4K displej m\u00e1 14,7 mili\u00f3nu pixel\u016f \u2013 \u010dty\u0159ikr\u00e1t v\u00edce ne\u017e standardn\u00ed 27palcov\u00fd iMac. Fotografie na n\u011bm vypadaj\u00ed \u00fachvatn\u011b, mapy o\u017e\u00edvaj\u00ed a p\u00edsmo je neuv\u011b\u0159iteln\u011b ostr\u00e9.&lt;br \/&gt;<br \/>\niMac s Retina 4K displejem je nabit\u00fd nejnov\u011bj\u0161\u00edmi v\u00fdkonn\u00fdmi technologiemi, a p\u0159itom je u okraj\u016f st\u00e1le jen 5 mm tenk\u00fd.&lt;br \/&gt;<br \/>\niMac 27&quot; Retina 5K&lt;br \/&gt;&lt;br \/&gt;<br \/>\nVysp\u011bl\u00e9 technologie a Retina displej&lt;br \/&gt;&lt;br \/&gt;<br \/>\nN\u00e1\u0161 zat\u00edm nejv\u00fdkonn\u011bj\u0161\u00ed iMac m\u00e1 procesor Intel Core, nejnov\u011bj\u0161\u00ed grafiku AMD a Thunderbolt 3. Dostanete tak ve\u0161ker\u00fd v\u00fdkon a rychlost, co pot\u0159ebujete.&lt;br \/&gt;<br \/>\niMac s Retina 4K displejem je standardn\u011b vybaven\u00fd skv\u011bl\u00fdm HDD Fusion diskem. Ten spojuje velk\u00fd pevn\u00fd disk s v\u00fdkonn\u00fdm flashov\u00fdm \u00falo\u017ei\u0161t\u011bm, a tak \u00falohy n\u00e1ro\u010dn\u00e9 na disk zvl\u00e1d\u00e1 rychleji a efektivn\u011bji.&lt;br \/&gt;<br \/>\niMac 27&quot; Retina 5K&lt;br \/&gt;&lt;br \/&gt;<br \/>\nV\u010detn\u011b v\u00fdkonn\u00fdch aplikac\u00ed.&lt;br \/&gt;&lt;br \/&gt;<br \/>\nKa\u017ed\u00fd nov\u00fd Mac obsahuje v\u00fdkonn\u00e9 aplikace, tak\u017ee m\u016f\u017eete od prvn\u00edho okam\u017eiku d\u00e1t voln\u00fd pr\u016fchod sv\u00e9 tvo\u0159ivosti prost\u0159ednictv\u00edm fotek, vide\u00ed, hudby, dokument\u016f, tabulek a prezentac\u00ed. Dostanete taky v\u00fdborn\u00e9 aplikace na e-maily, prohl\u00ed\u017een\u00ed webu, pos\u00edl\u00e1n\u00ed textovek a hovory p\u0159es FaceTime.&lt;br \/&gt;<br \/>\nMacOS Sierra je intuitivn\u00ed a snadno se ovl\u00e1d\u00e1. A jeho redesignovan\u00e9 prost\u0159ed\u00ed naplno vyu\u017e\u00edv\u00e1 Retina 4K displej, tak\u017ee v\u0161echno uvid\u00edte s takovou pr\u016fzra\u010dnost\u00ed, a\u017e se v\u00e1m bude tajit dech.&lt;br \/&gt;<br \/>\niMac 27&quot; Retina 5K&lt;br \/&gt;&lt;br \/&gt;<br \/>\nDopl\u0148uj\u00edc\u00ed informace k AIO PC iMac RETINA 4K CZ 2017:&lt;br \/&gt;&lt;br \/&gt;<br \/>\nPortov\u00e1 v\u00fdbava:&lt;br \/&gt;&lt;br \/&gt;<br \/>\nSlot pro karty SDXC&lt;br \/&gt;&lt;br \/&gt;<br \/>\n\u010cty\u0159i porty USB 3.0&lt;br \/&gt;&lt;br \/&gt;<br \/>\nDva porty Thunderbolt 3&lt;br \/&gt;&lt;br \/&gt;<br \/>\nV\u00fdstup Mini DisplayPort s podporou DVI, VGA a dual-link DVI (adapt\u00e9ry se prod\u00e1vaj\u00ed zvl\u00e1\u0161\u0165)&lt;br \/&gt;&lt;br \/&gt;<br \/>\nGigabitov\u00fd Ethernet 10\/100\/1000BASE-T (konektor RJ-45)&lt;br \/&gt;&lt;br \/&gt;<br \/>\nSlot pro z\u00e1mek Kensington&lt;br \/&gt;&lt;br \/&gt;<br \/>\nAudio:&lt;br \/&gt;&lt;br \/&gt;<br \/>\nStereo reproduktory&lt;br \/&gt;&lt;br \/&gt;<br \/>\nDva mikrofony&lt;br \/&gt;&lt;br \/&gt;<br \/>\nSluch\u00e1tkov\u00fd konektor&lt;br \/&gt;&lt;br \/&gt;<br \/>\nSluch\u00e1tkov\u00fd\/optick\u00fd digit\u00e1ln\u00ed zvukov\u00fd v\u00fdstup (minijack)&lt;br \/&gt;&lt;br \/&gt;<br \/>\nPodpora sluch\u00e1tek s mikrofonem pro Apple iPhone&lt;br \/&gt;&lt;br \/&gt;<br \/>\nOpera\u010dn\u00ed syst\u00e9m:&lt;br \/&gt;&lt;br \/&gt;<br \/>\nmacOS Sierra<\/p>\n","protected":false},"excerpt":{"rendered":"<p>Dobr\u00fd den, prod\u00e1v\u00e1m Apple iMac z d\u016fvodu p\u0159echodu na nov\u011bj\u0161\u00ed model.&lt;br \/&gt; V\u0161e je na 100 % funk\u010dn\u00ed a nejsou \u017e\u00e1dn\u00e9 zn\u00e1mky pou\u017e\u00edv\u00e1n\u00ed. Sou\u010d\u00e1st\u00ed je origin\u00e1ln\u00ed krabice Magic mouse 2 a kl\u00e1vesnice 2 generace. Mohu zaslat v\u00edce fotek na po\u017e\u00e1d\u00e1n\u00ed.&lt;br \/&gt; iMac je aktualizovan\u00fd a p\u0159ipraven\u00fd pro nov\u00e9ho u\u017eivatele. Preferuji osobn\u00ed p\u0159ed\u00e1n\u00ed (je mo\u017en\u00e9 si&#8230;<\/p>\n","protected":false},"author":0,"featured_media":251884,"comment_status":"closed","ping_status":"closed","sticky":false,"template":"","format":"standard","meta":{"footnotes":""},"categories":[41],"tags":[],"class_list":["post-251883","post","type-post","status-publish","format-standard","has-post-thumbnail","hentry","category-imac"],"yoast_head":"<!-- This site is optimized with the Yoast SEO plugin v27.2 - https:\/\/yoast.com\/product\/yoast-seo-wordpress\/ -->\n<title>iMac 21.5&quot; CZ Retina 4K 2017 - Apple bazar<\/title>\n<meta name=\"robots\" content=\"index, follow, max-snippet:-1, max-image-preview:large, max-video-preview:-1\" \/>\n<link rel=\"canonical\" href=\"https:\/\/www.letemsvetemapplem.eu\/bazar\/imac-21-5-cz-retina-4k-2017-2\/\" \/>\n<meta property=\"og:locale\" content=\"cs_CZ\" \/>\n<meta property=\"og:type\" content=\"article\" \/>\n<meta property=\"og:title\" content=\"iMac 21.5&quot; CZ Retina 4K 2017 - Apple bazar\" \/>\n<meta property=\"og:description\" content=\"Dobr\u00fd den, prod\u00e1v\u00e1m Apple iMac z d\u016fvodu p\u0159echodu na nov\u011bj\u0161\u00ed model.&lt;br \/&gt; V\u0161e je na 100 % funk\u010dn\u00ed a nejsou \u017e\u00e1dn\u00e9 zn\u00e1mky pou\u017e\u00edv\u00e1n\u00ed. Sou\u010d\u00e1st\u00ed je origin\u00e1ln\u00ed krabice Magic mouse 2 a kl\u00e1vesnice 2 generace. Mohu zaslat v\u00edce fotek na po\u017e\u00e1d\u00e1n\u00ed.&lt;br \/&gt; iMac je aktualizovan\u00fd a p\u0159ipraven\u00fd pro nov\u00e9ho u\u017eivatele. Preferuji osobn\u00ed p\u0159ed\u00e1n\u00ed (je mo\u017en\u00e9 si...\" \/>\n<meta property=\"og:url\" content=\"https:\/\/www.letemsvetemapplem.eu\/bazar\/imac-21-5-cz-retina-4k-2017-2\/\" \/>\n<meta property=\"og:site_name\" content=\"Apple bazar\" \/>\n<meta property=\"article:published_time\" content=\"2022-03-05T13:19:12+00:00\" \/>\n<meta property=\"article:modified_time\" content=\"2022-03-18T14:01:40+00:00\" \/>\n<meta property=\"og:image\" content=\"https:\/\/www.letemsvetemapplem.eu\/bazar\/wp-content\/uploads\/2022\/03\/IMG_6991-scaled.jpg\" \/>\n\t<meta property=\"og:image:width\" content=\"1920\" \/>\n\t<meta property=\"og:image:height\" content=\"2560\" \/>\n\t<meta property=\"og:image:type\" content=\"image\/jpeg\" \/>\n<meta name=\"twitter:card\" content=\"summary_large_image\" \/>\n<script type=\"application\/ld+json\" class=\"yoast-schema-graph\">{\"@context\":\"https:\/\/schema.org\",\"@graph\":[{\"@type\":\"Article\",\"@id\":\"https:\/\/www.letemsvetemapplem.eu\/bazar\/imac-21-5-cz-retina-4k-2017-2\/#article\",\"isPartOf\":{\"@id\":\"https:\/\/www.letemsvetemapplem.eu\/bazar\/imac-21-5-cz-retina-4k-2017-2\/\"},\"author\":{\"name\":\"\",\"@id\":\"\"},\"headline\":\"iMac 21.5&quot; CZ Retina 4K 2017\",\"datePublished\":\"2022-03-05T13:19:12+00:00\",\"dateModified\":\"2022-03-18T14:01:40+00:00\",\"mainEntityOfPage\":{\"@id\":\"https:\/\/www.letemsvetemapplem.eu\/bazar\/imac-21-5-cz-retina-4k-2017-2\/\"},\"wordCount\":1030,\"image\":{\"@id\":\"https:\/\/www.letemsvetemapplem.eu\/bazar\/imac-21-5-cz-retina-4k-2017-2\/#primaryimage\"},\"thumbnailUrl\":\"https:\/\/www.letemsvetemapplem.eu\/bazar\/wp-content\/uploads\/2022\/03\/IMG_6991-scaled.jpg\",\"articleSection\":[\"iMac\"],\"inLanguage\":\"cs\"},{\"@type\":\"WebPage\",\"@id\":\"https:\/\/www.letemsvetemapplem.eu\/bazar\/imac-21-5-cz-retina-4k-2017-2\/\",\"url\":\"https:\/\/www.letemsvetemapplem.eu\/bazar\/imac-21-5-cz-retina-4k-2017-2\/\",\"name\":\"iMac 21.5&quot; CZ Retina 4K 2017 - Apple bazar\",\"isPartOf\":{\"@id\":\"https:\/\/www.letemsvetemapplem.eu\/bazar\/#website\"},\"primaryImageOfPage\":{\"@id\":\"https:\/\/www.letemsvetemapplem.eu\/bazar\/imac-21-5-cz-retina-4k-2017-2\/#primaryimage\"},\"image\":{\"@id\":\"https:\/\/www.letemsvetemapplem.eu\/bazar\/imac-21-5-cz-retina-4k-2017-2\/#primaryimage\"},\"thumbnailUrl\":\"https:\/\/www.letemsvetemapplem.eu\/bazar\/wp-content\/uploads\/2022\/03\/IMG_6991-scaled.jpg\",\"datePublished\":\"2022-03-05T13:19:12+00:00\",\"dateModified\":\"2022-03-18T14:01:40+00:00\",\"author\":{\"@id\":\"\"},\"breadcrumb\":{\"@id\":\"https:\/\/www.letemsvetemapplem.eu\/bazar\/imac-21-5-cz-retina-4k-2017-2\/#breadcrumb\"},\"inLanguage\":\"cs\",\"potentialAction\":[{\"@type\":\"ReadAction\",\"target\":[\"https:\/\/www.letemsvetemapplem.eu\/bazar\/imac-21-5-cz-retina-4k-2017-2\/\"]}]},{\"@type\":\"ImageObject\",\"inLanguage\":\"cs\",\"@id\":\"https:\/\/www.letemsvetemapplem.eu\/bazar\/imac-21-5-cz-retina-4k-2017-2\/#primaryimage\",\"url\":\"https:\/\/www.letemsvetemapplem.eu\/bazar\/wp-content\/uploads\/2022\/03\/IMG_6991-scaled.jpg\",\"contentUrl\":\"https:\/\/www.letemsvetemapplem.eu\/bazar\/wp-content\/uploads\/2022\/03\/IMG_6991-scaled.jpg\",\"width\":1920,\"height\":2560},{\"@type\":\"BreadcrumbList\",\"@id\":\"https:\/\/www.letemsvetemapplem.eu\/bazar\/imac-21-5-cz-retina-4k-2017-2\/#breadcrumb\",\"itemListElement\":[{\"@type\":\"ListItem\",\"position\":1,\"name\":\"Apple Bazar\",\"item\":\"https:\/\/www.letemsvetemapplem.eu\/bazar\/\"},{\"@type\":\"ListItem\",\"position\":2,\"name\":\"iMac 21.5&quot; CZ Retina 4K 2017\"}]},{\"@type\":\"WebSite\",\"@id\":\"https:\/\/www.letemsvetemapplem.eu\/bazar\/#website\",\"url\":\"https:\/\/www.letemsvetemapplem.eu\/bazar\/\",\"name\":\"Apple bazar\",\"description\":\"Oou\u017eit\u00e9 Apple produkty za skv\u011bl\u00e9 ceny\",\"potentialAction\":[{\"@type\":\"SearchAction\",\"target\":{\"@type\":\"EntryPoint\",\"urlTemplate\":\"https:\/\/www.letemsvetemapplem.eu\/bazar\/?s={search_term_string}\"},\"query-input\":{\"@type\":\"PropertyValueSpecification\",\"valueRequired\":true,\"valueName\":\"search_term_string\"}}],\"inLanguage\":\"cs\"}]}<\/script>\n<!-- \/ Yoast SEO plugin. -->","yoast_head_json":{"title":"iMac 21.5&quot; CZ Retina 4K 2017 - Apple bazar","robots":{"index":"index","follow":"follow","max-snippet":"max-snippet:-1","max-image-preview":"max-image-preview:large","max-video-preview":"max-video-preview:-1"},"canonical":"https:\/\/www.letemsvetemapplem.eu\/bazar\/imac-21-5-cz-retina-4k-2017-2\/","og_locale":"cs_CZ","og_type":"article","og_title":"iMac 21.5&quot; CZ Retina 4K 2017 - Apple bazar","og_description":"Dobr\u00fd den, prod\u00e1v\u00e1m Apple iMac z d\u016fvodu p\u0159echodu na nov\u011bj\u0161\u00ed model.&lt;br \/&gt; V\u0161e je na 100 % funk\u010dn\u00ed a nejsou \u017e\u00e1dn\u00e9 zn\u00e1mky pou\u017e\u00edv\u00e1n\u00ed. Sou\u010d\u00e1st\u00ed je origin\u00e1ln\u00ed krabice Magic mouse 2 a kl\u00e1vesnice 2 generace. Mohu zaslat v\u00edce fotek na po\u017e\u00e1d\u00e1n\u00ed.&lt;br \/&gt; iMac je aktualizovan\u00fd a p\u0159ipraven\u00fd pro nov\u00e9ho u\u017eivatele. Preferuji osobn\u00ed p\u0159ed\u00e1n\u00ed (je mo\u017en\u00e9 si...","og_url":"https:\/\/www.letemsvetemapplem.eu\/bazar\/imac-21-5-cz-retina-4k-2017-2\/","og_site_name":"Apple bazar","article_published_time":"2022-03-05T13:19:12+00:00","article_modified_time":"2022-03-18T14:01:40+00:00","og_image":[{"width":1920,"height":2560,"url":"https:\/\/www.letemsvetemapplem.eu\/bazar\/wp-content\/uploads\/2022\/03\/IMG_6991-scaled.jpg","type":"image\/jpeg"}],"twitter_card":"summary_large_image","schema":{"@context":"https:\/\/schema.org","@graph":[{"@type":"Article","@id":"https:\/\/www.letemsvetemapplem.eu\/bazar\/imac-21-5-cz-retina-4k-2017-2\/#article","isPartOf":{"@id":"https:\/\/www.letemsvetemapplem.eu\/bazar\/imac-21-5-cz-retina-4k-2017-2\/"},"author":{"name":"","@id":""},"headline":"iMac 21.5&quot; CZ Retina 4K 2017","datePublished":"2022-03-05T13:19:12+00:00","dateModified":"2022-03-18T14:01:40+00:00","mainEntityOfPage":{"@id":"https:\/\/www.letemsvetemapplem.eu\/bazar\/imac-21-5-cz-retina-4k-2017-2\/"},"wordCount":1030,"image":{"@id":"https:\/\/www.letemsvetemapplem.eu\/bazar\/imac-21-5-cz-retina-4k-2017-2\/#primaryimage"},"thumbnailUrl":"https:\/\/www.letemsvetemapplem.eu\/bazar\/wp-content\/uploads\/2022\/03\/IMG_6991-scaled.jpg","articleSection":["iMac"],"inLanguage":"cs"},{"@type":"WebPage","@id":"https:\/\/www.letemsvetemapplem.eu\/bazar\/imac-21-5-cz-retina-4k-2017-2\/","url":"https:\/\/www.letemsvetemapplem.eu\/bazar\/imac-21-5-cz-retina-4k-2017-2\/","name":"iMac 21.5&quot; CZ Retina 4K 2017 - Apple bazar","isPartOf":{"@id":"https:\/\/www.letemsvetemapplem.eu\/bazar\/#website"},"primaryImageOfPage":{"@id":"https:\/\/www.letemsvetemapplem.eu\/bazar\/imac-21-5-cz-retina-4k-2017-2\/#primaryimage"},"image":{"@id":"https:\/\/www.letemsvetemapplem.eu\/bazar\/imac-21-5-cz-retina-4k-2017-2\/#primaryimage"},"thumbnailUrl":"https:\/\/www.letemsvetemapplem.eu\/bazar\/wp-content\/uploads\/2022\/03\/IMG_6991-scaled.jpg","datePublished":"2022-03-05T13:19:12+00:00","dateModified":"2022-03-18T14:01:40+00:00","author":{"@id":""},"breadcrumb":{"@id":"https:\/\/www.letemsvetemapplem.eu\/bazar\/imac-21-5-cz-retina-4k-2017-2\/#breadcrumb"},"inLanguage":"cs","potentialAction":[{"@type":"ReadAction","target":["https:\/\/www.letemsvetemapplem.eu\/bazar\/imac-21-5-cz-retina-4k-2017-2\/"]}]},{"@type":"ImageObject","inLanguage":"cs","@id":"https:\/\/www.letemsvetemapplem.eu\/bazar\/imac-21-5-cz-retina-4k-2017-2\/#primaryimage","url":"https:\/\/www.letemsvetemapplem.eu\/bazar\/wp-content\/uploads\/2022\/03\/IMG_6991-scaled.jpg","contentUrl":"https:\/\/www.letemsvetemapplem.eu\/bazar\/wp-content\/uploads\/2022\/03\/IMG_6991-scaled.jpg","width":1920,"height":2560},{"@type":"BreadcrumbList","@id":"https:\/\/www.letemsvetemapplem.eu\/bazar\/imac-21-5-cz-retina-4k-2017-2\/#breadcrumb","itemListElement":[{"@type":"ListItem","position":1,"name":"Apple Bazar","item":"https:\/\/www.letemsvetemapplem.eu\/bazar\/"},{"@type":"ListItem","position":2,"name":"iMac 21.5&quot; CZ Retina 4K 2017"}]},{"@type":"WebSite","@id":"https:\/\/www.letemsvetemapplem.eu\/bazar\/#website","url":"https:\/\/www.letemsvetemapplem.eu\/bazar\/","name":"Apple bazar","description":"Oou\u017eit\u00e9 Apple produkty za skv\u011bl\u00e9 ceny","potentialAction":[{"@type":"SearchAction","target":{"@type":"EntryPoint","urlTemplate":"https:\/\/www.letemsvetemapplem.eu\/bazar\/?s={search_term_string}"},"query-input":{"@type":"PropertyValueSpecification","valueRequired":true,"valueName":"search_term_string"}}],"inLanguage":"cs"}]}},"_links":{"self":[{"href":"https:\/\/www.letemsvetemapplem.eu\/bazar\/wp-json\/wp\/v2\/posts\/251883","targetHints":{"allow":["GET"]}}],"collection":[{"href":"https:\/\/www.letemsvetemapplem.eu\/bazar\/wp-json\/wp\/v2\/posts"}],"about":[{"href":"https:\/\/www.letemsvetemapplem.eu\/bazar\/wp-json\/wp\/v2\/types\/post"}],"replies":[{"embeddable":true,"href":"https:\/\/www.letemsvetemapplem.eu\/bazar\/wp-json\/wp\/v2\/comments?post=251883"}],"version-history":[{"count":3,"href":"https:\/\/www.letemsvetemapplem.eu\/bazar\/wp-json\/wp\/v2\/posts\/251883\/revisions"}],"predecessor-version":[{"id":252826,"href":"https:\/\/www.letemsvetemapplem.eu\/bazar\/wp-json\/wp\/v2\/posts\/251883\/revisions\/252826"}],"wp:featuredmedia":[{"embeddable":true,"href":"https:\/\/www.letemsvetemapplem.eu\/bazar\/wp-json\/wp\/v2\/media\/251884"}],"wp:attachment":[{"href":"https:\/\/www.letemsvetemapplem.eu\/bazar\/wp-json\/wp\/v2\/media?parent=251883"}],"wp:term":[{"taxonomy":"category","embeddable":true,"href":"https:\/\/www.letemsvetemapplem.eu\/bazar\/wp-json\/wp\/v2\/categories?post=251883"},{"taxonomy":"post_tag","embeddable":true,"href":"https:\/\/www.letemsvetemapplem.eu\/bazar\/wp-json\/wp\/v2\/tags?post=251883"}],"curies":[{"name":"wp","href":"https:\/\/api.w.org\/{rel}","templated":true}]}}