{"id":251076,"date":"2022-02-21T10:03:14","date_gmt":"2022-02-21T09:03:14","guid":{"rendered":"https:\/\/www.letemsvetemapplem.eu\/bazar\/?p=251076"},"modified":"2022-02-21T10:03:14","modified_gmt":"2022-02-21T09:03:14","slug":"apple-imac-2015late27-16gb-ram-32ghz-5k","status":"publish","type":"post","link":"https:\/\/www.letemsvetemapplem.eu\/bazar\/apple-imac-2015late27-16gb-ram-32ghz-5k\/","title":{"rendered":"Apple iMac 2015Late27 16GB RAM 3,2GHz 5K"},"content":{"rendered":"<p>Prod\u00e1m funk\u010dn\u00ed iMac 2015 27<br \/>\nN\u00e1dhern\u00fd display Retina 5K<br \/>\n3,2 GHz Intel i5<br \/>\n16GB RAM (ve 4 slotech)<br \/>\n1TB HDD (na n\u011bm je syst\u00e9m)<br \/>\n24GB SSD &#8211; fuision drive<br \/>\nGrafika AMD Radeon R9 M390 2GB<br \/>\nZabudovan\u00e9 repro i webkamera<br \/>\nOS Monterey<\/p>\n<p>Stav je bez \u0161kr\u00e1banc\u016f, displej kr\u00e1sn\u00fd 5K opravdu kr\u00e1sn\u00fd obraz, v po\u0159\u00e1dku.<\/p>\n<p>Je velmi svi\u017en\u00fd, nainstalovan\u00fd a podporovan\u00fd nejnov\u011bj\u0161\u00ed MacOS Monterey. V\u0161echno funguje v\u00fdborn\u011b a rychle.<\/p>\n<p>D\u011bti ale zaheslovaly Firmware Password (&quot;mac bios&quot;) &#8211; lze nechat odheslovat (nap\u0159 \u010desk\u00fd servis cca 1000 K\u010d). P\u016fvodn\u00ed doklad o koupi samoz\u0159ejm\u011b d\u00e1m, aby to \u0161lo do\u0159e\u0161it. Jen v\u00e1\u017en\u00ed z\u00e1jemci, kte\u0159\u00ed s t\u00edmto po\u010d\u00edtaj\u00ed. M\u011b se to nechce \u0159e\u0161it. Mac je pln\u011b funk\u010dn\u00ed, ale a\u0165 s t\u00edm po\u010d\u00edtate. D\u016fvod prodeje: kupuji notebook.<\/p>\n<p>P\u016fvodn\u00ed cena 63990,- koupen\u00fd u ISTYLE. Koupen\u00fd 2017.<\/p>\n<p>Jen osobn\u00ed p\u0159evzet\u00ed v Praze &#8211; nepos\u00edl\u00e1m.<\/p>\n","protected":false},"excerpt":{"rendered":"<p>Prod\u00e1m funk\u010dn\u00ed iMac 2015 27 N\u00e1dhern\u00fd display Retina 5K 3,2 GHz Intel i5 16GB RAM (ve 4 slotech) 1TB HDD (na n\u011bm je syst\u00e9m) 24GB SSD &#8211; fuision drive Grafika AMD Radeon R9 M390 2GB Zabudovan\u00e9 repro i webkamera OS Monterey Stav je bez \u0161kr\u00e1banc\u016f, displej kr\u00e1sn\u00fd 5K opravdu kr\u00e1sn\u00fd obraz, v po\u0159\u00e1dku. Je velmi&#8230;<\/p>\n","protected":false},"author":0,"featured_media":251077,"comment_status":"closed","ping_status":"closed","sticky":false,"template":"","format":"standard","meta":{"footnotes":""},"categories":[41],"tags":[],"class_list":["post-251076","post","type-post","status-publish","format-standard","has-post-thumbnail","hentry","category-imac"],"yoast_head":"<!-- This site is optimized with the Yoast SEO plugin v27.2 - https:\/\/yoast.com\/product\/yoast-seo-wordpress\/ -->\n<title>Apple iMac 2015Late27 16GB RAM 3,2GHz 5K - Apple bazar<\/title>\n<meta name=\"robots\" content=\"index, follow, max-snippet:-1, max-image-preview:large, max-video-preview:-1\" \/>\n<link rel=\"canonical\" href=\"https:\/\/www.letemsvetemapplem.eu\/bazar\/apple-imac-2015late27-16gb-ram-32ghz-5k\/\" \/>\n<meta property=\"og:locale\" content=\"cs_CZ\" \/>\n<meta property=\"og:type\" content=\"article\" \/>\n<meta property=\"og:title\" content=\"Apple iMac 2015Late27 16GB RAM 3,2GHz 5K - Apple bazar\" \/>\n<meta property=\"og:description\" content=\"Prod\u00e1m funk\u010dn\u00ed iMac 2015 27 N\u00e1dhern\u00fd display Retina 5K 3,2 GHz Intel i5 16GB RAM (ve 4 slotech) 1TB HDD (na n\u011bm je syst\u00e9m) 24GB SSD &#8211; fuision drive Grafika AMD Radeon R9 M390 2GB Zabudovan\u00e9 repro i webkamera OS Monterey Stav je bez \u0161kr\u00e1banc\u016f, displej kr\u00e1sn\u00fd 5K opravdu kr\u00e1sn\u00fd obraz, v po\u0159\u00e1dku. Je velmi...\" \/>\n<meta property=\"og:url\" content=\"https:\/\/www.letemsvetemapplem.eu\/bazar\/apple-imac-2015late27-16gb-ram-32ghz-5k\/\" \/>\n<meta property=\"og:site_name\" content=\"Apple bazar\" \/>\n<meta property=\"article:published_time\" content=\"2022-02-21T09:03:14+00:00\" \/>\n<meta property=\"og:image\" content=\"https:\/\/www.letemsvetemapplem.eu\/bazar\/wp-content\/uploads\/2022\/02\/IMG_3301-scaled.jpeg\" \/>\n\t<meta property=\"og:image:width\" content=\"1920\" \/>\n\t<meta property=\"og:image:height\" content=\"2560\" \/>\n\t<meta property=\"og:image:type\" content=\"image\/jpeg\" \/>\n<meta name=\"twitter:card\" content=\"summary_large_image\" \/>\n<script type=\"application\/ld+json\" class=\"yoast-schema-graph\">{\"@context\":\"https:\/\/schema.org\",\"@graph\":[{\"@type\":\"Article\",\"@id\":\"https:\/\/www.letemsvetemapplem.eu\/bazar\/apple-imac-2015late27-16gb-ram-32ghz-5k\/#article\",\"isPartOf\":{\"@id\":\"https:\/\/www.letemsvetemapplem.eu\/bazar\/apple-imac-2015late27-16gb-ram-32ghz-5k\/\"},\"author\":{\"name\":\"\",\"@id\":\"\"},\"headline\":\"Apple iMac 2015Late27 16GB RAM 3,2GHz 5K\",\"datePublished\":\"2022-02-21T09:03:14+00:00\",\"mainEntityOfPage\":{\"@id\":\"https:\/\/www.letemsvetemapplem.eu\/bazar\/apple-imac-2015late27-16gb-ram-32ghz-5k\/\"},\"wordCount\":169,\"image\":{\"@id\":\"https:\/\/www.letemsvetemapplem.eu\/bazar\/apple-imac-2015late27-16gb-ram-32ghz-5k\/#primaryimage\"},\"thumbnailUrl\":\"https:\/\/www.letemsvetemapplem.eu\/bazar\/wp-content\/uploads\/2022\/02\/IMG_3301-scaled.jpeg\",\"articleSection\":[\"iMac\"],\"inLanguage\":\"cs\"},{\"@type\":\"WebPage\",\"@id\":\"https:\/\/www.letemsvetemapplem.eu\/bazar\/apple-imac-2015late27-16gb-ram-32ghz-5k\/\",\"url\":\"https:\/\/www.letemsvetemapplem.eu\/bazar\/apple-imac-2015late27-16gb-ram-32ghz-5k\/\",\"name\":\"Apple iMac 2015Late27 16GB RAM 3,2GHz 5K - Apple bazar\",\"isPartOf\":{\"@id\":\"https:\/\/www.letemsvetemapplem.eu\/bazar\/#website\"},\"primaryImageOfPage\":{\"@id\":\"https:\/\/www.letemsvetemapplem.eu\/bazar\/apple-imac-2015late27-16gb-ram-32ghz-5k\/#primaryimage\"},\"image\":{\"@id\":\"https:\/\/www.letemsvetemapplem.eu\/bazar\/apple-imac-2015late27-16gb-ram-32ghz-5k\/#primaryimage\"},\"thumbnailUrl\":\"https:\/\/www.letemsvetemapplem.eu\/bazar\/wp-content\/uploads\/2022\/02\/IMG_3301-scaled.jpeg\",\"datePublished\":\"2022-02-21T09:03:14+00:00\",\"author\":{\"@id\":\"\"},\"breadcrumb\":{\"@id\":\"https:\/\/www.letemsvetemapplem.eu\/bazar\/apple-imac-2015late27-16gb-ram-32ghz-5k\/#breadcrumb\"},\"inLanguage\":\"cs\",\"potentialAction\":[{\"@type\":\"ReadAction\",\"target\":[\"https:\/\/www.letemsvetemapplem.eu\/bazar\/apple-imac-2015late27-16gb-ram-32ghz-5k\/\"]}]},{\"@type\":\"ImageObject\",\"inLanguage\":\"cs\",\"@id\":\"https:\/\/www.letemsvetemapplem.eu\/bazar\/apple-imac-2015late27-16gb-ram-32ghz-5k\/#primaryimage\",\"url\":\"https:\/\/www.letemsvetemapplem.eu\/bazar\/wp-content\/uploads\/2022\/02\/IMG_3301-scaled.jpeg\",\"contentUrl\":\"https:\/\/www.letemsvetemapplem.eu\/bazar\/wp-content\/uploads\/2022\/02\/IMG_3301-scaled.jpeg\",\"width\":1920,\"height\":2560},{\"@type\":\"BreadcrumbList\",\"@id\":\"https:\/\/www.letemsvetemapplem.eu\/bazar\/apple-imac-2015late27-16gb-ram-32ghz-5k\/#breadcrumb\",\"itemListElement\":[{\"@type\":\"ListItem\",\"position\":1,\"name\":\"Apple Bazar\",\"item\":\"https:\/\/www.letemsvetemapplem.eu\/bazar\/\"},{\"@type\":\"ListItem\",\"position\":2,\"name\":\"Apple iMac 2015Late27 16GB RAM 3,2GHz 5K\"}]},{\"@type\":\"WebSite\",\"@id\":\"https:\/\/www.letemsvetemapplem.eu\/bazar\/#website\",\"url\":\"https:\/\/www.letemsvetemapplem.eu\/bazar\/\",\"name\":\"Apple bazar\",\"description\":\"Oou\u017eit\u00e9 Apple produkty za skv\u011bl\u00e9 ceny\",\"potentialAction\":[{\"@type\":\"SearchAction\",\"target\":{\"@type\":\"EntryPoint\",\"urlTemplate\":\"https:\/\/www.letemsvetemapplem.eu\/bazar\/?s={search_term_string}\"},\"query-input\":{\"@type\":\"PropertyValueSpecification\",\"valueRequired\":true,\"valueName\":\"search_term_string\"}}],\"inLanguage\":\"cs\"}]}<\/script>\n<!-- \/ Yoast SEO plugin. -->","yoast_head_json":{"title":"Apple iMac 2015Late27 16GB RAM 3,2GHz 5K - Apple bazar","robots":{"index":"index","follow":"follow","max-snippet":"max-snippet:-1","max-image-preview":"max-image-preview:large","max-video-preview":"max-video-preview:-1"},"canonical":"https:\/\/www.letemsvetemapplem.eu\/bazar\/apple-imac-2015late27-16gb-ram-32ghz-5k\/","og_locale":"cs_CZ","og_type":"article","og_title":"Apple iMac 2015Late27 16GB RAM 3,2GHz 5K - Apple bazar","og_description":"Prod\u00e1m funk\u010dn\u00ed iMac 2015 27 N\u00e1dhern\u00fd display Retina 5K 3,2 GHz Intel i5 16GB RAM (ve 4 slotech) 1TB HDD (na n\u011bm je syst\u00e9m) 24GB SSD &#8211; fuision drive Grafika AMD Radeon R9 M390 2GB Zabudovan\u00e9 repro i webkamera OS Monterey Stav je bez \u0161kr\u00e1banc\u016f, displej kr\u00e1sn\u00fd 5K opravdu kr\u00e1sn\u00fd obraz, v po\u0159\u00e1dku. Je velmi...","og_url":"https:\/\/www.letemsvetemapplem.eu\/bazar\/apple-imac-2015late27-16gb-ram-32ghz-5k\/","og_site_name":"Apple bazar","article_published_time":"2022-02-21T09:03:14+00:00","og_image":[{"width":1920,"height":2560,"url":"https:\/\/www.letemsvetemapplem.eu\/bazar\/wp-content\/uploads\/2022\/02\/IMG_3301-scaled.jpeg","type":"image\/jpeg"}],"twitter_card":"summary_large_image","schema":{"@context":"https:\/\/schema.org","@graph":[{"@type":"Article","@id":"https:\/\/www.letemsvetemapplem.eu\/bazar\/apple-imac-2015late27-16gb-ram-32ghz-5k\/#article","isPartOf":{"@id":"https:\/\/www.letemsvetemapplem.eu\/bazar\/apple-imac-2015late27-16gb-ram-32ghz-5k\/"},"author":{"name":"","@id":""},"headline":"Apple iMac 2015Late27 16GB RAM 3,2GHz 5K","datePublished":"2022-02-21T09:03:14+00:00","mainEntityOfPage":{"@id":"https:\/\/www.letemsvetemapplem.eu\/bazar\/apple-imac-2015late27-16gb-ram-32ghz-5k\/"},"wordCount":169,"image":{"@id":"https:\/\/www.letemsvetemapplem.eu\/bazar\/apple-imac-2015late27-16gb-ram-32ghz-5k\/#primaryimage"},"thumbnailUrl":"https:\/\/www.letemsvetemapplem.eu\/bazar\/wp-content\/uploads\/2022\/02\/IMG_3301-scaled.jpeg","articleSection":["iMac"],"inLanguage":"cs"},{"@type":"WebPage","@id":"https:\/\/www.letemsvetemapplem.eu\/bazar\/apple-imac-2015late27-16gb-ram-32ghz-5k\/","url":"https:\/\/www.letemsvetemapplem.eu\/bazar\/apple-imac-2015late27-16gb-ram-32ghz-5k\/","name":"Apple iMac 2015Late27 16GB RAM 3,2GHz 5K - Apple bazar","isPartOf":{"@id":"https:\/\/www.letemsvetemapplem.eu\/bazar\/#website"},"primaryImageOfPage":{"@id":"https:\/\/www.letemsvetemapplem.eu\/bazar\/apple-imac-2015late27-16gb-ram-32ghz-5k\/#primaryimage"},"image":{"@id":"https:\/\/www.letemsvetemapplem.eu\/bazar\/apple-imac-2015late27-16gb-ram-32ghz-5k\/#primaryimage"},"thumbnailUrl":"https:\/\/www.letemsvetemapplem.eu\/bazar\/wp-content\/uploads\/2022\/02\/IMG_3301-scaled.jpeg","datePublished":"2022-02-21T09:03:14+00:00","author":{"@id":""},"breadcrumb":{"@id":"https:\/\/www.letemsvetemapplem.eu\/bazar\/apple-imac-2015late27-16gb-ram-32ghz-5k\/#breadcrumb"},"inLanguage":"cs","potentialAction":[{"@type":"ReadAction","target":["https:\/\/www.letemsvetemapplem.eu\/bazar\/apple-imac-2015late27-16gb-ram-32ghz-5k\/"]}]},{"@type":"ImageObject","inLanguage":"cs","@id":"https:\/\/www.letemsvetemapplem.eu\/bazar\/apple-imac-2015late27-16gb-ram-32ghz-5k\/#primaryimage","url":"https:\/\/www.letemsvetemapplem.eu\/bazar\/wp-content\/uploads\/2022\/02\/IMG_3301-scaled.jpeg","contentUrl":"https:\/\/www.letemsvetemapplem.eu\/bazar\/wp-content\/uploads\/2022\/02\/IMG_3301-scaled.jpeg","width":1920,"height":2560},{"@type":"BreadcrumbList","@id":"https:\/\/www.letemsvetemapplem.eu\/bazar\/apple-imac-2015late27-16gb-ram-32ghz-5k\/#breadcrumb","itemListElement":[{"@type":"ListItem","position":1,"name":"Apple Bazar","item":"https:\/\/www.letemsvetemapplem.eu\/bazar\/"},{"@type":"ListItem","position":2,"name":"Apple iMac 2015Late27 16GB RAM 3,2GHz 5K"}]},{"@type":"WebSite","@id":"https:\/\/www.letemsvetemapplem.eu\/bazar\/#website","url":"https:\/\/www.letemsvetemapplem.eu\/bazar\/","name":"Apple bazar","description":"Oou\u017eit\u00e9 Apple produkty za skv\u011bl\u00e9 ceny","potentialAction":[{"@type":"SearchAction","target":{"@type":"EntryPoint","urlTemplate":"https:\/\/www.letemsvetemapplem.eu\/bazar\/?s={search_term_string}"},"query-input":{"@type":"PropertyValueSpecification","valueRequired":true,"valueName":"search_term_string"}}],"inLanguage":"cs"}]}},"_links":{"self":[{"href":"https:\/\/www.letemsvetemapplem.eu\/bazar\/wp-json\/wp\/v2\/posts\/251076","targetHints":{"allow":["GET"]}}],"collection":[{"href":"https:\/\/www.letemsvetemapplem.eu\/bazar\/wp-json\/wp\/v2\/posts"}],"about":[{"href":"https:\/\/www.letemsvetemapplem.eu\/bazar\/wp-json\/wp\/v2\/types\/post"}],"replies":[{"embeddable":true,"href":"https:\/\/www.letemsvetemapplem.eu\/bazar\/wp-json\/wp\/v2\/comments?post=251076"}],"version-history":[{"count":1,"href":"https:\/\/www.letemsvetemapplem.eu\/bazar\/wp-json\/wp\/v2\/posts\/251076\/revisions"}],"predecessor-version":[{"id":251081,"href":"https:\/\/www.letemsvetemapplem.eu\/bazar\/wp-json\/wp\/v2\/posts\/251076\/revisions\/251081"}],"wp:featuredmedia":[{"embeddable":true,"href":"https:\/\/www.letemsvetemapplem.eu\/bazar\/wp-json\/wp\/v2\/media\/251077"}],"wp:attachment":[{"href":"https:\/\/www.letemsvetemapplem.eu\/bazar\/wp-json\/wp\/v2\/media?parent=251076"}],"wp:term":[{"taxonomy":"category","embeddable":true,"href":"https:\/\/www.letemsvetemapplem.eu\/bazar\/wp-json\/wp\/v2\/categories?post=251076"},{"taxonomy":"post_tag","embeddable":true,"href":"https:\/\/www.letemsvetemapplem.eu\/bazar\/wp-json\/wp\/v2\/tags?post=251076"}],"curies":[{"name":"wp","href":"https:\/\/api.w.org\/{rel}","templated":true}]}}