{"id":251011,"date":"2022-02-20T11:48:03","date_gmt":"2022-02-20T10:48:03","guid":{"rendered":"https:\/\/www.letemsvetemapplem.eu\/bazar\/?p=251011"},"modified":"2022-02-20T11:48:03","modified_gmt":"2022-02-20T10:48:03","slug":"macbook-air-2019-13-inch-128-gb-strib","status":"publish","type":"post","link":"https:\/\/www.letemsvetemapplem.eu\/bazar\/macbook-air-2019-13-inch-128-gb-strib\/","title":{"rendered":"MacBook Air 2019, 13-inch, 128 GB, st\u0159\u00edb"},"content":{"rendered":"<p>Prod\u00e1m MacBook Air 2019, 13-inch, 128 GB, st\u0159\u00edbrn\u00fd. <\/p>\n<p>Procesor: 1,6 GHz Dvouj\u00e1drov\u00fd Intel Core i5<br \/>\nPam\u011b\u0165: 8 GB<br \/>\nGrafika: Intel UHD Graphics 617 1536 MB<br \/>\nBaterie: 500 cykl\u016f<br \/>\n\u010cesk\u00e1 kl\u00e1vesnice<br \/>\nKosmetick\u00fd stav: 9\/10 (viz foto)<br \/>\nSou\u010d\u00e1st\u00ed nab\u00eddky je origin\u00e1l adapt\u00e9r + pleten\u00fd USB-C to USB-C Alza kabel<\/p>\n<p>Preferuji osobn\u00ed p\u0159ed\u00e1n\u00ed v Praze.<br \/>\nPOUZE SMS. <\/p>\n","protected":false},"excerpt":{"rendered":"<p>Prod\u00e1m MacBook Air 2019, 13-inch, 128 GB, st\u0159\u00edbrn\u00fd. Procesor: 1,6 GHz Dvouj\u00e1drov\u00fd Intel Core i5 Pam\u011b\u0165: 8 GB Grafika: Intel UHD Graphics 617 1536 MB Baterie: 500 cykl\u016f \u010cesk\u00e1 kl\u00e1vesnice Kosmetick\u00fd stav: 9\/10 (viz foto) Sou\u010d\u00e1st\u00ed nab\u00eddky je origin\u00e1l adapt\u00e9r + pleten\u00fd USB-C to USB-C Alza kabel Preferuji osobn\u00ed p\u0159ed\u00e1n\u00ed v Praze. POUZE SMS.<\/p>\n","protected":false},"author":0,"featured_media":251012,"comment_status":"closed","ping_status":"closed","sticky":false,"template":"","format":"standard","meta":{"footnotes":""},"categories":[42],"tags":[],"class_list":["post-251011","post","type-post","status-publish","format-standard","has-post-thumbnail","hentry","category-macbook-air"],"yoast_head":"<!-- This site is optimized with the Yoast SEO plugin v27.5 - https:\/\/yoast.com\/product\/yoast-seo-wordpress\/ -->\n<title>MacBook Air 2019, 13-inch, 128 GB, st\u0159\u00edb - Apple bazar<\/title>\n<meta name=\"robots\" content=\"index, follow, max-snippet:-1, max-image-preview:large, max-video-preview:-1\" \/>\n<link rel=\"canonical\" href=\"https:\/\/www.letemsvetemapplem.eu\/bazar\/macbook-air-2019-13-inch-128-gb-strib\/\" \/>\n<meta property=\"og:locale\" content=\"cs_CZ\" \/>\n<meta property=\"og:type\" content=\"article\" \/>\n<meta property=\"og:title\" content=\"MacBook Air 2019, 13-inch, 128 GB, st\u0159\u00edb - Apple bazar\" \/>\n<meta property=\"og:description\" content=\"Prod\u00e1m MacBook Air 2019, 13-inch, 128 GB, st\u0159\u00edbrn\u00fd. Procesor: 1,6 GHz Dvouj\u00e1drov\u00fd Intel Core i5 Pam\u011b\u0165: 8 GB Grafika: Intel UHD Graphics 617 1536 MB Baterie: 500 cykl\u016f \u010cesk\u00e1 kl\u00e1vesnice Kosmetick\u00fd stav: 9\/10 (viz foto) Sou\u010d\u00e1st\u00ed nab\u00eddky je origin\u00e1l adapt\u00e9r + pleten\u00fd USB-C to USB-C Alza kabel Preferuji osobn\u00ed p\u0159ed\u00e1n\u00ed v Praze. POUZE SMS.\" \/>\n<meta property=\"og:url\" content=\"https:\/\/www.letemsvetemapplem.eu\/bazar\/macbook-air-2019-13-inch-128-gb-strib\/\" \/>\n<meta property=\"og:site_name\" content=\"Apple bazar\" \/>\n<meta property=\"article:published_time\" content=\"2022-02-20T10:48:03+00:00\" \/>\n<meta property=\"og:image\" content=\"https:\/\/www.letemsvetemapplem.eu\/bazar\/wp-content\/uploads\/2022\/02\/ntb1.jpeg\" \/>\n\t<meta property=\"og:image:width\" content=\"960\" \/>\n\t<meta property=\"og:image:height\" content=\"720\" \/>\n\t<meta property=\"og:image:type\" content=\"image\/jpeg\" \/>\n<meta name=\"twitter:card\" content=\"summary_large_image\" \/>\n<script type=\"application\/ld+json\" class=\"yoast-schema-graph\">{\"@context\":\"https:\\\/\\\/schema.org\",\"@graph\":[{\"@type\":\"Article\",\"@id\":\"https:\\\/\\\/www.letemsvetemapplem.eu\\\/bazar\\\/macbook-air-2019-13-inch-128-gb-strib\\\/#article\",\"isPartOf\":{\"@id\":\"https:\\\/\\\/www.letemsvetemapplem.eu\\\/bazar\\\/macbook-air-2019-13-inch-128-gb-strib\\\/\"},\"author\":{\"name\":\"\",\"@id\":\"\"},\"headline\":\"MacBook Air 2019, 13-inch, 128 GB, st\u0159\u00edb\",\"datePublished\":\"2022-02-20T10:48:03+00:00\",\"mainEntityOfPage\":{\"@id\":\"https:\\\/\\\/www.letemsvetemapplem.eu\\\/bazar\\\/macbook-air-2019-13-inch-128-gb-strib\\\/\"},\"wordCount\":61,\"image\":{\"@id\":\"https:\\\/\\\/www.letemsvetemapplem.eu\\\/bazar\\\/macbook-air-2019-13-inch-128-gb-strib\\\/#primaryimage\"},\"thumbnailUrl\":\"https:\\\/\\\/www.letemsvetemapplem.eu\\\/bazar\\\/wp-content\\\/uploads\\\/2022\\\/02\\\/ntb1.jpeg\",\"articleSection\":[\"MacBook Air\"],\"inLanguage\":\"cs\"},{\"@type\":\"WebPage\",\"@id\":\"https:\\\/\\\/www.letemsvetemapplem.eu\\\/bazar\\\/macbook-air-2019-13-inch-128-gb-strib\\\/\",\"url\":\"https:\\\/\\\/www.letemsvetemapplem.eu\\\/bazar\\\/macbook-air-2019-13-inch-128-gb-strib\\\/\",\"name\":\"MacBook Air 2019, 13-inch, 128 GB, st\u0159\u00edb - Apple bazar\",\"isPartOf\":{\"@id\":\"https:\\\/\\\/www.letemsvetemapplem.eu\\\/bazar\\\/#website\"},\"primaryImageOfPage\":{\"@id\":\"https:\\\/\\\/www.letemsvetemapplem.eu\\\/bazar\\\/macbook-air-2019-13-inch-128-gb-strib\\\/#primaryimage\"},\"image\":{\"@id\":\"https:\\\/\\\/www.letemsvetemapplem.eu\\\/bazar\\\/macbook-air-2019-13-inch-128-gb-strib\\\/#primaryimage\"},\"thumbnailUrl\":\"https:\\\/\\\/www.letemsvetemapplem.eu\\\/bazar\\\/wp-content\\\/uploads\\\/2022\\\/02\\\/ntb1.jpeg\",\"datePublished\":\"2022-02-20T10:48:03+00:00\",\"author\":{\"@id\":\"\"},\"breadcrumb\":{\"@id\":\"https:\\\/\\\/www.letemsvetemapplem.eu\\\/bazar\\\/macbook-air-2019-13-inch-128-gb-strib\\\/#breadcrumb\"},\"inLanguage\":\"cs\",\"potentialAction\":[{\"@type\":\"ReadAction\",\"target\":[\"https:\\\/\\\/www.letemsvetemapplem.eu\\\/bazar\\\/macbook-air-2019-13-inch-128-gb-strib\\\/\"]}]},{\"@type\":\"ImageObject\",\"inLanguage\":\"cs\",\"@id\":\"https:\\\/\\\/www.letemsvetemapplem.eu\\\/bazar\\\/macbook-air-2019-13-inch-128-gb-strib\\\/#primaryimage\",\"url\":\"https:\\\/\\\/www.letemsvetemapplem.eu\\\/bazar\\\/wp-content\\\/uploads\\\/2022\\\/02\\\/ntb1.jpeg\",\"contentUrl\":\"https:\\\/\\\/www.letemsvetemapplem.eu\\\/bazar\\\/wp-content\\\/uploads\\\/2022\\\/02\\\/ntb1.jpeg\",\"width\":960,\"height\":720},{\"@type\":\"BreadcrumbList\",\"@id\":\"https:\\\/\\\/www.letemsvetemapplem.eu\\\/bazar\\\/macbook-air-2019-13-inch-128-gb-strib\\\/#breadcrumb\",\"itemListElement\":[{\"@type\":\"ListItem\",\"position\":1,\"name\":\"Apple Bazar\",\"item\":\"https:\\\/\\\/www.letemsvetemapplem.eu\\\/bazar\\\/\"},{\"@type\":\"ListItem\",\"position\":2,\"name\":\"MacBook Air 2019, 13-inch, 128 GB, st\u0159\u00edb\"}]},{\"@type\":\"WebSite\",\"@id\":\"https:\\\/\\\/www.letemsvetemapplem.eu\\\/bazar\\\/#website\",\"url\":\"https:\\\/\\\/www.letemsvetemapplem.eu\\\/bazar\\\/\",\"name\":\"Apple bazar\",\"description\":\"Oou\u017eit\u00e9 Apple produkty za skv\u011bl\u00e9 ceny\",\"potentialAction\":[{\"@type\":\"SearchAction\",\"target\":{\"@type\":\"EntryPoint\",\"urlTemplate\":\"https:\\\/\\\/www.letemsvetemapplem.eu\\\/bazar\\\/?s={search_term_string}\"},\"query-input\":{\"@type\":\"PropertyValueSpecification\",\"valueRequired\":true,\"valueName\":\"search_term_string\"}}],\"inLanguage\":\"cs\"}]}<\/script>\n<!-- \/ Yoast SEO plugin. -->","yoast_head_json":{"title":"MacBook Air 2019, 13-inch, 128 GB, st\u0159\u00edb - Apple bazar","robots":{"index":"index","follow":"follow","max-snippet":"max-snippet:-1","max-image-preview":"max-image-preview:large","max-video-preview":"max-video-preview:-1"},"canonical":"https:\/\/www.letemsvetemapplem.eu\/bazar\/macbook-air-2019-13-inch-128-gb-strib\/","og_locale":"cs_CZ","og_type":"article","og_title":"MacBook Air 2019, 13-inch, 128 GB, st\u0159\u00edb - Apple bazar","og_description":"Prod\u00e1m MacBook Air 2019, 13-inch, 128 GB, st\u0159\u00edbrn\u00fd. Procesor: 1,6 GHz Dvouj\u00e1drov\u00fd Intel Core i5 Pam\u011b\u0165: 8 GB Grafika: Intel UHD Graphics 617 1536 MB Baterie: 500 cykl\u016f \u010cesk\u00e1 kl\u00e1vesnice Kosmetick\u00fd stav: 9\/10 (viz foto) Sou\u010d\u00e1st\u00ed nab\u00eddky je origin\u00e1l adapt\u00e9r + pleten\u00fd USB-C to USB-C Alza kabel Preferuji osobn\u00ed p\u0159ed\u00e1n\u00ed v Praze. POUZE SMS.","og_url":"https:\/\/www.letemsvetemapplem.eu\/bazar\/macbook-air-2019-13-inch-128-gb-strib\/","og_site_name":"Apple bazar","article_published_time":"2022-02-20T10:48:03+00:00","og_image":[{"width":960,"height":720,"url":"https:\/\/www.letemsvetemapplem.eu\/bazar\/wp-content\/uploads\/2022\/02\/ntb1.jpeg","type":"image\/jpeg"}],"twitter_card":"summary_large_image","schema":{"@context":"https:\/\/schema.org","@graph":[{"@type":"Article","@id":"https:\/\/www.letemsvetemapplem.eu\/bazar\/macbook-air-2019-13-inch-128-gb-strib\/#article","isPartOf":{"@id":"https:\/\/www.letemsvetemapplem.eu\/bazar\/macbook-air-2019-13-inch-128-gb-strib\/"},"author":{"name":"","@id":""},"headline":"MacBook Air 2019, 13-inch, 128 GB, st\u0159\u00edb","datePublished":"2022-02-20T10:48:03+00:00","mainEntityOfPage":{"@id":"https:\/\/www.letemsvetemapplem.eu\/bazar\/macbook-air-2019-13-inch-128-gb-strib\/"},"wordCount":61,"image":{"@id":"https:\/\/www.letemsvetemapplem.eu\/bazar\/macbook-air-2019-13-inch-128-gb-strib\/#primaryimage"},"thumbnailUrl":"https:\/\/www.letemsvetemapplem.eu\/bazar\/wp-content\/uploads\/2022\/02\/ntb1.jpeg","articleSection":["MacBook Air"],"inLanguage":"cs"},{"@type":"WebPage","@id":"https:\/\/www.letemsvetemapplem.eu\/bazar\/macbook-air-2019-13-inch-128-gb-strib\/","url":"https:\/\/www.letemsvetemapplem.eu\/bazar\/macbook-air-2019-13-inch-128-gb-strib\/","name":"MacBook Air 2019, 13-inch, 128 GB, st\u0159\u00edb - Apple bazar","isPartOf":{"@id":"https:\/\/www.letemsvetemapplem.eu\/bazar\/#website"},"primaryImageOfPage":{"@id":"https:\/\/www.letemsvetemapplem.eu\/bazar\/macbook-air-2019-13-inch-128-gb-strib\/#primaryimage"},"image":{"@id":"https:\/\/www.letemsvetemapplem.eu\/bazar\/macbook-air-2019-13-inch-128-gb-strib\/#primaryimage"},"thumbnailUrl":"https:\/\/www.letemsvetemapplem.eu\/bazar\/wp-content\/uploads\/2022\/02\/ntb1.jpeg","datePublished":"2022-02-20T10:48:03+00:00","author":{"@id":""},"breadcrumb":{"@id":"https:\/\/www.letemsvetemapplem.eu\/bazar\/macbook-air-2019-13-inch-128-gb-strib\/#breadcrumb"},"inLanguage":"cs","potentialAction":[{"@type":"ReadAction","target":["https:\/\/www.letemsvetemapplem.eu\/bazar\/macbook-air-2019-13-inch-128-gb-strib\/"]}]},{"@type":"ImageObject","inLanguage":"cs","@id":"https:\/\/www.letemsvetemapplem.eu\/bazar\/macbook-air-2019-13-inch-128-gb-strib\/#primaryimage","url":"https:\/\/www.letemsvetemapplem.eu\/bazar\/wp-content\/uploads\/2022\/02\/ntb1.jpeg","contentUrl":"https:\/\/www.letemsvetemapplem.eu\/bazar\/wp-content\/uploads\/2022\/02\/ntb1.jpeg","width":960,"height":720},{"@type":"BreadcrumbList","@id":"https:\/\/www.letemsvetemapplem.eu\/bazar\/macbook-air-2019-13-inch-128-gb-strib\/#breadcrumb","itemListElement":[{"@type":"ListItem","position":1,"name":"Apple Bazar","item":"https:\/\/www.letemsvetemapplem.eu\/bazar\/"},{"@type":"ListItem","position":2,"name":"MacBook Air 2019, 13-inch, 128 GB, st\u0159\u00edb"}]},{"@type":"WebSite","@id":"https:\/\/www.letemsvetemapplem.eu\/bazar\/#website","url":"https:\/\/www.letemsvetemapplem.eu\/bazar\/","name":"Apple bazar","description":"Oou\u017eit\u00e9 Apple produkty za skv\u011bl\u00e9 ceny","potentialAction":[{"@type":"SearchAction","target":{"@type":"EntryPoint","urlTemplate":"https:\/\/www.letemsvetemapplem.eu\/bazar\/?s={search_term_string}"},"query-input":{"@type":"PropertyValueSpecification","valueRequired":true,"valueName":"search_term_string"}}],"inLanguage":"cs"}]}},"_links":{"self":[{"href":"https:\/\/www.letemsvetemapplem.eu\/bazar\/wp-json\/wp\/v2\/posts\/251011","targetHints":{"allow":["GET"]}}],"collection":[{"href":"https:\/\/www.letemsvetemapplem.eu\/bazar\/wp-json\/wp\/v2\/posts"}],"about":[{"href":"https:\/\/www.letemsvetemapplem.eu\/bazar\/wp-json\/wp\/v2\/types\/post"}],"replies":[{"embeddable":true,"href":"https:\/\/www.letemsvetemapplem.eu\/bazar\/wp-json\/wp\/v2\/comments?post=251011"}],"version-history":[{"count":1,"href":"https:\/\/www.letemsvetemapplem.eu\/bazar\/wp-json\/wp\/v2\/posts\/251011\/revisions"}],"predecessor-version":[{"id":251019,"href":"https:\/\/www.letemsvetemapplem.eu\/bazar\/wp-json\/wp\/v2\/posts\/251011\/revisions\/251019"}],"wp:featuredmedia":[{"embeddable":true,"href":"https:\/\/www.letemsvetemapplem.eu\/bazar\/wp-json\/wp\/v2\/media\/251012"}],"wp:attachment":[{"href":"https:\/\/www.letemsvetemapplem.eu\/bazar\/wp-json\/wp\/v2\/media?parent=251011"}],"wp:term":[{"taxonomy":"category","embeddable":true,"href":"https:\/\/www.letemsvetemapplem.eu\/bazar\/wp-json\/wp\/v2\/categories?post=251011"},{"taxonomy":"post_tag","embeddable":true,"href":"https:\/\/www.letemsvetemapplem.eu\/bazar\/wp-json\/wp\/v2\/tags?post=251011"}],"curies":[{"name":"wp","href":"https:\/\/api.w.org\/{rel}","templated":true}]}}