{"id":249412,"date":"2022-01-29T12:27:51","date_gmt":"2022-01-29T11:27:51","guid":{"rendered":"https:\/\/www.letemsvetemapplem.eu\/bazar\/?p=249412"},"modified":"2022-03-10T15:23:15","modified_gmt":"2022-03-10T14:23:15","slug":"macbook-pro13-2020-m1-16gb-256gb-2","status":"publish","type":"post","link":"https:\/\/www.letemsvetemapplem.eu\/bazar\/macbook-pro13-2020-m1-16gb-256gb-2\/","title":{"rendered":"MacBook Pro|13| 2020| M1| 16GB| 256GB"},"content":{"rendered":"<p>Dobr\u00fd den, prod\u00e1m MacBook Pro 13&quot; kupovan\u00fd 25.1.2021 p\u0159es Apple Store, v\u010detn\u011b kompletn\u00edho balen\u00ed a p\u0159\u00edslu\u0161enstv\u00ed (nab\u00edjec\u00ed adapt\u00e9r a kabel).&lt;br \/&gt;&lt;br \/&gt;<br \/>\nKonfigurace jak uv\u00e1d\u00edm v titulku, tedy plnohodnotn\u00fd procesor M1 v\u010detn\u011b 8-j\u00e1drov\u00e9 grafick\u00e9 jednotky, dopln\u011bn\u00fd o 16GB opera\u010dn\u00ed pam\u011bti. Syst\u00e9mov\u00fd disk SSD ve velikosti 256GB.&lt;br \/&gt;&lt;br \/&gt;<br \/>\nPou\u017eit\u00fd je minim\u00e1ln\u011b, po dobu distan\u010dn\u00ed v\u00fduky na V\u0160 \u2013 v\u011bt\u0161inu \u010dasu le\u017eel na pracovn\u00edm stole a baterie pro\u0161la 24 cykly. Je ve v\u00fdborn\u00e9m stavu a nenese \u017e\u00e1dn\u00e9 zn\u00e1mky pou\u017e\u00edv\u00e1n\u00ed.&lt;br \/&gt;&lt;br \/&gt;<br \/>\nPro v\u00e1\u017en\u00e9 z\u00e1jemce r\u00e1d p\u0159edvedu funk\u010dnost na m\u00edst\u011b. Preferuji osobn\u00ed p\u0159ed\u00e1n\u00ed \u2013 Trutnov a okol\u00ed. <\/p>\n","protected":false},"excerpt":{"rendered":"<p>Dobr\u00fd den, prod\u00e1m MacBook Pro 13&quot; kupovan\u00fd 25.1.2021 p\u0159es Apple Store, v\u010detn\u011b kompletn\u00edho balen\u00ed a p\u0159\u00edslu\u0161enstv\u00ed (nab\u00edjec\u00ed adapt\u00e9r a kabel).&lt;br \/&gt;&lt;br \/&gt; Konfigurace jak uv\u00e1d\u00edm v titulku, tedy plnohodnotn\u00fd procesor M1 v\u010detn\u011b 8-j\u00e1drov\u00e9 grafick\u00e9 jednotky, dopln\u011bn\u00fd o 16GB opera\u010dn\u00ed pam\u011bti. Syst\u00e9mov\u00fd disk SSD ve velikosti 256GB.&lt;br \/&gt;&lt;br \/&gt; Pou\u017eit\u00fd je minim\u00e1ln\u011b, po dobu distan\u010dn\u00ed v\u00fduky&#8230;<\/p>\n","protected":false},"author":0,"featured_media":249413,"comment_status":"closed","ping_status":"closed","sticky":false,"template":"","format":"standard","meta":{"footnotes":""},"categories":[48],"tags":[],"class_list":["post-249412","post","type-post","status-publish","format-standard","has-post-thumbnail","hentry","category-macbook-pro"],"yoast_head":"<!-- This site is optimized with the Yoast SEO plugin v27.2 - https:\/\/yoast.com\/product\/yoast-seo-wordpress\/ -->\n<title>MacBook Pro|13| 2020| M1| 16GB| 256GB - Apple bazar<\/title>\n<meta name=\"robots\" content=\"index, follow, max-snippet:-1, max-image-preview:large, max-video-preview:-1\" \/>\n<link rel=\"canonical\" href=\"https:\/\/www.letemsvetemapplem.eu\/bazar\/macbook-pro13-2020-m1-16gb-256gb-2\/\" \/>\n<meta property=\"og:locale\" content=\"cs_CZ\" \/>\n<meta property=\"og:type\" content=\"article\" \/>\n<meta property=\"og:title\" content=\"MacBook Pro|13| 2020| M1| 16GB| 256GB - Apple bazar\" \/>\n<meta property=\"og:description\" content=\"Dobr\u00fd den, prod\u00e1m MacBook Pro 13&quot; kupovan\u00fd 25.1.2021 p\u0159es Apple Store, v\u010detn\u011b kompletn\u00edho balen\u00ed a p\u0159\u00edslu\u0161enstv\u00ed (nab\u00edjec\u00ed adapt\u00e9r a kabel).&lt;br \/&gt;&lt;br \/&gt; Konfigurace jak uv\u00e1d\u00edm v titulku, tedy plnohodnotn\u00fd procesor M1 v\u010detn\u011b 8-j\u00e1drov\u00e9 grafick\u00e9 jednotky, dopln\u011bn\u00fd o 16GB opera\u010dn\u00ed pam\u011bti. Syst\u00e9mov\u00fd disk SSD ve velikosti 256GB.&lt;br \/&gt;&lt;br \/&gt; Pou\u017eit\u00fd je minim\u00e1ln\u011b, po dobu distan\u010dn\u00ed v\u00fduky...\" \/>\n<meta property=\"og:url\" content=\"https:\/\/www.letemsvetemapplem.eu\/bazar\/macbook-pro13-2020-m1-16gb-256gb-2\/\" \/>\n<meta property=\"og:site_name\" content=\"Apple bazar\" \/>\n<meta property=\"article:published_time\" content=\"2022-01-29T11:27:51+00:00\" \/>\n<meta property=\"article:modified_time\" content=\"2022-03-10T14:23:15+00:00\" \/>\n<meta property=\"og:image\" content=\"https:\/\/www.letemsvetemapplem.eu\/bazar\/wp-content\/uploads\/2022\/01\/tempImage0NZued-scaled.jpg\" \/>\n\t<meta property=\"og:image:width\" content=\"2560\" \/>\n\t<meta property=\"og:image:height\" content=\"1920\" \/>\n\t<meta property=\"og:image:type\" content=\"image\/jpeg\" \/>\n<meta name=\"twitter:card\" content=\"summary_large_image\" \/>\n<script type=\"application\/ld+json\" class=\"yoast-schema-graph\">{\"@context\":\"https:\/\/schema.org\",\"@graph\":[{\"@type\":\"Article\",\"@id\":\"https:\/\/www.letemsvetemapplem.eu\/bazar\/macbook-pro13-2020-m1-16gb-256gb-2\/#article\",\"isPartOf\":{\"@id\":\"https:\/\/www.letemsvetemapplem.eu\/bazar\/macbook-pro13-2020-m1-16gb-256gb-2\/\"},\"author\":{\"name\":\"\",\"@id\":\"\"},\"headline\":\"MacBook Pro|13| 2020| M1| 16GB| 256GB\",\"datePublished\":\"2022-01-29T11:27:51+00:00\",\"dateModified\":\"2022-03-10T14:23:15+00:00\",\"mainEntityOfPage\":{\"@id\":\"https:\/\/www.letemsvetemapplem.eu\/bazar\/macbook-pro13-2020-m1-16gb-256gb-2\/\"},\"wordCount\":146,\"image\":{\"@id\":\"https:\/\/www.letemsvetemapplem.eu\/bazar\/macbook-pro13-2020-m1-16gb-256gb-2\/#primaryimage\"},\"thumbnailUrl\":\"https:\/\/www.letemsvetemapplem.eu\/bazar\/wp-content\/uploads\/2022\/01\/tempImage0NZued-scaled.jpg\",\"articleSection\":[\"MacBook Pro\"],\"inLanguage\":\"cs\"},{\"@type\":\"WebPage\",\"@id\":\"https:\/\/www.letemsvetemapplem.eu\/bazar\/macbook-pro13-2020-m1-16gb-256gb-2\/\",\"url\":\"https:\/\/www.letemsvetemapplem.eu\/bazar\/macbook-pro13-2020-m1-16gb-256gb-2\/\",\"name\":\"MacBook Pro|13| 2020| M1| 16GB| 256GB - Apple bazar\",\"isPartOf\":{\"@id\":\"https:\/\/www.letemsvetemapplem.eu\/bazar\/#website\"},\"primaryImageOfPage\":{\"@id\":\"https:\/\/www.letemsvetemapplem.eu\/bazar\/macbook-pro13-2020-m1-16gb-256gb-2\/#primaryimage\"},\"image\":{\"@id\":\"https:\/\/www.letemsvetemapplem.eu\/bazar\/macbook-pro13-2020-m1-16gb-256gb-2\/#primaryimage\"},\"thumbnailUrl\":\"https:\/\/www.letemsvetemapplem.eu\/bazar\/wp-content\/uploads\/2022\/01\/tempImage0NZued-scaled.jpg\",\"datePublished\":\"2022-01-29T11:27:51+00:00\",\"dateModified\":\"2022-03-10T14:23:15+00:00\",\"author\":{\"@id\":\"\"},\"breadcrumb\":{\"@id\":\"https:\/\/www.letemsvetemapplem.eu\/bazar\/macbook-pro13-2020-m1-16gb-256gb-2\/#breadcrumb\"},\"inLanguage\":\"cs\",\"potentialAction\":[{\"@type\":\"ReadAction\",\"target\":[\"https:\/\/www.letemsvetemapplem.eu\/bazar\/macbook-pro13-2020-m1-16gb-256gb-2\/\"]}]},{\"@type\":\"ImageObject\",\"inLanguage\":\"cs\",\"@id\":\"https:\/\/www.letemsvetemapplem.eu\/bazar\/macbook-pro13-2020-m1-16gb-256gb-2\/#primaryimage\",\"url\":\"https:\/\/www.letemsvetemapplem.eu\/bazar\/wp-content\/uploads\/2022\/01\/tempImage0NZued-scaled.jpg\",\"contentUrl\":\"https:\/\/www.letemsvetemapplem.eu\/bazar\/wp-content\/uploads\/2022\/01\/tempImage0NZued-scaled.jpg\",\"width\":2560,\"height\":1920},{\"@type\":\"BreadcrumbList\",\"@id\":\"https:\/\/www.letemsvetemapplem.eu\/bazar\/macbook-pro13-2020-m1-16gb-256gb-2\/#breadcrumb\",\"itemListElement\":[{\"@type\":\"ListItem\",\"position\":1,\"name\":\"Apple Bazar\",\"item\":\"https:\/\/www.letemsvetemapplem.eu\/bazar\/\"},{\"@type\":\"ListItem\",\"position\":2,\"name\":\"MacBook Pro|13| 2020| M1| 16GB| 256GB\"}]},{\"@type\":\"WebSite\",\"@id\":\"https:\/\/www.letemsvetemapplem.eu\/bazar\/#website\",\"url\":\"https:\/\/www.letemsvetemapplem.eu\/bazar\/\",\"name\":\"Apple bazar\",\"description\":\"Oou\u017eit\u00e9 Apple produkty za skv\u011bl\u00e9 ceny\",\"potentialAction\":[{\"@type\":\"SearchAction\",\"target\":{\"@type\":\"EntryPoint\",\"urlTemplate\":\"https:\/\/www.letemsvetemapplem.eu\/bazar\/?s={search_term_string}\"},\"query-input\":{\"@type\":\"PropertyValueSpecification\",\"valueRequired\":true,\"valueName\":\"search_term_string\"}}],\"inLanguage\":\"cs\"}]}<\/script>\n<!-- \/ Yoast SEO plugin. -->","yoast_head_json":{"title":"MacBook Pro|13| 2020| M1| 16GB| 256GB - Apple bazar","robots":{"index":"index","follow":"follow","max-snippet":"max-snippet:-1","max-image-preview":"max-image-preview:large","max-video-preview":"max-video-preview:-1"},"canonical":"https:\/\/www.letemsvetemapplem.eu\/bazar\/macbook-pro13-2020-m1-16gb-256gb-2\/","og_locale":"cs_CZ","og_type":"article","og_title":"MacBook Pro|13| 2020| M1| 16GB| 256GB - Apple bazar","og_description":"Dobr\u00fd den, prod\u00e1m MacBook Pro 13&quot; kupovan\u00fd 25.1.2021 p\u0159es Apple Store, v\u010detn\u011b kompletn\u00edho balen\u00ed a p\u0159\u00edslu\u0161enstv\u00ed (nab\u00edjec\u00ed adapt\u00e9r a kabel).&lt;br \/&gt;&lt;br \/&gt; Konfigurace jak uv\u00e1d\u00edm v titulku, tedy plnohodnotn\u00fd procesor M1 v\u010detn\u011b 8-j\u00e1drov\u00e9 grafick\u00e9 jednotky, dopln\u011bn\u00fd o 16GB opera\u010dn\u00ed pam\u011bti. Syst\u00e9mov\u00fd disk SSD ve velikosti 256GB.&lt;br \/&gt;&lt;br \/&gt; Pou\u017eit\u00fd je minim\u00e1ln\u011b, po dobu distan\u010dn\u00ed v\u00fduky...","og_url":"https:\/\/www.letemsvetemapplem.eu\/bazar\/macbook-pro13-2020-m1-16gb-256gb-2\/","og_site_name":"Apple bazar","article_published_time":"2022-01-29T11:27:51+00:00","article_modified_time":"2022-03-10T14:23:15+00:00","og_image":[{"width":2560,"height":1920,"url":"https:\/\/www.letemsvetemapplem.eu\/bazar\/wp-content\/uploads\/2022\/01\/tempImage0NZued-scaled.jpg","type":"image\/jpeg"}],"twitter_card":"summary_large_image","schema":{"@context":"https:\/\/schema.org","@graph":[{"@type":"Article","@id":"https:\/\/www.letemsvetemapplem.eu\/bazar\/macbook-pro13-2020-m1-16gb-256gb-2\/#article","isPartOf":{"@id":"https:\/\/www.letemsvetemapplem.eu\/bazar\/macbook-pro13-2020-m1-16gb-256gb-2\/"},"author":{"name":"","@id":""},"headline":"MacBook Pro|13| 2020| M1| 16GB| 256GB","datePublished":"2022-01-29T11:27:51+00:00","dateModified":"2022-03-10T14:23:15+00:00","mainEntityOfPage":{"@id":"https:\/\/www.letemsvetemapplem.eu\/bazar\/macbook-pro13-2020-m1-16gb-256gb-2\/"},"wordCount":146,"image":{"@id":"https:\/\/www.letemsvetemapplem.eu\/bazar\/macbook-pro13-2020-m1-16gb-256gb-2\/#primaryimage"},"thumbnailUrl":"https:\/\/www.letemsvetemapplem.eu\/bazar\/wp-content\/uploads\/2022\/01\/tempImage0NZued-scaled.jpg","articleSection":["MacBook Pro"],"inLanguage":"cs"},{"@type":"WebPage","@id":"https:\/\/www.letemsvetemapplem.eu\/bazar\/macbook-pro13-2020-m1-16gb-256gb-2\/","url":"https:\/\/www.letemsvetemapplem.eu\/bazar\/macbook-pro13-2020-m1-16gb-256gb-2\/","name":"MacBook Pro|13| 2020| M1| 16GB| 256GB - Apple bazar","isPartOf":{"@id":"https:\/\/www.letemsvetemapplem.eu\/bazar\/#website"},"primaryImageOfPage":{"@id":"https:\/\/www.letemsvetemapplem.eu\/bazar\/macbook-pro13-2020-m1-16gb-256gb-2\/#primaryimage"},"image":{"@id":"https:\/\/www.letemsvetemapplem.eu\/bazar\/macbook-pro13-2020-m1-16gb-256gb-2\/#primaryimage"},"thumbnailUrl":"https:\/\/www.letemsvetemapplem.eu\/bazar\/wp-content\/uploads\/2022\/01\/tempImage0NZued-scaled.jpg","datePublished":"2022-01-29T11:27:51+00:00","dateModified":"2022-03-10T14:23:15+00:00","author":{"@id":""},"breadcrumb":{"@id":"https:\/\/www.letemsvetemapplem.eu\/bazar\/macbook-pro13-2020-m1-16gb-256gb-2\/#breadcrumb"},"inLanguage":"cs","potentialAction":[{"@type":"ReadAction","target":["https:\/\/www.letemsvetemapplem.eu\/bazar\/macbook-pro13-2020-m1-16gb-256gb-2\/"]}]},{"@type":"ImageObject","inLanguage":"cs","@id":"https:\/\/www.letemsvetemapplem.eu\/bazar\/macbook-pro13-2020-m1-16gb-256gb-2\/#primaryimage","url":"https:\/\/www.letemsvetemapplem.eu\/bazar\/wp-content\/uploads\/2022\/01\/tempImage0NZued-scaled.jpg","contentUrl":"https:\/\/www.letemsvetemapplem.eu\/bazar\/wp-content\/uploads\/2022\/01\/tempImage0NZued-scaled.jpg","width":2560,"height":1920},{"@type":"BreadcrumbList","@id":"https:\/\/www.letemsvetemapplem.eu\/bazar\/macbook-pro13-2020-m1-16gb-256gb-2\/#breadcrumb","itemListElement":[{"@type":"ListItem","position":1,"name":"Apple Bazar","item":"https:\/\/www.letemsvetemapplem.eu\/bazar\/"},{"@type":"ListItem","position":2,"name":"MacBook Pro|13| 2020| M1| 16GB| 256GB"}]},{"@type":"WebSite","@id":"https:\/\/www.letemsvetemapplem.eu\/bazar\/#website","url":"https:\/\/www.letemsvetemapplem.eu\/bazar\/","name":"Apple bazar","description":"Oou\u017eit\u00e9 Apple produkty za skv\u011bl\u00e9 ceny","potentialAction":[{"@type":"SearchAction","target":{"@type":"EntryPoint","urlTemplate":"https:\/\/www.letemsvetemapplem.eu\/bazar\/?s={search_term_string}"},"query-input":{"@type":"PropertyValueSpecification","valueRequired":true,"valueName":"search_term_string"}}],"inLanguage":"cs"}]}},"_links":{"self":[{"href":"https:\/\/www.letemsvetemapplem.eu\/bazar\/wp-json\/wp\/v2\/posts\/249412","targetHints":{"allow":["GET"]}}],"collection":[{"href":"https:\/\/www.letemsvetemapplem.eu\/bazar\/wp-json\/wp\/v2\/posts"}],"about":[{"href":"https:\/\/www.letemsvetemapplem.eu\/bazar\/wp-json\/wp\/v2\/types\/post"}],"replies":[{"embeddable":true,"href":"https:\/\/www.letemsvetemapplem.eu\/bazar\/wp-json\/wp\/v2\/comments?post=249412"}],"version-history":[{"count":3,"href":"https:\/\/www.letemsvetemapplem.eu\/bazar\/wp-json\/wp\/v2\/posts\/249412\/revisions"}],"predecessor-version":[{"id":252344,"href":"https:\/\/www.letemsvetemapplem.eu\/bazar\/wp-json\/wp\/v2\/posts\/249412\/revisions\/252344"}],"wp:featuredmedia":[{"embeddable":true,"href":"https:\/\/www.letemsvetemapplem.eu\/bazar\/wp-json\/wp\/v2\/media\/249413"}],"wp:attachment":[{"href":"https:\/\/www.letemsvetemapplem.eu\/bazar\/wp-json\/wp\/v2\/media?parent=249412"}],"wp:term":[{"taxonomy":"category","embeddable":true,"href":"https:\/\/www.letemsvetemapplem.eu\/bazar\/wp-json\/wp\/v2\/categories?post=249412"},{"taxonomy":"post_tag","embeddable":true,"href":"https:\/\/www.letemsvetemapplem.eu\/bazar\/wp-json\/wp\/v2\/tags?post=249412"}],"curies":[{"name":"wp","href":"https:\/\/api.w.org\/{rel}","templated":true}]}}