{"id":247511,"date":"2022-01-09T17:09:04","date_gmt":"2022-01-09T16:09:04","guid":{"rendered":"https:\/\/www.letemsvetemapplem.eu\/bazar\/?p=247511"},"modified":"2022-02-12T11:49:00","modified_gmt":"2022-02-12T10:49:00","slug":"cto-macbook-pro-133-mid-2019","status":"publish","type":"post","link":"https:\/\/www.letemsvetemapplem.eu\/bazar\/cto-macbook-pro-133-mid-2019\/","title":{"rendered":"CTO Macbook Pro 13,3 mid 2019"},"content":{"rendered":"<p>Dobr\u00fd den,&lt;br \/&gt;&lt;br \/&gt;<br \/>\nprod\u00e1m CTO MacBook Pro 13&quot; 2019 ve vesm\u00edrn\u011b space grey barv\u011b.&lt;br \/&gt;&lt;br \/&gt;<br \/>\nBaterie 106 cyklu. Vyu\u017e\u00edv\u00e1m hlavn\u011b pro studium.&lt;br \/&gt;&lt;br \/&gt;<br \/>\nLehk\u00e1 od\u011brka na cel\u00e9 stran\u011b v\u00edka.&lt;br \/&gt;&lt;br \/&gt;<br \/>\n4-j\u00e1drov\u00fd Intel Core i5 1,4 GHz, TurboBoost a\u017e 3.9\u00a0GHz.&lt;br \/&gt;&lt;br \/&gt;<br \/>\n16 GB 2133MHz pam\u011bti LPDDR3&lt;br \/&gt;&lt;br \/&gt;<br \/>\n512 GB SSD \u00falo\u017ei\u0161t\u011b&lt;br \/&gt;&lt;br \/&gt;<br \/>\n13,3 palcov\u00fd Retina displej s True Tone&lt;br \/&gt;&lt;br \/&gt;<br \/>\nIntel Iris Plus Graphics 645&lt;br \/&gt;&lt;br \/&gt;<br \/>\nDva porty Thunderbolt 3&lt;br \/&gt;&lt;br \/&gt;<br \/>\nTouch Bar a Touch ID&lt;br \/&gt;&lt;br \/&gt;<br \/>\nPodsv\u00edcen\u00e1 kl\u00e1vesnice Magic Keyboard \u2013 \u010desk\u00e1&lt;br \/&gt;&lt;br \/&gt;<br \/>\nCena: 20 000&lt;br \/&gt;&lt;br \/&gt;<br \/>\nPardubice, Hradec Kr\u00e1lov\u00e9, Praha<\/p>\n","protected":false},"excerpt":{"rendered":"<p>Dobr\u00fd den,&lt;br \/&gt;&lt;br \/&gt; prod\u00e1m CTO MacBook Pro 13&quot; 2019 ve vesm\u00edrn\u011b space grey barv\u011b.&lt;br \/&gt;&lt;br \/&gt; Baterie 106 cyklu. Vyu\u017e\u00edv\u00e1m hlavn\u011b pro studium.&lt;br \/&gt;&lt;br \/&gt; Lehk\u00e1 od\u011brka na cel\u00e9 stran\u011b v\u00edka.&lt;br \/&gt;&lt;br \/&gt; 4-j\u00e1drov\u00fd Intel Core i5 1,4 GHz, TurboBoost a\u017e 3.9\u00a0GHz.&lt;br \/&gt;&lt;br \/&gt; 16 GB 2133MHz pam\u011bti LPDDR3&lt;br \/&gt;&lt;br \/&gt; 512 GB SSD&#8230;<\/p>\n","protected":false},"author":0,"featured_media":247512,"comment_status":"closed","ping_status":"closed","sticky":false,"template":"","format":"standard","meta":{"footnotes":""},"categories":[48],"tags":[],"class_list":["post-247511","post","type-post","status-publish","format-standard","has-post-thumbnail","hentry","category-macbook-pro"],"yoast_head":"<!-- This site is optimized with the Yoast SEO plugin v27.5 - https:\/\/yoast.com\/product\/yoast-seo-wordpress\/ -->\n<title>CTO Macbook Pro 13,3 mid 2019 - Apple bazar<\/title>\n<meta name=\"robots\" content=\"index, follow, max-snippet:-1, max-image-preview:large, max-video-preview:-1\" \/>\n<link rel=\"canonical\" href=\"https:\/\/www.letemsvetemapplem.eu\/bazar\/cto-macbook-pro-133-mid-2019\/\" \/>\n<meta property=\"og:locale\" content=\"cs_CZ\" \/>\n<meta property=\"og:type\" content=\"article\" \/>\n<meta property=\"og:title\" content=\"CTO Macbook Pro 13,3 mid 2019 - Apple bazar\" \/>\n<meta property=\"og:description\" content=\"Dobr\u00fd den,&lt;br \/&gt;&lt;br \/&gt; prod\u00e1m CTO MacBook Pro 13&quot; 2019 ve vesm\u00edrn\u011b space grey barv\u011b.&lt;br \/&gt;&lt;br \/&gt; Baterie 106 cyklu. Vyu\u017e\u00edv\u00e1m hlavn\u011b pro studium.&lt;br \/&gt;&lt;br \/&gt; Lehk\u00e1 od\u011brka na cel\u00e9 stran\u011b v\u00edka.&lt;br \/&gt;&lt;br \/&gt; 4-j\u00e1drov\u00fd Intel Core i5 1,4 GHz, TurboBoost a\u017e 3.9\u00a0GHz.&lt;br \/&gt;&lt;br \/&gt; 16 GB 2133MHz pam\u011bti LPDDR3&lt;br \/&gt;&lt;br \/&gt; 512 GB SSD...\" \/>\n<meta property=\"og:url\" content=\"https:\/\/www.letemsvetemapplem.eu\/bazar\/cto-macbook-pro-133-mid-2019\/\" \/>\n<meta property=\"og:site_name\" content=\"Apple bazar\" \/>\n<meta property=\"article:published_time\" content=\"2022-01-09T16:09:04+00:00\" \/>\n<meta property=\"article:modified_time\" content=\"2022-02-12T10:49:00+00:00\" \/>\n<meta name=\"twitter:card\" content=\"summary_large_image\" \/>\n<script type=\"application\/ld+json\" class=\"yoast-schema-graph\">{\"@context\":\"https:\\\/\\\/schema.org\",\"@graph\":[{\"@type\":\"Article\",\"@id\":\"https:\\\/\\\/www.letemsvetemapplem.eu\\\/bazar\\\/cto-macbook-pro-133-mid-2019\\\/#article\",\"isPartOf\":{\"@id\":\"https:\\\/\\\/www.letemsvetemapplem.eu\\\/bazar\\\/cto-macbook-pro-133-mid-2019\\\/\"},\"author\":{\"name\":\"\",\"@id\":\"\"},\"headline\":\"CTO Macbook Pro 13,3 mid 2019\",\"datePublished\":\"2022-01-09T16:09:04+00:00\",\"dateModified\":\"2022-02-12T10:49:00+00:00\",\"mainEntityOfPage\":{\"@id\":\"https:\\\/\\\/www.letemsvetemapplem.eu\\\/bazar\\\/cto-macbook-pro-133-mid-2019\\\/\"},\"wordCount\":162,\"image\":{\"@id\":\"https:\\\/\\\/www.letemsvetemapplem.eu\\\/bazar\\\/cto-macbook-pro-133-mid-2019\\\/#primaryimage\"},\"thumbnailUrl\":\"https:\\\/\\\/www.letemsvetemapplem.eu\\\/bazar\\\/wp-content\\\/uploads\\\/2022\\\/01\\\/IMG_0531-scaled.jpg\",\"articleSection\":[\"MacBook Pro\"],\"inLanguage\":\"cs\"},{\"@type\":\"WebPage\",\"@id\":\"https:\\\/\\\/www.letemsvetemapplem.eu\\\/bazar\\\/cto-macbook-pro-133-mid-2019\\\/\",\"url\":\"https:\\\/\\\/www.letemsvetemapplem.eu\\\/bazar\\\/cto-macbook-pro-133-mid-2019\\\/\",\"name\":\"CTO Macbook Pro 13,3 mid 2019 - Apple bazar\",\"isPartOf\":{\"@id\":\"https:\\\/\\\/www.letemsvetemapplem.eu\\\/bazar\\\/#website\"},\"primaryImageOfPage\":{\"@id\":\"https:\\\/\\\/www.letemsvetemapplem.eu\\\/bazar\\\/cto-macbook-pro-133-mid-2019\\\/#primaryimage\"},\"image\":{\"@id\":\"https:\\\/\\\/www.letemsvetemapplem.eu\\\/bazar\\\/cto-macbook-pro-133-mid-2019\\\/#primaryimage\"},\"thumbnailUrl\":\"https:\\\/\\\/www.letemsvetemapplem.eu\\\/bazar\\\/wp-content\\\/uploads\\\/2022\\\/01\\\/IMG_0531-scaled.jpg\",\"datePublished\":\"2022-01-09T16:09:04+00:00\",\"dateModified\":\"2022-02-12T10:49:00+00:00\",\"author\":{\"@id\":\"\"},\"breadcrumb\":{\"@id\":\"https:\\\/\\\/www.letemsvetemapplem.eu\\\/bazar\\\/cto-macbook-pro-133-mid-2019\\\/#breadcrumb\"},\"inLanguage\":\"cs\",\"potentialAction\":[{\"@type\":\"ReadAction\",\"target\":[\"https:\\\/\\\/www.letemsvetemapplem.eu\\\/bazar\\\/cto-macbook-pro-133-mid-2019\\\/\"]}]},{\"@type\":\"ImageObject\",\"inLanguage\":\"cs\",\"@id\":\"https:\\\/\\\/www.letemsvetemapplem.eu\\\/bazar\\\/cto-macbook-pro-133-mid-2019\\\/#primaryimage\",\"url\":\"https:\\\/\\\/www.letemsvetemapplem.eu\\\/bazar\\\/wp-content\\\/uploads\\\/2022\\\/01\\\/IMG_0531-scaled.jpg\",\"contentUrl\":\"https:\\\/\\\/www.letemsvetemapplem.eu\\\/bazar\\\/wp-content\\\/uploads\\\/2022\\\/01\\\/IMG_0531-scaled.jpg\",\"width\":2560,\"height\":1920},{\"@type\":\"BreadcrumbList\",\"@id\":\"https:\\\/\\\/www.letemsvetemapplem.eu\\\/bazar\\\/cto-macbook-pro-133-mid-2019\\\/#breadcrumb\",\"itemListElement\":[{\"@type\":\"ListItem\",\"position\":1,\"name\":\"Apple Bazar\",\"item\":\"https:\\\/\\\/www.letemsvetemapplem.eu\\\/bazar\\\/\"},{\"@type\":\"ListItem\",\"position\":2,\"name\":\"CTO Macbook Pro 13,3 mid 2019\"}]},{\"@type\":\"WebSite\",\"@id\":\"https:\\\/\\\/www.letemsvetemapplem.eu\\\/bazar\\\/#website\",\"url\":\"https:\\\/\\\/www.letemsvetemapplem.eu\\\/bazar\\\/\",\"name\":\"Apple bazar\",\"description\":\"Oou\u017eit\u00e9 Apple produkty za skv\u011bl\u00e9 ceny\",\"potentialAction\":[{\"@type\":\"SearchAction\",\"target\":{\"@type\":\"EntryPoint\",\"urlTemplate\":\"https:\\\/\\\/www.letemsvetemapplem.eu\\\/bazar\\\/?s={search_term_string}\"},\"query-input\":{\"@type\":\"PropertyValueSpecification\",\"valueRequired\":true,\"valueName\":\"search_term_string\"}}],\"inLanguage\":\"cs\"}]}<\/script>\n<!-- \/ Yoast SEO plugin. -->","yoast_head_json":{"title":"CTO Macbook Pro 13,3 mid 2019 - Apple bazar","robots":{"index":"index","follow":"follow","max-snippet":"max-snippet:-1","max-image-preview":"max-image-preview:large","max-video-preview":"max-video-preview:-1"},"canonical":"https:\/\/www.letemsvetemapplem.eu\/bazar\/cto-macbook-pro-133-mid-2019\/","og_locale":"cs_CZ","og_type":"article","og_title":"CTO Macbook Pro 13,3 mid 2019 - Apple bazar","og_description":"Dobr\u00fd den,&lt;br \/&gt;&lt;br \/&gt; prod\u00e1m CTO MacBook Pro 13&quot; 2019 ve vesm\u00edrn\u011b space grey barv\u011b.&lt;br \/&gt;&lt;br \/&gt; Baterie 106 cyklu. Vyu\u017e\u00edv\u00e1m hlavn\u011b pro studium.&lt;br \/&gt;&lt;br \/&gt; Lehk\u00e1 od\u011brka na cel\u00e9 stran\u011b v\u00edka.&lt;br \/&gt;&lt;br \/&gt; 4-j\u00e1drov\u00fd Intel Core i5 1,4 GHz, TurboBoost a\u017e 3.9\u00a0GHz.&lt;br \/&gt;&lt;br \/&gt; 16 GB 2133MHz pam\u011bti LPDDR3&lt;br \/&gt;&lt;br \/&gt; 512 GB SSD...","og_url":"https:\/\/www.letemsvetemapplem.eu\/bazar\/cto-macbook-pro-133-mid-2019\/","og_site_name":"Apple bazar","article_published_time":"2022-01-09T16:09:04+00:00","article_modified_time":"2022-02-12T10:49:00+00:00","twitter_card":"summary_large_image","schema":{"@context":"https:\/\/schema.org","@graph":[{"@type":"Article","@id":"https:\/\/www.letemsvetemapplem.eu\/bazar\/cto-macbook-pro-133-mid-2019\/#article","isPartOf":{"@id":"https:\/\/www.letemsvetemapplem.eu\/bazar\/cto-macbook-pro-133-mid-2019\/"},"author":{"name":"","@id":""},"headline":"CTO Macbook Pro 13,3 mid 2019","datePublished":"2022-01-09T16:09:04+00:00","dateModified":"2022-02-12T10:49:00+00:00","mainEntityOfPage":{"@id":"https:\/\/www.letemsvetemapplem.eu\/bazar\/cto-macbook-pro-133-mid-2019\/"},"wordCount":162,"image":{"@id":"https:\/\/www.letemsvetemapplem.eu\/bazar\/cto-macbook-pro-133-mid-2019\/#primaryimage"},"thumbnailUrl":"https:\/\/www.letemsvetemapplem.eu\/bazar\/wp-content\/uploads\/2022\/01\/IMG_0531-scaled.jpg","articleSection":["MacBook Pro"],"inLanguage":"cs"},{"@type":"WebPage","@id":"https:\/\/www.letemsvetemapplem.eu\/bazar\/cto-macbook-pro-133-mid-2019\/","url":"https:\/\/www.letemsvetemapplem.eu\/bazar\/cto-macbook-pro-133-mid-2019\/","name":"CTO Macbook Pro 13,3 mid 2019 - Apple bazar","isPartOf":{"@id":"https:\/\/www.letemsvetemapplem.eu\/bazar\/#website"},"primaryImageOfPage":{"@id":"https:\/\/www.letemsvetemapplem.eu\/bazar\/cto-macbook-pro-133-mid-2019\/#primaryimage"},"image":{"@id":"https:\/\/www.letemsvetemapplem.eu\/bazar\/cto-macbook-pro-133-mid-2019\/#primaryimage"},"thumbnailUrl":"https:\/\/www.letemsvetemapplem.eu\/bazar\/wp-content\/uploads\/2022\/01\/IMG_0531-scaled.jpg","datePublished":"2022-01-09T16:09:04+00:00","dateModified":"2022-02-12T10:49:00+00:00","author":{"@id":""},"breadcrumb":{"@id":"https:\/\/www.letemsvetemapplem.eu\/bazar\/cto-macbook-pro-133-mid-2019\/#breadcrumb"},"inLanguage":"cs","potentialAction":[{"@type":"ReadAction","target":["https:\/\/www.letemsvetemapplem.eu\/bazar\/cto-macbook-pro-133-mid-2019\/"]}]},{"@type":"ImageObject","inLanguage":"cs","@id":"https:\/\/www.letemsvetemapplem.eu\/bazar\/cto-macbook-pro-133-mid-2019\/#primaryimage","url":"https:\/\/www.letemsvetemapplem.eu\/bazar\/wp-content\/uploads\/2022\/01\/IMG_0531-scaled.jpg","contentUrl":"https:\/\/www.letemsvetemapplem.eu\/bazar\/wp-content\/uploads\/2022\/01\/IMG_0531-scaled.jpg","width":2560,"height":1920},{"@type":"BreadcrumbList","@id":"https:\/\/www.letemsvetemapplem.eu\/bazar\/cto-macbook-pro-133-mid-2019\/#breadcrumb","itemListElement":[{"@type":"ListItem","position":1,"name":"Apple Bazar","item":"https:\/\/www.letemsvetemapplem.eu\/bazar\/"},{"@type":"ListItem","position":2,"name":"CTO Macbook Pro 13,3 mid 2019"}]},{"@type":"WebSite","@id":"https:\/\/www.letemsvetemapplem.eu\/bazar\/#website","url":"https:\/\/www.letemsvetemapplem.eu\/bazar\/","name":"Apple bazar","description":"Oou\u017eit\u00e9 Apple produkty za skv\u011bl\u00e9 ceny","potentialAction":[{"@type":"SearchAction","target":{"@type":"EntryPoint","urlTemplate":"https:\/\/www.letemsvetemapplem.eu\/bazar\/?s={search_term_string}"},"query-input":{"@type":"PropertyValueSpecification","valueRequired":true,"valueName":"search_term_string"}}],"inLanguage":"cs"}]}},"_links":{"self":[{"href":"https:\/\/www.letemsvetemapplem.eu\/bazar\/wp-json\/wp\/v2\/posts\/247511","targetHints":{"allow":["GET"]}}],"collection":[{"href":"https:\/\/www.letemsvetemapplem.eu\/bazar\/wp-json\/wp\/v2\/posts"}],"about":[{"href":"https:\/\/www.letemsvetemapplem.eu\/bazar\/wp-json\/wp\/v2\/types\/post"}],"replies":[{"embeddable":true,"href":"https:\/\/www.letemsvetemapplem.eu\/bazar\/wp-json\/wp\/v2\/comments?post=247511"}],"version-history":[{"count":3,"href":"https:\/\/www.letemsvetemapplem.eu\/bazar\/wp-json\/wp\/v2\/posts\/247511\/revisions"}],"predecessor-version":[{"id":250430,"href":"https:\/\/www.letemsvetemapplem.eu\/bazar\/wp-json\/wp\/v2\/posts\/247511\/revisions\/250430"}],"wp:featuredmedia":[{"embeddable":true,"href":"https:\/\/www.letemsvetemapplem.eu\/bazar\/wp-json\/wp\/v2\/media\/247512"}],"wp:attachment":[{"href":"https:\/\/www.letemsvetemapplem.eu\/bazar\/wp-json\/wp\/v2\/media?parent=247511"}],"wp:term":[{"taxonomy":"category","embeddable":true,"href":"https:\/\/www.letemsvetemapplem.eu\/bazar\/wp-json\/wp\/v2\/categories?post=247511"},{"taxonomy":"post_tag","embeddable":true,"href":"https:\/\/www.letemsvetemapplem.eu\/bazar\/wp-json\/wp\/v2\/tags?post=247511"}],"curies":[{"name":"wp","href":"https:\/\/api.w.org\/{rel}","templated":true}]}}