{"id":246848,"date":"2021-12-31T11:18:16","date_gmt":"2021-12-31T10:18:16","guid":{"rendered":"https:\/\/www.letemsvetemapplem.eu\/bazar\/?p=246848"},"modified":"2021-12-31T11:18:16","modified_gmt":"2021-12-31T10:18:16","slug":"macmini-2018-i5-32gb-ram-apple-display","status":"publish","type":"post","link":"https:\/\/www.letemsvetemapplem.eu\/bazar\/macmini-2018-i5-32gb-ram-apple-display\/","title":{"rendered":"MacMini 2018 i5 32GB RAM Apple Display"},"content":{"rendered":"<p>Prod\u00e1m svoji sestavu Apple MacMini 2018 s 6ti j\u00e1drov\u00fdm i5 3GHz (Turbo Boots a\u017e 4,1) s roz\u0161\u00ed\u0159enou RAM 32GB 2666 MHz DDR4 a 256 GB NVMe Apple SSD, GFX Intel UHD Graphics 1536 MB. P\u0159edinstalovan\u00fd MacOS Big Sur, lze upgradovat na Monterey. Sou\u010d\u00e1st\u00ed sestavy je 27&quot; Apple Thunderbolt Display (2650&#215;1440) s FaceTime HD kamerou, mikrofonem a audio v\u00fdstupem, 3x usb 2.0 Gigabit Ethernet, FireWire, Thunderbolt port s redukc\u00ed na USB-C a Apple MagSafe power (k MacMini nen\u00ed pot\u0159eba) jen krabici u\u017e nem\u00e1m. D\u00e1le Satechi HUB for MacMini s 3x USB-A (usb3) 1x USB-C \u010dte\u010dkou SD karet a audio portem. K tomu USB Apple Keyboard a Apple Mouse. Cena je za celou sestavu jak je na fotk\u00e1ch, nepot\u0159ebuje tak u\u017e nic dokupovat, 100% stav, v\u0161e koupeno v \u010cR. Prod\u00e1v\u00e1m jako komplet. D\u016fvodem prodeje je p\u0159echod na nov\u00fd MBP.<\/p>\n","protected":false},"excerpt":{"rendered":"<p>Prod\u00e1m svoji sestavu Apple MacMini 2018 s 6ti j\u00e1drov\u00fdm i5 3GHz (Turbo Boots a\u017e 4,1) s roz\u0161\u00ed\u0159enou RAM 32GB 2666 MHz DDR4 a 256 GB NVMe Apple SSD, GFX Intel UHD Graphics 1536 MB. P\u0159edinstalovan\u00fd MacOS Big Sur, lze upgradovat na Monterey. Sou\u010d\u00e1st\u00ed sestavy je 27&quot; Apple Thunderbolt Display (2650&#215;1440) s FaceTime HD kamerou, mikrofonem&#8230;<\/p>\n","protected":false},"author":0,"featured_media":246849,"comment_status":"closed","ping_status":"closed","sticky":false,"template":"","format":"standard","meta":{"footnotes":""},"categories":[44],"tags":[],"class_list":["post-246848","post","type-post","status-publish","format-standard","has-post-thumbnail","hentry","category-mac-mini"],"yoast_head":"<!-- This site is optimized with the Yoast SEO plugin v27.2 - https:\/\/yoast.com\/product\/yoast-seo-wordpress\/ -->\n<title>MacMini 2018 i5 32GB RAM Apple Display - Apple bazar<\/title>\n<meta name=\"robots\" content=\"index, follow, max-snippet:-1, max-image-preview:large, max-video-preview:-1\" \/>\n<link rel=\"canonical\" href=\"https:\/\/www.letemsvetemapplem.eu\/bazar\/macmini-2018-i5-32gb-ram-apple-display\/\" \/>\n<meta property=\"og:locale\" content=\"cs_CZ\" \/>\n<meta property=\"og:type\" content=\"article\" \/>\n<meta property=\"og:title\" content=\"MacMini 2018 i5 32GB RAM Apple Display - Apple bazar\" \/>\n<meta property=\"og:description\" content=\"Prod\u00e1m svoji sestavu Apple MacMini 2018 s 6ti j\u00e1drov\u00fdm i5 3GHz (Turbo Boots a\u017e 4,1) s roz\u0161\u00ed\u0159enou RAM 32GB 2666 MHz DDR4 a 256 GB NVMe Apple SSD, GFX Intel UHD Graphics 1536 MB. P\u0159edinstalovan\u00fd MacOS Big Sur, lze upgradovat na Monterey. Sou\u010d\u00e1st\u00ed sestavy je 27&quot; Apple Thunderbolt Display (2650&#215;1440) s FaceTime HD kamerou, mikrofonem...\" \/>\n<meta property=\"og:url\" content=\"https:\/\/www.letemsvetemapplem.eu\/bazar\/macmini-2018-i5-32gb-ram-apple-display\/\" \/>\n<meta property=\"og:site_name\" content=\"Apple bazar\" \/>\n<meta property=\"article:published_time\" content=\"2021-12-31T10:18:16+00:00\" \/>\n<meta property=\"og:image\" content=\"https:\/\/www.letemsvetemapplem.eu\/bazar\/wp-content\/uploads\/2021\/12\/1-2.jpeg\" \/>\n\t<meta property=\"og:image:width\" content=\"1024\" \/>\n\t<meta property=\"og:image:height\" content=\"1365\" \/>\n\t<meta property=\"og:image:type\" content=\"image\/jpeg\" \/>\n<meta name=\"twitter:card\" content=\"summary_large_image\" \/>\n<script type=\"application\/ld+json\" class=\"yoast-schema-graph\">{\"@context\":\"https:\/\/schema.org\",\"@graph\":[{\"@type\":\"Article\",\"@id\":\"https:\/\/www.letemsvetemapplem.eu\/bazar\/macmini-2018-i5-32gb-ram-apple-display\/#article\",\"isPartOf\":{\"@id\":\"https:\/\/www.letemsvetemapplem.eu\/bazar\/macmini-2018-i5-32gb-ram-apple-display\/\"},\"author\":{\"name\":\"\",\"@id\":\"\"},\"headline\":\"MacMini 2018 i5 32GB RAM Apple Display\",\"datePublished\":\"2021-12-31T10:18:16+00:00\",\"mainEntityOfPage\":{\"@id\":\"https:\/\/www.letemsvetemapplem.eu\/bazar\/macmini-2018-i5-32gb-ram-apple-display\/\"},\"wordCount\":154,\"image\":{\"@id\":\"https:\/\/www.letemsvetemapplem.eu\/bazar\/macmini-2018-i5-32gb-ram-apple-display\/#primaryimage\"},\"thumbnailUrl\":\"https:\/\/www.letemsvetemapplem.eu\/bazar\/wp-content\/uploads\/2021\/12\/1-2.jpeg\",\"articleSection\":[\"Mac mini\"],\"inLanguage\":\"cs\"},{\"@type\":\"WebPage\",\"@id\":\"https:\/\/www.letemsvetemapplem.eu\/bazar\/macmini-2018-i5-32gb-ram-apple-display\/\",\"url\":\"https:\/\/www.letemsvetemapplem.eu\/bazar\/macmini-2018-i5-32gb-ram-apple-display\/\",\"name\":\"MacMini 2018 i5 32GB RAM Apple Display - Apple bazar\",\"isPartOf\":{\"@id\":\"https:\/\/www.letemsvetemapplem.eu\/bazar\/#website\"},\"primaryImageOfPage\":{\"@id\":\"https:\/\/www.letemsvetemapplem.eu\/bazar\/macmini-2018-i5-32gb-ram-apple-display\/#primaryimage\"},\"image\":{\"@id\":\"https:\/\/www.letemsvetemapplem.eu\/bazar\/macmini-2018-i5-32gb-ram-apple-display\/#primaryimage\"},\"thumbnailUrl\":\"https:\/\/www.letemsvetemapplem.eu\/bazar\/wp-content\/uploads\/2021\/12\/1-2.jpeg\",\"datePublished\":\"2021-12-31T10:18:16+00:00\",\"author\":{\"@id\":\"\"},\"breadcrumb\":{\"@id\":\"https:\/\/www.letemsvetemapplem.eu\/bazar\/macmini-2018-i5-32gb-ram-apple-display\/#breadcrumb\"},\"inLanguage\":\"cs\",\"potentialAction\":[{\"@type\":\"ReadAction\",\"target\":[\"https:\/\/www.letemsvetemapplem.eu\/bazar\/macmini-2018-i5-32gb-ram-apple-display\/\"]}]},{\"@type\":\"ImageObject\",\"inLanguage\":\"cs\",\"@id\":\"https:\/\/www.letemsvetemapplem.eu\/bazar\/macmini-2018-i5-32gb-ram-apple-display\/#primaryimage\",\"url\":\"https:\/\/www.letemsvetemapplem.eu\/bazar\/wp-content\/uploads\/2021\/12\/1-2.jpeg\",\"contentUrl\":\"https:\/\/www.letemsvetemapplem.eu\/bazar\/wp-content\/uploads\/2021\/12\/1-2.jpeg\",\"width\":1024,\"height\":1365},{\"@type\":\"BreadcrumbList\",\"@id\":\"https:\/\/www.letemsvetemapplem.eu\/bazar\/macmini-2018-i5-32gb-ram-apple-display\/#breadcrumb\",\"itemListElement\":[{\"@type\":\"ListItem\",\"position\":1,\"name\":\"Apple Bazar\",\"item\":\"https:\/\/www.letemsvetemapplem.eu\/bazar\/\"},{\"@type\":\"ListItem\",\"position\":2,\"name\":\"MacMini 2018 i5 32GB RAM Apple Display\"}]},{\"@type\":\"WebSite\",\"@id\":\"https:\/\/www.letemsvetemapplem.eu\/bazar\/#website\",\"url\":\"https:\/\/www.letemsvetemapplem.eu\/bazar\/\",\"name\":\"Apple bazar\",\"description\":\"Oou\u017eit\u00e9 Apple produkty za skv\u011bl\u00e9 ceny\",\"potentialAction\":[{\"@type\":\"SearchAction\",\"target\":{\"@type\":\"EntryPoint\",\"urlTemplate\":\"https:\/\/www.letemsvetemapplem.eu\/bazar\/?s={search_term_string}\"},\"query-input\":{\"@type\":\"PropertyValueSpecification\",\"valueRequired\":true,\"valueName\":\"search_term_string\"}}],\"inLanguage\":\"cs\"}]}<\/script>\n<!-- \/ Yoast SEO plugin. -->","yoast_head_json":{"title":"MacMini 2018 i5 32GB RAM Apple Display - Apple bazar","robots":{"index":"index","follow":"follow","max-snippet":"max-snippet:-1","max-image-preview":"max-image-preview:large","max-video-preview":"max-video-preview:-1"},"canonical":"https:\/\/www.letemsvetemapplem.eu\/bazar\/macmini-2018-i5-32gb-ram-apple-display\/","og_locale":"cs_CZ","og_type":"article","og_title":"MacMini 2018 i5 32GB RAM Apple Display - Apple bazar","og_description":"Prod\u00e1m svoji sestavu Apple MacMini 2018 s 6ti j\u00e1drov\u00fdm i5 3GHz (Turbo Boots a\u017e 4,1) s roz\u0161\u00ed\u0159enou RAM 32GB 2666 MHz DDR4 a 256 GB NVMe Apple SSD, GFX Intel UHD Graphics 1536 MB. P\u0159edinstalovan\u00fd MacOS Big Sur, lze upgradovat na Monterey. Sou\u010d\u00e1st\u00ed sestavy je 27&quot; Apple Thunderbolt Display (2650&#215;1440) s FaceTime HD kamerou, mikrofonem...","og_url":"https:\/\/www.letemsvetemapplem.eu\/bazar\/macmini-2018-i5-32gb-ram-apple-display\/","og_site_name":"Apple bazar","article_published_time":"2021-12-31T10:18:16+00:00","og_image":[{"width":1024,"height":1365,"url":"https:\/\/www.letemsvetemapplem.eu\/bazar\/wp-content\/uploads\/2021\/12\/1-2.jpeg","type":"image\/jpeg"}],"twitter_card":"summary_large_image","schema":{"@context":"https:\/\/schema.org","@graph":[{"@type":"Article","@id":"https:\/\/www.letemsvetemapplem.eu\/bazar\/macmini-2018-i5-32gb-ram-apple-display\/#article","isPartOf":{"@id":"https:\/\/www.letemsvetemapplem.eu\/bazar\/macmini-2018-i5-32gb-ram-apple-display\/"},"author":{"name":"","@id":""},"headline":"MacMini 2018 i5 32GB RAM Apple Display","datePublished":"2021-12-31T10:18:16+00:00","mainEntityOfPage":{"@id":"https:\/\/www.letemsvetemapplem.eu\/bazar\/macmini-2018-i5-32gb-ram-apple-display\/"},"wordCount":154,"image":{"@id":"https:\/\/www.letemsvetemapplem.eu\/bazar\/macmini-2018-i5-32gb-ram-apple-display\/#primaryimage"},"thumbnailUrl":"https:\/\/www.letemsvetemapplem.eu\/bazar\/wp-content\/uploads\/2021\/12\/1-2.jpeg","articleSection":["Mac mini"],"inLanguage":"cs"},{"@type":"WebPage","@id":"https:\/\/www.letemsvetemapplem.eu\/bazar\/macmini-2018-i5-32gb-ram-apple-display\/","url":"https:\/\/www.letemsvetemapplem.eu\/bazar\/macmini-2018-i5-32gb-ram-apple-display\/","name":"MacMini 2018 i5 32GB RAM Apple Display - Apple bazar","isPartOf":{"@id":"https:\/\/www.letemsvetemapplem.eu\/bazar\/#website"},"primaryImageOfPage":{"@id":"https:\/\/www.letemsvetemapplem.eu\/bazar\/macmini-2018-i5-32gb-ram-apple-display\/#primaryimage"},"image":{"@id":"https:\/\/www.letemsvetemapplem.eu\/bazar\/macmini-2018-i5-32gb-ram-apple-display\/#primaryimage"},"thumbnailUrl":"https:\/\/www.letemsvetemapplem.eu\/bazar\/wp-content\/uploads\/2021\/12\/1-2.jpeg","datePublished":"2021-12-31T10:18:16+00:00","author":{"@id":""},"breadcrumb":{"@id":"https:\/\/www.letemsvetemapplem.eu\/bazar\/macmini-2018-i5-32gb-ram-apple-display\/#breadcrumb"},"inLanguage":"cs","potentialAction":[{"@type":"ReadAction","target":["https:\/\/www.letemsvetemapplem.eu\/bazar\/macmini-2018-i5-32gb-ram-apple-display\/"]}]},{"@type":"ImageObject","inLanguage":"cs","@id":"https:\/\/www.letemsvetemapplem.eu\/bazar\/macmini-2018-i5-32gb-ram-apple-display\/#primaryimage","url":"https:\/\/www.letemsvetemapplem.eu\/bazar\/wp-content\/uploads\/2021\/12\/1-2.jpeg","contentUrl":"https:\/\/www.letemsvetemapplem.eu\/bazar\/wp-content\/uploads\/2021\/12\/1-2.jpeg","width":1024,"height":1365},{"@type":"BreadcrumbList","@id":"https:\/\/www.letemsvetemapplem.eu\/bazar\/macmini-2018-i5-32gb-ram-apple-display\/#breadcrumb","itemListElement":[{"@type":"ListItem","position":1,"name":"Apple Bazar","item":"https:\/\/www.letemsvetemapplem.eu\/bazar\/"},{"@type":"ListItem","position":2,"name":"MacMini 2018 i5 32GB RAM Apple Display"}]},{"@type":"WebSite","@id":"https:\/\/www.letemsvetemapplem.eu\/bazar\/#website","url":"https:\/\/www.letemsvetemapplem.eu\/bazar\/","name":"Apple bazar","description":"Oou\u017eit\u00e9 Apple produkty za skv\u011bl\u00e9 ceny","potentialAction":[{"@type":"SearchAction","target":{"@type":"EntryPoint","urlTemplate":"https:\/\/www.letemsvetemapplem.eu\/bazar\/?s={search_term_string}"},"query-input":{"@type":"PropertyValueSpecification","valueRequired":true,"valueName":"search_term_string"}}],"inLanguage":"cs"}]}},"_links":{"self":[{"href":"https:\/\/www.letemsvetemapplem.eu\/bazar\/wp-json\/wp\/v2\/posts\/246848","targetHints":{"allow":["GET"]}}],"collection":[{"href":"https:\/\/www.letemsvetemapplem.eu\/bazar\/wp-json\/wp\/v2\/posts"}],"about":[{"href":"https:\/\/www.letemsvetemapplem.eu\/bazar\/wp-json\/wp\/v2\/types\/post"}],"replies":[{"embeddable":true,"href":"https:\/\/www.letemsvetemapplem.eu\/bazar\/wp-json\/wp\/v2\/comments?post=246848"}],"version-history":[{"count":1,"href":"https:\/\/www.letemsvetemapplem.eu\/bazar\/wp-json\/wp\/v2\/posts\/246848\/revisions"}],"predecessor-version":[{"id":246856,"href":"https:\/\/www.letemsvetemapplem.eu\/bazar\/wp-json\/wp\/v2\/posts\/246848\/revisions\/246856"}],"wp:featuredmedia":[{"embeddable":true,"href":"https:\/\/www.letemsvetemapplem.eu\/bazar\/wp-json\/wp\/v2\/media\/246849"}],"wp:attachment":[{"href":"https:\/\/www.letemsvetemapplem.eu\/bazar\/wp-json\/wp\/v2\/media?parent=246848"}],"wp:term":[{"taxonomy":"category","embeddable":true,"href":"https:\/\/www.letemsvetemapplem.eu\/bazar\/wp-json\/wp\/v2\/categories?post=246848"},{"taxonomy":"post_tag","embeddable":true,"href":"https:\/\/www.letemsvetemapplem.eu\/bazar\/wp-json\/wp\/v2\/tags?post=246848"}],"curies":[{"name":"wp","href":"https:\/\/api.w.org\/{rel}","templated":true}]}}