{"id":246483,"date":"2021-12-25T20:57:10","date_gmt":"2021-12-25T19:57:10","guid":{"rendered":"https:\/\/www.letemsvetemapplem.eu\/bazar\/?p=246483"},"modified":"2021-12-25T20:57:10","modified_gmt":"2021-12-25T19:57:10","slug":"nove-nerozbalene-apple-watch-se","status":"publish","type":"post","link":"https:\/\/www.letemsvetemapplem.eu\/bazar\/nove-nerozbalene-apple-watch-se\/","title":{"rendered":"NOV\u00c9 nerozbalen\u00e9 Apple Watch SE"},"content":{"rendered":"<p>Prod\u00e1m NOV\u00c9 &#8211; nerozbalen\u00e9 &#8211; Apple Watch SE-  Space Gray Aluminum Case Midnight Sport Band 44MM<br \/>\nKoupen\u00e9 21.12. 2021 &#8211; z\u00e1ruka 2 roky u T-Mobile<br \/>\n*P\u0159evzet\u00ed mo\u017en\u00e9 osobn\u011b v Teplic\u00edch a okol\u00ed nebo p\u0159es Z\u00e1silkovnu.<\/p>\n","protected":false},"excerpt":{"rendered":"<p>Prod\u00e1m NOV\u00c9 &#8211; nerozbalen\u00e9 &#8211; Apple Watch SE- Space Gray Aluminum Case Midnight Sport Band 44MM Koupen\u00e9 21.12. 2021 &#8211; z\u00e1ruka 2 roky u T-Mobile *P\u0159evzet\u00ed mo\u017en\u00e9 osobn\u011b v Teplic\u00edch a okol\u00ed nebo p\u0159es Z\u00e1silkovnu.<\/p>\n","protected":false},"author":0,"featured_media":246484,"comment_status":"closed","ping_status":"closed","sticky":false,"template":"","format":"standard","meta":{"footnotes":""},"categories":[121],"tags":[],"class_list":["post-246483","post","type-post","status-publish","format-standard","has-post-thumbnail","hentry","category-apple-watch-se"],"yoast_head":"<!-- This site is optimized with the Yoast SEO plugin v27.5 - https:\/\/yoast.com\/product\/yoast-seo-wordpress\/ -->\n<title>NOV\u00c9 nerozbalen\u00e9 Apple Watch SE - Apple bazar<\/title>\n<meta name=\"robots\" content=\"index, follow, max-snippet:-1, max-image-preview:large, max-video-preview:-1\" \/>\n<link rel=\"canonical\" href=\"https:\/\/www.letemsvetemapplem.eu\/bazar\/nove-nerozbalene-apple-watch-se\/\" \/>\n<meta property=\"og:locale\" content=\"cs_CZ\" \/>\n<meta property=\"og:type\" content=\"article\" \/>\n<meta property=\"og:title\" content=\"NOV\u00c9 nerozbalen\u00e9 Apple Watch SE - Apple bazar\" \/>\n<meta property=\"og:description\" content=\"Prod\u00e1m NOV\u00c9 &#8211; nerozbalen\u00e9 &#8211; Apple Watch SE- Space Gray Aluminum Case Midnight Sport Band 44MM Koupen\u00e9 21.12. 2021 &#8211; z\u00e1ruka 2 roky u T-Mobile *P\u0159evzet\u00ed mo\u017en\u00e9 osobn\u011b v Teplic\u00edch a okol\u00ed nebo p\u0159es Z\u00e1silkovnu.\" \/>\n<meta property=\"og:url\" content=\"https:\/\/www.letemsvetemapplem.eu\/bazar\/nove-nerozbalene-apple-watch-se\/\" \/>\n<meta property=\"og:site_name\" content=\"Apple bazar\" \/>\n<meta property=\"article:published_time\" content=\"2021-12-25T19:57:10+00:00\" \/>\n<meta property=\"og:image\" content=\"https:\/\/www.letemsvetemapplem.eu\/bazar\/wp-content\/uploads\/2021\/12\/963A808E-E0B6-4038-9344-917E7AC3AB1E-scaled.jpeg\" \/>\n\t<meta property=\"og:image:width\" content=\"2560\" \/>\n\t<meta property=\"og:image:height\" content=\"1920\" \/>\n\t<meta property=\"og:image:type\" content=\"image\/jpeg\" \/>\n<meta name=\"twitter:card\" content=\"summary_large_image\" \/>\n<script type=\"application\/ld+json\" class=\"yoast-schema-graph\">{\"@context\":\"https:\\\/\\\/schema.org\",\"@graph\":[{\"@type\":\"Article\",\"@id\":\"https:\\\/\\\/www.letemsvetemapplem.eu\\\/bazar\\\/nove-nerozbalene-apple-watch-se\\\/#article\",\"isPartOf\":{\"@id\":\"https:\\\/\\\/www.letemsvetemapplem.eu\\\/bazar\\\/nove-nerozbalene-apple-watch-se\\\/\"},\"author\":{\"name\":\"\",\"@id\":\"\"},\"headline\":\"NOV\u00c9 nerozbalen\u00e9 Apple Watch SE\",\"datePublished\":\"2021-12-25T19:57:10+00:00\",\"mainEntityOfPage\":{\"@id\":\"https:\\\/\\\/www.letemsvetemapplem.eu\\\/bazar\\\/nove-nerozbalene-apple-watch-se\\\/\"},\"wordCount\":44,\"image\":{\"@id\":\"https:\\\/\\\/www.letemsvetemapplem.eu\\\/bazar\\\/nove-nerozbalene-apple-watch-se\\\/#primaryimage\"},\"thumbnailUrl\":\"https:\\\/\\\/www.letemsvetemapplem.eu\\\/bazar\\\/wp-content\\\/uploads\\\/2021\\\/12\\\/963A808E-E0B6-4038-9344-917E7AC3AB1E-scaled.jpeg\",\"articleSection\":[\"Apple Watch SE\"],\"inLanguage\":\"cs\"},{\"@type\":\"WebPage\",\"@id\":\"https:\\\/\\\/www.letemsvetemapplem.eu\\\/bazar\\\/nove-nerozbalene-apple-watch-se\\\/\",\"url\":\"https:\\\/\\\/www.letemsvetemapplem.eu\\\/bazar\\\/nove-nerozbalene-apple-watch-se\\\/\",\"name\":\"NOV\u00c9 nerozbalen\u00e9 Apple Watch SE - Apple bazar\",\"isPartOf\":{\"@id\":\"https:\\\/\\\/www.letemsvetemapplem.eu\\\/bazar\\\/#website\"},\"primaryImageOfPage\":{\"@id\":\"https:\\\/\\\/www.letemsvetemapplem.eu\\\/bazar\\\/nove-nerozbalene-apple-watch-se\\\/#primaryimage\"},\"image\":{\"@id\":\"https:\\\/\\\/www.letemsvetemapplem.eu\\\/bazar\\\/nove-nerozbalene-apple-watch-se\\\/#primaryimage\"},\"thumbnailUrl\":\"https:\\\/\\\/www.letemsvetemapplem.eu\\\/bazar\\\/wp-content\\\/uploads\\\/2021\\\/12\\\/963A808E-E0B6-4038-9344-917E7AC3AB1E-scaled.jpeg\",\"datePublished\":\"2021-12-25T19:57:10+00:00\",\"author\":{\"@id\":\"\"},\"breadcrumb\":{\"@id\":\"https:\\\/\\\/www.letemsvetemapplem.eu\\\/bazar\\\/nove-nerozbalene-apple-watch-se\\\/#breadcrumb\"},\"inLanguage\":\"cs\",\"potentialAction\":[{\"@type\":\"ReadAction\",\"target\":[\"https:\\\/\\\/www.letemsvetemapplem.eu\\\/bazar\\\/nove-nerozbalene-apple-watch-se\\\/\"]}]},{\"@type\":\"ImageObject\",\"inLanguage\":\"cs\",\"@id\":\"https:\\\/\\\/www.letemsvetemapplem.eu\\\/bazar\\\/nove-nerozbalene-apple-watch-se\\\/#primaryimage\",\"url\":\"https:\\\/\\\/www.letemsvetemapplem.eu\\\/bazar\\\/wp-content\\\/uploads\\\/2021\\\/12\\\/963A808E-E0B6-4038-9344-917E7AC3AB1E-scaled.jpeg\",\"contentUrl\":\"https:\\\/\\\/www.letemsvetemapplem.eu\\\/bazar\\\/wp-content\\\/uploads\\\/2021\\\/12\\\/963A808E-E0B6-4038-9344-917E7AC3AB1E-scaled.jpeg\",\"width\":2560,\"height\":1920},{\"@type\":\"BreadcrumbList\",\"@id\":\"https:\\\/\\\/www.letemsvetemapplem.eu\\\/bazar\\\/nove-nerozbalene-apple-watch-se\\\/#breadcrumb\",\"itemListElement\":[{\"@type\":\"ListItem\",\"position\":1,\"name\":\"Apple Bazar\",\"item\":\"https:\\\/\\\/www.letemsvetemapplem.eu\\\/bazar\\\/\"},{\"@type\":\"ListItem\",\"position\":2,\"name\":\"NOV\u00c9 nerozbalen\u00e9 Apple Watch SE\"}]},{\"@type\":\"WebSite\",\"@id\":\"https:\\\/\\\/www.letemsvetemapplem.eu\\\/bazar\\\/#website\",\"url\":\"https:\\\/\\\/www.letemsvetemapplem.eu\\\/bazar\\\/\",\"name\":\"Apple bazar\",\"description\":\"Oou\u017eit\u00e9 Apple produkty za skv\u011bl\u00e9 ceny\",\"potentialAction\":[{\"@type\":\"SearchAction\",\"target\":{\"@type\":\"EntryPoint\",\"urlTemplate\":\"https:\\\/\\\/www.letemsvetemapplem.eu\\\/bazar\\\/?s={search_term_string}\"},\"query-input\":{\"@type\":\"PropertyValueSpecification\",\"valueRequired\":true,\"valueName\":\"search_term_string\"}}],\"inLanguage\":\"cs\"}]}<\/script>\n<!-- \/ Yoast SEO plugin. -->","yoast_head_json":{"title":"NOV\u00c9 nerozbalen\u00e9 Apple Watch SE - Apple bazar","robots":{"index":"index","follow":"follow","max-snippet":"max-snippet:-1","max-image-preview":"max-image-preview:large","max-video-preview":"max-video-preview:-1"},"canonical":"https:\/\/www.letemsvetemapplem.eu\/bazar\/nove-nerozbalene-apple-watch-se\/","og_locale":"cs_CZ","og_type":"article","og_title":"NOV\u00c9 nerozbalen\u00e9 Apple Watch SE - Apple bazar","og_description":"Prod\u00e1m NOV\u00c9 &#8211; nerozbalen\u00e9 &#8211; Apple Watch SE- Space Gray Aluminum Case Midnight Sport Band 44MM Koupen\u00e9 21.12. 2021 &#8211; z\u00e1ruka 2 roky u T-Mobile *P\u0159evzet\u00ed mo\u017en\u00e9 osobn\u011b v Teplic\u00edch a okol\u00ed nebo p\u0159es Z\u00e1silkovnu.","og_url":"https:\/\/www.letemsvetemapplem.eu\/bazar\/nove-nerozbalene-apple-watch-se\/","og_site_name":"Apple bazar","article_published_time":"2021-12-25T19:57:10+00:00","og_image":[{"width":2560,"height":1920,"url":"https:\/\/www.letemsvetemapplem.eu\/bazar\/wp-content\/uploads\/2021\/12\/963A808E-E0B6-4038-9344-917E7AC3AB1E-scaled.jpeg","type":"image\/jpeg"}],"twitter_card":"summary_large_image","schema":{"@context":"https:\/\/schema.org","@graph":[{"@type":"Article","@id":"https:\/\/www.letemsvetemapplem.eu\/bazar\/nove-nerozbalene-apple-watch-se\/#article","isPartOf":{"@id":"https:\/\/www.letemsvetemapplem.eu\/bazar\/nove-nerozbalene-apple-watch-se\/"},"author":{"name":"","@id":""},"headline":"NOV\u00c9 nerozbalen\u00e9 Apple Watch SE","datePublished":"2021-12-25T19:57:10+00:00","mainEntityOfPage":{"@id":"https:\/\/www.letemsvetemapplem.eu\/bazar\/nove-nerozbalene-apple-watch-se\/"},"wordCount":44,"image":{"@id":"https:\/\/www.letemsvetemapplem.eu\/bazar\/nove-nerozbalene-apple-watch-se\/#primaryimage"},"thumbnailUrl":"https:\/\/www.letemsvetemapplem.eu\/bazar\/wp-content\/uploads\/2021\/12\/963A808E-E0B6-4038-9344-917E7AC3AB1E-scaled.jpeg","articleSection":["Apple Watch SE"],"inLanguage":"cs"},{"@type":"WebPage","@id":"https:\/\/www.letemsvetemapplem.eu\/bazar\/nove-nerozbalene-apple-watch-se\/","url":"https:\/\/www.letemsvetemapplem.eu\/bazar\/nove-nerozbalene-apple-watch-se\/","name":"NOV\u00c9 nerozbalen\u00e9 Apple Watch SE - Apple bazar","isPartOf":{"@id":"https:\/\/www.letemsvetemapplem.eu\/bazar\/#website"},"primaryImageOfPage":{"@id":"https:\/\/www.letemsvetemapplem.eu\/bazar\/nove-nerozbalene-apple-watch-se\/#primaryimage"},"image":{"@id":"https:\/\/www.letemsvetemapplem.eu\/bazar\/nove-nerozbalene-apple-watch-se\/#primaryimage"},"thumbnailUrl":"https:\/\/www.letemsvetemapplem.eu\/bazar\/wp-content\/uploads\/2021\/12\/963A808E-E0B6-4038-9344-917E7AC3AB1E-scaled.jpeg","datePublished":"2021-12-25T19:57:10+00:00","author":{"@id":""},"breadcrumb":{"@id":"https:\/\/www.letemsvetemapplem.eu\/bazar\/nove-nerozbalene-apple-watch-se\/#breadcrumb"},"inLanguage":"cs","potentialAction":[{"@type":"ReadAction","target":["https:\/\/www.letemsvetemapplem.eu\/bazar\/nove-nerozbalene-apple-watch-se\/"]}]},{"@type":"ImageObject","inLanguage":"cs","@id":"https:\/\/www.letemsvetemapplem.eu\/bazar\/nove-nerozbalene-apple-watch-se\/#primaryimage","url":"https:\/\/www.letemsvetemapplem.eu\/bazar\/wp-content\/uploads\/2021\/12\/963A808E-E0B6-4038-9344-917E7AC3AB1E-scaled.jpeg","contentUrl":"https:\/\/www.letemsvetemapplem.eu\/bazar\/wp-content\/uploads\/2021\/12\/963A808E-E0B6-4038-9344-917E7AC3AB1E-scaled.jpeg","width":2560,"height":1920},{"@type":"BreadcrumbList","@id":"https:\/\/www.letemsvetemapplem.eu\/bazar\/nove-nerozbalene-apple-watch-se\/#breadcrumb","itemListElement":[{"@type":"ListItem","position":1,"name":"Apple Bazar","item":"https:\/\/www.letemsvetemapplem.eu\/bazar\/"},{"@type":"ListItem","position":2,"name":"NOV\u00c9 nerozbalen\u00e9 Apple Watch SE"}]},{"@type":"WebSite","@id":"https:\/\/www.letemsvetemapplem.eu\/bazar\/#website","url":"https:\/\/www.letemsvetemapplem.eu\/bazar\/","name":"Apple bazar","description":"Oou\u017eit\u00e9 Apple produkty za skv\u011bl\u00e9 ceny","potentialAction":[{"@type":"SearchAction","target":{"@type":"EntryPoint","urlTemplate":"https:\/\/www.letemsvetemapplem.eu\/bazar\/?s={search_term_string}"},"query-input":{"@type":"PropertyValueSpecification","valueRequired":true,"valueName":"search_term_string"}}],"inLanguage":"cs"}]}},"_links":{"self":[{"href":"https:\/\/www.letemsvetemapplem.eu\/bazar\/wp-json\/wp\/v2\/posts\/246483","targetHints":{"allow":["GET"]}}],"collection":[{"href":"https:\/\/www.letemsvetemapplem.eu\/bazar\/wp-json\/wp\/v2\/posts"}],"about":[{"href":"https:\/\/www.letemsvetemapplem.eu\/bazar\/wp-json\/wp\/v2\/types\/post"}],"replies":[{"embeddable":true,"href":"https:\/\/www.letemsvetemapplem.eu\/bazar\/wp-json\/wp\/v2\/comments?post=246483"}],"version-history":[{"count":1,"href":"https:\/\/www.letemsvetemapplem.eu\/bazar\/wp-json\/wp\/v2\/posts\/246483\/revisions"}],"predecessor-version":[{"id":246487,"href":"https:\/\/www.letemsvetemapplem.eu\/bazar\/wp-json\/wp\/v2\/posts\/246483\/revisions\/246487"}],"wp:featuredmedia":[{"embeddable":true,"href":"https:\/\/www.letemsvetemapplem.eu\/bazar\/wp-json\/wp\/v2\/media\/246484"}],"wp:attachment":[{"href":"https:\/\/www.letemsvetemapplem.eu\/bazar\/wp-json\/wp\/v2\/media?parent=246483"}],"wp:term":[{"taxonomy":"category","embeddable":true,"href":"https:\/\/www.letemsvetemapplem.eu\/bazar\/wp-json\/wp\/v2\/categories?post=246483"},{"taxonomy":"post_tag","embeddable":true,"href":"https:\/\/www.letemsvetemapplem.eu\/bazar\/wp-json\/wp\/v2\/tags?post=246483"}],"curies":[{"name":"wp","href":"https:\/\/api.w.org\/{rel}","templated":true}]}}