{"id":243625,"date":"2021-11-27T18:52:23","date_gmt":"2021-11-27T17:52:23","guid":{"rendered":"https:\/\/www.letemsvetemapplem.eu\/bazar\/?p=243625"},"modified":"2021-11-27T18:52:23","modified_gmt":"2021-11-27T17:52:23","slug":"macbook-pro-13-2020-m1","status":"publish","type":"post","link":"https:\/\/www.letemsvetemapplem.eu\/bazar\/macbook-pro-13-2020-m1\/","title":{"rendered":"Macbook Pro 13&#8242; 2020 M1"},"content":{"rendered":"<p>Prod\u00e1m Macbook Pro 13&#8242; M1 2020 s Touch Barem.<br \/>\nM\u00e1lo pou\u017e\u00edvan\u00fd, zakoupen 9.6.2021 v iStores &#8211; Galerie \u0160antovka Olomouc.<br \/>\nPreferuji osobn\u00ed p\u0159ed\u00e1n\u00ed, pop\u0159. po\u0161ta domluvou se z\u00e1lohou p\u0159edem. Jsem schopen ho dov\u00e9zt kamkoliv po \u010cR (podle domluvy).<\/p>\n<p>Macbook je v z\u00e1ruce do 10.6.2022 &#8211; viz. s\u00e9riov\u00e9 \u010d\u00edslo<\/p>\n<p>Obsah balen\u00ed : Orig. nab\u00edje\u010dka, USB rozdvojka<\/p>\n<p>Specifikace : 8GB RAM<br \/>\n8-Core CPU<br \/>\nKapacita : 256GB<br \/>\nBarva : Space Gray<\/p>\n","protected":false},"excerpt":{"rendered":"<p>Prod\u00e1m Macbook Pro 13&#8242; M1 2020 s Touch Barem. M\u00e1lo pou\u017e\u00edvan\u00fd, zakoupen 9.6.2021 v iStores &#8211; Galerie \u0160antovka Olomouc. Preferuji osobn\u00ed p\u0159ed\u00e1n\u00ed, pop\u0159. po\u0161ta domluvou se z\u00e1lohou p\u0159edem. Jsem schopen ho dov\u00e9zt kamkoliv po \u010cR (podle domluvy). Macbook je v z\u00e1ruce do 10.6.2022 &#8211; viz. s\u00e9riov\u00e9 \u010d\u00edslo Obsah balen\u00ed : Orig. nab\u00edje\u010dka, USB rozdvojka Specifikace&#8230;<\/p>\n","protected":false},"author":0,"featured_media":243626,"comment_status":"closed","ping_status":"closed","sticky":false,"template":"","format":"standard","meta":{"footnotes":""},"categories":[48],"tags":[],"class_list":["post-243625","post","type-post","status-publish","format-standard","has-post-thumbnail","hentry","category-macbook-pro"],"yoast_head":"<!-- This site is optimized with the Yoast SEO plugin v27.5 - https:\/\/yoast.com\/product\/yoast-seo-wordpress\/ -->\n<title>Macbook Pro 13&#039; 2020 M1 - Apple bazar<\/title>\n<meta name=\"robots\" content=\"index, follow, max-snippet:-1, max-image-preview:large, max-video-preview:-1\" \/>\n<link rel=\"canonical\" href=\"https:\/\/www.letemsvetemapplem.eu\/bazar\/macbook-pro-13-2020-m1\/\" \/>\n<meta property=\"og:locale\" content=\"cs_CZ\" \/>\n<meta property=\"og:type\" content=\"article\" \/>\n<meta property=\"og:title\" content=\"Macbook Pro 13&#039; 2020 M1 - Apple bazar\" \/>\n<meta property=\"og:description\" content=\"Prod\u00e1m Macbook Pro 13&#8242; M1 2020 s Touch Barem. M\u00e1lo pou\u017e\u00edvan\u00fd, zakoupen 9.6.2021 v iStores &#8211; Galerie \u0160antovka Olomouc. Preferuji osobn\u00ed p\u0159ed\u00e1n\u00ed, pop\u0159. po\u0161ta domluvou se z\u00e1lohou p\u0159edem. Jsem schopen ho dov\u00e9zt kamkoliv po \u010cR (podle domluvy). Macbook je v z\u00e1ruce do 10.6.2022 &#8211; viz. s\u00e9riov\u00e9 \u010d\u00edslo Obsah balen\u00ed : Orig. nab\u00edje\u010dka, USB rozdvojka Specifikace...\" \/>\n<meta property=\"og:url\" content=\"https:\/\/www.letemsvetemapplem.eu\/bazar\/macbook-pro-13-2020-m1\/\" \/>\n<meta property=\"og:site_name\" content=\"Apple bazar\" \/>\n<meta property=\"article:published_time\" content=\"2021-11-27T17:52:23+00:00\" \/>\n<meta property=\"og:image\" content=\"https:\/\/www.letemsvetemapplem.eu\/bazar\/wp-content\/uploads\/2021\/11\/82867972-DD97-4707-8A9A-7C2D53989732-scaled.jpeg\" \/>\n\t<meta property=\"og:image:width\" content=\"1920\" \/>\n\t<meta property=\"og:image:height\" content=\"2560\" \/>\n\t<meta property=\"og:image:type\" content=\"image\/jpeg\" \/>\n<meta name=\"twitter:card\" content=\"summary_large_image\" \/>\n<script type=\"application\/ld+json\" class=\"yoast-schema-graph\">{\"@context\":\"https:\\\/\\\/schema.org\",\"@graph\":[{\"@type\":\"Article\",\"@id\":\"https:\\\/\\\/www.letemsvetemapplem.eu\\\/bazar\\\/macbook-pro-13-2020-m1\\\/#article\",\"isPartOf\":{\"@id\":\"https:\\\/\\\/www.letemsvetemapplem.eu\\\/bazar\\\/macbook-pro-13-2020-m1\\\/\"},\"author\":{\"name\":\"\",\"@id\":\"\"},\"headline\":\"Macbook Pro 13&#8242; 2020 M1\",\"datePublished\":\"2021-11-27T17:52:23+00:00\",\"mainEntityOfPage\":{\"@id\":\"https:\\\/\\\/www.letemsvetemapplem.eu\\\/bazar\\\/macbook-pro-13-2020-m1\\\/\"},\"wordCount\":75,\"image\":{\"@id\":\"https:\\\/\\\/www.letemsvetemapplem.eu\\\/bazar\\\/macbook-pro-13-2020-m1\\\/#primaryimage\"},\"thumbnailUrl\":\"https:\\\/\\\/www.letemsvetemapplem.eu\\\/bazar\\\/wp-content\\\/uploads\\\/2021\\\/11\\\/82867972-DD97-4707-8A9A-7C2D53989732-scaled.jpeg\",\"articleSection\":[\"MacBook Pro\"],\"inLanguage\":\"cs\"},{\"@type\":\"WebPage\",\"@id\":\"https:\\\/\\\/www.letemsvetemapplem.eu\\\/bazar\\\/macbook-pro-13-2020-m1\\\/\",\"url\":\"https:\\\/\\\/www.letemsvetemapplem.eu\\\/bazar\\\/macbook-pro-13-2020-m1\\\/\",\"name\":\"Macbook Pro 13' 2020 M1 - Apple bazar\",\"isPartOf\":{\"@id\":\"https:\\\/\\\/www.letemsvetemapplem.eu\\\/bazar\\\/#website\"},\"primaryImageOfPage\":{\"@id\":\"https:\\\/\\\/www.letemsvetemapplem.eu\\\/bazar\\\/macbook-pro-13-2020-m1\\\/#primaryimage\"},\"image\":{\"@id\":\"https:\\\/\\\/www.letemsvetemapplem.eu\\\/bazar\\\/macbook-pro-13-2020-m1\\\/#primaryimage\"},\"thumbnailUrl\":\"https:\\\/\\\/www.letemsvetemapplem.eu\\\/bazar\\\/wp-content\\\/uploads\\\/2021\\\/11\\\/82867972-DD97-4707-8A9A-7C2D53989732-scaled.jpeg\",\"datePublished\":\"2021-11-27T17:52:23+00:00\",\"author\":{\"@id\":\"\"},\"breadcrumb\":{\"@id\":\"https:\\\/\\\/www.letemsvetemapplem.eu\\\/bazar\\\/macbook-pro-13-2020-m1\\\/#breadcrumb\"},\"inLanguage\":\"cs\",\"potentialAction\":[{\"@type\":\"ReadAction\",\"target\":[\"https:\\\/\\\/www.letemsvetemapplem.eu\\\/bazar\\\/macbook-pro-13-2020-m1\\\/\"]}]},{\"@type\":\"ImageObject\",\"inLanguage\":\"cs\",\"@id\":\"https:\\\/\\\/www.letemsvetemapplem.eu\\\/bazar\\\/macbook-pro-13-2020-m1\\\/#primaryimage\",\"url\":\"https:\\\/\\\/www.letemsvetemapplem.eu\\\/bazar\\\/wp-content\\\/uploads\\\/2021\\\/11\\\/82867972-DD97-4707-8A9A-7C2D53989732-scaled.jpeg\",\"contentUrl\":\"https:\\\/\\\/www.letemsvetemapplem.eu\\\/bazar\\\/wp-content\\\/uploads\\\/2021\\\/11\\\/82867972-DD97-4707-8A9A-7C2D53989732-scaled.jpeg\",\"width\":1920,\"height\":2560},{\"@type\":\"BreadcrumbList\",\"@id\":\"https:\\\/\\\/www.letemsvetemapplem.eu\\\/bazar\\\/macbook-pro-13-2020-m1\\\/#breadcrumb\",\"itemListElement\":[{\"@type\":\"ListItem\",\"position\":1,\"name\":\"Apple Bazar\",\"item\":\"https:\\\/\\\/www.letemsvetemapplem.eu\\\/bazar\\\/\"},{\"@type\":\"ListItem\",\"position\":2,\"name\":\"Macbook Pro 13&#8242; 2020 M1\"}]},{\"@type\":\"WebSite\",\"@id\":\"https:\\\/\\\/www.letemsvetemapplem.eu\\\/bazar\\\/#website\",\"url\":\"https:\\\/\\\/www.letemsvetemapplem.eu\\\/bazar\\\/\",\"name\":\"Apple bazar\",\"description\":\"Oou\u017eit\u00e9 Apple produkty za skv\u011bl\u00e9 ceny\",\"potentialAction\":[{\"@type\":\"SearchAction\",\"target\":{\"@type\":\"EntryPoint\",\"urlTemplate\":\"https:\\\/\\\/www.letemsvetemapplem.eu\\\/bazar\\\/?s={search_term_string}\"},\"query-input\":{\"@type\":\"PropertyValueSpecification\",\"valueRequired\":true,\"valueName\":\"search_term_string\"}}],\"inLanguage\":\"cs\"}]}<\/script>\n<!-- \/ Yoast SEO plugin. -->","yoast_head_json":{"title":"Macbook Pro 13' 2020 M1 - Apple bazar","robots":{"index":"index","follow":"follow","max-snippet":"max-snippet:-1","max-image-preview":"max-image-preview:large","max-video-preview":"max-video-preview:-1"},"canonical":"https:\/\/www.letemsvetemapplem.eu\/bazar\/macbook-pro-13-2020-m1\/","og_locale":"cs_CZ","og_type":"article","og_title":"Macbook Pro 13' 2020 M1 - Apple bazar","og_description":"Prod\u00e1m Macbook Pro 13&#8242; M1 2020 s Touch Barem. M\u00e1lo pou\u017e\u00edvan\u00fd, zakoupen 9.6.2021 v iStores &#8211; Galerie \u0160antovka Olomouc. Preferuji osobn\u00ed p\u0159ed\u00e1n\u00ed, pop\u0159. po\u0161ta domluvou se z\u00e1lohou p\u0159edem. Jsem schopen ho dov\u00e9zt kamkoliv po \u010cR (podle domluvy). Macbook je v z\u00e1ruce do 10.6.2022 &#8211; viz. s\u00e9riov\u00e9 \u010d\u00edslo Obsah balen\u00ed : Orig. nab\u00edje\u010dka, USB rozdvojka Specifikace...","og_url":"https:\/\/www.letemsvetemapplem.eu\/bazar\/macbook-pro-13-2020-m1\/","og_site_name":"Apple bazar","article_published_time":"2021-11-27T17:52:23+00:00","og_image":[{"width":1920,"height":2560,"url":"https:\/\/www.letemsvetemapplem.eu\/bazar\/wp-content\/uploads\/2021\/11\/82867972-DD97-4707-8A9A-7C2D53989732-scaled.jpeg","type":"image\/jpeg"}],"twitter_card":"summary_large_image","schema":{"@context":"https:\/\/schema.org","@graph":[{"@type":"Article","@id":"https:\/\/www.letemsvetemapplem.eu\/bazar\/macbook-pro-13-2020-m1\/#article","isPartOf":{"@id":"https:\/\/www.letemsvetemapplem.eu\/bazar\/macbook-pro-13-2020-m1\/"},"author":{"name":"","@id":""},"headline":"Macbook Pro 13&#8242; 2020 M1","datePublished":"2021-11-27T17:52:23+00:00","mainEntityOfPage":{"@id":"https:\/\/www.letemsvetemapplem.eu\/bazar\/macbook-pro-13-2020-m1\/"},"wordCount":75,"image":{"@id":"https:\/\/www.letemsvetemapplem.eu\/bazar\/macbook-pro-13-2020-m1\/#primaryimage"},"thumbnailUrl":"https:\/\/www.letemsvetemapplem.eu\/bazar\/wp-content\/uploads\/2021\/11\/82867972-DD97-4707-8A9A-7C2D53989732-scaled.jpeg","articleSection":["MacBook Pro"],"inLanguage":"cs"},{"@type":"WebPage","@id":"https:\/\/www.letemsvetemapplem.eu\/bazar\/macbook-pro-13-2020-m1\/","url":"https:\/\/www.letemsvetemapplem.eu\/bazar\/macbook-pro-13-2020-m1\/","name":"Macbook Pro 13' 2020 M1 - Apple bazar","isPartOf":{"@id":"https:\/\/www.letemsvetemapplem.eu\/bazar\/#website"},"primaryImageOfPage":{"@id":"https:\/\/www.letemsvetemapplem.eu\/bazar\/macbook-pro-13-2020-m1\/#primaryimage"},"image":{"@id":"https:\/\/www.letemsvetemapplem.eu\/bazar\/macbook-pro-13-2020-m1\/#primaryimage"},"thumbnailUrl":"https:\/\/www.letemsvetemapplem.eu\/bazar\/wp-content\/uploads\/2021\/11\/82867972-DD97-4707-8A9A-7C2D53989732-scaled.jpeg","datePublished":"2021-11-27T17:52:23+00:00","author":{"@id":""},"breadcrumb":{"@id":"https:\/\/www.letemsvetemapplem.eu\/bazar\/macbook-pro-13-2020-m1\/#breadcrumb"},"inLanguage":"cs","potentialAction":[{"@type":"ReadAction","target":["https:\/\/www.letemsvetemapplem.eu\/bazar\/macbook-pro-13-2020-m1\/"]}]},{"@type":"ImageObject","inLanguage":"cs","@id":"https:\/\/www.letemsvetemapplem.eu\/bazar\/macbook-pro-13-2020-m1\/#primaryimage","url":"https:\/\/www.letemsvetemapplem.eu\/bazar\/wp-content\/uploads\/2021\/11\/82867972-DD97-4707-8A9A-7C2D53989732-scaled.jpeg","contentUrl":"https:\/\/www.letemsvetemapplem.eu\/bazar\/wp-content\/uploads\/2021\/11\/82867972-DD97-4707-8A9A-7C2D53989732-scaled.jpeg","width":1920,"height":2560},{"@type":"BreadcrumbList","@id":"https:\/\/www.letemsvetemapplem.eu\/bazar\/macbook-pro-13-2020-m1\/#breadcrumb","itemListElement":[{"@type":"ListItem","position":1,"name":"Apple Bazar","item":"https:\/\/www.letemsvetemapplem.eu\/bazar\/"},{"@type":"ListItem","position":2,"name":"Macbook Pro 13&#8242; 2020 M1"}]},{"@type":"WebSite","@id":"https:\/\/www.letemsvetemapplem.eu\/bazar\/#website","url":"https:\/\/www.letemsvetemapplem.eu\/bazar\/","name":"Apple bazar","description":"Oou\u017eit\u00e9 Apple produkty za skv\u011bl\u00e9 ceny","potentialAction":[{"@type":"SearchAction","target":{"@type":"EntryPoint","urlTemplate":"https:\/\/www.letemsvetemapplem.eu\/bazar\/?s={search_term_string}"},"query-input":{"@type":"PropertyValueSpecification","valueRequired":true,"valueName":"search_term_string"}}],"inLanguage":"cs"}]}},"_links":{"self":[{"href":"https:\/\/www.letemsvetemapplem.eu\/bazar\/wp-json\/wp\/v2\/posts\/243625","targetHints":{"allow":["GET"]}}],"collection":[{"href":"https:\/\/www.letemsvetemapplem.eu\/bazar\/wp-json\/wp\/v2\/posts"}],"about":[{"href":"https:\/\/www.letemsvetemapplem.eu\/bazar\/wp-json\/wp\/v2\/types\/post"}],"replies":[{"embeddable":true,"href":"https:\/\/www.letemsvetemapplem.eu\/bazar\/wp-json\/wp\/v2\/comments?post=243625"}],"version-history":[{"count":1,"href":"https:\/\/www.letemsvetemapplem.eu\/bazar\/wp-json\/wp\/v2\/posts\/243625\/revisions"}],"predecessor-version":[{"id":243632,"href":"https:\/\/www.letemsvetemapplem.eu\/bazar\/wp-json\/wp\/v2\/posts\/243625\/revisions\/243632"}],"wp:featuredmedia":[{"embeddable":true,"href":"https:\/\/www.letemsvetemapplem.eu\/bazar\/wp-json\/wp\/v2\/media\/243626"}],"wp:attachment":[{"href":"https:\/\/www.letemsvetemapplem.eu\/bazar\/wp-json\/wp\/v2\/media?parent=243625"}],"wp:term":[{"taxonomy":"category","embeddable":true,"href":"https:\/\/www.letemsvetemapplem.eu\/bazar\/wp-json\/wp\/v2\/categories?post=243625"},{"taxonomy":"post_tag","embeddable":true,"href":"https:\/\/www.letemsvetemapplem.eu\/bazar\/wp-json\/wp\/v2\/tags?post=243625"}],"curies":[{"name":"wp","href":"https:\/\/api.w.org\/{rel}","templated":true}]}}