{"id":239082,"date":"2021-10-08T17:50:57","date_gmt":"2021-10-08T16:50:57","guid":{"rendered":"https:\/\/www.letemsvetemapplem.eu\/bazar\/?p=239082"},"modified":"2021-10-08T17:50:57","modified_gmt":"2021-10-08T16:50:57","slug":"macbook-pro-15-i7-2-4ghz-nova-baterie","status":"publish","type":"post","link":"https:\/\/www.letemsvetemapplem.eu\/bazar\/macbook-pro-15-i7-2-4ghz-nova-baterie\/","title":{"rendered":"MacBook Pro 15&quot; i7 2.4GHz, nov\u00e1 baterie"},"content":{"rendered":"<p>Apple MacBook Pro 15 Late 2011 v nejvy\u0161\u0161\u00ed konfiguraci:<br \/>\n\u010cty\u0159j\u00e1drov\u00fd procesor Intel Core i7 2.4GHz<br \/>\n16GB DDR3 1600MHz RAM<br \/>\nHard disk vym\u011bn\u011bn za SSD<br \/>\nVestav\u011bn\u00e1 CD mechanika<br \/>\nLCD 15.4&quot; (1440x900px)<br \/>\nPodsv\u00edcen\u00e1 kl\u00e1vesnice, \u010desk\u00e9 popisky<br \/>\nWifi 802.11abgn, Bluetooth, webkamera<br \/>\nOS X High Sierra (mo\u017eno upgradovat na vy\u0161\u0161\u00ed)<br \/>\nOrigin\u00e1ln\u00ed nap\u00e1jec\u00ed adapt\u00e9r MagSafe 85W<\/p>\n<p>Notebook m\u00e1 na horn\u00ed v\u00edko chr\u00e1n\u011bno polepem, aby nedo\u0161lo k jeho po\u0161kozen\u00ed p\u0159i p\u0159en\u00e1\u0161en\u00ed.<br \/>\nM\u00e1 b\u011b\u017en\u00e9 opot\u0159eben\u00ed, displej je v naprost\u00e9m po\u0159\u00e1dku. Baterie je nov\u00e1. Harddisk vym\u011bn\u011bn za SSD 240GB, ale pokud si p\u0159ejete, m\u016f\u017eu d\u00e1t zp\u011bt p\u016fvodn\u00ed 750GB\/5400rpm. Preferuji osobn\u00ed p\u0159ed\u00e1n\u00ed ve Vy\u0161kov\u011b nebo Prost\u011bjov\u011b, m\u016f\u017eu zaslat i po\u0161tou p\u0159i platb\u011b p\u0159edem.<\/p>\n","protected":false},"excerpt":{"rendered":"<p>Apple MacBook Pro 15 Late 2011 v nejvy\u0161\u0161\u00ed konfiguraci: \u010cty\u0159j\u00e1drov\u00fd procesor Intel Core i7 2.4GHz 16GB DDR3 1600MHz RAM Hard disk vym\u011bn\u011bn za SSD Vestav\u011bn\u00e1 CD mechanika LCD 15.4&quot; (1440x900px) Podsv\u00edcen\u00e1 kl\u00e1vesnice, \u010desk\u00e9 popisky Wifi 802.11abgn, Bluetooth, webkamera OS X High Sierra (mo\u017eno upgradovat na vy\u0161\u0161\u00ed) Origin\u00e1ln\u00ed nap\u00e1jec\u00ed adapt\u00e9r MagSafe 85W Notebook m\u00e1 na horn\u00ed&#8230;<\/p>\n","protected":false},"author":0,"featured_media":239083,"comment_status":"closed","ping_status":"closed","sticky":false,"template":"","format":"standard","meta":{"footnotes":""},"categories":[48],"tags":[],"class_list":["post-239082","post","type-post","status-publish","format-standard","has-post-thumbnail","hentry","category-macbook-pro"],"yoast_head":"<!-- This site is optimized with the Yoast SEO plugin v27.2 - https:\/\/yoast.com\/product\/yoast-seo-wordpress\/ -->\n<title>MacBook Pro 15&quot; i7 2.4GHz, nov\u00e1 baterie - Apple bazar<\/title>\n<meta name=\"robots\" content=\"index, follow, max-snippet:-1, max-image-preview:large, max-video-preview:-1\" \/>\n<link rel=\"canonical\" href=\"https:\/\/www.letemsvetemapplem.eu\/bazar\/macbook-pro-15-i7-2-4ghz-nova-baterie\/\" \/>\n<meta property=\"og:locale\" content=\"cs_CZ\" \/>\n<meta property=\"og:type\" content=\"article\" \/>\n<meta property=\"og:title\" content=\"MacBook Pro 15&quot; i7 2.4GHz, nov\u00e1 baterie - Apple bazar\" \/>\n<meta property=\"og:description\" content=\"Apple MacBook Pro 15 Late 2011 v nejvy\u0161\u0161\u00ed konfiguraci: \u010cty\u0159j\u00e1drov\u00fd procesor Intel Core i7 2.4GHz 16GB DDR3 1600MHz RAM Hard disk vym\u011bn\u011bn za SSD Vestav\u011bn\u00e1 CD mechanika LCD 15.4&quot; (1440x900px) Podsv\u00edcen\u00e1 kl\u00e1vesnice, \u010desk\u00e9 popisky Wifi 802.11abgn, Bluetooth, webkamera OS X High Sierra (mo\u017eno upgradovat na vy\u0161\u0161\u00ed) Origin\u00e1ln\u00ed nap\u00e1jec\u00ed adapt\u00e9r MagSafe 85W Notebook m\u00e1 na horn\u00ed...\" \/>\n<meta property=\"og:url\" content=\"https:\/\/www.letemsvetemapplem.eu\/bazar\/macbook-pro-15-i7-2-4ghz-nova-baterie\/\" \/>\n<meta property=\"og:site_name\" content=\"Apple bazar\" \/>\n<meta property=\"article:published_time\" content=\"2021-10-08T16:50:57+00:00\" \/>\n<meta property=\"og:image\" content=\"https:\/\/www.letemsvetemapplem.eu\/bazar\/wp-content\/uploads\/2021\/10\/IMG_809.jpg\" \/>\n\t<meta property=\"og:image:width\" content=\"697\" \/>\n\t<meta property=\"og:image:height\" content=\"800\" \/>\n\t<meta property=\"og:image:type\" content=\"image\/jpeg\" \/>\n<meta name=\"twitter:card\" content=\"summary_large_image\" \/>\n<script type=\"application\/ld+json\" class=\"yoast-schema-graph\">{\"@context\":\"https:\/\/schema.org\",\"@graph\":[{\"@type\":\"Article\",\"@id\":\"https:\/\/www.letemsvetemapplem.eu\/bazar\/macbook-pro-15-i7-2-4ghz-nova-baterie\/#article\",\"isPartOf\":{\"@id\":\"https:\/\/www.letemsvetemapplem.eu\/bazar\/macbook-pro-15-i7-2-4ghz-nova-baterie\/\"},\"author\":{\"name\":\"\",\"@id\":\"\"},\"headline\":\"MacBook Pro 15&quot; i7 2.4GHz, nov\u00e1 baterie\",\"datePublished\":\"2021-10-08T16:50:57+00:00\",\"mainEntityOfPage\":{\"@id\":\"https:\/\/www.letemsvetemapplem.eu\/bazar\/macbook-pro-15-i7-2-4ghz-nova-baterie\/\"},\"wordCount\":149,\"image\":{\"@id\":\"https:\/\/www.letemsvetemapplem.eu\/bazar\/macbook-pro-15-i7-2-4ghz-nova-baterie\/#primaryimage\"},\"thumbnailUrl\":\"https:\/\/www.letemsvetemapplem.eu\/bazar\/wp-content\/uploads\/2021\/10\/IMG_809.jpg\",\"articleSection\":[\"MacBook Pro\"],\"inLanguage\":\"cs\"},{\"@type\":\"WebPage\",\"@id\":\"https:\/\/www.letemsvetemapplem.eu\/bazar\/macbook-pro-15-i7-2-4ghz-nova-baterie\/\",\"url\":\"https:\/\/www.letemsvetemapplem.eu\/bazar\/macbook-pro-15-i7-2-4ghz-nova-baterie\/\",\"name\":\"MacBook Pro 15&quot; i7 2.4GHz, nov\u00e1 baterie - Apple bazar\",\"isPartOf\":{\"@id\":\"https:\/\/www.letemsvetemapplem.eu\/bazar\/#website\"},\"primaryImageOfPage\":{\"@id\":\"https:\/\/www.letemsvetemapplem.eu\/bazar\/macbook-pro-15-i7-2-4ghz-nova-baterie\/#primaryimage\"},\"image\":{\"@id\":\"https:\/\/www.letemsvetemapplem.eu\/bazar\/macbook-pro-15-i7-2-4ghz-nova-baterie\/#primaryimage\"},\"thumbnailUrl\":\"https:\/\/www.letemsvetemapplem.eu\/bazar\/wp-content\/uploads\/2021\/10\/IMG_809.jpg\",\"datePublished\":\"2021-10-08T16:50:57+00:00\",\"author\":{\"@id\":\"\"},\"breadcrumb\":{\"@id\":\"https:\/\/www.letemsvetemapplem.eu\/bazar\/macbook-pro-15-i7-2-4ghz-nova-baterie\/#breadcrumb\"},\"inLanguage\":\"cs\",\"potentialAction\":[{\"@type\":\"ReadAction\",\"target\":[\"https:\/\/www.letemsvetemapplem.eu\/bazar\/macbook-pro-15-i7-2-4ghz-nova-baterie\/\"]}]},{\"@type\":\"ImageObject\",\"inLanguage\":\"cs\",\"@id\":\"https:\/\/www.letemsvetemapplem.eu\/bazar\/macbook-pro-15-i7-2-4ghz-nova-baterie\/#primaryimage\",\"url\":\"https:\/\/www.letemsvetemapplem.eu\/bazar\/wp-content\/uploads\/2021\/10\/IMG_809.jpg\",\"contentUrl\":\"https:\/\/www.letemsvetemapplem.eu\/bazar\/wp-content\/uploads\/2021\/10\/IMG_809.jpg\",\"width\":697,\"height\":800},{\"@type\":\"BreadcrumbList\",\"@id\":\"https:\/\/www.letemsvetemapplem.eu\/bazar\/macbook-pro-15-i7-2-4ghz-nova-baterie\/#breadcrumb\",\"itemListElement\":[{\"@type\":\"ListItem\",\"position\":1,\"name\":\"Apple Bazar\",\"item\":\"https:\/\/www.letemsvetemapplem.eu\/bazar\/\"},{\"@type\":\"ListItem\",\"position\":2,\"name\":\"MacBook Pro 15&quot; i7 2.4GHz, nov\u00e1 baterie\"}]},{\"@type\":\"WebSite\",\"@id\":\"https:\/\/www.letemsvetemapplem.eu\/bazar\/#website\",\"url\":\"https:\/\/www.letemsvetemapplem.eu\/bazar\/\",\"name\":\"Apple bazar\",\"description\":\"Oou\u017eit\u00e9 Apple produkty za skv\u011bl\u00e9 ceny\",\"potentialAction\":[{\"@type\":\"SearchAction\",\"target\":{\"@type\":\"EntryPoint\",\"urlTemplate\":\"https:\/\/www.letemsvetemapplem.eu\/bazar\/?s={search_term_string}\"},\"query-input\":{\"@type\":\"PropertyValueSpecification\",\"valueRequired\":true,\"valueName\":\"search_term_string\"}}],\"inLanguage\":\"cs\"}]}<\/script>\n<!-- \/ Yoast SEO plugin. -->","yoast_head_json":{"title":"MacBook Pro 15&quot; i7 2.4GHz, nov\u00e1 baterie - Apple bazar","robots":{"index":"index","follow":"follow","max-snippet":"max-snippet:-1","max-image-preview":"max-image-preview:large","max-video-preview":"max-video-preview:-1"},"canonical":"https:\/\/www.letemsvetemapplem.eu\/bazar\/macbook-pro-15-i7-2-4ghz-nova-baterie\/","og_locale":"cs_CZ","og_type":"article","og_title":"MacBook Pro 15&quot; i7 2.4GHz, nov\u00e1 baterie - Apple bazar","og_description":"Apple MacBook Pro 15 Late 2011 v nejvy\u0161\u0161\u00ed konfiguraci: \u010cty\u0159j\u00e1drov\u00fd procesor Intel Core i7 2.4GHz 16GB DDR3 1600MHz RAM Hard disk vym\u011bn\u011bn za SSD Vestav\u011bn\u00e1 CD mechanika LCD 15.4&quot; (1440x900px) Podsv\u00edcen\u00e1 kl\u00e1vesnice, \u010desk\u00e9 popisky Wifi 802.11abgn, Bluetooth, webkamera OS X High Sierra (mo\u017eno upgradovat na vy\u0161\u0161\u00ed) Origin\u00e1ln\u00ed nap\u00e1jec\u00ed adapt\u00e9r MagSafe 85W Notebook m\u00e1 na horn\u00ed...","og_url":"https:\/\/www.letemsvetemapplem.eu\/bazar\/macbook-pro-15-i7-2-4ghz-nova-baterie\/","og_site_name":"Apple bazar","article_published_time":"2021-10-08T16:50:57+00:00","og_image":[{"width":697,"height":800,"url":"https:\/\/www.letemsvetemapplem.eu\/bazar\/wp-content\/uploads\/2021\/10\/IMG_809.jpg","type":"image\/jpeg"}],"twitter_card":"summary_large_image","schema":{"@context":"https:\/\/schema.org","@graph":[{"@type":"Article","@id":"https:\/\/www.letemsvetemapplem.eu\/bazar\/macbook-pro-15-i7-2-4ghz-nova-baterie\/#article","isPartOf":{"@id":"https:\/\/www.letemsvetemapplem.eu\/bazar\/macbook-pro-15-i7-2-4ghz-nova-baterie\/"},"author":{"name":"","@id":""},"headline":"MacBook Pro 15&quot; i7 2.4GHz, nov\u00e1 baterie","datePublished":"2021-10-08T16:50:57+00:00","mainEntityOfPage":{"@id":"https:\/\/www.letemsvetemapplem.eu\/bazar\/macbook-pro-15-i7-2-4ghz-nova-baterie\/"},"wordCount":149,"image":{"@id":"https:\/\/www.letemsvetemapplem.eu\/bazar\/macbook-pro-15-i7-2-4ghz-nova-baterie\/#primaryimage"},"thumbnailUrl":"https:\/\/www.letemsvetemapplem.eu\/bazar\/wp-content\/uploads\/2021\/10\/IMG_809.jpg","articleSection":["MacBook Pro"],"inLanguage":"cs"},{"@type":"WebPage","@id":"https:\/\/www.letemsvetemapplem.eu\/bazar\/macbook-pro-15-i7-2-4ghz-nova-baterie\/","url":"https:\/\/www.letemsvetemapplem.eu\/bazar\/macbook-pro-15-i7-2-4ghz-nova-baterie\/","name":"MacBook Pro 15&quot; i7 2.4GHz, nov\u00e1 baterie - Apple bazar","isPartOf":{"@id":"https:\/\/www.letemsvetemapplem.eu\/bazar\/#website"},"primaryImageOfPage":{"@id":"https:\/\/www.letemsvetemapplem.eu\/bazar\/macbook-pro-15-i7-2-4ghz-nova-baterie\/#primaryimage"},"image":{"@id":"https:\/\/www.letemsvetemapplem.eu\/bazar\/macbook-pro-15-i7-2-4ghz-nova-baterie\/#primaryimage"},"thumbnailUrl":"https:\/\/www.letemsvetemapplem.eu\/bazar\/wp-content\/uploads\/2021\/10\/IMG_809.jpg","datePublished":"2021-10-08T16:50:57+00:00","author":{"@id":""},"breadcrumb":{"@id":"https:\/\/www.letemsvetemapplem.eu\/bazar\/macbook-pro-15-i7-2-4ghz-nova-baterie\/#breadcrumb"},"inLanguage":"cs","potentialAction":[{"@type":"ReadAction","target":["https:\/\/www.letemsvetemapplem.eu\/bazar\/macbook-pro-15-i7-2-4ghz-nova-baterie\/"]}]},{"@type":"ImageObject","inLanguage":"cs","@id":"https:\/\/www.letemsvetemapplem.eu\/bazar\/macbook-pro-15-i7-2-4ghz-nova-baterie\/#primaryimage","url":"https:\/\/www.letemsvetemapplem.eu\/bazar\/wp-content\/uploads\/2021\/10\/IMG_809.jpg","contentUrl":"https:\/\/www.letemsvetemapplem.eu\/bazar\/wp-content\/uploads\/2021\/10\/IMG_809.jpg","width":697,"height":800},{"@type":"BreadcrumbList","@id":"https:\/\/www.letemsvetemapplem.eu\/bazar\/macbook-pro-15-i7-2-4ghz-nova-baterie\/#breadcrumb","itemListElement":[{"@type":"ListItem","position":1,"name":"Apple Bazar","item":"https:\/\/www.letemsvetemapplem.eu\/bazar\/"},{"@type":"ListItem","position":2,"name":"MacBook Pro 15&quot; i7 2.4GHz, nov\u00e1 baterie"}]},{"@type":"WebSite","@id":"https:\/\/www.letemsvetemapplem.eu\/bazar\/#website","url":"https:\/\/www.letemsvetemapplem.eu\/bazar\/","name":"Apple bazar","description":"Oou\u017eit\u00e9 Apple produkty za skv\u011bl\u00e9 ceny","potentialAction":[{"@type":"SearchAction","target":{"@type":"EntryPoint","urlTemplate":"https:\/\/www.letemsvetemapplem.eu\/bazar\/?s={search_term_string}"},"query-input":{"@type":"PropertyValueSpecification","valueRequired":true,"valueName":"search_term_string"}}],"inLanguage":"cs"}]}},"_links":{"self":[{"href":"https:\/\/www.letemsvetemapplem.eu\/bazar\/wp-json\/wp\/v2\/posts\/239082","targetHints":{"allow":["GET"]}}],"collection":[{"href":"https:\/\/www.letemsvetemapplem.eu\/bazar\/wp-json\/wp\/v2\/posts"}],"about":[{"href":"https:\/\/www.letemsvetemapplem.eu\/bazar\/wp-json\/wp\/v2\/types\/post"}],"replies":[{"embeddable":true,"href":"https:\/\/www.letemsvetemapplem.eu\/bazar\/wp-json\/wp\/v2\/comments?post=239082"}],"version-history":[{"count":1,"href":"https:\/\/www.letemsvetemapplem.eu\/bazar\/wp-json\/wp\/v2\/posts\/239082\/revisions"}],"predecessor-version":[{"id":239090,"href":"https:\/\/www.letemsvetemapplem.eu\/bazar\/wp-json\/wp\/v2\/posts\/239082\/revisions\/239090"}],"wp:featuredmedia":[{"embeddable":true,"href":"https:\/\/www.letemsvetemapplem.eu\/bazar\/wp-json\/wp\/v2\/media\/239083"}],"wp:attachment":[{"href":"https:\/\/www.letemsvetemapplem.eu\/bazar\/wp-json\/wp\/v2\/media?parent=239082"}],"wp:term":[{"taxonomy":"category","embeddable":true,"href":"https:\/\/www.letemsvetemapplem.eu\/bazar\/wp-json\/wp\/v2\/categories?post=239082"},{"taxonomy":"post_tag","embeddable":true,"href":"https:\/\/www.letemsvetemapplem.eu\/bazar\/wp-json\/wp\/v2\/tags?post=239082"}],"curies":[{"name":"wp","href":"https:\/\/api.w.org\/{rel}","templated":true}]}}