{"id":237217,"date":"2021-09-21T19:51:45","date_gmt":"2021-09-21T18:51:45","guid":{"rendered":"https:\/\/www.letemsvetemapplem.eu\/bazar\/?p=237217"},"modified":"2021-09-21T19:51:45","modified_gmt":"2021-09-21T18:51:45","slug":"apple-ipod-nano-16gb-gold","status":"publish","type":"post","link":"https:\/\/www.letemsvetemapplem.eu\/bazar\/apple-ipod-nano-16gb-gold\/","title":{"rendered":"Apple iPod nano 16GB Gold"},"content":{"rendered":"<p>Prodam skoro novy iPod nano. Kupovany 2-3roky zpet. Parkrat pusteny. Nepouzivany. Bez vady ci poskozeni. Plne funkcni. Sluchatka i kabel v baleni funkcni. Sluchatka jako jedina vice opotrebovana jelikoz byly pouzivany k telefonu. iPod bez vady ci skrabance jelikoz celou dobu byl na nem kryt a ochranna folie. Kryt zdarma v baleni byl takovy mlecny kourovy ted je uz zazloutly jak je starsi. Pri rychlem jednani mozna sleva. Moznost osobniho predani Hradec Kralove Svobodne Dvory. Nebo poslani pres zasilkovnu 70kc nebo primo na adresu 120kc. Neposilam na dobirku.<\/p>\n","protected":false},"excerpt":{"rendered":"<p>Prodam skoro novy iPod nano. Kupovany 2-3roky zpet. Parkrat pusteny. Nepouzivany. Bez vady ci poskozeni. Plne funkcni. Sluchatka i kabel v baleni funkcni. Sluchatka jako jedina vice opotrebovana jelikoz byly pouzivany k telefonu. iPod bez vady ci skrabance jelikoz celou dobu byl na nem kryt a ochranna folie. Kryt zdarma v baleni byl takovy mlecny&#8230;<\/p>\n","protected":false},"author":0,"featured_media":237218,"comment_status":"closed","ping_status":"closed","sticky":false,"template":"","format":"standard","meta":{"footnotes":""},"categories":[26],"tags":[],"class_list":["post-237217","post","type-post","status-publish","format-standard","has-post-thumbnail","hentry","category-ipod-nano"],"yoast_head":"<!-- This site is optimized with the Yoast SEO plugin v27.5 - https:\/\/yoast.com\/product\/yoast-seo-wordpress\/ -->\n<title>Apple iPod nano 16GB Gold - Apple bazar<\/title>\n<meta name=\"robots\" content=\"index, follow, max-snippet:-1, max-image-preview:large, max-video-preview:-1\" \/>\n<link rel=\"canonical\" href=\"https:\/\/www.letemsvetemapplem.eu\/bazar\/apple-ipod-nano-16gb-gold\/\" \/>\n<meta property=\"og:locale\" content=\"cs_CZ\" \/>\n<meta property=\"og:type\" content=\"article\" \/>\n<meta property=\"og:title\" content=\"Apple iPod nano 16GB Gold - Apple bazar\" \/>\n<meta property=\"og:description\" content=\"Prodam skoro novy iPod nano. Kupovany 2-3roky zpet. Parkrat pusteny. Nepouzivany. Bez vady ci poskozeni. Plne funkcni. Sluchatka i kabel v baleni funkcni. Sluchatka jako jedina vice opotrebovana jelikoz byly pouzivany k telefonu. iPod bez vady ci skrabance jelikoz celou dobu byl na nem kryt a ochranna folie. Kryt zdarma v baleni byl takovy mlecny...\" \/>\n<meta property=\"og:url\" content=\"https:\/\/www.letemsvetemapplem.eu\/bazar\/apple-ipod-nano-16gb-gold\/\" \/>\n<meta property=\"og:site_name\" content=\"Apple bazar\" \/>\n<meta property=\"article:published_time\" content=\"2021-09-21T18:51:45+00:00\" \/>\n<meta property=\"og:image\" content=\"https:\/\/www.letemsvetemapplem.eu\/bazar\/wp-content\/uploads\/2021\/09\/9ABBF12C-0B82-4DCD-B266-83D0CA9C25E6-scaled.jpeg\" \/>\n\t<meta property=\"og:image:width\" content=\"2560\" \/>\n\t<meta property=\"og:image:height\" content=\"1601\" \/>\n\t<meta property=\"og:image:type\" content=\"image\/jpeg\" \/>\n<meta name=\"twitter:card\" content=\"summary_large_image\" \/>\n<script type=\"application\/ld+json\" class=\"yoast-schema-graph\">{\"@context\":\"https:\\\/\\\/schema.org\",\"@graph\":[{\"@type\":\"Article\",\"@id\":\"https:\\\/\\\/www.letemsvetemapplem.eu\\\/bazar\\\/apple-ipod-nano-16gb-gold\\\/#article\",\"isPartOf\":{\"@id\":\"https:\\\/\\\/www.letemsvetemapplem.eu\\\/bazar\\\/apple-ipod-nano-16gb-gold\\\/\"},\"author\":{\"name\":\"\",\"@id\":\"\"},\"headline\":\"Apple iPod nano 16GB Gold\",\"datePublished\":\"2021-09-21T18:51:45+00:00\",\"mainEntityOfPage\":{\"@id\":\"https:\\\/\\\/www.letemsvetemapplem.eu\\\/bazar\\\/apple-ipod-nano-16gb-gold\\\/\"},\"wordCount\":94,\"image\":{\"@id\":\"https:\\\/\\\/www.letemsvetemapplem.eu\\\/bazar\\\/apple-ipod-nano-16gb-gold\\\/#primaryimage\"},\"thumbnailUrl\":\"https:\\\/\\\/www.letemsvetemapplem.eu\\\/bazar\\\/wp-content\\\/uploads\\\/2021\\\/09\\\/9ABBF12C-0B82-4DCD-B266-83D0CA9C25E6-scaled.jpeg\",\"articleSection\":[\"iPod nano\"],\"inLanguage\":\"cs\"},{\"@type\":\"WebPage\",\"@id\":\"https:\\\/\\\/www.letemsvetemapplem.eu\\\/bazar\\\/apple-ipod-nano-16gb-gold\\\/\",\"url\":\"https:\\\/\\\/www.letemsvetemapplem.eu\\\/bazar\\\/apple-ipod-nano-16gb-gold\\\/\",\"name\":\"Apple iPod nano 16GB Gold - Apple bazar\",\"isPartOf\":{\"@id\":\"https:\\\/\\\/www.letemsvetemapplem.eu\\\/bazar\\\/#website\"},\"primaryImageOfPage\":{\"@id\":\"https:\\\/\\\/www.letemsvetemapplem.eu\\\/bazar\\\/apple-ipod-nano-16gb-gold\\\/#primaryimage\"},\"image\":{\"@id\":\"https:\\\/\\\/www.letemsvetemapplem.eu\\\/bazar\\\/apple-ipod-nano-16gb-gold\\\/#primaryimage\"},\"thumbnailUrl\":\"https:\\\/\\\/www.letemsvetemapplem.eu\\\/bazar\\\/wp-content\\\/uploads\\\/2021\\\/09\\\/9ABBF12C-0B82-4DCD-B266-83D0CA9C25E6-scaled.jpeg\",\"datePublished\":\"2021-09-21T18:51:45+00:00\",\"author\":{\"@id\":\"\"},\"breadcrumb\":{\"@id\":\"https:\\\/\\\/www.letemsvetemapplem.eu\\\/bazar\\\/apple-ipod-nano-16gb-gold\\\/#breadcrumb\"},\"inLanguage\":\"cs\",\"potentialAction\":[{\"@type\":\"ReadAction\",\"target\":[\"https:\\\/\\\/www.letemsvetemapplem.eu\\\/bazar\\\/apple-ipod-nano-16gb-gold\\\/\"]}]},{\"@type\":\"ImageObject\",\"inLanguage\":\"cs\",\"@id\":\"https:\\\/\\\/www.letemsvetemapplem.eu\\\/bazar\\\/apple-ipod-nano-16gb-gold\\\/#primaryimage\",\"url\":\"https:\\\/\\\/www.letemsvetemapplem.eu\\\/bazar\\\/wp-content\\\/uploads\\\/2021\\\/09\\\/9ABBF12C-0B82-4DCD-B266-83D0CA9C25E6-scaled.jpeg\",\"contentUrl\":\"https:\\\/\\\/www.letemsvetemapplem.eu\\\/bazar\\\/wp-content\\\/uploads\\\/2021\\\/09\\\/9ABBF12C-0B82-4DCD-B266-83D0CA9C25E6-scaled.jpeg\",\"width\":2560,\"height\":1601},{\"@type\":\"BreadcrumbList\",\"@id\":\"https:\\\/\\\/www.letemsvetemapplem.eu\\\/bazar\\\/apple-ipod-nano-16gb-gold\\\/#breadcrumb\",\"itemListElement\":[{\"@type\":\"ListItem\",\"position\":1,\"name\":\"Apple Bazar\",\"item\":\"https:\\\/\\\/www.letemsvetemapplem.eu\\\/bazar\\\/\"},{\"@type\":\"ListItem\",\"position\":2,\"name\":\"Apple iPod nano 16GB Gold\"}]},{\"@type\":\"WebSite\",\"@id\":\"https:\\\/\\\/www.letemsvetemapplem.eu\\\/bazar\\\/#website\",\"url\":\"https:\\\/\\\/www.letemsvetemapplem.eu\\\/bazar\\\/\",\"name\":\"Apple bazar\",\"description\":\"Oou\u017eit\u00e9 Apple produkty za skv\u011bl\u00e9 ceny\",\"potentialAction\":[{\"@type\":\"SearchAction\",\"target\":{\"@type\":\"EntryPoint\",\"urlTemplate\":\"https:\\\/\\\/www.letemsvetemapplem.eu\\\/bazar\\\/?s={search_term_string}\"},\"query-input\":{\"@type\":\"PropertyValueSpecification\",\"valueRequired\":true,\"valueName\":\"search_term_string\"}}],\"inLanguage\":\"cs\"}]}<\/script>\n<!-- \/ Yoast SEO plugin. -->","yoast_head_json":{"title":"Apple iPod nano 16GB Gold - Apple bazar","robots":{"index":"index","follow":"follow","max-snippet":"max-snippet:-1","max-image-preview":"max-image-preview:large","max-video-preview":"max-video-preview:-1"},"canonical":"https:\/\/www.letemsvetemapplem.eu\/bazar\/apple-ipod-nano-16gb-gold\/","og_locale":"cs_CZ","og_type":"article","og_title":"Apple iPod nano 16GB Gold - Apple bazar","og_description":"Prodam skoro novy iPod nano. Kupovany 2-3roky zpet. Parkrat pusteny. Nepouzivany. Bez vady ci poskozeni. Plne funkcni. Sluchatka i kabel v baleni funkcni. Sluchatka jako jedina vice opotrebovana jelikoz byly pouzivany k telefonu. iPod bez vady ci skrabance jelikoz celou dobu byl na nem kryt a ochranna folie. Kryt zdarma v baleni byl takovy mlecny...","og_url":"https:\/\/www.letemsvetemapplem.eu\/bazar\/apple-ipod-nano-16gb-gold\/","og_site_name":"Apple bazar","article_published_time":"2021-09-21T18:51:45+00:00","og_image":[{"width":2560,"height":1601,"url":"https:\/\/www.letemsvetemapplem.eu\/bazar\/wp-content\/uploads\/2021\/09\/9ABBF12C-0B82-4DCD-B266-83D0CA9C25E6-scaled.jpeg","type":"image\/jpeg"}],"twitter_card":"summary_large_image","schema":{"@context":"https:\/\/schema.org","@graph":[{"@type":"Article","@id":"https:\/\/www.letemsvetemapplem.eu\/bazar\/apple-ipod-nano-16gb-gold\/#article","isPartOf":{"@id":"https:\/\/www.letemsvetemapplem.eu\/bazar\/apple-ipod-nano-16gb-gold\/"},"author":{"name":"","@id":""},"headline":"Apple iPod nano 16GB Gold","datePublished":"2021-09-21T18:51:45+00:00","mainEntityOfPage":{"@id":"https:\/\/www.letemsvetemapplem.eu\/bazar\/apple-ipod-nano-16gb-gold\/"},"wordCount":94,"image":{"@id":"https:\/\/www.letemsvetemapplem.eu\/bazar\/apple-ipod-nano-16gb-gold\/#primaryimage"},"thumbnailUrl":"https:\/\/www.letemsvetemapplem.eu\/bazar\/wp-content\/uploads\/2021\/09\/9ABBF12C-0B82-4DCD-B266-83D0CA9C25E6-scaled.jpeg","articleSection":["iPod nano"],"inLanguage":"cs"},{"@type":"WebPage","@id":"https:\/\/www.letemsvetemapplem.eu\/bazar\/apple-ipod-nano-16gb-gold\/","url":"https:\/\/www.letemsvetemapplem.eu\/bazar\/apple-ipod-nano-16gb-gold\/","name":"Apple iPod nano 16GB Gold - Apple bazar","isPartOf":{"@id":"https:\/\/www.letemsvetemapplem.eu\/bazar\/#website"},"primaryImageOfPage":{"@id":"https:\/\/www.letemsvetemapplem.eu\/bazar\/apple-ipod-nano-16gb-gold\/#primaryimage"},"image":{"@id":"https:\/\/www.letemsvetemapplem.eu\/bazar\/apple-ipod-nano-16gb-gold\/#primaryimage"},"thumbnailUrl":"https:\/\/www.letemsvetemapplem.eu\/bazar\/wp-content\/uploads\/2021\/09\/9ABBF12C-0B82-4DCD-B266-83D0CA9C25E6-scaled.jpeg","datePublished":"2021-09-21T18:51:45+00:00","author":{"@id":""},"breadcrumb":{"@id":"https:\/\/www.letemsvetemapplem.eu\/bazar\/apple-ipod-nano-16gb-gold\/#breadcrumb"},"inLanguage":"cs","potentialAction":[{"@type":"ReadAction","target":["https:\/\/www.letemsvetemapplem.eu\/bazar\/apple-ipod-nano-16gb-gold\/"]}]},{"@type":"ImageObject","inLanguage":"cs","@id":"https:\/\/www.letemsvetemapplem.eu\/bazar\/apple-ipod-nano-16gb-gold\/#primaryimage","url":"https:\/\/www.letemsvetemapplem.eu\/bazar\/wp-content\/uploads\/2021\/09\/9ABBF12C-0B82-4DCD-B266-83D0CA9C25E6-scaled.jpeg","contentUrl":"https:\/\/www.letemsvetemapplem.eu\/bazar\/wp-content\/uploads\/2021\/09\/9ABBF12C-0B82-4DCD-B266-83D0CA9C25E6-scaled.jpeg","width":2560,"height":1601},{"@type":"BreadcrumbList","@id":"https:\/\/www.letemsvetemapplem.eu\/bazar\/apple-ipod-nano-16gb-gold\/#breadcrumb","itemListElement":[{"@type":"ListItem","position":1,"name":"Apple Bazar","item":"https:\/\/www.letemsvetemapplem.eu\/bazar\/"},{"@type":"ListItem","position":2,"name":"Apple iPod nano 16GB Gold"}]},{"@type":"WebSite","@id":"https:\/\/www.letemsvetemapplem.eu\/bazar\/#website","url":"https:\/\/www.letemsvetemapplem.eu\/bazar\/","name":"Apple bazar","description":"Oou\u017eit\u00e9 Apple produkty za skv\u011bl\u00e9 ceny","potentialAction":[{"@type":"SearchAction","target":{"@type":"EntryPoint","urlTemplate":"https:\/\/www.letemsvetemapplem.eu\/bazar\/?s={search_term_string}"},"query-input":{"@type":"PropertyValueSpecification","valueRequired":true,"valueName":"search_term_string"}}],"inLanguage":"cs"}]}},"_links":{"self":[{"href":"https:\/\/www.letemsvetemapplem.eu\/bazar\/wp-json\/wp\/v2\/posts\/237217","targetHints":{"allow":["GET"]}}],"collection":[{"href":"https:\/\/www.letemsvetemapplem.eu\/bazar\/wp-json\/wp\/v2\/posts"}],"about":[{"href":"https:\/\/www.letemsvetemapplem.eu\/bazar\/wp-json\/wp\/v2\/types\/post"}],"replies":[{"embeddable":true,"href":"https:\/\/www.letemsvetemapplem.eu\/bazar\/wp-json\/wp\/v2\/comments?post=237217"}],"version-history":[{"count":1,"href":"https:\/\/www.letemsvetemapplem.eu\/bazar\/wp-json\/wp\/v2\/posts\/237217\/revisions"}],"predecessor-version":[{"id":237221,"href":"https:\/\/www.letemsvetemapplem.eu\/bazar\/wp-json\/wp\/v2\/posts\/237217\/revisions\/237221"}],"wp:featuredmedia":[{"embeddable":true,"href":"https:\/\/www.letemsvetemapplem.eu\/bazar\/wp-json\/wp\/v2\/media\/237218"}],"wp:attachment":[{"href":"https:\/\/www.letemsvetemapplem.eu\/bazar\/wp-json\/wp\/v2\/media?parent=237217"}],"wp:term":[{"taxonomy":"category","embeddable":true,"href":"https:\/\/www.letemsvetemapplem.eu\/bazar\/wp-json\/wp\/v2\/categories?post=237217"},{"taxonomy":"post_tag","embeddable":true,"href":"https:\/\/www.letemsvetemapplem.eu\/bazar\/wp-json\/wp\/v2\/tags?post=237217"}],"curies":[{"name":"wp","href":"https:\/\/api.w.org\/{rel}","templated":true}]}}