{"id":235493,"date":"2021-08-29T09:25:10","date_gmt":"2021-08-29T08:25:10","guid":{"rendered":"https:\/\/www.letemsvetemapplem.eu\/bazar\/?p=235493"},"modified":"2021-08-29T09:25:10","modified_gmt":"2021-08-29T08:25:10","slug":"macmini-2014-i716ram-256ssd-redukce","status":"publish","type":"post","link":"https:\/\/www.letemsvetemapplem.eu\/bazar\/macmini-2014-i716ram-256ssd-redukce\/","title":{"rendered":"Macmini 2014 i7,16RAM 256SSD + redukce"},"content":{"rendered":"<p>macmini late 2014<br \/>\nIntel Core i7 3.0 GHz<br \/>\n16GB RAM<br \/>\n256GB SSD<\/p>\n<p>+ Thunderbold redukce na FW800, DVI, VGA<br \/>\n+ Dodatecny konektor pro pripojeni druheho SATA 2.5&quot; disku<br \/>\n+ redukce pro pripojeni disku M2 PCIe NVMe<\/p>\n<p>pln\u011b funk\u010dn\u00ed stav<\/p>\n","protected":false},"excerpt":{"rendered":"<p>macmini late 2014 Intel Core i7 3.0 GHz 16GB RAM 256GB SSD + Thunderbold redukce na FW800, DVI, VGA + Dodatecny konektor pro pripojeni druheho SATA 2.5&quot; disku + redukce pro pripojeni disku M2 PCIe NVMe pln\u011b funk\u010dn\u00ed stav<\/p>\n","protected":false},"author":0,"featured_media":235494,"comment_status":"closed","ping_status":"closed","sticky":false,"template":"","format":"standard","meta":{"footnotes":""},"categories":[44],"tags":[],"class_list":["post-235493","post","type-post","status-publish","format-standard","has-post-thumbnail","hentry","category-mac-mini"],"yoast_head":"<!-- This site is optimized with the Yoast SEO plugin v27.2 - https:\/\/yoast.com\/product\/yoast-seo-wordpress\/ -->\n<title>Macmini 2014 i7,16RAM 256SSD + redukce - Apple bazar<\/title>\n<meta name=\"robots\" content=\"index, follow, max-snippet:-1, max-image-preview:large, max-video-preview:-1\" \/>\n<link rel=\"canonical\" href=\"https:\/\/www.letemsvetemapplem.eu\/bazar\/macmini-2014-i716ram-256ssd-redukce\/\" \/>\n<meta property=\"og:locale\" content=\"cs_CZ\" \/>\n<meta property=\"og:type\" content=\"article\" \/>\n<meta property=\"og:title\" content=\"Macmini 2014 i7,16RAM 256SSD + redukce - Apple bazar\" \/>\n<meta property=\"og:description\" content=\"macmini late 2014 Intel Core i7 3.0 GHz 16GB RAM 256GB SSD + Thunderbold redukce na FW800, DVI, VGA + Dodatecny konektor pro pripojeni druheho SATA 2.5&quot; disku + redukce pro pripojeni disku M2 PCIe NVMe pln\u011b funk\u010dn\u00ed stav\" \/>\n<meta property=\"og:url\" content=\"https:\/\/www.letemsvetemapplem.eu\/bazar\/macmini-2014-i716ram-256ssd-redukce\/\" \/>\n<meta property=\"og:site_name\" content=\"Apple bazar\" \/>\n<meta property=\"article:published_time\" content=\"2021-08-29T08:25:10+00:00\" \/>\n<meta property=\"og:image\" content=\"https:\/\/www.letemsvetemapplem.eu\/bazar\/wp-content\/uploads\/2021\/08\/IMG_1263-scaled.jpg\" \/>\n\t<meta property=\"og:image:width\" content=\"2560\" \/>\n\t<meta property=\"og:image:height\" content=\"1441\" \/>\n\t<meta property=\"og:image:type\" content=\"image\/jpeg\" \/>\n<meta name=\"twitter:card\" content=\"summary_large_image\" \/>\n<script type=\"application\/ld+json\" class=\"yoast-schema-graph\">{\"@context\":\"https:\/\/schema.org\",\"@graph\":[{\"@type\":\"Article\",\"@id\":\"https:\/\/www.letemsvetemapplem.eu\/bazar\/macmini-2014-i716ram-256ssd-redukce\/#article\",\"isPartOf\":{\"@id\":\"https:\/\/www.letemsvetemapplem.eu\/bazar\/macmini-2014-i716ram-256ssd-redukce\/\"},\"author\":{\"name\":\"\",\"@id\":\"\"},\"headline\":\"Macmini 2014 i7,16RAM 256SSD + redukce\",\"datePublished\":\"2021-08-29T08:25:10+00:00\",\"mainEntityOfPage\":{\"@id\":\"https:\/\/www.letemsvetemapplem.eu\/bazar\/macmini-2014-i716ram-256ssd-redukce\/\"},\"wordCount\":40,\"image\":{\"@id\":\"https:\/\/www.letemsvetemapplem.eu\/bazar\/macmini-2014-i716ram-256ssd-redukce\/#primaryimage\"},\"thumbnailUrl\":\"https:\/\/www.letemsvetemapplem.eu\/bazar\/wp-content\/uploads\/2021\/08\/IMG_1263-scaled.jpg\",\"articleSection\":[\"Mac mini\"],\"inLanguage\":\"cs\"},{\"@type\":\"WebPage\",\"@id\":\"https:\/\/www.letemsvetemapplem.eu\/bazar\/macmini-2014-i716ram-256ssd-redukce\/\",\"url\":\"https:\/\/www.letemsvetemapplem.eu\/bazar\/macmini-2014-i716ram-256ssd-redukce\/\",\"name\":\"Macmini 2014 i7,16RAM 256SSD + redukce - Apple bazar\",\"isPartOf\":{\"@id\":\"https:\/\/www.letemsvetemapplem.eu\/bazar\/#website\"},\"primaryImageOfPage\":{\"@id\":\"https:\/\/www.letemsvetemapplem.eu\/bazar\/macmini-2014-i716ram-256ssd-redukce\/#primaryimage\"},\"image\":{\"@id\":\"https:\/\/www.letemsvetemapplem.eu\/bazar\/macmini-2014-i716ram-256ssd-redukce\/#primaryimage\"},\"thumbnailUrl\":\"https:\/\/www.letemsvetemapplem.eu\/bazar\/wp-content\/uploads\/2021\/08\/IMG_1263-scaled.jpg\",\"datePublished\":\"2021-08-29T08:25:10+00:00\",\"author\":{\"@id\":\"\"},\"breadcrumb\":{\"@id\":\"https:\/\/www.letemsvetemapplem.eu\/bazar\/macmini-2014-i716ram-256ssd-redukce\/#breadcrumb\"},\"inLanguage\":\"cs\",\"potentialAction\":[{\"@type\":\"ReadAction\",\"target\":[\"https:\/\/www.letemsvetemapplem.eu\/bazar\/macmini-2014-i716ram-256ssd-redukce\/\"]}]},{\"@type\":\"ImageObject\",\"inLanguage\":\"cs\",\"@id\":\"https:\/\/www.letemsvetemapplem.eu\/bazar\/macmini-2014-i716ram-256ssd-redukce\/#primaryimage\",\"url\":\"https:\/\/www.letemsvetemapplem.eu\/bazar\/wp-content\/uploads\/2021\/08\/IMG_1263-scaled.jpg\",\"contentUrl\":\"https:\/\/www.letemsvetemapplem.eu\/bazar\/wp-content\/uploads\/2021\/08\/IMG_1263-scaled.jpg\",\"width\":2560,\"height\":1441},{\"@type\":\"BreadcrumbList\",\"@id\":\"https:\/\/www.letemsvetemapplem.eu\/bazar\/macmini-2014-i716ram-256ssd-redukce\/#breadcrumb\",\"itemListElement\":[{\"@type\":\"ListItem\",\"position\":1,\"name\":\"Apple Bazar\",\"item\":\"https:\/\/www.letemsvetemapplem.eu\/bazar\/\"},{\"@type\":\"ListItem\",\"position\":2,\"name\":\"Macmini 2014 i7,16RAM 256SSD + redukce\"}]},{\"@type\":\"WebSite\",\"@id\":\"https:\/\/www.letemsvetemapplem.eu\/bazar\/#website\",\"url\":\"https:\/\/www.letemsvetemapplem.eu\/bazar\/\",\"name\":\"Apple bazar\",\"description\":\"Oou\u017eit\u00e9 Apple produkty za skv\u011bl\u00e9 ceny\",\"potentialAction\":[{\"@type\":\"SearchAction\",\"target\":{\"@type\":\"EntryPoint\",\"urlTemplate\":\"https:\/\/www.letemsvetemapplem.eu\/bazar\/?s={search_term_string}\"},\"query-input\":{\"@type\":\"PropertyValueSpecification\",\"valueRequired\":true,\"valueName\":\"search_term_string\"}}],\"inLanguage\":\"cs\"}]}<\/script>\n<!-- \/ Yoast SEO plugin. -->","yoast_head_json":{"title":"Macmini 2014 i7,16RAM 256SSD + redukce - Apple bazar","robots":{"index":"index","follow":"follow","max-snippet":"max-snippet:-1","max-image-preview":"max-image-preview:large","max-video-preview":"max-video-preview:-1"},"canonical":"https:\/\/www.letemsvetemapplem.eu\/bazar\/macmini-2014-i716ram-256ssd-redukce\/","og_locale":"cs_CZ","og_type":"article","og_title":"Macmini 2014 i7,16RAM 256SSD + redukce - Apple bazar","og_description":"macmini late 2014 Intel Core i7 3.0 GHz 16GB RAM 256GB SSD + Thunderbold redukce na FW800, DVI, VGA + Dodatecny konektor pro pripojeni druheho SATA 2.5&quot; disku + redukce pro pripojeni disku M2 PCIe NVMe pln\u011b funk\u010dn\u00ed stav","og_url":"https:\/\/www.letemsvetemapplem.eu\/bazar\/macmini-2014-i716ram-256ssd-redukce\/","og_site_name":"Apple bazar","article_published_time":"2021-08-29T08:25:10+00:00","og_image":[{"width":2560,"height":1441,"url":"https:\/\/www.letemsvetemapplem.eu\/bazar\/wp-content\/uploads\/2021\/08\/IMG_1263-scaled.jpg","type":"image\/jpeg"}],"twitter_card":"summary_large_image","schema":{"@context":"https:\/\/schema.org","@graph":[{"@type":"Article","@id":"https:\/\/www.letemsvetemapplem.eu\/bazar\/macmini-2014-i716ram-256ssd-redukce\/#article","isPartOf":{"@id":"https:\/\/www.letemsvetemapplem.eu\/bazar\/macmini-2014-i716ram-256ssd-redukce\/"},"author":{"name":"","@id":""},"headline":"Macmini 2014 i7,16RAM 256SSD + redukce","datePublished":"2021-08-29T08:25:10+00:00","mainEntityOfPage":{"@id":"https:\/\/www.letemsvetemapplem.eu\/bazar\/macmini-2014-i716ram-256ssd-redukce\/"},"wordCount":40,"image":{"@id":"https:\/\/www.letemsvetemapplem.eu\/bazar\/macmini-2014-i716ram-256ssd-redukce\/#primaryimage"},"thumbnailUrl":"https:\/\/www.letemsvetemapplem.eu\/bazar\/wp-content\/uploads\/2021\/08\/IMG_1263-scaled.jpg","articleSection":["Mac mini"],"inLanguage":"cs"},{"@type":"WebPage","@id":"https:\/\/www.letemsvetemapplem.eu\/bazar\/macmini-2014-i716ram-256ssd-redukce\/","url":"https:\/\/www.letemsvetemapplem.eu\/bazar\/macmini-2014-i716ram-256ssd-redukce\/","name":"Macmini 2014 i7,16RAM 256SSD + redukce - Apple bazar","isPartOf":{"@id":"https:\/\/www.letemsvetemapplem.eu\/bazar\/#website"},"primaryImageOfPage":{"@id":"https:\/\/www.letemsvetemapplem.eu\/bazar\/macmini-2014-i716ram-256ssd-redukce\/#primaryimage"},"image":{"@id":"https:\/\/www.letemsvetemapplem.eu\/bazar\/macmini-2014-i716ram-256ssd-redukce\/#primaryimage"},"thumbnailUrl":"https:\/\/www.letemsvetemapplem.eu\/bazar\/wp-content\/uploads\/2021\/08\/IMG_1263-scaled.jpg","datePublished":"2021-08-29T08:25:10+00:00","author":{"@id":""},"breadcrumb":{"@id":"https:\/\/www.letemsvetemapplem.eu\/bazar\/macmini-2014-i716ram-256ssd-redukce\/#breadcrumb"},"inLanguage":"cs","potentialAction":[{"@type":"ReadAction","target":["https:\/\/www.letemsvetemapplem.eu\/bazar\/macmini-2014-i716ram-256ssd-redukce\/"]}]},{"@type":"ImageObject","inLanguage":"cs","@id":"https:\/\/www.letemsvetemapplem.eu\/bazar\/macmini-2014-i716ram-256ssd-redukce\/#primaryimage","url":"https:\/\/www.letemsvetemapplem.eu\/bazar\/wp-content\/uploads\/2021\/08\/IMG_1263-scaled.jpg","contentUrl":"https:\/\/www.letemsvetemapplem.eu\/bazar\/wp-content\/uploads\/2021\/08\/IMG_1263-scaled.jpg","width":2560,"height":1441},{"@type":"BreadcrumbList","@id":"https:\/\/www.letemsvetemapplem.eu\/bazar\/macmini-2014-i716ram-256ssd-redukce\/#breadcrumb","itemListElement":[{"@type":"ListItem","position":1,"name":"Apple Bazar","item":"https:\/\/www.letemsvetemapplem.eu\/bazar\/"},{"@type":"ListItem","position":2,"name":"Macmini 2014 i7,16RAM 256SSD + redukce"}]},{"@type":"WebSite","@id":"https:\/\/www.letemsvetemapplem.eu\/bazar\/#website","url":"https:\/\/www.letemsvetemapplem.eu\/bazar\/","name":"Apple bazar","description":"Oou\u017eit\u00e9 Apple produkty za skv\u011bl\u00e9 ceny","potentialAction":[{"@type":"SearchAction","target":{"@type":"EntryPoint","urlTemplate":"https:\/\/www.letemsvetemapplem.eu\/bazar\/?s={search_term_string}"},"query-input":{"@type":"PropertyValueSpecification","valueRequired":true,"valueName":"search_term_string"}}],"inLanguage":"cs"}]}},"_links":{"self":[{"href":"https:\/\/www.letemsvetemapplem.eu\/bazar\/wp-json\/wp\/v2\/posts\/235493","targetHints":{"allow":["GET"]}}],"collection":[{"href":"https:\/\/www.letemsvetemapplem.eu\/bazar\/wp-json\/wp\/v2\/posts"}],"about":[{"href":"https:\/\/www.letemsvetemapplem.eu\/bazar\/wp-json\/wp\/v2\/types\/post"}],"replies":[{"embeddable":true,"href":"https:\/\/www.letemsvetemapplem.eu\/bazar\/wp-json\/wp\/v2\/comments?post=235493"}],"version-history":[{"count":1,"href":"https:\/\/www.letemsvetemapplem.eu\/bazar\/wp-json\/wp\/v2\/posts\/235493\/revisions"}],"predecessor-version":[{"id":235497,"href":"https:\/\/www.letemsvetemapplem.eu\/bazar\/wp-json\/wp\/v2\/posts\/235493\/revisions\/235497"}],"wp:featuredmedia":[{"embeddable":true,"href":"https:\/\/www.letemsvetemapplem.eu\/bazar\/wp-json\/wp\/v2\/media\/235494"}],"wp:attachment":[{"href":"https:\/\/www.letemsvetemapplem.eu\/bazar\/wp-json\/wp\/v2\/media?parent=235493"}],"wp:term":[{"taxonomy":"category","embeddable":true,"href":"https:\/\/www.letemsvetemapplem.eu\/bazar\/wp-json\/wp\/v2\/categories?post=235493"},{"taxonomy":"post_tag","embeddable":true,"href":"https:\/\/www.letemsvetemapplem.eu\/bazar\/wp-json\/wp\/v2\/tags?post=235493"}],"curies":[{"name":"wp","href":"https:\/\/api.w.org\/{rel}","templated":true}]}}