{"id":235062,"date":"2021-08-24T09:11:48","date_gmt":"2021-08-24T08:11:48","guid":{"rendered":"https:\/\/www.letemsvetemapplem.eu\/bazar\/?p=235062"},"modified":"2021-08-24T09:11:48","modified_gmt":"2021-08-24T08:11:48","slug":"apple-imac-272020","status":"publish","type":"post","link":"https:\/\/www.letemsvetemapplem.eu\/bazar\/apple-imac-272020\/","title":{"rendered":"APPLE iMAC 27&#8220;2020"},"content":{"rendered":"<p>iMac (retina 5K,27-inch,2020)<br \/>\nProcesor 3,8 GHz 8j\u00e1drov\u00fd Intel CORE i7      TURBO BOOST 5GHz<br \/>\nPam\u011bt 128 GB 2667 MHz DDR4<br \/>\nGrafika AMD Radeon pro 550 XT 8 GB<\/p>\n<p>Super stroj v konfigur\u00e1toru na APPL.COM vych\u00e1z\u00ed tato sada za 147.990,-<\/p>\n<p>P\u0159ech\u00e1z\u00edm na Macbook z d\u016fvodu cestov\u00e1n\u00ed.<\/p>\n<p>Pro podnikatele mo\u017enost odpo\u010dtu DPH<\/p>\n","protected":false},"excerpt":{"rendered":"<p>iMac (retina 5K,27-inch,2020) Procesor 3,8 GHz 8j\u00e1drov\u00fd Intel CORE i7 TURBO BOOST 5GHz Pam\u011bt 128 GB 2667 MHz DDR4 Grafika AMD Radeon pro 550 XT 8 GB Super stroj v konfigur\u00e1toru na APPL.COM vych\u00e1z\u00ed tato sada za 147.990,- P\u0159ech\u00e1z\u00edm na Macbook z d\u016fvodu cestov\u00e1n\u00ed. Pro podnikatele mo\u017enost odpo\u010dtu DPH<\/p>\n","protected":false},"author":0,"featured_media":235063,"comment_status":"closed","ping_status":"closed","sticky":false,"template":"","format":"standard","meta":{"footnotes":""},"categories":[41],"tags":[],"class_list":["post-235062","post","type-post","status-publish","format-standard","has-post-thumbnail","hentry","category-imac"],"yoast_head":"<!-- This site is optimized with the Yoast SEO plugin v27.2 - https:\/\/yoast.com\/product\/yoast-seo-wordpress\/ -->\n<title>APPLE iMAC 27&#039;&#039;2020 - Apple bazar<\/title>\n<meta name=\"robots\" content=\"index, follow, max-snippet:-1, max-image-preview:large, max-video-preview:-1\" \/>\n<link rel=\"canonical\" href=\"https:\/\/www.letemsvetemapplem.eu\/bazar\/apple-imac-272020\/\" \/>\n<meta property=\"og:locale\" content=\"cs_CZ\" \/>\n<meta property=\"og:type\" content=\"article\" \/>\n<meta property=\"og:title\" content=\"APPLE iMAC 27&#039;&#039;2020 - Apple bazar\" \/>\n<meta property=\"og:description\" content=\"iMac (retina 5K,27-inch,2020) Procesor 3,8 GHz 8j\u00e1drov\u00fd Intel CORE i7 TURBO BOOST 5GHz Pam\u011bt 128 GB 2667 MHz DDR4 Grafika AMD Radeon pro 550 XT 8 GB Super stroj v konfigur\u00e1toru na APPL.COM vych\u00e1z\u00ed tato sada za 147.990,- P\u0159ech\u00e1z\u00edm na Macbook z d\u016fvodu cestov\u00e1n\u00ed. Pro podnikatele mo\u017enost odpo\u010dtu DPH\" \/>\n<meta property=\"og:url\" content=\"https:\/\/www.letemsvetemapplem.eu\/bazar\/apple-imac-272020\/\" \/>\n<meta property=\"og:site_name\" content=\"Apple bazar\" \/>\n<meta property=\"article:published_time\" content=\"2021-08-24T08:11:48+00:00\" \/>\n<meta property=\"og:image\" content=\"https:\/\/www.letemsvetemapplem.eu\/bazar\/wp-content\/uploads\/2021\/08\/apple-imac-27-retina-5k-display-image1-big_ies7041068.jpg\" \/>\n\t<meta property=\"og:image:width\" content=\"1084\" \/>\n\t<meta property=\"og:image:height\" content=\"1710\" \/>\n\t<meta property=\"og:image:type\" content=\"image\/jpeg\" \/>\n<meta name=\"twitter:card\" content=\"summary_large_image\" \/>\n<script type=\"application\/ld+json\" class=\"yoast-schema-graph\">{\"@context\":\"https:\/\/schema.org\",\"@graph\":[{\"@type\":\"Article\",\"@id\":\"https:\/\/www.letemsvetemapplem.eu\/bazar\/apple-imac-272020\/#article\",\"isPartOf\":{\"@id\":\"https:\/\/www.letemsvetemapplem.eu\/bazar\/apple-imac-272020\/\"},\"author\":{\"name\":\"\",\"@id\":\"\"},\"headline\":\"APPLE iMAC 27&#8220;2020\",\"datePublished\":\"2021-08-24T08:11:48+00:00\",\"mainEntityOfPage\":{\"@id\":\"https:\/\/www.letemsvetemapplem.eu\/bazar\/apple-imac-272020\/\"},\"wordCount\":59,\"image\":{\"@id\":\"https:\/\/www.letemsvetemapplem.eu\/bazar\/apple-imac-272020\/#primaryimage\"},\"thumbnailUrl\":\"https:\/\/www.letemsvetemapplem.eu\/bazar\/wp-content\/uploads\/2021\/08\/apple-imac-27-retina-5k-display-image1-big_ies7041068.jpg\",\"articleSection\":[\"iMac\"],\"inLanguage\":\"cs\"},{\"@type\":\"WebPage\",\"@id\":\"https:\/\/www.letemsvetemapplem.eu\/bazar\/apple-imac-272020\/\",\"url\":\"https:\/\/www.letemsvetemapplem.eu\/bazar\/apple-imac-272020\/\",\"name\":\"APPLE iMAC 27''2020 - Apple bazar\",\"isPartOf\":{\"@id\":\"https:\/\/www.letemsvetemapplem.eu\/bazar\/#website\"},\"primaryImageOfPage\":{\"@id\":\"https:\/\/www.letemsvetemapplem.eu\/bazar\/apple-imac-272020\/#primaryimage\"},\"image\":{\"@id\":\"https:\/\/www.letemsvetemapplem.eu\/bazar\/apple-imac-272020\/#primaryimage\"},\"thumbnailUrl\":\"https:\/\/www.letemsvetemapplem.eu\/bazar\/wp-content\/uploads\/2021\/08\/apple-imac-27-retina-5k-display-image1-big_ies7041068.jpg\",\"datePublished\":\"2021-08-24T08:11:48+00:00\",\"author\":{\"@id\":\"\"},\"breadcrumb\":{\"@id\":\"https:\/\/www.letemsvetemapplem.eu\/bazar\/apple-imac-272020\/#breadcrumb\"},\"inLanguage\":\"cs\",\"potentialAction\":[{\"@type\":\"ReadAction\",\"target\":[\"https:\/\/www.letemsvetemapplem.eu\/bazar\/apple-imac-272020\/\"]}]},{\"@type\":\"ImageObject\",\"inLanguage\":\"cs\",\"@id\":\"https:\/\/www.letemsvetemapplem.eu\/bazar\/apple-imac-272020\/#primaryimage\",\"url\":\"https:\/\/www.letemsvetemapplem.eu\/bazar\/wp-content\/uploads\/2021\/08\/apple-imac-27-retina-5k-display-image1-big_ies7041068.jpg\",\"contentUrl\":\"https:\/\/www.letemsvetemapplem.eu\/bazar\/wp-content\/uploads\/2021\/08\/apple-imac-27-retina-5k-display-image1-big_ies7041068.jpg\",\"width\":1084,\"height\":1710},{\"@type\":\"BreadcrumbList\",\"@id\":\"https:\/\/www.letemsvetemapplem.eu\/bazar\/apple-imac-272020\/#breadcrumb\",\"itemListElement\":[{\"@type\":\"ListItem\",\"position\":1,\"name\":\"Apple Bazar\",\"item\":\"https:\/\/www.letemsvetemapplem.eu\/bazar\/\"},{\"@type\":\"ListItem\",\"position\":2,\"name\":\"APPLE iMAC 27&#8220;2020\"}]},{\"@type\":\"WebSite\",\"@id\":\"https:\/\/www.letemsvetemapplem.eu\/bazar\/#website\",\"url\":\"https:\/\/www.letemsvetemapplem.eu\/bazar\/\",\"name\":\"Apple bazar\",\"description\":\"Oou\u017eit\u00e9 Apple produkty za skv\u011bl\u00e9 ceny\",\"potentialAction\":[{\"@type\":\"SearchAction\",\"target\":{\"@type\":\"EntryPoint\",\"urlTemplate\":\"https:\/\/www.letemsvetemapplem.eu\/bazar\/?s={search_term_string}\"},\"query-input\":{\"@type\":\"PropertyValueSpecification\",\"valueRequired\":true,\"valueName\":\"search_term_string\"}}],\"inLanguage\":\"cs\"}]}<\/script>\n<!-- \/ Yoast SEO plugin. -->","yoast_head_json":{"title":"APPLE iMAC 27''2020 - Apple bazar","robots":{"index":"index","follow":"follow","max-snippet":"max-snippet:-1","max-image-preview":"max-image-preview:large","max-video-preview":"max-video-preview:-1"},"canonical":"https:\/\/www.letemsvetemapplem.eu\/bazar\/apple-imac-272020\/","og_locale":"cs_CZ","og_type":"article","og_title":"APPLE iMAC 27''2020 - Apple bazar","og_description":"iMac (retina 5K,27-inch,2020) Procesor 3,8 GHz 8j\u00e1drov\u00fd Intel CORE i7 TURBO BOOST 5GHz Pam\u011bt 128 GB 2667 MHz DDR4 Grafika AMD Radeon pro 550 XT 8 GB Super stroj v konfigur\u00e1toru na APPL.COM vych\u00e1z\u00ed tato sada za 147.990,- P\u0159ech\u00e1z\u00edm na Macbook z d\u016fvodu cestov\u00e1n\u00ed. Pro podnikatele mo\u017enost odpo\u010dtu DPH","og_url":"https:\/\/www.letemsvetemapplem.eu\/bazar\/apple-imac-272020\/","og_site_name":"Apple bazar","article_published_time":"2021-08-24T08:11:48+00:00","og_image":[{"width":1084,"height":1710,"url":"https:\/\/www.letemsvetemapplem.eu\/bazar\/wp-content\/uploads\/2021\/08\/apple-imac-27-retina-5k-display-image1-big_ies7041068.jpg","type":"image\/jpeg"}],"twitter_card":"summary_large_image","schema":{"@context":"https:\/\/schema.org","@graph":[{"@type":"Article","@id":"https:\/\/www.letemsvetemapplem.eu\/bazar\/apple-imac-272020\/#article","isPartOf":{"@id":"https:\/\/www.letemsvetemapplem.eu\/bazar\/apple-imac-272020\/"},"author":{"name":"","@id":""},"headline":"APPLE iMAC 27&#8220;2020","datePublished":"2021-08-24T08:11:48+00:00","mainEntityOfPage":{"@id":"https:\/\/www.letemsvetemapplem.eu\/bazar\/apple-imac-272020\/"},"wordCount":59,"image":{"@id":"https:\/\/www.letemsvetemapplem.eu\/bazar\/apple-imac-272020\/#primaryimage"},"thumbnailUrl":"https:\/\/www.letemsvetemapplem.eu\/bazar\/wp-content\/uploads\/2021\/08\/apple-imac-27-retina-5k-display-image1-big_ies7041068.jpg","articleSection":["iMac"],"inLanguage":"cs"},{"@type":"WebPage","@id":"https:\/\/www.letemsvetemapplem.eu\/bazar\/apple-imac-272020\/","url":"https:\/\/www.letemsvetemapplem.eu\/bazar\/apple-imac-272020\/","name":"APPLE iMAC 27''2020 - Apple bazar","isPartOf":{"@id":"https:\/\/www.letemsvetemapplem.eu\/bazar\/#website"},"primaryImageOfPage":{"@id":"https:\/\/www.letemsvetemapplem.eu\/bazar\/apple-imac-272020\/#primaryimage"},"image":{"@id":"https:\/\/www.letemsvetemapplem.eu\/bazar\/apple-imac-272020\/#primaryimage"},"thumbnailUrl":"https:\/\/www.letemsvetemapplem.eu\/bazar\/wp-content\/uploads\/2021\/08\/apple-imac-27-retina-5k-display-image1-big_ies7041068.jpg","datePublished":"2021-08-24T08:11:48+00:00","author":{"@id":""},"breadcrumb":{"@id":"https:\/\/www.letemsvetemapplem.eu\/bazar\/apple-imac-272020\/#breadcrumb"},"inLanguage":"cs","potentialAction":[{"@type":"ReadAction","target":["https:\/\/www.letemsvetemapplem.eu\/bazar\/apple-imac-272020\/"]}]},{"@type":"ImageObject","inLanguage":"cs","@id":"https:\/\/www.letemsvetemapplem.eu\/bazar\/apple-imac-272020\/#primaryimage","url":"https:\/\/www.letemsvetemapplem.eu\/bazar\/wp-content\/uploads\/2021\/08\/apple-imac-27-retina-5k-display-image1-big_ies7041068.jpg","contentUrl":"https:\/\/www.letemsvetemapplem.eu\/bazar\/wp-content\/uploads\/2021\/08\/apple-imac-27-retina-5k-display-image1-big_ies7041068.jpg","width":1084,"height":1710},{"@type":"BreadcrumbList","@id":"https:\/\/www.letemsvetemapplem.eu\/bazar\/apple-imac-272020\/#breadcrumb","itemListElement":[{"@type":"ListItem","position":1,"name":"Apple Bazar","item":"https:\/\/www.letemsvetemapplem.eu\/bazar\/"},{"@type":"ListItem","position":2,"name":"APPLE iMAC 27&#8220;2020"}]},{"@type":"WebSite","@id":"https:\/\/www.letemsvetemapplem.eu\/bazar\/#website","url":"https:\/\/www.letemsvetemapplem.eu\/bazar\/","name":"Apple bazar","description":"Oou\u017eit\u00e9 Apple produkty za skv\u011bl\u00e9 ceny","potentialAction":[{"@type":"SearchAction","target":{"@type":"EntryPoint","urlTemplate":"https:\/\/www.letemsvetemapplem.eu\/bazar\/?s={search_term_string}"},"query-input":{"@type":"PropertyValueSpecification","valueRequired":true,"valueName":"search_term_string"}}],"inLanguage":"cs"}]}},"_links":{"self":[{"href":"https:\/\/www.letemsvetemapplem.eu\/bazar\/wp-json\/wp\/v2\/posts\/235062","targetHints":{"allow":["GET"]}}],"collection":[{"href":"https:\/\/www.letemsvetemapplem.eu\/bazar\/wp-json\/wp\/v2\/posts"}],"about":[{"href":"https:\/\/www.letemsvetemapplem.eu\/bazar\/wp-json\/wp\/v2\/types\/post"}],"replies":[{"embeddable":true,"href":"https:\/\/www.letemsvetemapplem.eu\/bazar\/wp-json\/wp\/v2\/comments?post=235062"}],"version-history":[{"count":1,"href":"https:\/\/www.letemsvetemapplem.eu\/bazar\/wp-json\/wp\/v2\/posts\/235062\/revisions"}],"predecessor-version":[{"id":235066,"href":"https:\/\/www.letemsvetemapplem.eu\/bazar\/wp-json\/wp\/v2\/posts\/235062\/revisions\/235066"}],"wp:featuredmedia":[{"embeddable":true,"href":"https:\/\/www.letemsvetemapplem.eu\/bazar\/wp-json\/wp\/v2\/media\/235063"}],"wp:attachment":[{"href":"https:\/\/www.letemsvetemapplem.eu\/bazar\/wp-json\/wp\/v2\/media?parent=235062"}],"wp:term":[{"taxonomy":"category","embeddable":true,"href":"https:\/\/www.letemsvetemapplem.eu\/bazar\/wp-json\/wp\/v2\/categories?post=235062"},{"taxonomy":"post_tag","embeddable":true,"href":"https:\/\/www.letemsvetemapplem.eu\/bazar\/wp-json\/wp\/v2\/tags?post=235062"}],"curies":[{"name":"wp","href":"https:\/\/api.w.org\/{rel}","templated":true}]}}