{"id":234408,"date":"2021-08-10T18:39:36","date_gmt":"2021-08-10T17:39:36","guid":{"rendered":"https:\/\/www.letemsvetemapplem.eu\/bazar\/?p=234408"},"modified":"2021-08-10T18:39:36","modified_gmt":"2021-08-10T17:39:36","slug":"imac-27-mid-2010-led-monitor-27","status":"publish","type":"post","link":"https:\/\/www.letemsvetemapplem.eu\/bazar\/imac-27-mid-2010-led-monitor-27\/","title":{"rendered":"iMac 27 mid 2010 + Led Monitor 27&quot;"},"content":{"rendered":"<p>Nab\u00edz\u00edm k prodeji iMac 27&quot; mid 2010.<br \/>\nJe velice svi\u017en\u00fd a spolehliv\u00fd!!! RAM 16GB, Pam\u011b\u0165 3TB HDD &#8211; v\u00edce technick\u00fdch dat najdete na fotce.<br \/>\niMac je ve vynikaj\u00edc\u00edm stavu, ne\u0161pokr\u00e1ban\u00fd nebo jinak poni\u010den\u00fd!<br \/>\nVyu\u017e\u00edval jsem ho na hudbu (Garage Band, Ableton, &#8230;, foto, video (iMovie). Samoz\u0159ejm\u011b i na kancel\u00e1\u0159skou pr\u00e1ci v\u010d.pr\u00e1ce s AutoCad v\u00fdkresy.<br \/>\nKrabici u\u017e nem\u00e1m.<br \/>\nK n\u011bmu nab\u00edz\u00edm i stejn\u011b velik\u00fd LED monitor BENQ GW 2760.<br \/>\nDisplay extern\u00edho monitoru m\u00e1 v lev\u00e9m doln\u00edm rohu vadn\u00e9 pixely (zp\u016fsobil jsem p\u0159i transportu). Na tmav\u00e9m pozad\u00ed nen\u00ed vid\u011bt. Viz foto.<br \/>\nP\u0159id\u00e1m i nezbytn\u00e9 kabely na vz\u00e1jemn\u00e9 propojen\u00ed.<br \/>\nV\u0161e za 10.000,-. (iMac 9.000,-+Monitor 1.000,-)<\/p>\n<p>Preferuji osobn\u00ed p\u0159evzet\u00ed nebo mohu odv\u00e9zt do Phy.<\/p>\n","protected":false},"excerpt":{"rendered":"<p>Nab\u00edz\u00edm k prodeji iMac 27&quot; mid 2010. Je velice svi\u017en\u00fd a spolehliv\u00fd!!! RAM 16GB, Pam\u011b\u0165 3TB HDD &#8211; v\u00edce technick\u00fdch dat najdete na fotce. iMac je ve vynikaj\u00edc\u00edm stavu, ne\u0161pokr\u00e1ban\u00fd nebo jinak poni\u010den\u00fd! Vyu\u017e\u00edval jsem ho na hudbu (Garage Band, Ableton, &#8230;, foto, video (iMovie). Samoz\u0159ejm\u011b i na kancel\u00e1\u0159skou pr\u00e1ci v\u010d.pr\u00e1ce s AutoCad v\u00fdkresy. Krabici&#8230;<\/p>\n","protected":false},"author":0,"featured_media":234409,"comment_status":"closed","ping_status":"closed","sticky":false,"template":"","format":"standard","meta":{"footnotes":""},"categories":[41],"tags":[],"class_list":["post-234408","post","type-post","status-publish","format-standard","has-post-thumbnail","hentry","category-imac"],"yoast_head":"<!-- This site is optimized with the Yoast SEO plugin v27.2 - https:\/\/yoast.com\/product\/yoast-seo-wordpress\/ -->\n<title>iMac 27 mid 2010 + Led Monitor 27&quot; - Apple bazar<\/title>\n<meta name=\"robots\" content=\"index, follow, max-snippet:-1, max-image-preview:large, max-video-preview:-1\" \/>\n<link rel=\"canonical\" href=\"https:\/\/www.letemsvetemapplem.eu\/bazar\/imac-27-mid-2010-led-monitor-27\/\" \/>\n<meta property=\"og:locale\" content=\"cs_CZ\" \/>\n<meta property=\"og:type\" content=\"article\" \/>\n<meta property=\"og:title\" content=\"iMac 27 mid 2010 + Led Monitor 27&quot; - Apple bazar\" \/>\n<meta property=\"og:description\" content=\"Nab\u00edz\u00edm k prodeji iMac 27&quot; mid 2010. Je velice svi\u017en\u00fd a spolehliv\u00fd!!! RAM 16GB, Pam\u011b\u0165 3TB HDD &#8211; v\u00edce technick\u00fdch dat najdete na fotce. iMac je ve vynikaj\u00edc\u00edm stavu, ne\u0161pokr\u00e1ban\u00fd nebo jinak poni\u010den\u00fd! Vyu\u017e\u00edval jsem ho na hudbu (Garage Band, Ableton, &#8230;, foto, video (iMovie). Samoz\u0159ejm\u011b i na kancel\u00e1\u0159skou pr\u00e1ci v\u010d.pr\u00e1ce s AutoCad v\u00fdkresy. Krabici...\" \/>\n<meta property=\"og:url\" content=\"https:\/\/www.letemsvetemapplem.eu\/bazar\/imac-27-mid-2010-led-monitor-27\/\" \/>\n<meta property=\"og:site_name\" content=\"Apple bazar\" \/>\n<meta property=\"article:published_time\" content=\"2021-08-10T17:39:36+00:00\" \/>\n<meta property=\"og:image\" content=\"https:\/\/www.letemsvetemapplem.eu\/bazar\/wp-content\/uploads\/2021\/08\/tempImageI1RglQ-scaled.jpg\" \/>\n\t<meta property=\"og:image:width\" content=\"2560\" \/>\n\t<meta property=\"og:image:height\" content=\"1440\" \/>\n\t<meta property=\"og:image:type\" content=\"image\/jpeg\" \/>\n<meta name=\"twitter:card\" content=\"summary_large_image\" \/>\n<script type=\"application\/ld+json\" class=\"yoast-schema-graph\">{\"@context\":\"https:\/\/schema.org\",\"@graph\":[{\"@type\":\"Article\",\"@id\":\"https:\/\/www.letemsvetemapplem.eu\/bazar\/imac-27-mid-2010-led-monitor-27\/#article\",\"isPartOf\":{\"@id\":\"https:\/\/www.letemsvetemapplem.eu\/bazar\/imac-27-mid-2010-led-monitor-27\/\"},\"author\":{\"name\":\"\",\"@id\":\"\"},\"headline\":\"iMac 27 mid 2010 + Led Monitor 27&quot;\",\"datePublished\":\"2021-08-10T17:39:36+00:00\",\"mainEntityOfPage\":{\"@id\":\"https:\/\/www.letemsvetemapplem.eu\/bazar\/imac-27-mid-2010-led-monitor-27\/\"},\"wordCount\":147,\"image\":{\"@id\":\"https:\/\/www.letemsvetemapplem.eu\/bazar\/imac-27-mid-2010-led-monitor-27\/#primaryimage\"},\"thumbnailUrl\":\"https:\/\/www.letemsvetemapplem.eu\/bazar\/wp-content\/uploads\/2021\/08\/tempImageI1RglQ-scaled.jpg\",\"articleSection\":[\"iMac\"],\"inLanguage\":\"cs\"},{\"@type\":\"WebPage\",\"@id\":\"https:\/\/www.letemsvetemapplem.eu\/bazar\/imac-27-mid-2010-led-monitor-27\/\",\"url\":\"https:\/\/www.letemsvetemapplem.eu\/bazar\/imac-27-mid-2010-led-monitor-27\/\",\"name\":\"iMac 27 mid 2010 + Led Monitor 27&quot; - Apple bazar\",\"isPartOf\":{\"@id\":\"https:\/\/www.letemsvetemapplem.eu\/bazar\/#website\"},\"primaryImageOfPage\":{\"@id\":\"https:\/\/www.letemsvetemapplem.eu\/bazar\/imac-27-mid-2010-led-monitor-27\/#primaryimage\"},\"image\":{\"@id\":\"https:\/\/www.letemsvetemapplem.eu\/bazar\/imac-27-mid-2010-led-monitor-27\/#primaryimage\"},\"thumbnailUrl\":\"https:\/\/www.letemsvetemapplem.eu\/bazar\/wp-content\/uploads\/2021\/08\/tempImageI1RglQ-scaled.jpg\",\"datePublished\":\"2021-08-10T17:39:36+00:00\",\"author\":{\"@id\":\"\"},\"breadcrumb\":{\"@id\":\"https:\/\/www.letemsvetemapplem.eu\/bazar\/imac-27-mid-2010-led-monitor-27\/#breadcrumb\"},\"inLanguage\":\"cs\",\"potentialAction\":[{\"@type\":\"ReadAction\",\"target\":[\"https:\/\/www.letemsvetemapplem.eu\/bazar\/imac-27-mid-2010-led-monitor-27\/\"]}]},{\"@type\":\"ImageObject\",\"inLanguage\":\"cs\",\"@id\":\"https:\/\/www.letemsvetemapplem.eu\/bazar\/imac-27-mid-2010-led-monitor-27\/#primaryimage\",\"url\":\"https:\/\/www.letemsvetemapplem.eu\/bazar\/wp-content\/uploads\/2021\/08\/tempImageI1RglQ-scaled.jpg\",\"contentUrl\":\"https:\/\/www.letemsvetemapplem.eu\/bazar\/wp-content\/uploads\/2021\/08\/tempImageI1RglQ-scaled.jpg\",\"width\":2560,\"height\":1440},{\"@type\":\"BreadcrumbList\",\"@id\":\"https:\/\/www.letemsvetemapplem.eu\/bazar\/imac-27-mid-2010-led-monitor-27\/#breadcrumb\",\"itemListElement\":[{\"@type\":\"ListItem\",\"position\":1,\"name\":\"Apple Bazar\",\"item\":\"https:\/\/www.letemsvetemapplem.eu\/bazar\/\"},{\"@type\":\"ListItem\",\"position\":2,\"name\":\"iMac 27 mid 2010 + Led Monitor 27&quot;\"}]},{\"@type\":\"WebSite\",\"@id\":\"https:\/\/www.letemsvetemapplem.eu\/bazar\/#website\",\"url\":\"https:\/\/www.letemsvetemapplem.eu\/bazar\/\",\"name\":\"Apple bazar\",\"description\":\"Oou\u017eit\u00e9 Apple produkty za skv\u011bl\u00e9 ceny\",\"potentialAction\":[{\"@type\":\"SearchAction\",\"target\":{\"@type\":\"EntryPoint\",\"urlTemplate\":\"https:\/\/www.letemsvetemapplem.eu\/bazar\/?s={search_term_string}\"},\"query-input\":{\"@type\":\"PropertyValueSpecification\",\"valueRequired\":true,\"valueName\":\"search_term_string\"}}],\"inLanguage\":\"cs\"}]}<\/script>\n<!-- \/ Yoast SEO plugin. -->","yoast_head_json":{"title":"iMac 27 mid 2010 + Led Monitor 27&quot; - Apple bazar","robots":{"index":"index","follow":"follow","max-snippet":"max-snippet:-1","max-image-preview":"max-image-preview:large","max-video-preview":"max-video-preview:-1"},"canonical":"https:\/\/www.letemsvetemapplem.eu\/bazar\/imac-27-mid-2010-led-monitor-27\/","og_locale":"cs_CZ","og_type":"article","og_title":"iMac 27 mid 2010 + Led Monitor 27&quot; - Apple bazar","og_description":"Nab\u00edz\u00edm k prodeji iMac 27&quot; mid 2010. Je velice svi\u017en\u00fd a spolehliv\u00fd!!! RAM 16GB, Pam\u011b\u0165 3TB HDD &#8211; v\u00edce technick\u00fdch dat najdete na fotce. iMac je ve vynikaj\u00edc\u00edm stavu, ne\u0161pokr\u00e1ban\u00fd nebo jinak poni\u010den\u00fd! Vyu\u017e\u00edval jsem ho na hudbu (Garage Band, Ableton, &#8230;, foto, video (iMovie). Samoz\u0159ejm\u011b i na kancel\u00e1\u0159skou pr\u00e1ci v\u010d.pr\u00e1ce s AutoCad v\u00fdkresy. Krabici...","og_url":"https:\/\/www.letemsvetemapplem.eu\/bazar\/imac-27-mid-2010-led-monitor-27\/","og_site_name":"Apple bazar","article_published_time":"2021-08-10T17:39:36+00:00","og_image":[{"width":2560,"height":1440,"url":"https:\/\/www.letemsvetemapplem.eu\/bazar\/wp-content\/uploads\/2021\/08\/tempImageI1RglQ-scaled.jpg","type":"image\/jpeg"}],"twitter_card":"summary_large_image","schema":{"@context":"https:\/\/schema.org","@graph":[{"@type":"Article","@id":"https:\/\/www.letemsvetemapplem.eu\/bazar\/imac-27-mid-2010-led-monitor-27\/#article","isPartOf":{"@id":"https:\/\/www.letemsvetemapplem.eu\/bazar\/imac-27-mid-2010-led-monitor-27\/"},"author":{"name":"","@id":""},"headline":"iMac 27 mid 2010 + Led Monitor 27&quot;","datePublished":"2021-08-10T17:39:36+00:00","mainEntityOfPage":{"@id":"https:\/\/www.letemsvetemapplem.eu\/bazar\/imac-27-mid-2010-led-monitor-27\/"},"wordCount":147,"image":{"@id":"https:\/\/www.letemsvetemapplem.eu\/bazar\/imac-27-mid-2010-led-monitor-27\/#primaryimage"},"thumbnailUrl":"https:\/\/www.letemsvetemapplem.eu\/bazar\/wp-content\/uploads\/2021\/08\/tempImageI1RglQ-scaled.jpg","articleSection":["iMac"],"inLanguage":"cs"},{"@type":"WebPage","@id":"https:\/\/www.letemsvetemapplem.eu\/bazar\/imac-27-mid-2010-led-monitor-27\/","url":"https:\/\/www.letemsvetemapplem.eu\/bazar\/imac-27-mid-2010-led-monitor-27\/","name":"iMac 27 mid 2010 + Led Monitor 27&quot; - Apple bazar","isPartOf":{"@id":"https:\/\/www.letemsvetemapplem.eu\/bazar\/#website"},"primaryImageOfPage":{"@id":"https:\/\/www.letemsvetemapplem.eu\/bazar\/imac-27-mid-2010-led-monitor-27\/#primaryimage"},"image":{"@id":"https:\/\/www.letemsvetemapplem.eu\/bazar\/imac-27-mid-2010-led-monitor-27\/#primaryimage"},"thumbnailUrl":"https:\/\/www.letemsvetemapplem.eu\/bazar\/wp-content\/uploads\/2021\/08\/tempImageI1RglQ-scaled.jpg","datePublished":"2021-08-10T17:39:36+00:00","author":{"@id":""},"breadcrumb":{"@id":"https:\/\/www.letemsvetemapplem.eu\/bazar\/imac-27-mid-2010-led-monitor-27\/#breadcrumb"},"inLanguage":"cs","potentialAction":[{"@type":"ReadAction","target":["https:\/\/www.letemsvetemapplem.eu\/bazar\/imac-27-mid-2010-led-monitor-27\/"]}]},{"@type":"ImageObject","inLanguage":"cs","@id":"https:\/\/www.letemsvetemapplem.eu\/bazar\/imac-27-mid-2010-led-monitor-27\/#primaryimage","url":"https:\/\/www.letemsvetemapplem.eu\/bazar\/wp-content\/uploads\/2021\/08\/tempImageI1RglQ-scaled.jpg","contentUrl":"https:\/\/www.letemsvetemapplem.eu\/bazar\/wp-content\/uploads\/2021\/08\/tempImageI1RglQ-scaled.jpg","width":2560,"height":1440},{"@type":"BreadcrumbList","@id":"https:\/\/www.letemsvetemapplem.eu\/bazar\/imac-27-mid-2010-led-monitor-27\/#breadcrumb","itemListElement":[{"@type":"ListItem","position":1,"name":"Apple Bazar","item":"https:\/\/www.letemsvetemapplem.eu\/bazar\/"},{"@type":"ListItem","position":2,"name":"iMac 27 mid 2010 + Led Monitor 27&quot;"}]},{"@type":"WebSite","@id":"https:\/\/www.letemsvetemapplem.eu\/bazar\/#website","url":"https:\/\/www.letemsvetemapplem.eu\/bazar\/","name":"Apple bazar","description":"Oou\u017eit\u00e9 Apple produkty za skv\u011bl\u00e9 ceny","potentialAction":[{"@type":"SearchAction","target":{"@type":"EntryPoint","urlTemplate":"https:\/\/www.letemsvetemapplem.eu\/bazar\/?s={search_term_string}"},"query-input":{"@type":"PropertyValueSpecification","valueRequired":true,"valueName":"search_term_string"}}],"inLanguage":"cs"}]}},"_links":{"self":[{"href":"https:\/\/www.letemsvetemapplem.eu\/bazar\/wp-json\/wp\/v2\/posts\/234408","targetHints":{"allow":["GET"]}}],"collection":[{"href":"https:\/\/www.letemsvetemapplem.eu\/bazar\/wp-json\/wp\/v2\/posts"}],"about":[{"href":"https:\/\/www.letemsvetemapplem.eu\/bazar\/wp-json\/wp\/v2\/types\/post"}],"replies":[{"embeddable":true,"href":"https:\/\/www.letemsvetemapplem.eu\/bazar\/wp-json\/wp\/v2\/comments?post=234408"}],"version-history":[{"count":1,"href":"https:\/\/www.letemsvetemapplem.eu\/bazar\/wp-json\/wp\/v2\/posts\/234408\/revisions"}],"predecessor-version":[{"id":234416,"href":"https:\/\/www.letemsvetemapplem.eu\/bazar\/wp-json\/wp\/v2\/posts\/234408\/revisions\/234416"}],"wp:featuredmedia":[{"embeddable":true,"href":"https:\/\/www.letemsvetemapplem.eu\/bazar\/wp-json\/wp\/v2\/media\/234409"}],"wp:attachment":[{"href":"https:\/\/www.letemsvetemapplem.eu\/bazar\/wp-json\/wp\/v2\/media?parent=234408"}],"wp:term":[{"taxonomy":"category","embeddable":true,"href":"https:\/\/www.letemsvetemapplem.eu\/bazar\/wp-json\/wp\/v2\/categories?post=234408"},{"taxonomy":"post_tag","embeddable":true,"href":"https:\/\/www.letemsvetemapplem.eu\/bazar\/wp-json\/wp\/v2\/tags?post=234408"}],"curies":[{"name":"wp","href":"https:\/\/api.w.org\/{rel}","templated":true}]}}