{"id":234359,"date":"2021-08-09T23:37:55","date_gmt":"2021-08-09T22:37:55","guid":{"rendered":"https:\/\/www.letemsvetemapplem.eu\/bazar\/?p=234359"},"modified":"2021-08-09T23:37:55","modified_gmt":"2021-08-09T22:37:55","slug":"macmini-i7-3ghz-late-2014-redukce-nvme","status":"publish","type":"post","link":"https:\/\/www.letemsvetemapplem.eu\/bazar\/macmini-i7-3ghz-late-2014-redukce-nvme\/","title":{"rendered":"Macmini i7 3GHz Late 2014 + redukce NVMe"},"content":{"rendered":"<p>Core i7 3GHz<br \/>\n16GB RAM<br \/>\n256GB SSD<br \/>\nRekukce pro p\u0159ipojen\u00ed M.2 NVMe disku (mel jsem tam ADAT SX8200) &#8211; \u010dteni\/zapis 1Gb\/s<br \/>\nKonektor pro p\u0159ipojen\u00ed druheho 2,5&quot; disku<br \/>\nBezproblemov\u00fd beh Cubase 11, Studio one 5 pro nebo posledni Logic X<\/p>\n","protected":false},"excerpt":{"rendered":"<p>Core i7 3GHz 16GB RAM 256GB SSD Rekukce pro p\u0159ipojen\u00ed M.2 NVMe disku (mel jsem tam ADAT SX8200) &#8211; \u010dteni\/zapis 1Gb\/s Konektor pro p\u0159ipojen\u00ed druheho 2,5&quot; disku Bezproblemov\u00fd beh Cubase 11, Studio one 5 pro nebo posledni Logic X<\/p>\n","protected":false},"author":0,"featured_media":234360,"comment_status":"closed","ping_status":"closed","sticky":false,"template":"","format":"standard","meta":{"footnotes":""},"categories":[44],"tags":[],"class_list":["post-234359","post","type-post","status-publish","format-standard","has-post-thumbnail","hentry","category-mac-mini"],"yoast_head":"<!-- This site is optimized with the Yoast SEO plugin v27.2 - https:\/\/yoast.com\/product\/yoast-seo-wordpress\/ -->\n<title>Macmini i7 3GHz Late 2014 + redukce NVMe - Apple bazar<\/title>\n<meta name=\"robots\" content=\"index, follow, max-snippet:-1, max-image-preview:large, max-video-preview:-1\" \/>\n<link rel=\"canonical\" href=\"https:\/\/www.letemsvetemapplem.eu\/bazar\/macmini-i7-3ghz-late-2014-redukce-nvme\/\" \/>\n<meta property=\"og:locale\" content=\"cs_CZ\" \/>\n<meta property=\"og:type\" content=\"article\" \/>\n<meta property=\"og:title\" content=\"Macmini i7 3GHz Late 2014 + redukce NVMe - Apple bazar\" \/>\n<meta property=\"og:description\" content=\"Core i7 3GHz 16GB RAM 256GB SSD Rekukce pro p\u0159ipojen\u00ed M.2 NVMe disku (mel jsem tam ADAT SX8200) &#8211; \u010dteni\/zapis 1Gb\/s Konektor pro p\u0159ipojen\u00ed druheho 2,5&quot; disku Bezproblemov\u00fd beh Cubase 11, Studio one 5 pro nebo posledni Logic X\" \/>\n<meta property=\"og:url\" content=\"https:\/\/www.letemsvetemapplem.eu\/bazar\/macmini-i7-3ghz-late-2014-redukce-nvme\/\" \/>\n<meta property=\"og:site_name\" content=\"Apple bazar\" \/>\n<meta property=\"article:published_time\" content=\"2021-08-09T22:37:55+00:00\" \/>\n<meta property=\"og:image\" content=\"https:\/\/www.letemsvetemapplem.eu\/bazar\/wp-content\/uploads\/2021\/08\/1.jpeg\" \/>\n\t<meta property=\"og:image:width\" content=\"959\" \/>\n\t<meta property=\"og:image:height\" content=\"720\" \/>\n\t<meta property=\"og:image:type\" content=\"image\/jpeg\" \/>\n<meta name=\"twitter:card\" content=\"summary_large_image\" \/>\n<script type=\"application\/ld+json\" class=\"yoast-schema-graph\">{\"@context\":\"https:\/\/schema.org\",\"@graph\":[{\"@type\":\"Article\",\"@id\":\"https:\/\/www.letemsvetemapplem.eu\/bazar\/macmini-i7-3ghz-late-2014-redukce-nvme\/#article\",\"isPartOf\":{\"@id\":\"https:\/\/www.letemsvetemapplem.eu\/bazar\/macmini-i7-3ghz-late-2014-redukce-nvme\/\"},\"author\":{\"name\":\"\",\"@id\":\"\"},\"headline\":\"Macmini i7 3GHz Late 2014 + redukce NVMe\",\"datePublished\":\"2021-08-09T22:37:55+00:00\",\"mainEntityOfPage\":{\"@id\":\"https:\/\/www.letemsvetemapplem.eu\/bazar\/macmini-i7-3ghz-late-2014-redukce-nvme\/\"},\"wordCount\":47,\"image\":{\"@id\":\"https:\/\/www.letemsvetemapplem.eu\/bazar\/macmini-i7-3ghz-late-2014-redukce-nvme\/#primaryimage\"},\"thumbnailUrl\":\"https:\/\/www.letemsvetemapplem.eu\/bazar\/wp-content\/uploads\/2021\/08\/1.jpeg\",\"articleSection\":[\"Mac mini\"],\"inLanguage\":\"cs\"},{\"@type\":\"WebPage\",\"@id\":\"https:\/\/www.letemsvetemapplem.eu\/bazar\/macmini-i7-3ghz-late-2014-redukce-nvme\/\",\"url\":\"https:\/\/www.letemsvetemapplem.eu\/bazar\/macmini-i7-3ghz-late-2014-redukce-nvme\/\",\"name\":\"Macmini i7 3GHz Late 2014 + redukce NVMe - Apple bazar\",\"isPartOf\":{\"@id\":\"https:\/\/www.letemsvetemapplem.eu\/bazar\/#website\"},\"primaryImageOfPage\":{\"@id\":\"https:\/\/www.letemsvetemapplem.eu\/bazar\/macmini-i7-3ghz-late-2014-redukce-nvme\/#primaryimage\"},\"image\":{\"@id\":\"https:\/\/www.letemsvetemapplem.eu\/bazar\/macmini-i7-3ghz-late-2014-redukce-nvme\/#primaryimage\"},\"thumbnailUrl\":\"https:\/\/www.letemsvetemapplem.eu\/bazar\/wp-content\/uploads\/2021\/08\/1.jpeg\",\"datePublished\":\"2021-08-09T22:37:55+00:00\",\"author\":{\"@id\":\"\"},\"breadcrumb\":{\"@id\":\"https:\/\/www.letemsvetemapplem.eu\/bazar\/macmini-i7-3ghz-late-2014-redukce-nvme\/#breadcrumb\"},\"inLanguage\":\"cs\",\"potentialAction\":[{\"@type\":\"ReadAction\",\"target\":[\"https:\/\/www.letemsvetemapplem.eu\/bazar\/macmini-i7-3ghz-late-2014-redukce-nvme\/\"]}]},{\"@type\":\"ImageObject\",\"inLanguage\":\"cs\",\"@id\":\"https:\/\/www.letemsvetemapplem.eu\/bazar\/macmini-i7-3ghz-late-2014-redukce-nvme\/#primaryimage\",\"url\":\"https:\/\/www.letemsvetemapplem.eu\/bazar\/wp-content\/uploads\/2021\/08\/1.jpeg\",\"contentUrl\":\"https:\/\/www.letemsvetemapplem.eu\/bazar\/wp-content\/uploads\/2021\/08\/1.jpeg\",\"width\":959,\"height\":720},{\"@type\":\"BreadcrumbList\",\"@id\":\"https:\/\/www.letemsvetemapplem.eu\/bazar\/macmini-i7-3ghz-late-2014-redukce-nvme\/#breadcrumb\",\"itemListElement\":[{\"@type\":\"ListItem\",\"position\":1,\"name\":\"Apple Bazar\",\"item\":\"https:\/\/www.letemsvetemapplem.eu\/bazar\/\"},{\"@type\":\"ListItem\",\"position\":2,\"name\":\"Macmini i7 3GHz Late 2014 + redukce NVMe\"}]},{\"@type\":\"WebSite\",\"@id\":\"https:\/\/www.letemsvetemapplem.eu\/bazar\/#website\",\"url\":\"https:\/\/www.letemsvetemapplem.eu\/bazar\/\",\"name\":\"Apple bazar\",\"description\":\"Oou\u017eit\u00e9 Apple produkty za skv\u011bl\u00e9 ceny\",\"potentialAction\":[{\"@type\":\"SearchAction\",\"target\":{\"@type\":\"EntryPoint\",\"urlTemplate\":\"https:\/\/www.letemsvetemapplem.eu\/bazar\/?s={search_term_string}\"},\"query-input\":{\"@type\":\"PropertyValueSpecification\",\"valueRequired\":true,\"valueName\":\"search_term_string\"}}],\"inLanguage\":\"cs\"}]}<\/script>\n<!-- \/ Yoast SEO plugin. -->","yoast_head_json":{"title":"Macmini i7 3GHz Late 2014 + redukce NVMe - Apple bazar","robots":{"index":"index","follow":"follow","max-snippet":"max-snippet:-1","max-image-preview":"max-image-preview:large","max-video-preview":"max-video-preview:-1"},"canonical":"https:\/\/www.letemsvetemapplem.eu\/bazar\/macmini-i7-3ghz-late-2014-redukce-nvme\/","og_locale":"cs_CZ","og_type":"article","og_title":"Macmini i7 3GHz Late 2014 + redukce NVMe - Apple bazar","og_description":"Core i7 3GHz 16GB RAM 256GB SSD Rekukce pro p\u0159ipojen\u00ed M.2 NVMe disku (mel jsem tam ADAT SX8200) &#8211; \u010dteni\/zapis 1Gb\/s Konektor pro p\u0159ipojen\u00ed druheho 2,5&quot; disku Bezproblemov\u00fd beh Cubase 11, Studio one 5 pro nebo posledni Logic X","og_url":"https:\/\/www.letemsvetemapplem.eu\/bazar\/macmini-i7-3ghz-late-2014-redukce-nvme\/","og_site_name":"Apple bazar","article_published_time":"2021-08-09T22:37:55+00:00","og_image":[{"width":959,"height":720,"url":"https:\/\/www.letemsvetemapplem.eu\/bazar\/wp-content\/uploads\/2021\/08\/1.jpeg","type":"image\/jpeg"}],"twitter_card":"summary_large_image","schema":{"@context":"https:\/\/schema.org","@graph":[{"@type":"Article","@id":"https:\/\/www.letemsvetemapplem.eu\/bazar\/macmini-i7-3ghz-late-2014-redukce-nvme\/#article","isPartOf":{"@id":"https:\/\/www.letemsvetemapplem.eu\/bazar\/macmini-i7-3ghz-late-2014-redukce-nvme\/"},"author":{"name":"","@id":""},"headline":"Macmini i7 3GHz Late 2014 + redukce NVMe","datePublished":"2021-08-09T22:37:55+00:00","mainEntityOfPage":{"@id":"https:\/\/www.letemsvetemapplem.eu\/bazar\/macmini-i7-3ghz-late-2014-redukce-nvme\/"},"wordCount":47,"image":{"@id":"https:\/\/www.letemsvetemapplem.eu\/bazar\/macmini-i7-3ghz-late-2014-redukce-nvme\/#primaryimage"},"thumbnailUrl":"https:\/\/www.letemsvetemapplem.eu\/bazar\/wp-content\/uploads\/2021\/08\/1.jpeg","articleSection":["Mac mini"],"inLanguage":"cs"},{"@type":"WebPage","@id":"https:\/\/www.letemsvetemapplem.eu\/bazar\/macmini-i7-3ghz-late-2014-redukce-nvme\/","url":"https:\/\/www.letemsvetemapplem.eu\/bazar\/macmini-i7-3ghz-late-2014-redukce-nvme\/","name":"Macmini i7 3GHz Late 2014 + redukce NVMe - Apple bazar","isPartOf":{"@id":"https:\/\/www.letemsvetemapplem.eu\/bazar\/#website"},"primaryImageOfPage":{"@id":"https:\/\/www.letemsvetemapplem.eu\/bazar\/macmini-i7-3ghz-late-2014-redukce-nvme\/#primaryimage"},"image":{"@id":"https:\/\/www.letemsvetemapplem.eu\/bazar\/macmini-i7-3ghz-late-2014-redukce-nvme\/#primaryimage"},"thumbnailUrl":"https:\/\/www.letemsvetemapplem.eu\/bazar\/wp-content\/uploads\/2021\/08\/1.jpeg","datePublished":"2021-08-09T22:37:55+00:00","author":{"@id":""},"breadcrumb":{"@id":"https:\/\/www.letemsvetemapplem.eu\/bazar\/macmini-i7-3ghz-late-2014-redukce-nvme\/#breadcrumb"},"inLanguage":"cs","potentialAction":[{"@type":"ReadAction","target":["https:\/\/www.letemsvetemapplem.eu\/bazar\/macmini-i7-3ghz-late-2014-redukce-nvme\/"]}]},{"@type":"ImageObject","inLanguage":"cs","@id":"https:\/\/www.letemsvetemapplem.eu\/bazar\/macmini-i7-3ghz-late-2014-redukce-nvme\/#primaryimage","url":"https:\/\/www.letemsvetemapplem.eu\/bazar\/wp-content\/uploads\/2021\/08\/1.jpeg","contentUrl":"https:\/\/www.letemsvetemapplem.eu\/bazar\/wp-content\/uploads\/2021\/08\/1.jpeg","width":959,"height":720},{"@type":"BreadcrumbList","@id":"https:\/\/www.letemsvetemapplem.eu\/bazar\/macmini-i7-3ghz-late-2014-redukce-nvme\/#breadcrumb","itemListElement":[{"@type":"ListItem","position":1,"name":"Apple Bazar","item":"https:\/\/www.letemsvetemapplem.eu\/bazar\/"},{"@type":"ListItem","position":2,"name":"Macmini i7 3GHz Late 2014 + redukce NVMe"}]},{"@type":"WebSite","@id":"https:\/\/www.letemsvetemapplem.eu\/bazar\/#website","url":"https:\/\/www.letemsvetemapplem.eu\/bazar\/","name":"Apple bazar","description":"Oou\u017eit\u00e9 Apple produkty za skv\u011bl\u00e9 ceny","potentialAction":[{"@type":"SearchAction","target":{"@type":"EntryPoint","urlTemplate":"https:\/\/www.letemsvetemapplem.eu\/bazar\/?s={search_term_string}"},"query-input":{"@type":"PropertyValueSpecification","valueRequired":true,"valueName":"search_term_string"}}],"inLanguage":"cs"}]}},"_links":{"self":[{"href":"https:\/\/www.letemsvetemapplem.eu\/bazar\/wp-json\/wp\/v2\/posts\/234359","targetHints":{"allow":["GET"]}}],"collection":[{"href":"https:\/\/www.letemsvetemapplem.eu\/bazar\/wp-json\/wp\/v2\/posts"}],"about":[{"href":"https:\/\/www.letemsvetemapplem.eu\/bazar\/wp-json\/wp\/v2\/types\/post"}],"replies":[{"embeddable":true,"href":"https:\/\/www.letemsvetemapplem.eu\/bazar\/wp-json\/wp\/v2\/comments?post=234359"}],"version-history":[{"count":1,"href":"https:\/\/www.letemsvetemapplem.eu\/bazar\/wp-json\/wp\/v2\/posts\/234359\/revisions"}],"predecessor-version":[{"id":234364,"href":"https:\/\/www.letemsvetemapplem.eu\/bazar\/wp-json\/wp\/v2\/posts\/234359\/revisions\/234364"}],"wp:featuredmedia":[{"embeddable":true,"href":"https:\/\/www.letemsvetemapplem.eu\/bazar\/wp-json\/wp\/v2\/media\/234360"}],"wp:attachment":[{"href":"https:\/\/www.letemsvetemapplem.eu\/bazar\/wp-json\/wp\/v2\/media?parent=234359"}],"wp:term":[{"taxonomy":"category","embeddable":true,"href":"https:\/\/www.letemsvetemapplem.eu\/bazar\/wp-json\/wp\/v2\/categories?post=234359"},{"taxonomy":"post_tag","embeddable":true,"href":"https:\/\/www.letemsvetemapplem.eu\/bazar\/wp-json\/wp\/v2\/tags?post=234359"}],"curies":[{"name":"wp","href":"https:\/\/api.w.org\/{rel}","templated":true}]}}