{"id":234329,"date":"2021-08-09T08:38:42","date_gmt":"2021-08-09T07:38:42","guid":{"rendered":"https:\/\/www.letemsvetemapplem.eu\/bazar\/?p=234329"},"modified":"2021-08-09T08:38:42","modified_gmt":"2021-08-09T07:38:42","slug":"imac-21-5-2016-i5-8-gb-ram-1tb-fusio","status":"publish","type":"post","link":"https:\/\/www.letemsvetemapplem.eu\/bazar\/imac-21-5-2016-i5-8-gb-ram-1tb-fusio\/","title":{"rendered":"iMac 21.5, 2016, i5, 8 GB RAM, 1TB Fusio"},"content":{"rendered":"<p>Prod\u00e1m iMac 21.5 (typ konec roku 2015),<br \/>\n1 TB Fusion Drive, 8GB RAM, i5,<br \/>\nTurbo boost a\u017e 2,7 GHz,<br \/>\nVstupy &#8211; 4x USB, 2X Thunderbolt, Ethernet, slot pro karty.<\/p>\n<p>Koupen\u00fd 2016, m\u00e1lo pou\u017e\u00edvan\u00fd po\u010d\u00edta\u010d v perfektn\u00edm stavu.<br \/>\nSou\u010d\u00e1st\u00ed je originalni prislusenstvi v perfektn\u00edm stavu (Magic Mouse, Magic Keyboard) a krabice.<\/p>\n","protected":false},"excerpt":{"rendered":"<p>Prod\u00e1m iMac 21.5 (typ konec roku 2015), 1 TB Fusion Drive, 8GB RAM, i5, Turbo boost a\u017e 2,7 GHz, Vstupy &#8211; 4x USB, 2X Thunderbolt, Ethernet, slot pro karty. Koupen\u00fd 2016, m\u00e1lo pou\u017e\u00edvan\u00fd po\u010d\u00edta\u010d v perfektn\u00edm stavu. Sou\u010d\u00e1st\u00ed je originalni prislusenstvi v perfektn\u00edm stavu (Magic Mouse, Magic Keyboard) a krabice.<\/p>\n","protected":false},"author":0,"featured_media":234330,"comment_status":"closed","ping_status":"closed","sticky":false,"template":"","format":"standard","meta":{"footnotes":""},"categories":[41],"tags":[],"class_list":["post-234329","post","type-post","status-publish","format-standard","has-post-thumbnail","hentry","category-imac"],"yoast_head":"<!-- This site is optimized with the Yoast SEO plugin v27.2 - https:\/\/yoast.com\/product\/yoast-seo-wordpress\/ -->\n<title>iMac 21.5, 2016, i5, 8 GB RAM, 1TB Fusio - Apple bazar<\/title>\n<meta name=\"robots\" content=\"index, follow, max-snippet:-1, max-image-preview:large, max-video-preview:-1\" \/>\n<link rel=\"canonical\" href=\"https:\/\/www.letemsvetemapplem.eu\/bazar\/imac-21-5-2016-i5-8-gb-ram-1tb-fusio\/\" \/>\n<meta property=\"og:locale\" content=\"cs_CZ\" \/>\n<meta property=\"og:type\" content=\"article\" \/>\n<meta property=\"og:title\" content=\"iMac 21.5, 2016, i5, 8 GB RAM, 1TB Fusio - Apple bazar\" \/>\n<meta property=\"og:description\" content=\"Prod\u00e1m iMac 21.5 (typ konec roku 2015), 1 TB Fusion Drive, 8GB RAM, i5, Turbo boost a\u017e 2,7 GHz, Vstupy &#8211; 4x USB, 2X Thunderbolt, Ethernet, slot pro karty. Koupen\u00fd 2016, m\u00e1lo pou\u017e\u00edvan\u00fd po\u010d\u00edta\u010d v perfektn\u00edm stavu. Sou\u010d\u00e1st\u00ed je originalni prislusenstvi v perfektn\u00edm stavu (Magic Mouse, Magic Keyboard) a krabice.\" \/>\n<meta property=\"og:url\" content=\"https:\/\/www.letemsvetemapplem.eu\/bazar\/imac-21-5-2016-i5-8-gb-ram-1tb-fusio\/\" \/>\n<meta property=\"og:site_name\" content=\"Apple bazar\" \/>\n<meta property=\"article:published_time\" content=\"2021-08-09T07:38:42+00:00\" \/>\n<meta property=\"og:image\" content=\"https:\/\/www.letemsvetemapplem.eu\/bazar\/wp-content\/uploads\/2021\/08\/bfgb_optimized.jpg\" \/>\n\t<meta property=\"og:image:width\" content=\"2428\" \/>\n\t<meta property=\"og:image:height\" content=\"1886\" \/>\n\t<meta property=\"og:image:type\" content=\"image\/jpeg\" \/>\n<meta name=\"twitter:card\" content=\"summary_large_image\" \/>\n<script type=\"application\/ld+json\" class=\"yoast-schema-graph\">{\"@context\":\"https:\/\/schema.org\",\"@graph\":[{\"@type\":\"Article\",\"@id\":\"https:\/\/www.letemsvetemapplem.eu\/bazar\/imac-21-5-2016-i5-8-gb-ram-1tb-fusio\/#article\",\"isPartOf\":{\"@id\":\"https:\/\/www.letemsvetemapplem.eu\/bazar\/imac-21-5-2016-i5-8-gb-ram-1tb-fusio\/\"},\"author\":{\"name\":\"\",\"@id\":\"\"},\"headline\":\"iMac 21.5, 2016, i5, 8 GB RAM, 1TB Fusio\",\"datePublished\":\"2021-08-09T07:38:42+00:00\",\"mainEntityOfPage\":{\"@id\":\"https:\/\/www.letemsvetemapplem.eu\/bazar\/imac-21-5-2016-i5-8-gb-ram-1tb-fusio\/\"},\"wordCount\":58,\"image\":{\"@id\":\"https:\/\/www.letemsvetemapplem.eu\/bazar\/imac-21-5-2016-i5-8-gb-ram-1tb-fusio\/#primaryimage\"},\"thumbnailUrl\":\"https:\/\/www.letemsvetemapplem.eu\/bazar\/wp-content\/uploads\/2021\/08\/bfgb_optimized.jpg\",\"articleSection\":[\"iMac\"],\"inLanguage\":\"cs\"},{\"@type\":\"WebPage\",\"@id\":\"https:\/\/www.letemsvetemapplem.eu\/bazar\/imac-21-5-2016-i5-8-gb-ram-1tb-fusio\/\",\"url\":\"https:\/\/www.letemsvetemapplem.eu\/bazar\/imac-21-5-2016-i5-8-gb-ram-1tb-fusio\/\",\"name\":\"iMac 21.5, 2016, i5, 8 GB RAM, 1TB Fusio - Apple bazar\",\"isPartOf\":{\"@id\":\"https:\/\/www.letemsvetemapplem.eu\/bazar\/#website\"},\"primaryImageOfPage\":{\"@id\":\"https:\/\/www.letemsvetemapplem.eu\/bazar\/imac-21-5-2016-i5-8-gb-ram-1tb-fusio\/#primaryimage\"},\"image\":{\"@id\":\"https:\/\/www.letemsvetemapplem.eu\/bazar\/imac-21-5-2016-i5-8-gb-ram-1tb-fusio\/#primaryimage\"},\"thumbnailUrl\":\"https:\/\/www.letemsvetemapplem.eu\/bazar\/wp-content\/uploads\/2021\/08\/bfgb_optimized.jpg\",\"datePublished\":\"2021-08-09T07:38:42+00:00\",\"author\":{\"@id\":\"\"},\"breadcrumb\":{\"@id\":\"https:\/\/www.letemsvetemapplem.eu\/bazar\/imac-21-5-2016-i5-8-gb-ram-1tb-fusio\/#breadcrumb\"},\"inLanguage\":\"cs\",\"potentialAction\":[{\"@type\":\"ReadAction\",\"target\":[\"https:\/\/www.letemsvetemapplem.eu\/bazar\/imac-21-5-2016-i5-8-gb-ram-1tb-fusio\/\"]}]},{\"@type\":\"ImageObject\",\"inLanguage\":\"cs\",\"@id\":\"https:\/\/www.letemsvetemapplem.eu\/bazar\/imac-21-5-2016-i5-8-gb-ram-1tb-fusio\/#primaryimage\",\"url\":\"https:\/\/www.letemsvetemapplem.eu\/bazar\/wp-content\/uploads\/2021\/08\/bfgb_optimized.jpg\",\"contentUrl\":\"https:\/\/www.letemsvetemapplem.eu\/bazar\/wp-content\/uploads\/2021\/08\/bfgb_optimized.jpg\",\"width\":2428,\"height\":1886},{\"@type\":\"BreadcrumbList\",\"@id\":\"https:\/\/www.letemsvetemapplem.eu\/bazar\/imac-21-5-2016-i5-8-gb-ram-1tb-fusio\/#breadcrumb\",\"itemListElement\":[{\"@type\":\"ListItem\",\"position\":1,\"name\":\"Apple Bazar\",\"item\":\"https:\/\/www.letemsvetemapplem.eu\/bazar\/\"},{\"@type\":\"ListItem\",\"position\":2,\"name\":\"iMac 21.5, 2016, i5, 8 GB RAM, 1TB Fusio\"}]},{\"@type\":\"WebSite\",\"@id\":\"https:\/\/www.letemsvetemapplem.eu\/bazar\/#website\",\"url\":\"https:\/\/www.letemsvetemapplem.eu\/bazar\/\",\"name\":\"Apple bazar\",\"description\":\"Oou\u017eit\u00e9 Apple produkty za skv\u011bl\u00e9 ceny\",\"potentialAction\":[{\"@type\":\"SearchAction\",\"target\":{\"@type\":\"EntryPoint\",\"urlTemplate\":\"https:\/\/www.letemsvetemapplem.eu\/bazar\/?s={search_term_string}\"},\"query-input\":{\"@type\":\"PropertyValueSpecification\",\"valueRequired\":true,\"valueName\":\"search_term_string\"}}],\"inLanguage\":\"cs\"}]}<\/script>\n<!-- \/ Yoast SEO plugin. -->","yoast_head_json":{"title":"iMac 21.5, 2016, i5, 8 GB RAM, 1TB Fusio - Apple bazar","robots":{"index":"index","follow":"follow","max-snippet":"max-snippet:-1","max-image-preview":"max-image-preview:large","max-video-preview":"max-video-preview:-1"},"canonical":"https:\/\/www.letemsvetemapplem.eu\/bazar\/imac-21-5-2016-i5-8-gb-ram-1tb-fusio\/","og_locale":"cs_CZ","og_type":"article","og_title":"iMac 21.5, 2016, i5, 8 GB RAM, 1TB Fusio - Apple bazar","og_description":"Prod\u00e1m iMac 21.5 (typ konec roku 2015), 1 TB Fusion Drive, 8GB RAM, i5, Turbo boost a\u017e 2,7 GHz, Vstupy &#8211; 4x USB, 2X Thunderbolt, Ethernet, slot pro karty. Koupen\u00fd 2016, m\u00e1lo pou\u017e\u00edvan\u00fd po\u010d\u00edta\u010d v perfektn\u00edm stavu. Sou\u010d\u00e1st\u00ed je originalni prislusenstvi v perfektn\u00edm stavu (Magic Mouse, Magic Keyboard) a krabice.","og_url":"https:\/\/www.letemsvetemapplem.eu\/bazar\/imac-21-5-2016-i5-8-gb-ram-1tb-fusio\/","og_site_name":"Apple bazar","article_published_time":"2021-08-09T07:38:42+00:00","og_image":[{"width":2428,"height":1886,"url":"https:\/\/www.letemsvetemapplem.eu\/bazar\/wp-content\/uploads\/2021\/08\/bfgb_optimized.jpg","type":"image\/jpeg"}],"twitter_card":"summary_large_image","schema":{"@context":"https:\/\/schema.org","@graph":[{"@type":"Article","@id":"https:\/\/www.letemsvetemapplem.eu\/bazar\/imac-21-5-2016-i5-8-gb-ram-1tb-fusio\/#article","isPartOf":{"@id":"https:\/\/www.letemsvetemapplem.eu\/bazar\/imac-21-5-2016-i5-8-gb-ram-1tb-fusio\/"},"author":{"name":"","@id":""},"headline":"iMac 21.5, 2016, i5, 8 GB RAM, 1TB Fusio","datePublished":"2021-08-09T07:38:42+00:00","mainEntityOfPage":{"@id":"https:\/\/www.letemsvetemapplem.eu\/bazar\/imac-21-5-2016-i5-8-gb-ram-1tb-fusio\/"},"wordCount":58,"image":{"@id":"https:\/\/www.letemsvetemapplem.eu\/bazar\/imac-21-5-2016-i5-8-gb-ram-1tb-fusio\/#primaryimage"},"thumbnailUrl":"https:\/\/www.letemsvetemapplem.eu\/bazar\/wp-content\/uploads\/2021\/08\/bfgb_optimized.jpg","articleSection":["iMac"],"inLanguage":"cs"},{"@type":"WebPage","@id":"https:\/\/www.letemsvetemapplem.eu\/bazar\/imac-21-5-2016-i5-8-gb-ram-1tb-fusio\/","url":"https:\/\/www.letemsvetemapplem.eu\/bazar\/imac-21-5-2016-i5-8-gb-ram-1tb-fusio\/","name":"iMac 21.5, 2016, i5, 8 GB RAM, 1TB Fusio - Apple bazar","isPartOf":{"@id":"https:\/\/www.letemsvetemapplem.eu\/bazar\/#website"},"primaryImageOfPage":{"@id":"https:\/\/www.letemsvetemapplem.eu\/bazar\/imac-21-5-2016-i5-8-gb-ram-1tb-fusio\/#primaryimage"},"image":{"@id":"https:\/\/www.letemsvetemapplem.eu\/bazar\/imac-21-5-2016-i5-8-gb-ram-1tb-fusio\/#primaryimage"},"thumbnailUrl":"https:\/\/www.letemsvetemapplem.eu\/bazar\/wp-content\/uploads\/2021\/08\/bfgb_optimized.jpg","datePublished":"2021-08-09T07:38:42+00:00","author":{"@id":""},"breadcrumb":{"@id":"https:\/\/www.letemsvetemapplem.eu\/bazar\/imac-21-5-2016-i5-8-gb-ram-1tb-fusio\/#breadcrumb"},"inLanguage":"cs","potentialAction":[{"@type":"ReadAction","target":["https:\/\/www.letemsvetemapplem.eu\/bazar\/imac-21-5-2016-i5-8-gb-ram-1tb-fusio\/"]}]},{"@type":"ImageObject","inLanguage":"cs","@id":"https:\/\/www.letemsvetemapplem.eu\/bazar\/imac-21-5-2016-i5-8-gb-ram-1tb-fusio\/#primaryimage","url":"https:\/\/www.letemsvetemapplem.eu\/bazar\/wp-content\/uploads\/2021\/08\/bfgb_optimized.jpg","contentUrl":"https:\/\/www.letemsvetemapplem.eu\/bazar\/wp-content\/uploads\/2021\/08\/bfgb_optimized.jpg","width":2428,"height":1886},{"@type":"BreadcrumbList","@id":"https:\/\/www.letemsvetemapplem.eu\/bazar\/imac-21-5-2016-i5-8-gb-ram-1tb-fusio\/#breadcrumb","itemListElement":[{"@type":"ListItem","position":1,"name":"Apple Bazar","item":"https:\/\/www.letemsvetemapplem.eu\/bazar\/"},{"@type":"ListItem","position":2,"name":"iMac 21.5, 2016, i5, 8 GB RAM, 1TB Fusio"}]},{"@type":"WebSite","@id":"https:\/\/www.letemsvetemapplem.eu\/bazar\/#website","url":"https:\/\/www.letemsvetemapplem.eu\/bazar\/","name":"Apple bazar","description":"Oou\u017eit\u00e9 Apple produkty za skv\u011bl\u00e9 ceny","potentialAction":[{"@type":"SearchAction","target":{"@type":"EntryPoint","urlTemplate":"https:\/\/www.letemsvetemapplem.eu\/bazar\/?s={search_term_string}"},"query-input":{"@type":"PropertyValueSpecification","valueRequired":true,"valueName":"search_term_string"}}],"inLanguage":"cs"}]}},"_links":{"self":[{"href":"https:\/\/www.letemsvetemapplem.eu\/bazar\/wp-json\/wp\/v2\/posts\/234329","targetHints":{"allow":["GET"]}}],"collection":[{"href":"https:\/\/www.letemsvetemapplem.eu\/bazar\/wp-json\/wp\/v2\/posts"}],"about":[{"href":"https:\/\/www.letemsvetemapplem.eu\/bazar\/wp-json\/wp\/v2\/types\/post"}],"replies":[{"embeddable":true,"href":"https:\/\/www.letemsvetemapplem.eu\/bazar\/wp-json\/wp\/v2\/comments?post=234329"}],"version-history":[{"count":1,"href":"https:\/\/www.letemsvetemapplem.eu\/bazar\/wp-json\/wp\/v2\/posts\/234329\/revisions"}],"predecessor-version":[{"id":234334,"href":"https:\/\/www.letemsvetemapplem.eu\/bazar\/wp-json\/wp\/v2\/posts\/234329\/revisions\/234334"}],"wp:featuredmedia":[{"embeddable":true,"href":"https:\/\/www.letemsvetemapplem.eu\/bazar\/wp-json\/wp\/v2\/media\/234330"}],"wp:attachment":[{"href":"https:\/\/www.letemsvetemapplem.eu\/bazar\/wp-json\/wp\/v2\/media?parent=234329"}],"wp:term":[{"taxonomy":"category","embeddable":true,"href":"https:\/\/www.letemsvetemapplem.eu\/bazar\/wp-json\/wp\/v2\/categories?post=234329"},{"taxonomy":"post_tag","embeddable":true,"href":"https:\/\/www.letemsvetemapplem.eu\/bazar\/wp-json\/wp\/v2\/tags?post=234329"}],"curies":[{"name":"wp","href":"https:\/\/api.w.org\/{rel}","templated":true}]}}