{"id":232638,"date":"2021-07-11T11:31:26","date_gmt":"2021-07-11T10:31:26","guid":{"rendered":"https:\/\/www.letemsvetemapplem.eu\/bazar\/?p=232638"},"modified":"2021-07-11T11:31:26","modified_gmt":"2021-07-11T10:31:26","slug":"imac-27-mid-2011-10","status":"publish","type":"post","link":"https:\/\/www.letemsvetemapplem.eu\/bazar\/imac-27-mid-2011-10\/","title":{"rendered":"iMac 27 (Mid 2011)"},"content":{"rendered":"<p>iMac 27 (Mid 2011), Intel Core i5 (2,7 GHz), 12 GB RAM, disk 1 TB, DVD mechanika, \u010dte\u010dka SD karet, Mac OS High Sierra, USB kl\u00e1vesnice, Magic Mouse 1. Je to po\u010d\u00edta\u010dov\u00fd sta\u0159ec, ale po\u0159\u00e1d odv\u00e1d\u00ed spolehlivou pr\u00e1ci. Upgradem disku na SSD se d\u00e1 je\u0161t\u011b v\u00fdrazn\u011b zrychlit. Kl\u00e1vesnice m\u00e1 jedinou vadnou kl\u00e1vesu &#8211; prav\u00fd Ctrl s pomalej\u0161\u00edm zdvihem. My\u0161 nese standardn\u00ed Magic Mouse zn\u00e1mky pou\u017e\u00edv\u00e1n\u00ed &#8211; o\u0161oup\u00e1n\u00ed barvy, viz foto. Origin\u00e1l krabice.<\/p>\n","protected":false},"excerpt":{"rendered":"<p>iMac 27 (Mid 2011), Intel Core i5 (2,7 GHz), 12 GB RAM, disk 1 TB, DVD mechanika, \u010dte\u010dka SD karet, Mac OS High Sierra, USB kl\u00e1vesnice, Magic Mouse 1. Je to po\u010d\u00edta\u010dov\u00fd sta\u0159ec, ale po\u0159\u00e1d odv\u00e1d\u00ed spolehlivou pr\u00e1ci. Upgradem disku na SSD se d\u00e1 je\u0161t\u011b v\u00fdrazn\u011b zrychlit. Kl\u00e1vesnice m\u00e1 jedinou vadnou kl\u00e1vesu &#8211; prav\u00fd Ctrl&#8230;<\/p>\n","protected":false},"author":0,"featured_media":232639,"comment_status":"closed","ping_status":"closed","sticky":false,"template":"","format":"standard","meta":{"footnotes":""},"categories":[41],"tags":[],"class_list":["post-232638","post","type-post","status-publish","format-standard","has-post-thumbnail","hentry","category-imac"],"yoast_head":"<!-- This site is optimized with the Yoast SEO plugin v27.2 - https:\/\/yoast.com\/product\/yoast-seo-wordpress\/ -->\n<title>iMac 27 (Mid 2011) - Apple bazar<\/title>\n<meta name=\"robots\" content=\"index, follow, max-snippet:-1, max-image-preview:large, max-video-preview:-1\" \/>\n<link rel=\"canonical\" href=\"https:\/\/www.letemsvetemapplem.eu\/bazar\/imac-27-mid-2011-10\/\" \/>\n<meta property=\"og:locale\" content=\"cs_CZ\" \/>\n<meta property=\"og:type\" content=\"article\" \/>\n<meta property=\"og:title\" content=\"iMac 27 (Mid 2011) - Apple bazar\" \/>\n<meta property=\"og:description\" content=\"iMac 27 (Mid 2011), Intel Core i5 (2,7 GHz), 12 GB RAM, disk 1 TB, DVD mechanika, \u010dte\u010dka SD karet, Mac OS High Sierra, USB kl\u00e1vesnice, Magic Mouse 1. Je to po\u010d\u00edta\u010dov\u00fd sta\u0159ec, ale po\u0159\u00e1d odv\u00e1d\u00ed spolehlivou pr\u00e1ci. Upgradem disku na SSD se d\u00e1 je\u0161t\u011b v\u00fdrazn\u011b zrychlit. Kl\u00e1vesnice m\u00e1 jedinou vadnou kl\u00e1vesu &#8211; prav\u00fd Ctrl...\" \/>\n<meta property=\"og:url\" content=\"https:\/\/www.letemsvetemapplem.eu\/bazar\/imac-27-mid-2011-10\/\" \/>\n<meta property=\"og:site_name\" content=\"Apple bazar\" \/>\n<meta property=\"article:published_time\" content=\"2021-07-11T10:31:26+00:00\" \/>\n<meta property=\"og:image\" content=\"https:\/\/www.letemsvetemapplem.eu\/bazar\/wp-content\/uploads\/2021\/07\/DSC02647.jpg\" \/>\n\t<meta property=\"og:image:width\" content=\"2048\" \/>\n\t<meta property=\"og:image:height\" content=\"1362\" \/>\n\t<meta property=\"og:image:type\" content=\"image\/jpeg\" \/>\n<meta name=\"twitter:card\" content=\"summary_large_image\" \/>\n<script type=\"application\/ld+json\" class=\"yoast-schema-graph\">{\"@context\":\"https:\/\/schema.org\",\"@graph\":[{\"@type\":\"Article\",\"@id\":\"https:\/\/www.letemsvetemapplem.eu\/bazar\/imac-27-mid-2011-10\/#article\",\"isPartOf\":{\"@id\":\"https:\/\/www.letemsvetemapplem.eu\/bazar\/imac-27-mid-2011-10\/\"},\"author\":{\"name\":\"\",\"@id\":\"\"},\"headline\":\"iMac 27 (Mid 2011)\",\"datePublished\":\"2021-07-11T10:31:26+00:00\",\"mainEntityOfPage\":{\"@id\":\"https:\/\/www.letemsvetemapplem.eu\/bazar\/imac-27-mid-2011-10\/\"},\"wordCount\":87,\"image\":{\"@id\":\"https:\/\/www.letemsvetemapplem.eu\/bazar\/imac-27-mid-2011-10\/#primaryimage\"},\"thumbnailUrl\":\"https:\/\/www.letemsvetemapplem.eu\/bazar\/wp-content\/uploads\/2021\/07\/DSC02647.jpg\",\"articleSection\":[\"iMac\"],\"inLanguage\":\"cs\"},{\"@type\":\"WebPage\",\"@id\":\"https:\/\/www.letemsvetemapplem.eu\/bazar\/imac-27-mid-2011-10\/\",\"url\":\"https:\/\/www.letemsvetemapplem.eu\/bazar\/imac-27-mid-2011-10\/\",\"name\":\"iMac 27 (Mid 2011) - Apple bazar\",\"isPartOf\":{\"@id\":\"https:\/\/www.letemsvetemapplem.eu\/bazar\/#website\"},\"primaryImageOfPage\":{\"@id\":\"https:\/\/www.letemsvetemapplem.eu\/bazar\/imac-27-mid-2011-10\/#primaryimage\"},\"image\":{\"@id\":\"https:\/\/www.letemsvetemapplem.eu\/bazar\/imac-27-mid-2011-10\/#primaryimage\"},\"thumbnailUrl\":\"https:\/\/www.letemsvetemapplem.eu\/bazar\/wp-content\/uploads\/2021\/07\/DSC02647.jpg\",\"datePublished\":\"2021-07-11T10:31:26+00:00\",\"author\":{\"@id\":\"\"},\"breadcrumb\":{\"@id\":\"https:\/\/www.letemsvetemapplem.eu\/bazar\/imac-27-mid-2011-10\/#breadcrumb\"},\"inLanguage\":\"cs\",\"potentialAction\":[{\"@type\":\"ReadAction\",\"target\":[\"https:\/\/www.letemsvetemapplem.eu\/bazar\/imac-27-mid-2011-10\/\"]}]},{\"@type\":\"ImageObject\",\"inLanguage\":\"cs\",\"@id\":\"https:\/\/www.letemsvetemapplem.eu\/bazar\/imac-27-mid-2011-10\/#primaryimage\",\"url\":\"https:\/\/www.letemsvetemapplem.eu\/bazar\/wp-content\/uploads\/2021\/07\/DSC02647.jpg\",\"contentUrl\":\"https:\/\/www.letemsvetemapplem.eu\/bazar\/wp-content\/uploads\/2021\/07\/DSC02647.jpg\",\"width\":2048,\"height\":1362},{\"@type\":\"BreadcrumbList\",\"@id\":\"https:\/\/www.letemsvetemapplem.eu\/bazar\/imac-27-mid-2011-10\/#breadcrumb\",\"itemListElement\":[{\"@type\":\"ListItem\",\"position\":1,\"name\":\"Apple Bazar\",\"item\":\"https:\/\/www.letemsvetemapplem.eu\/bazar\/\"},{\"@type\":\"ListItem\",\"position\":2,\"name\":\"iMac 27 (Mid 2011)\"}]},{\"@type\":\"WebSite\",\"@id\":\"https:\/\/www.letemsvetemapplem.eu\/bazar\/#website\",\"url\":\"https:\/\/www.letemsvetemapplem.eu\/bazar\/\",\"name\":\"Apple bazar\",\"description\":\"Oou\u017eit\u00e9 Apple produkty za skv\u011bl\u00e9 ceny\",\"potentialAction\":[{\"@type\":\"SearchAction\",\"target\":{\"@type\":\"EntryPoint\",\"urlTemplate\":\"https:\/\/www.letemsvetemapplem.eu\/bazar\/?s={search_term_string}\"},\"query-input\":{\"@type\":\"PropertyValueSpecification\",\"valueRequired\":true,\"valueName\":\"search_term_string\"}}],\"inLanguage\":\"cs\"}]}<\/script>\n<!-- \/ Yoast SEO plugin. -->","yoast_head_json":{"title":"iMac 27 (Mid 2011) - Apple bazar","robots":{"index":"index","follow":"follow","max-snippet":"max-snippet:-1","max-image-preview":"max-image-preview:large","max-video-preview":"max-video-preview:-1"},"canonical":"https:\/\/www.letemsvetemapplem.eu\/bazar\/imac-27-mid-2011-10\/","og_locale":"cs_CZ","og_type":"article","og_title":"iMac 27 (Mid 2011) - Apple bazar","og_description":"iMac 27 (Mid 2011), Intel Core i5 (2,7 GHz), 12 GB RAM, disk 1 TB, DVD mechanika, \u010dte\u010dka SD karet, Mac OS High Sierra, USB kl\u00e1vesnice, Magic Mouse 1. Je to po\u010d\u00edta\u010dov\u00fd sta\u0159ec, ale po\u0159\u00e1d odv\u00e1d\u00ed spolehlivou pr\u00e1ci. Upgradem disku na SSD se d\u00e1 je\u0161t\u011b v\u00fdrazn\u011b zrychlit. Kl\u00e1vesnice m\u00e1 jedinou vadnou kl\u00e1vesu &#8211; prav\u00fd Ctrl...","og_url":"https:\/\/www.letemsvetemapplem.eu\/bazar\/imac-27-mid-2011-10\/","og_site_name":"Apple bazar","article_published_time":"2021-07-11T10:31:26+00:00","og_image":[{"width":2048,"height":1362,"url":"https:\/\/www.letemsvetemapplem.eu\/bazar\/wp-content\/uploads\/2021\/07\/DSC02647.jpg","type":"image\/jpeg"}],"twitter_card":"summary_large_image","schema":{"@context":"https:\/\/schema.org","@graph":[{"@type":"Article","@id":"https:\/\/www.letemsvetemapplem.eu\/bazar\/imac-27-mid-2011-10\/#article","isPartOf":{"@id":"https:\/\/www.letemsvetemapplem.eu\/bazar\/imac-27-mid-2011-10\/"},"author":{"name":"","@id":""},"headline":"iMac 27 (Mid 2011)","datePublished":"2021-07-11T10:31:26+00:00","mainEntityOfPage":{"@id":"https:\/\/www.letemsvetemapplem.eu\/bazar\/imac-27-mid-2011-10\/"},"wordCount":87,"image":{"@id":"https:\/\/www.letemsvetemapplem.eu\/bazar\/imac-27-mid-2011-10\/#primaryimage"},"thumbnailUrl":"https:\/\/www.letemsvetemapplem.eu\/bazar\/wp-content\/uploads\/2021\/07\/DSC02647.jpg","articleSection":["iMac"],"inLanguage":"cs"},{"@type":"WebPage","@id":"https:\/\/www.letemsvetemapplem.eu\/bazar\/imac-27-mid-2011-10\/","url":"https:\/\/www.letemsvetemapplem.eu\/bazar\/imac-27-mid-2011-10\/","name":"iMac 27 (Mid 2011) - Apple bazar","isPartOf":{"@id":"https:\/\/www.letemsvetemapplem.eu\/bazar\/#website"},"primaryImageOfPage":{"@id":"https:\/\/www.letemsvetemapplem.eu\/bazar\/imac-27-mid-2011-10\/#primaryimage"},"image":{"@id":"https:\/\/www.letemsvetemapplem.eu\/bazar\/imac-27-mid-2011-10\/#primaryimage"},"thumbnailUrl":"https:\/\/www.letemsvetemapplem.eu\/bazar\/wp-content\/uploads\/2021\/07\/DSC02647.jpg","datePublished":"2021-07-11T10:31:26+00:00","author":{"@id":""},"breadcrumb":{"@id":"https:\/\/www.letemsvetemapplem.eu\/bazar\/imac-27-mid-2011-10\/#breadcrumb"},"inLanguage":"cs","potentialAction":[{"@type":"ReadAction","target":["https:\/\/www.letemsvetemapplem.eu\/bazar\/imac-27-mid-2011-10\/"]}]},{"@type":"ImageObject","inLanguage":"cs","@id":"https:\/\/www.letemsvetemapplem.eu\/bazar\/imac-27-mid-2011-10\/#primaryimage","url":"https:\/\/www.letemsvetemapplem.eu\/bazar\/wp-content\/uploads\/2021\/07\/DSC02647.jpg","contentUrl":"https:\/\/www.letemsvetemapplem.eu\/bazar\/wp-content\/uploads\/2021\/07\/DSC02647.jpg","width":2048,"height":1362},{"@type":"BreadcrumbList","@id":"https:\/\/www.letemsvetemapplem.eu\/bazar\/imac-27-mid-2011-10\/#breadcrumb","itemListElement":[{"@type":"ListItem","position":1,"name":"Apple Bazar","item":"https:\/\/www.letemsvetemapplem.eu\/bazar\/"},{"@type":"ListItem","position":2,"name":"iMac 27 (Mid 2011)"}]},{"@type":"WebSite","@id":"https:\/\/www.letemsvetemapplem.eu\/bazar\/#website","url":"https:\/\/www.letemsvetemapplem.eu\/bazar\/","name":"Apple bazar","description":"Oou\u017eit\u00e9 Apple produkty za skv\u011bl\u00e9 ceny","potentialAction":[{"@type":"SearchAction","target":{"@type":"EntryPoint","urlTemplate":"https:\/\/www.letemsvetemapplem.eu\/bazar\/?s={search_term_string}"},"query-input":{"@type":"PropertyValueSpecification","valueRequired":true,"valueName":"search_term_string"}}],"inLanguage":"cs"}]}},"_links":{"self":[{"href":"https:\/\/www.letemsvetemapplem.eu\/bazar\/wp-json\/wp\/v2\/posts\/232638","targetHints":{"allow":["GET"]}}],"collection":[{"href":"https:\/\/www.letemsvetemapplem.eu\/bazar\/wp-json\/wp\/v2\/posts"}],"about":[{"href":"https:\/\/www.letemsvetemapplem.eu\/bazar\/wp-json\/wp\/v2\/types\/post"}],"replies":[{"embeddable":true,"href":"https:\/\/www.letemsvetemapplem.eu\/bazar\/wp-json\/wp\/v2\/comments?post=232638"}],"version-history":[{"count":1,"href":"https:\/\/www.letemsvetemapplem.eu\/bazar\/wp-json\/wp\/v2\/posts\/232638\/revisions"}],"predecessor-version":[{"id":232646,"href":"https:\/\/www.letemsvetemapplem.eu\/bazar\/wp-json\/wp\/v2\/posts\/232638\/revisions\/232646"}],"wp:featuredmedia":[{"embeddable":true,"href":"https:\/\/www.letemsvetemapplem.eu\/bazar\/wp-json\/wp\/v2\/media\/232639"}],"wp:attachment":[{"href":"https:\/\/www.letemsvetemapplem.eu\/bazar\/wp-json\/wp\/v2\/media?parent=232638"}],"wp:term":[{"taxonomy":"category","embeddable":true,"href":"https:\/\/www.letemsvetemapplem.eu\/bazar\/wp-json\/wp\/v2\/categories?post=232638"},{"taxonomy":"post_tag","embeddable":true,"href":"https:\/\/www.letemsvetemapplem.eu\/bazar\/wp-json\/wp\/v2\/tags?post=232638"}],"curies":[{"name":"wp","href":"https:\/\/api.w.org\/{rel}","templated":true}]}}