{"id":232572,"date":"2021-07-10T15:19:08","date_gmt":"2021-07-10T14:19:08","guid":{"rendered":"https:\/\/www.letemsvetemapplem.eu\/bazar\/?p=232572"},"modified":"2021-07-12T20:09:06","modified_gmt":"2021-07-12T19:09:06","slug":"imac-27-42ghz-24gb-2tb-for-sale","status":"publish","type":"post","link":"https:\/\/www.letemsvetemapplem.eu\/bazar\/imac-27-42ghz-24gb-2tb-for-sale\/","title":{"rendered":"iMac 27&quot;; 4,2GHz, 24GB, 2TB for sale"},"content":{"rendered":"<p>I am selling an 2017 iMac 27&quot; with<br \/>\n\u2013 4,2 GHz Quad-Core Intel Core i7 processor<br \/>\n\u2013 24GB DDR4 RAM<br \/>\n\u2013 2TB Fusion Drive<br \/>\n\u2013 Radeon Pro 580 graphics card 8GB<br \/>\nit comes without mouse or keyboard.<br \/>\nThe Computer is in excellent condition. Pickup in Prague. <\/p>\n","protected":false},"excerpt":{"rendered":"<p>I am selling an 2017 iMac 27&quot; with \u2013 4,2 GHz Quad-Core Intel Core i7 processor \u2013 24GB DDR4 RAM \u2013 2TB Fusion Drive \u2013 Radeon Pro 580 graphics card 8GB it comes without mouse or keyboard. The Computer is in excellent condition. Pickup in Prague.<\/p>\n","protected":false},"author":0,"featured_media":232573,"comment_status":"closed","ping_status":"closed","sticky":false,"template":"","format":"standard","meta":{"footnotes":""},"categories":[41],"tags":[],"class_list":["post-232572","post","type-post","status-publish","format-standard","has-post-thumbnail","hentry","category-imac"],"yoast_head":"<!-- This site is optimized with the Yoast SEO plugin v27.2 - https:\/\/yoast.com\/product\/yoast-seo-wordpress\/ -->\n<title>iMac 27&quot;; 4,2GHz, 24GB, 2TB for sale - Apple bazar<\/title>\n<meta name=\"robots\" content=\"index, follow, max-snippet:-1, max-image-preview:large, max-video-preview:-1\" \/>\n<link rel=\"canonical\" href=\"https:\/\/www.letemsvetemapplem.eu\/bazar\/imac-27-42ghz-24gb-2tb-for-sale\/\" \/>\n<meta property=\"og:locale\" content=\"cs_CZ\" \/>\n<meta property=\"og:type\" content=\"article\" \/>\n<meta property=\"og:title\" content=\"iMac 27&quot;; 4,2GHz, 24GB, 2TB for sale - Apple bazar\" \/>\n<meta property=\"og:description\" content=\"I am selling an 2017 iMac 27&quot; with \u2013 4,2 GHz Quad-Core Intel Core i7 processor \u2013 24GB DDR4 RAM \u2013 2TB Fusion Drive \u2013 Radeon Pro 580 graphics card 8GB it comes without mouse or keyboard. The Computer is in excellent condition. Pickup in Prague.\" \/>\n<meta property=\"og:url\" content=\"https:\/\/www.letemsvetemapplem.eu\/bazar\/imac-27-42ghz-24gb-2tb-for-sale\/\" \/>\n<meta property=\"og:site_name\" content=\"Apple bazar\" \/>\n<meta property=\"article:published_time\" content=\"2021-07-10T14:19:08+00:00\" \/>\n<meta property=\"article:modified_time\" content=\"2021-07-12T19:09:06+00:00\" \/>\n<meta property=\"og:image\" content=\"https:\/\/www.letemsvetemapplem.eu\/bazar\/wp-content\/uploads\/2021\/07\/IMG_4176.jpg\" \/>\n\t<meta property=\"og:image:width\" content=\"756\" \/>\n\t<meta property=\"og:image:height\" content=\"622\" \/>\n\t<meta property=\"og:image:type\" content=\"image\/jpeg\" \/>\n<meta name=\"twitter:card\" content=\"summary_large_image\" \/>\n<script type=\"application\/ld+json\" class=\"yoast-schema-graph\">{\"@context\":\"https:\/\/schema.org\",\"@graph\":[{\"@type\":\"Article\",\"@id\":\"https:\/\/www.letemsvetemapplem.eu\/bazar\/imac-27-42ghz-24gb-2tb-for-sale\/#article\",\"isPartOf\":{\"@id\":\"https:\/\/www.letemsvetemapplem.eu\/bazar\/imac-27-42ghz-24gb-2tb-for-sale\/\"},\"author\":{\"name\":\"\",\"@id\":\"\"},\"headline\":\"iMac 27&quot;; 4,2GHz, 24GB, 2TB for sale\",\"datePublished\":\"2021-07-10T14:19:08+00:00\",\"dateModified\":\"2021-07-12T19:09:06+00:00\",\"mainEntityOfPage\":{\"@id\":\"https:\/\/www.letemsvetemapplem.eu\/bazar\/imac-27-42ghz-24gb-2tb-for-sale\/\"},\"wordCount\":46,\"image\":{\"@id\":\"https:\/\/www.letemsvetemapplem.eu\/bazar\/imac-27-42ghz-24gb-2tb-for-sale\/#primaryimage\"},\"thumbnailUrl\":\"https:\/\/www.letemsvetemapplem.eu\/bazar\/wp-content\/uploads\/2021\/07\/IMG_4176.jpg\",\"articleSection\":[\"iMac\"],\"inLanguage\":\"cs\"},{\"@type\":\"WebPage\",\"@id\":\"https:\/\/www.letemsvetemapplem.eu\/bazar\/imac-27-42ghz-24gb-2tb-for-sale\/\",\"url\":\"https:\/\/www.letemsvetemapplem.eu\/bazar\/imac-27-42ghz-24gb-2tb-for-sale\/\",\"name\":\"iMac 27&quot;; 4,2GHz, 24GB, 2TB for sale - Apple bazar\",\"isPartOf\":{\"@id\":\"https:\/\/www.letemsvetemapplem.eu\/bazar\/#website\"},\"primaryImageOfPage\":{\"@id\":\"https:\/\/www.letemsvetemapplem.eu\/bazar\/imac-27-42ghz-24gb-2tb-for-sale\/#primaryimage\"},\"image\":{\"@id\":\"https:\/\/www.letemsvetemapplem.eu\/bazar\/imac-27-42ghz-24gb-2tb-for-sale\/#primaryimage\"},\"thumbnailUrl\":\"https:\/\/www.letemsvetemapplem.eu\/bazar\/wp-content\/uploads\/2021\/07\/IMG_4176.jpg\",\"datePublished\":\"2021-07-10T14:19:08+00:00\",\"dateModified\":\"2021-07-12T19:09:06+00:00\",\"author\":{\"@id\":\"\"},\"breadcrumb\":{\"@id\":\"https:\/\/www.letemsvetemapplem.eu\/bazar\/imac-27-42ghz-24gb-2tb-for-sale\/#breadcrumb\"},\"inLanguage\":\"cs\",\"potentialAction\":[{\"@type\":\"ReadAction\",\"target\":[\"https:\/\/www.letemsvetemapplem.eu\/bazar\/imac-27-42ghz-24gb-2tb-for-sale\/\"]}]},{\"@type\":\"ImageObject\",\"inLanguage\":\"cs\",\"@id\":\"https:\/\/www.letemsvetemapplem.eu\/bazar\/imac-27-42ghz-24gb-2tb-for-sale\/#primaryimage\",\"url\":\"https:\/\/www.letemsvetemapplem.eu\/bazar\/wp-content\/uploads\/2021\/07\/IMG_4176.jpg\",\"contentUrl\":\"https:\/\/www.letemsvetemapplem.eu\/bazar\/wp-content\/uploads\/2021\/07\/IMG_4176.jpg\",\"width\":756,\"height\":622},{\"@type\":\"BreadcrumbList\",\"@id\":\"https:\/\/www.letemsvetemapplem.eu\/bazar\/imac-27-42ghz-24gb-2tb-for-sale\/#breadcrumb\",\"itemListElement\":[{\"@type\":\"ListItem\",\"position\":1,\"name\":\"Apple Bazar\",\"item\":\"https:\/\/www.letemsvetemapplem.eu\/bazar\/\"},{\"@type\":\"ListItem\",\"position\":2,\"name\":\"iMac 27&quot;; 4,2GHz, 24GB, 2TB for sale\"}]},{\"@type\":\"WebSite\",\"@id\":\"https:\/\/www.letemsvetemapplem.eu\/bazar\/#website\",\"url\":\"https:\/\/www.letemsvetemapplem.eu\/bazar\/\",\"name\":\"Apple bazar\",\"description\":\"Oou\u017eit\u00e9 Apple produkty za skv\u011bl\u00e9 ceny\",\"potentialAction\":[{\"@type\":\"SearchAction\",\"target\":{\"@type\":\"EntryPoint\",\"urlTemplate\":\"https:\/\/www.letemsvetemapplem.eu\/bazar\/?s={search_term_string}\"},\"query-input\":{\"@type\":\"PropertyValueSpecification\",\"valueRequired\":true,\"valueName\":\"search_term_string\"}}],\"inLanguage\":\"cs\"}]}<\/script>\n<!-- \/ Yoast SEO plugin. -->","yoast_head_json":{"title":"iMac 27&quot;; 4,2GHz, 24GB, 2TB for sale - Apple bazar","robots":{"index":"index","follow":"follow","max-snippet":"max-snippet:-1","max-image-preview":"max-image-preview:large","max-video-preview":"max-video-preview:-1"},"canonical":"https:\/\/www.letemsvetemapplem.eu\/bazar\/imac-27-42ghz-24gb-2tb-for-sale\/","og_locale":"cs_CZ","og_type":"article","og_title":"iMac 27&quot;; 4,2GHz, 24GB, 2TB for sale - Apple bazar","og_description":"I am selling an 2017 iMac 27&quot; with \u2013 4,2 GHz Quad-Core Intel Core i7 processor \u2013 24GB DDR4 RAM \u2013 2TB Fusion Drive \u2013 Radeon Pro 580 graphics card 8GB it comes without mouse or keyboard. The Computer is in excellent condition. Pickup in Prague.","og_url":"https:\/\/www.letemsvetemapplem.eu\/bazar\/imac-27-42ghz-24gb-2tb-for-sale\/","og_site_name":"Apple bazar","article_published_time":"2021-07-10T14:19:08+00:00","article_modified_time":"2021-07-12T19:09:06+00:00","og_image":[{"width":756,"height":622,"url":"https:\/\/www.letemsvetemapplem.eu\/bazar\/wp-content\/uploads\/2021\/07\/IMG_4176.jpg","type":"image\/jpeg"}],"twitter_card":"summary_large_image","schema":{"@context":"https:\/\/schema.org","@graph":[{"@type":"Article","@id":"https:\/\/www.letemsvetemapplem.eu\/bazar\/imac-27-42ghz-24gb-2tb-for-sale\/#article","isPartOf":{"@id":"https:\/\/www.letemsvetemapplem.eu\/bazar\/imac-27-42ghz-24gb-2tb-for-sale\/"},"author":{"name":"","@id":""},"headline":"iMac 27&quot;; 4,2GHz, 24GB, 2TB for sale","datePublished":"2021-07-10T14:19:08+00:00","dateModified":"2021-07-12T19:09:06+00:00","mainEntityOfPage":{"@id":"https:\/\/www.letemsvetemapplem.eu\/bazar\/imac-27-42ghz-24gb-2tb-for-sale\/"},"wordCount":46,"image":{"@id":"https:\/\/www.letemsvetemapplem.eu\/bazar\/imac-27-42ghz-24gb-2tb-for-sale\/#primaryimage"},"thumbnailUrl":"https:\/\/www.letemsvetemapplem.eu\/bazar\/wp-content\/uploads\/2021\/07\/IMG_4176.jpg","articleSection":["iMac"],"inLanguage":"cs"},{"@type":"WebPage","@id":"https:\/\/www.letemsvetemapplem.eu\/bazar\/imac-27-42ghz-24gb-2tb-for-sale\/","url":"https:\/\/www.letemsvetemapplem.eu\/bazar\/imac-27-42ghz-24gb-2tb-for-sale\/","name":"iMac 27&quot;; 4,2GHz, 24GB, 2TB for sale - Apple bazar","isPartOf":{"@id":"https:\/\/www.letemsvetemapplem.eu\/bazar\/#website"},"primaryImageOfPage":{"@id":"https:\/\/www.letemsvetemapplem.eu\/bazar\/imac-27-42ghz-24gb-2tb-for-sale\/#primaryimage"},"image":{"@id":"https:\/\/www.letemsvetemapplem.eu\/bazar\/imac-27-42ghz-24gb-2tb-for-sale\/#primaryimage"},"thumbnailUrl":"https:\/\/www.letemsvetemapplem.eu\/bazar\/wp-content\/uploads\/2021\/07\/IMG_4176.jpg","datePublished":"2021-07-10T14:19:08+00:00","dateModified":"2021-07-12T19:09:06+00:00","author":{"@id":""},"breadcrumb":{"@id":"https:\/\/www.letemsvetemapplem.eu\/bazar\/imac-27-42ghz-24gb-2tb-for-sale\/#breadcrumb"},"inLanguage":"cs","potentialAction":[{"@type":"ReadAction","target":["https:\/\/www.letemsvetemapplem.eu\/bazar\/imac-27-42ghz-24gb-2tb-for-sale\/"]}]},{"@type":"ImageObject","inLanguage":"cs","@id":"https:\/\/www.letemsvetemapplem.eu\/bazar\/imac-27-42ghz-24gb-2tb-for-sale\/#primaryimage","url":"https:\/\/www.letemsvetemapplem.eu\/bazar\/wp-content\/uploads\/2021\/07\/IMG_4176.jpg","contentUrl":"https:\/\/www.letemsvetemapplem.eu\/bazar\/wp-content\/uploads\/2021\/07\/IMG_4176.jpg","width":756,"height":622},{"@type":"BreadcrumbList","@id":"https:\/\/www.letemsvetemapplem.eu\/bazar\/imac-27-42ghz-24gb-2tb-for-sale\/#breadcrumb","itemListElement":[{"@type":"ListItem","position":1,"name":"Apple Bazar","item":"https:\/\/www.letemsvetemapplem.eu\/bazar\/"},{"@type":"ListItem","position":2,"name":"iMac 27&quot;; 4,2GHz, 24GB, 2TB for sale"}]},{"@type":"WebSite","@id":"https:\/\/www.letemsvetemapplem.eu\/bazar\/#website","url":"https:\/\/www.letemsvetemapplem.eu\/bazar\/","name":"Apple bazar","description":"Oou\u017eit\u00e9 Apple produkty za skv\u011bl\u00e9 ceny","potentialAction":[{"@type":"SearchAction","target":{"@type":"EntryPoint","urlTemplate":"https:\/\/www.letemsvetemapplem.eu\/bazar\/?s={search_term_string}"},"query-input":{"@type":"PropertyValueSpecification","valueRequired":true,"valueName":"search_term_string"}}],"inLanguage":"cs"}]}},"_links":{"self":[{"href":"https:\/\/www.letemsvetemapplem.eu\/bazar\/wp-json\/wp\/v2\/posts\/232572","targetHints":{"allow":["GET"]}}],"collection":[{"href":"https:\/\/www.letemsvetemapplem.eu\/bazar\/wp-json\/wp\/v2\/posts"}],"about":[{"href":"https:\/\/www.letemsvetemapplem.eu\/bazar\/wp-json\/wp\/v2\/types\/post"}],"replies":[{"embeddable":true,"href":"https:\/\/www.letemsvetemapplem.eu\/bazar\/wp-json\/wp\/v2\/comments?post=232572"}],"version-history":[{"count":2,"href":"https:\/\/www.letemsvetemapplem.eu\/bazar\/wp-json\/wp\/v2\/posts\/232572\/revisions"}],"predecessor-version":[{"id":232742,"href":"https:\/\/www.letemsvetemapplem.eu\/bazar\/wp-json\/wp\/v2\/posts\/232572\/revisions\/232742"}],"wp:featuredmedia":[{"embeddable":true,"href":"https:\/\/www.letemsvetemapplem.eu\/bazar\/wp-json\/wp\/v2\/media\/232573"}],"wp:attachment":[{"href":"https:\/\/www.letemsvetemapplem.eu\/bazar\/wp-json\/wp\/v2\/media?parent=232572"}],"wp:term":[{"taxonomy":"category","embeddable":true,"href":"https:\/\/www.letemsvetemapplem.eu\/bazar\/wp-json\/wp\/v2\/categories?post=232572"},{"taxonomy":"post_tag","embeddable":true,"href":"https:\/\/www.letemsvetemapplem.eu\/bazar\/wp-json\/wp\/v2\/tags?post=232572"}],"curies":[{"name":"wp","href":"https:\/\/api.w.org\/{rel}","templated":true}]}}