{"id":231504,"date":"2021-06-19T19:44:45","date_gmt":"2021-06-19T18:44:45","guid":{"rendered":"https:\/\/www.letemsvetemapplem.eu\/bazar\/?p=231504"},"modified":"2021-06-19T19:44:45","modified_gmt":"2021-06-19T18:44:45","slug":"%ef%a3%bf-macbook-pro-15-retina-dual-gpu","status":"publish","type":"post","link":"https:\/\/www.letemsvetemapplem.eu\/bazar\/%ef%a3%bf-macbook-pro-15-retina-dual-gpu\/","title":{"rendered":"\uf8ff MacBook Pro 15\u201c Retina dual GPU"},"content":{"rendered":"<p>Prod\u00e1m v\u00fdkonn\u00fd Apple MacBook Pro 15&quot; Retina (Late 2013) s du\u00e1ln\u00ed grafikou v n\u00e1sleduj\u00edc\u00ed specifikaci:<\/p>\n<p>Procesor\u200a: 2,3 GHz Intel Core i7 Quad-Core s Turboboost 3,5 GHz<br \/>\nGrafick\u00e1 karta #1\u200a: GeForce GT 750M 2 GB GDDR5, nativn\u00ed rozli\u0161en\u00ed 2880 x 1800 @ 220 ppi<br \/>\nGrafick\u00e1 karta #2: Intel Iris Pro 5200 (1536 MB)<br \/>\nRAM\u200a: 16 GB 1600 MHz DDR3L<br \/>\n\u00dalo\u017ei\u0161t\u011b\u200a: Apple 512 GB SSD (\u010dten\u00ed\/z\u00e1pis ~750\/750 MB\/s)<br \/>\nKonektivita\/porty\u200a: 2x Thunderbolt 2, 1x HDMI, 2x USB 3.0, Wi-Fi 802.11ac, Bluetooth 4.0, slot na SDXC karty, audio in\/out, facetime kamera.<br \/>\nPo\u010det cykl\u016f baterie: 86<br \/>\nSyst\u00e9m\u200a: \u010dist\u00e1 instalce macOS Big Sur 11.4<br \/>\nP\u0159\u00edslu\u0161enstv\u00ed\u200a: nab\u00edje\u010dka, kvalitn\u00ed pouzdro, Parallels Desktop 12 for Mac<\/p>\n<p>MacBook Pro byl provozov\u00e1n na ob\u010dasn\u00e9 grafick\u00e9 pr\u00e1ce v \u010dist\u00e9m, neku\u0159\u00e1ck\u00e9m prost\u0159ed\u00ed, p\u0159ev\u00e1\u017en\u011b s vypnut\u00fdm displejem a p\u0159ipojen\u00fdmi extern\u00edmi monitory, displej tedy nen\u00ed vysv\u00edcen\u00fd. <\/p>\n<p>Za\u010d\u00e1tkem roku 2020 byla v \u010cesk\u00e9m servise vym\u011bn\u011bna baterie za novou v\u010detn\u011b topcase, zahrnuj\u00edc\u00ed tak\u00e9 kompletn\u00ed vy\u010di\u0161t\u011bn\u00ed (doklad k zak\u00e1zce v hodnot\u011b 6.896 K\u010d p\u0159ilo\u017e\u00edm). Baterie m\u00e1 nyn\u00ed 86 cykl\u016f.<\/p>\n<p>Vizu\u00e1ln\u00ed stav MacBook Pro je velmi p\u011bkn\u00fd, jedin\u00fd estetick\u00fd nedostatek je na zadn\u00edm lev\u00e9m rohu, nepozornost p\u0159i p\u0159en\u00e1\u0161en\u00ed. U\u017e\u00edv\u00e1n\u00ed a otev\u00edr\u00e1n\u00ed\/zav\u00edr\u00e1n\u00ed v\u00edka v\u0161ak nevad\u00ed. <\/p>\n<p>K MacBook Pro p\u0159id\u00e1m kvalitn\u00ed cestovn\u00ed pouzdro a v p\u0159\u00edpad\u011b z\u00e1jmu zdarma tak\u00e9 software Parallels Desktop 12 for Mac pro virtualizaci Windows na Mac.<\/p>\n<p>Prohl\u00eddka a podrobn\u00e9 vyzkou\u0161en\u00ed mo\u017en\u00e9 v Praze, kupn\u00ed smlouva samoz\u0159ejmost\u00ed. Mo\u017en\u00e9 je i zasl\u00e1n\u00ed po\u0161tou, DPD \u010di Z\u00e1silkovnou, pop\u0159. do rozumn\u00e9 vzd\u00e1lenosti dovezu.<\/p>\n<p>Kompletn\u00ed specifikace zde: https:\/\/everymac.com\/systems\/apple\/macbook_pro\/specs\/macbook-pro-core-i7-2.3-15-dual-graphics-late-2013-retina-display-specs.html<\/p>\n","protected":false},"excerpt":{"rendered":"<p>Prod\u00e1m v\u00fdkonn\u00fd Apple MacBook Pro 15&quot; Retina (Late 2013) s du\u00e1ln\u00ed grafikou v n\u00e1sleduj\u00edc\u00ed specifikaci: Procesor\u200a: 2,3 GHz Intel Core i7 Quad-Core s Turboboost 3,5 GHz Grafick\u00e1 karta #1\u200a: GeForce GT 750M 2 GB GDDR5, nativn\u00ed rozli\u0161en\u00ed 2880 x 1800 @ 220 ppi Grafick\u00e1 karta #2: Intel Iris Pro 5200 (1536 MB) RAM\u200a: 16 GB&#8230;<\/p>\n","protected":false},"author":0,"featured_media":231505,"comment_status":"closed","ping_status":"closed","sticky":false,"template":"","format":"standard","meta":{"footnotes":""},"categories":[48],"tags":[],"class_list":["post-231504","post","type-post","status-publish","format-standard","has-post-thumbnail","hentry","category-macbook-pro"],"yoast_head":"<!-- This site is optimized with the Yoast SEO plugin v27.2 - https:\/\/yoast.com\/product\/yoast-seo-wordpress\/ -->\n<title>\uf8ff MacBook Pro 15\u201c Retina dual GPU - Apple bazar<\/title>\n<meta name=\"robots\" content=\"index, follow, max-snippet:-1, max-image-preview:large, max-video-preview:-1\" \/>\n<link rel=\"canonical\" href=\"https:\/\/www.letemsvetemapplem.eu\/bazar\/\uf8ff-macbook-pro-15-retina-dual-gpu\/\" \/>\n<meta property=\"og:locale\" content=\"cs_CZ\" \/>\n<meta property=\"og:type\" content=\"article\" \/>\n<meta property=\"og:title\" content=\"\uf8ff MacBook Pro 15\u201c Retina dual GPU - Apple bazar\" \/>\n<meta property=\"og:description\" content=\"Prod\u00e1m v\u00fdkonn\u00fd Apple MacBook Pro 15&quot; Retina (Late 2013) s du\u00e1ln\u00ed grafikou v n\u00e1sleduj\u00edc\u00ed specifikaci: Procesor\u200a: 2,3 GHz Intel Core i7 Quad-Core s Turboboost 3,5 GHz Grafick\u00e1 karta #1\u200a: GeForce GT 750M 2 GB GDDR5, nativn\u00ed rozli\u0161en\u00ed 2880 x 1800 @ 220 ppi Grafick\u00e1 karta #2: Intel Iris Pro 5200 (1536 MB) RAM\u200a: 16 GB...\" \/>\n<meta property=\"og:url\" content=\"https:\/\/www.letemsvetemapplem.eu\/bazar\/\uf8ff-macbook-pro-15-retina-dual-gpu\/\" \/>\n<meta property=\"og:site_name\" content=\"Apple bazar\" \/>\n<meta property=\"article:published_time\" content=\"2021-06-19T18:44:45+00:00\" \/>\n<meta property=\"og:image\" content=\"https:\/\/www.letemsvetemapplem.eu\/bazar\/wp-content\/uploads\/2021\/06\/IMG_6212-scaled.jpg\" \/>\n\t<meta property=\"og:image:width\" content=\"2560\" \/>\n\t<meta property=\"og:image:height\" content=\"2032\" \/>\n\t<meta property=\"og:image:type\" content=\"image\/jpeg\" \/>\n<meta name=\"twitter:card\" content=\"summary_large_image\" \/>\n<script type=\"application\/ld+json\" class=\"yoast-schema-graph\">{\"@context\":\"https:\/\/schema.org\",\"@graph\":[{\"@type\":\"Article\",\"@id\":\"https:\/\/www.letemsvetemapplem.eu\/bazar\/%ef%a3%bf-macbook-pro-15-retina-dual-gpu\/#article\",\"isPartOf\":{\"@id\":\"https:\/\/www.letemsvetemapplem.eu\/bazar\/%ef%a3%bf-macbook-pro-15-retina-dual-gpu\/\"},\"author\":{\"name\":\"\",\"@id\":\"\"},\"headline\":\"\uf8ff MacBook Pro 15\u201c Retina dual GPU\",\"datePublished\":\"2021-06-19T18:44:45+00:00\",\"mainEntityOfPage\":{\"@id\":\"https:\/\/www.letemsvetemapplem.eu\/bazar\/%ef%a3%bf-macbook-pro-15-retina-dual-gpu\/\"},\"wordCount\":303,\"image\":{\"@id\":\"https:\/\/www.letemsvetemapplem.eu\/bazar\/%ef%a3%bf-macbook-pro-15-retina-dual-gpu\/#primaryimage\"},\"thumbnailUrl\":\"https:\/\/www.letemsvetemapplem.eu\/bazar\/wp-content\/uploads\/2021\/06\/IMG_6212-scaled.jpg\",\"articleSection\":[\"MacBook Pro\"],\"inLanguage\":\"cs\"},{\"@type\":\"WebPage\",\"@id\":\"https:\/\/www.letemsvetemapplem.eu\/bazar\/%ef%a3%bf-macbook-pro-15-retina-dual-gpu\/\",\"url\":\"https:\/\/www.letemsvetemapplem.eu\/bazar\/%ef%a3%bf-macbook-pro-15-retina-dual-gpu\/\",\"name\":\"\uf8ff MacBook Pro 15\u201c Retina dual GPU - Apple bazar\",\"isPartOf\":{\"@id\":\"https:\/\/www.letemsvetemapplem.eu\/bazar\/#website\"},\"primaryImageOfPage\":{\"@id\":\"https:\/\/www.letemsvetemapplem.eu\/bazar\/%ef%a3%bf-macbook-pro-15-retina-dual-gpu\/#primaryimage\"},\"image\":{\"@id\":\"https:\/\/www.letemsvetemapplem.eu\/bazar\/%ef%a3%bf-macbook-pro-15-retina-dual-gpu\/#primaryimage\"},\"thumbnailUrl\":\"https:\/\/www.letemsvetemapplem.eu\/bazar\/wp-content\/uploads\/2021\/06\/IMG_6212-scaled.jpg\",\"datePublished\":\"2021-06-19T18:44:45+00:00\",\"author\":{\"@id\":\"\"},\"breadcrumb\":{\"@id\":\"https:\/\/www.letemsvetemapplem.eu\/bazar\/%ef%a3%bf-macbook-pro-15-retina-dual-gpu\/#breadcrumb\"},\"inLanguage\":\"cs\",\"potentialAction\":[{\"@type\":\"ReadAction\",\"target\":[\"https:\/\/www.letemsvetemapplem.eu\/bazar\/%ef%a3%bf-macbook-pro-15-retina-dual-gpu\/\"]}]},{\"@type\":\"ImageObject\",\"inLanguage\":\"cs\",\"@id\":\"https:\/\/www.letemsvetemapplem.eu\/bazar\/%ef%a3%bf-macbook-pro-15-retina-dual-gpu\/#primaryimage\",\"url\":\"https:\/\/www.letemsvetemapplem.eu\/bazar\/wp-content\/uploads\/2021\/06\/IMG_6212-scaled.jpg\",\"contentUrl\":\"https:\/\/www.letemsvetemapplem.eu\/bazar\/wp-content\/uploads\/2021\/06\/IMG_6212-scaled.jpg\",\"width\":2560,\"height\":2032},{\"@type\":\"BreadcrumbList\",\"@id\":\"https:\/\/www.letemsvetemapplem.eu\/bazar\/%ef%a3%bf-macbook-pro-15-retina-dual-gpu\/#breadcrumb\",\"itemListElement\":[{\"@type\":\"ListItem\",\"position\":1,\"name\":\"Apple Bazar\",\"item\":\"https:\/\/www.letemsvetemapplem.eu\/bazar\/\"},{\"@type\":\"ListItem\",\"position\":2,\"name\":\"\uf8ff MacBook Pro 15\u201c Retina dual GPU\"}]},{\"@type\":\"WebSite\",\"@id\":\"https:\/\/www.letemsvetemapplem.eu\/bazar\/#website\",\"url\":\"https:\/\/www.letemsvetemapplem.eu\/bazar\/\",\"name\":\"Apple bazar\",\"description\":\"Oou\u017eit\u00e9 Apple produkty za skv\u011bl\u00e9 ceny\",\"potentialAction\":[{\"@type\":\"SearchAction\",\"target\":{\"@type\":\"EntryPoint\",\"urlTemplate\":\"https:\/\/www.letemsvetemapplem.eu\/bazar\/?s={search_term_string}\"},\"query-input\":{\"@type\":\"PropertyValueSpecification\",\"valueRequired\":true,\"valueName\":\"search_term_string\"}}],\"inLanguage\":\"cs\"}]}<\/script>\n<!-- \/ Yoast SEO plugin. -->","yoast_head_json":{"title":"\uf8ff MacBook Pro 15\u201c Retina dual GPU - Apple bazar","robots":{"index":"index","follow":"follow","max-snippet":"max-snippet:-1","max-image-preview":"max-image-preview:large","max-video-preview":"max-video-preview:-1"},"canonical":"https:\/\/www.letemsvetemapplem.eu\/bazar\/\uf8ff-macbook-pro-15-retina-dual-gpu\/","og_locale":"cs_CZ","og_type":"article","og_title":"\uf8ff MacBook Pro 15\u201c Retina dual GPU - Apple bazar","og_description":"Prod\u00e1m v\u00fdkonn\u00fd Apple MacBook Pro 15&quot; Retina (Late 2013) s du\u00e1ln\u00ed grafikou v n\u00e1sleduj\u00edc\u00ed specifikaci: Procesor\u200a: 2,3 GHz Intel Core i7 Quad-Core s Turboboost 3,5 GHz Grafick\u00e1 karta #1\u200a: GeForce GT 750M 2 GB GDDR5, nativn\u00ed rozli\u0161en\u00ed 2880 x 1800 @ 220 ppi Grafick\u00e1 karta #2: Intel Iris Pro 5200 (1536 MB) RAM\u200a: 16 GB...","og_url":"https:\/\/www.letemsvetemapplem.eu\/bazar\/\uf8ff-macbook-pro-15-retina-dual-gpu\/","og_site_name":"Apple bazar","article_published_time":"2021-06-19T18:44:45+00:00","og_image":[{"width":2560,"height":2032,"url":"https:\/\/www.letemsvetemapplem.eu\/bazar\/wp-content\/uploads\/2021\/06\/IMG_6212-scaled.jpg","type":"image\/jpeg"}],"twitter_card":"summary_large_image","schema":{"@context":"https:\/\/schema.org","@graph":[{"@type":"Article","@id":"https:\/\/www.letemsvetemapplem.eu\/bazar\/%ef%a3%bf-macbook-pro-15-retina-dual-gpu\/#article","isPartOf":{"@id":"https:\/\/www.letemsvetemapplem.eu\/bazar\/%ef%a3%bf-macbook-pro-15-retina-dual-gpu\/"},"author":{"name":"","@id":""},"headline":"\uf8ff MacBook Pro 15\u201c Retina dual GPU","datePublished":"2021-06-19T18:44:45+00:00","mainEntityOfPage":{"@id":"https:\/\/www.letemsvetemapplem.eu\/bazar\/%ef%a3%bf-macbook-pro-15-retina-dual-gpu\/"},"wordCount":303,"image":{"@id":"https:\/\/www.letemsvetemapplem.eu\/bazar\/%ef%a3%bf-macbook-pro-15-retina-dual-gpu\/#primaryimage"},"thumbnailUrl":"https:\/\/www.letemsvetemapplem.eu\/bazar\/wp-content\/uploads\/2021\/06\/IMG_6212-scaled.jpg","articleSection":["MacBook Pro"],"inLanguage":"cs"},{"@type":"WebPage","@id":"https:\/\/www.letemsvetemapplem.eu\/bazar\/%ef%a3%bf-macbook-pro-15-retina-dual-gpu\/","url":"https:\/\/www.letemsvetemapplem.eu\/bazar\/%ef%a3%bf-macbook-pro-15-retina-dual-gpu\/","name":"\uf8ff MacBook Pro 15\u201c Retina dual GPU - Apple bazar","isPartOf":{"@id":"https:\/\/www.letemsvetemapplem.eu\/bazar\/#website"},"primaryImageOfPage":{"@id":"https:\/\/www.letemsvetemapplem.eu\/bazar\/%ef%a3%bf-macbook-pro-15-retina-dual-gpu\/#primaryimage"},"image":{"@id":"https:\/\/www.letemsvetemapplem.eu\/bazar\/%ef%a3%bf-macbook-pro-15-retina-dual-gpu\/#primaryimage"},"thumbnailUrl":"https:\/\/www.letemsvetemapplem.eu\/bazar\/wp-content\/uploads\/2021\/06\/IMG_6212-scaled.jpg","datePublished":"2021-06-19T18:44:45+00:00","author":{"@id":""},"breadcrumb":{"@id":"https:\/\/www.letemsvetemapplem.eu\/bazar\/%ef%a3%bf-macbook-pro-15-retina-dual-gpu\/#breadcrumb"},"inLanguage":"cs","potentialAction":[{"@type":"ReadAction","target":["https:\/\/www.letemsvetemapplem.eu\/bazar\/%ef%a3%bf-macbook-pro-15-retina-dual-gpu\/"]}]},{"@type":"ImageObject","inLanguage":"cs","@id":"https:\/\/www.letemsvetemapplem.eu\/bazar\/%ef%a3%bf-macbook-pro-15-retina-dual-gpu\/#primaryimage","url":"https:\/\/www.letemsvetemapplem.eu\/bazar\/wp-content\/uploads\/2021\/06\/IMG_6212-scaled.jpg","contentUrl":"https:\/\/www.letemsvetemapplem.eu\/bazar\/wp-content\/uploads\/2021\/06\/IMG_6212-scaled.jpg","width":2560,"height":2032},{"@type":"BreadcrumbList","@id":"https:\/\/www.letemsvetemapplem.eu\/bazar\/%ef%a3%bf-macbook-pro-15-retina-dual-gpu\/#breadcrumb","itemListElement":[{"@type":"ListItem","position":1,"name":"Apple Bazar","item":"https:\/\/www.letemsvetemapplem.eu\/bazar\/"},{"@type":"ListItem","position":2,"name":"\uf8ff MacBook Pro 15\u201c Retina dual GPU"}]},{"@type":"WebSite","@id":"https:\/\/www.letemsvetemapplem.eu\/bazar\/#website","url":"https:\/\/www.letemsvetemapplem.eu\/bazar\/","name":"Apple bazar","description":"Oou\u017eit\u00e9 Apple produkty za skv\u011bl\u00e9 ceny","potentialAction":[{"@type":"SearchAction","target":{"@type":"EntryPoint","urlTemplate":"https:\/\/www.letemsvetemapplem.eu\/bazar\/?s={search_term_string}"},"query-input":{"@type":"PropertyValueSpecification","valueRequired":true,"valueName":"search_term_string"}}],"inLanguage":"cs"}]}},"_links":{"self":[{"href":"https:\/\/www.letemsvetemapplem.eu\/bazar\/wp-json\/wp\/v2\/posts\/231504","targetHints":{"allow":["GET"]}}],"collection":[{"href":"https:\/\/www.letemsvetemapplem.eu\/bazar\/wp-json\/wp\/v2\/posts"}],"about":[{"href":"https:\/\/www.letemsvetemapplem.eu\/bazar\/wp-json\/wp\/v2\/types\/post"}],"replies":[{"embeddable":true,"href":"https:\/\/www.letemsvetemapplem.eu\/bazar\/wp-json\/wp\/v2\/comments?post=231504"}],"version-history":[{"count":1,"href":"https:\/\/www.letemsvetemapplem.eu\/bazar\/wp-json\/wp\/v2\/posts\/231504\/revisions"}],"predecessor-version":[{"id":231512,"href":"https:\/\/www.letemsvetemapplem.eu\/bazar\/wp-json\/wp\/v2\/posts\/231504\/revisions\/231512"}],"wp:featuredmedia":[{"embeddable":true,"href":"https:\/\/www.letemsvetemapplem.eu\/bazar\/wp-json\/wp\/v2\/media\/231505"}],"wp:attachment":[{"href":"https:\/\/www.letemsvetemapplem.eu\/bazar\/wp-json\/wp\/v2\/media?parent=231504"}],"wp:term":[{"taxonomy":"category","embeddable":true,"href":"https:\/\/www.letemsvetemapplem.eu\/bazar\/wp-json\/wp\/v2\/categories?post=231504"},{"taxonomy":"post_tag","embeddable":true,"href":"https:\/\/www.letemsvetemapplem.eu\/bazar\/wp-json\/wp\/v2\/tags?post=231504"}],"curies":[{"name":"wp","href":"https:\/\/api.w.org\/{rel}","templated":true}]}}