{"id":230886,"date":"2021-06-10T20:42:11","date_gmt":"2021-06-10T19:42:11","guid":{"rendered":"https:\/\/www.letemsvetemapplem.eu\/bazar\/?p=230886"},"modified":"2021-06-16T13:00:00","modified_gmt":"2021-06-16T12:00:00","slug":"macbook-pro-13-2017-256-gb-8gb-ram","status":"publish","type":"post","link":"https:\/\/www.letemsvetemapplem.eu\/bazar\/macbook-pro-13-2017-256-gb-8gb-ram\/","title":{"rendered":"Macbook Pro 13, 2017, 256 GB, 8GB RAM"},"content":{"rendered":"<p>Dobr\u00fd den, nab\u00edz\u00edm Macbook Pro 13, 2017 s n\u00e1sleduj\u00edc\u00ed konfigurac\u00ed: &lt;br \/&gt;<br \/>\nCPU: Intel Core i5, 2.3 GHz dual-core&lt;br \/&gt;<br \/>\nRAM: 8 GB 2133 MHz&lt;br \/&gt;<br \/>\nGrafika: Intel Iris Plus Graphics 640 (1536 MB)&lt;br \/&gt;<br \/>\nDisplej: 13,3 palc\u016f (2560 \u00d7 1600)&lt;br \/&gt;<br \/>\nKl\u00e1vesnice: \u010cesk\u00e1&lt;br \/&gt;<br \/>\nSSD: 256 GB&lt;br \/&gt;<br \/>\nBarva: Space Gray&lt;br \/&gt;<br \/>\nPo\u010d\u00edta\u010d m\u00e1m od roku 2019 a vypad\u00e1 st\u00e1le velice hezky.&lt;br \/&gt;<br \/>\nNa p\u0159edn\u00ed stran\u011b jsou dva men\u0161\u00ed vrypy (viz foto) a bohu\u017eel nefunguje jack konektor na sluch\u00e1tka. Baterie m\u00e1 217 cykl\u016f, nen\u00ed v\u0161ak u\u017e v nejlep\u0161\u00ed kondici, ukazuje 59.6 % p\u016fvodn\u00ed kapacity.  Po\u010d\u00edta\u010d prod\u00e1v\u00e1m pouze s nab\u00edje\u010dkou, p\u016fvodn\u00ed krabici ji\u017e nem\u00e1m.&lt;br \/&gt;<br \/>\nMo\u017en\u00e9 p\u0159ed\u00e1n\u00ed v Praze, p\u0159\u00edpadn\u011b Ostrav\u011b. Pro v\u00edce info jsem k zasti\u017een\u00ed na mailu.<\/p>\n","protected":false},"excerpt":{"rendered":"<p>Dobr\u00fd den, nab\u00edz\u00edm Macbook Pro 13, 2017 s n\u00e1sleduj\u00edc\u00ed konfigurac\u00ed: &lt;br \/&gt; CPU: Intel Core i5, 2.3 GHz dual-core&lt;br \/&gt; RAM: 8 GB 2133 MHz&lt;br \/&gt; Grafika: Intel Iris Plus Graphics 640 (1536 MB)&lt;br \/&gt; Displej: 13,3 palc\u016f (2560 \u00d7 1600)&lt;br \/&gt; Kl\u00e1vesnice: \u010cesk\u00e1&lt;br \/&gt; SSD: 256 GB&lt;br \/&gt; Barva: Space Gray&lt;br \/&gt; Po\u010d\u00edta\u010d m\u00e1m&#8230;<\/p>\n","protected":false},"author":0,"featured_media":230887,"comment_status":"closed","ping_status":"closed","sticky":false,"template":"","format":"standard","meta":{"footnotes":""},"categories":[48],"tags":[],"class_list":["post-230886","post","type-post","status-publish","format-standard","has-post-thumbnail","hentry","category-macbook-pro"],"yoast_head":"<!-- This site is optimized with the Yoast SEO plugin v27.5 - https:\/\/yoast.com\/product\/yoast-seo-wordpress\/ -->\n<title>Macbook Pro 13, 2017, 256 GB, 8GB RAM - Apple bazar<\/title>\n<meta name=\"robots\" content=\"index, follow, max-snippet:-1, max-image-preview:large, max-video-preview:-1\" \/>\n<link rel=\"canonical\" href=\"https:\/\/www.letemsvetemapplem.eu\/bazar\/macbook-pro-13-2017-256-gb-8gb-ram\/\" \/>\n<meta property=\"og:locale\" content=\"cs_CZ\" \/>\n<meta property=\"og:type\" content=\"article\" \/>\n<meta property=\"og:title\" content=\"Macbook Pro 13, 2017, 256 GB, 8GB RAM - Apple bazar\" \/>\n<meta property=\"og:description\" content=\"Dobr\u00fd den, nab\u00edz\u00edm Macbook Pro 13, 2017 s n\u00e1sleduj\u00edc\u00ed konfigurac\u00ed: &lt;br \/&gt; CPU: Intel Core i5, 2.3 GHz dual-core&lt;br \/&gt; RAM: 8 GB 2133 MHz&lt;br \/&gt; Grafika: Intel Iris Plus Graphics 640 (1536 MB)&lt;br \/&gt; Displej: 13,3 palc\u016f (2560 \u00d7 1600)&lt;br \/&gt; Kl\u00e1vesnice: \u010cesk\u00e1&lt;br \/&gt; SSD: 256 GB&lt;br \/&gt; Barva: Space Gray&lt;br \/&gt; Po\u010d\u00edta\u010d m\u00e1m...\" \/>\n<meta property=\"og:url\" content=\"https:\/\/www.letemsvetemapplem.eu\/bazar\/macbook-pro-13-2017-256-gb-8gb-ram\/\" \/>\n<meta property=\"og:site_name\" content=\"Apple bazar\" \/>\n<meta property=\"article:published_time\" content=\"2021-06-10T19:42:11+00:00\" \/>\n<meta property=\"article:modified_time\" content=\"2021-06-16T12:00:00+00:00\" \/>\n<meta property=\"og:image\" content=\"https:\/\/www.letemsvetemapplem.eu\/bazar\/wp-content\/uploads\/2021\/06\/IMG_0428-scaled.jpeg\" \/>\n\t<meta property=\"og:image:width\" content=\"1920\" \/>\n\t<meta property=\"og:image:height\" content=\"2560\" \/>\n\t<meta property=\"og:image:type\" content=\"image\/jpeg\" \/>\n<meta name=\"twitter:card\" content=\"summary_large_image\" \/>\n<script type=\"application\/ld+json\" class=\"yoast-schema-graph\">{\"@context\":\"https:\\\/\\\/schema.org\",\"@graph\":[{\"@type\":\"Article\",\"@id\":\"https:\\\/\\\/www.letemsvetemapplem.eu\\\/bazar\\\/macbook-pro-13-2017-256-gb-8gb-ram\\\/#article\",\"isPartOf\":{\"@id\":\"https:\\\/\\\/www.letemsvetemapplem.eu\\\/bazar\\\/macbook-pro-13-2017-256-gb-8gb-ram\\\/\"},\"author\":{\"name\":\"\",\"@id\":\"\"},\"headline\":\"Macbook Pro 13, 2017, 256 GB, 8GB RAM\",\"datePublished\":\"2021-06-10T19:42:11+00:00\",\"dateModified\":\"2021-06-16T12:00:00+00:00\",\"mainEntityOfPage\":{\"@id\":\"https:\\\/\\\/www.letemsvetemapplem.eu\\\/bazar\\\/macbook-pro-13-2017-256-gb-8gb-ram\\\/\"},\"wordCount\":153,\"image\":{\"@id\":\"https:\\\/\\\/www.letemsvetemapplem.eu\\\/bazar\\\/macbook-pro-13-2017-256-gb-8gb-ram\\\/#primaryimage\"},\"thumbnailUrl\":\"https:\\\/\\\/www.letemsvetemapplem.eu\\\/bazar\\\/wp-content\\\/uploads\\\/2021\\\/06\\\/IMG_0428-scaled.jpeg\",\"articleSection\":[\"MacBook Pro\"],\"inLanguage\":\"cs\"},{\"@type\":\"WebPage\",\"@id\":\"https:\\\/\\\/www.letemsvetemapplem.eu\\\/bazar\\\/macbook-pro-13-2017-256-gb-8gb-ram\\\/\",\"url\":\"https:\\\/\\\/www.letemsvetemapplem.eu\\\/bazar\\\/macbook-pro-13-2017-256-gb-8gb-ram\\\/\",\"name\":\"Macbook Pro 13, 2017, 256 GB, 8GB RAM - Apple bazar\",\"isPartOf\":{\"@id\":\"https:\\\/\\\/www.letemsvetemapplem.eu\\\/bazar\\\/#website\"},\"primaryImageOfPage\":{\"@id\":\"https:\\\/\\\/www.letemsvetemapplem.eu\\\/bazar\\\/macbook-pro-13-2017-256-gb-8gb-ram\\\/#primaryimage\"},\"image\":{\"@id\":\"https:\\\/\\\/www.letemsvetemapplem.eu\\\/bazar\\\/macbook-pro-13-2017-256-gb-8gb-ram\\\/#primaryimage\"},\"thumbnailUrl\":\"https:\\\/\\\/www.letemsvetemapplem.eu\\\/bazar\\\/wp-content\\\/uploads\\\/2021\\\/06\\\/IMG_0428-scaled.jpeg\",\"datePublished\":\"2021-06-10T19:42:11+00:00\",\"dateModified\":\"2021-06-16T12:00:00+00:00\",\"author\":{\"@id\":\"\"},\"breadcrumb\":{\"@id\":\"https:\\\/\\\/www.letemsvetemapplem.eu\\\/bazar\\\/macbook-pro-13-2017-256-gb-8gb-ram\\\/#breadcrumb\"},\"inLanguage\":\"cs\",\"potentialAction\":[{\"@type\":\"ReadAction\",\"target\":[\"https:\\\/\\\/www.letemsvetemapplem.eu\\\/bazar\\\/macbook-pro-13-2017-256-gb-8gb-ram\\\/\"]}]},{\"@type\":\"ImageObject\",\"inLanguage\":\"cs\",\"@id\":\"https:\\\/\\\/www.letemsvetemapplem.eu\\\/bazar\\\/macbook-pro-13-2017-256-gb-8gb-ram\\\/#primaryimage\",\"url\":\"https:\\\/\\\/www.letemsvetemapplem.eu\\\/bazar\\\/wp-content\\\/uploads\\\/2021\\\/06\\\/IMG_0428-scaled.jpeg\",\"contentUrl\":\"https:\\\/\\\/www.letemsvetemapplem.eu\\\/bazar\\\/wp-content\\\/uploads\\\/2021\\\/06\\\/IMG_0428-scaled.jpeg\",\"width\":1920,\"height\":2560},{\"@type\":\"BreadcrumbList\",\"@id\":\"https:\\\/\\\/www.letemsvetemapplem.eu\\\/bazar\\\/macbook-pro-13-2017-256-gb-8gb-ram\\\/#breadcrumb\",\"itemListElement\":[{\"@type\":\"ListItem\",\"position\":1,\"name\":\"Apple Bazar\",\"item\":\"https:\\\/\\\/www.letemsvetemapplem.eu\\\/bazar\\\/\"},{\"@type\":\"ListItem\",\"position\":2,\"name\":\"Macbook Pro 13, 2017, 256 GB, 8GB RAM\"}]},{\"@type\":\"WebSite\",\"@id\":\"https:\\\/\\\/www.letemsvetemapplem.eu\\\/bazar\\\/#website\",\"url\":\"https:\\\/\\\/www.letemsvetemapplem.eu\\\/bazar\\\/\",\"name\":\"Apple bazar\",\"description\":\"Oou\u017eit\u00e9 Apple produkty za skv\u011bl\u00e9 ceny\",\"potentialAction\":[{\"@type\":\"SearchAction\",\"target\":{\"@type\":\"EntryPoint\",\"urlTemplate\":\"https:\\\/\\\/www.letemsvetemapplem.eu\\\/bazar\\\/?s={search_term_string}\"},\"query-input\":{\"@type\":\"PropertyValueSpecification\",\"valueRequired\":true,\"valueName\":\"search_term_string\"}}],\"inLanguage\":\"cs\"}]}<\/script>\n<!-- \/ Yoast SEO plugin. -->","yoast_head_json":{"title":"Macbook Pro 13, 2017, 256 GB, 8GB RAM - Apple bazar","robots":{"index":"index","follow":"follow","max-snippet":"max-snippet:-1","max-image-preview":"max-image-preview:large","max-video-preview":"max-video-preview:-1"},"canonical":"https:\/\/www.letemsvetemapplem.eu\/bazar\/macbook-pro-13-2017-256-gb-8gb-ram\/","og_locale":"cs_CZ","og_type":"article","og_title":"Macbook Pro 13, 2017, 256 GB, 8GB RAM - Apple bazar","og_description":"Dobr\u00fd den, nab\u00edz\u00edm Macbook Pro 13, 2017 s n\u00e1sleduj\u00edc\u00ed konfigurac\u00ed: &lt;br \/&gt; CPU: Intel Core i5, 2.3 GHz dual-core&lt;br \/&gt; RAM: 8 GB 2133 MHz&lt;br \/&gt; Grafika: Intel Iris Plus Graphics 640 (1536 MB)&lt;br \/&gt; Displej: 13,3 palc\u016f (2560 \u00d7 1600)&lt;br \/&gt; Kl\u00e1vesnice: \u010cesk\u00e1&lt;br \/&gt; SSD: 256 GB&lt;br \/&gt; Barva: Space Gray&lt;br \/&gt; Po\u010d\u00edta\u010d m\u00e1m...","og_url":"https:\/\/www.letemsvetemapplem.eu\/bazar\/macbook-pro-13-2017-256-gb-8gb-ram\/","og_site_name":"Apple bazar","article_published_time":"2021-06-10T19:42:11+00:00","article_modified_time":"2021-06-16T12:00:00+00:00","og_image":[{"width":1920,"height":2560,"url":"https:\/\/www.letemsvetemapplem.eu\/bazar\/wp-content\/uploads\/2021\/06\/IMG_0428-scaled.jpeg","type":"image\/jpeg"}],"twitter_card":"summary_large_image","schema":{"@context":"https:\/\/schema.org","@graph":[{"@type":"Article","@id":"https:\/\/www.letemsvetemapplem.eu\/bazar\/macbook-pro-13-2017-256-gb-8gb-ram\/#article","isPartOf":{"@id":"https:\/\/www.letemsvetemapplem.eu\/bazar\/macbook-pro-13-2017-256-gb-8gb-ram\/"},"author":{"name":"","@id":""},"headline":"Macbook Pro 13, 2017, 256 GB, 8GB RAM","datePublished":"2021-06-10T19:42:11+00:00","dateModified":"2021-06-16T12:00:00+00:00","mainEntityOfPage":{"@id":"https:\/\/www.letemsvetemapplem.eu\/bazar\/macbook-pro-13-2017-256-gb-8gb-ram\/"},"wordCount":153,"image":{"@id":"https:\/\/www.letemsvetemapplem.eu\/bazar\/macbook-pro-13-2017-256-gb-8gb-ram\/#primaryimage"},"thumbnailUrl":"https:\/\/www.letemsvetemapplem.eu\/bazar\/wp-content\/uploads\/2021\/06\/IMG_0428-scaled.jpeg","articleSection":["MacBook Pro"],"inLanguage":"cs"},{"@type":"WebPage","@id":"https:\/\/www.letemsvetemapplem.eu\/bazar\/macbook-pro-13-2017-256-gb-8gb-ram\/","url":"https:\/\/www.letemsvetemapplem.eu\/bazar\/macbook-pro-13-2017-256-gb-8gb-ram\/","name":"Macbook Pro 13, 2017, 256 GB, 8GB RAM - Apple bazar","isPartOf":{"@id":"https:\/\/www.letemsvetemapplem.eu\/bazar\/#website"},"primaryImageOfPage":{"@id":"https:\/\/www.letemsvetemapplem.eu\/bazar\/macbook-pro-13-2017-256-gb-8gb-ram\/#primaryimage"},"image":{"@id":"https:\/\/www.letemsvetemapplem.eu\/bazar\/macbook-pro-13-2017-256-gb-8gb-ram\/#primaryimage"},"thumbnailUrl":"https:\/\/www.letemsvetemapplem.eu\/bazar\/wp-content\/uploads\/2021\/06\/IMG_0428-scaled.jpeg","datePublished":"2021-06-10T19:42:11+00:00","dateModified":"2021-06-16T12:00:00+00:00","author":{"@id":""},"breadcrumb":{"@id":"https:\/\/www.letemsvetemapplem.eu\/bazar\/macbook-pro-13-2017-256-gb-8gb-ram\/#breadcrumb"},"inLanguage":"cs","potentialAction":[{"@type":"ReadAction","target":["https:\/\/www.letemsvetemapplem.eu\/bazar\/macbook-pro-13-2017-256-gb-8gb-ram\/"]}]},{"@type":"ImageObject","inLanguage":"cs","@id":"https:\/\/www.letemsvetemapplem.eu\/bazar\/macbook-pro-13-2017-256-gb-8gb-ram\/#primaryimage","url":"https:\/\/www.letemsvetemapplem.eu\/bazar\/wp-content\/uploads\/2021\/06\/IMG_0428-scaled.jpeg","contentUrl":"https:\/\/www.letemsvetemapplem.eu\/bazar\/wp-content\/uploads\/2021\/06\/IMG_0428-scaled.jpeg","width":1920,"height":2560},{"@type":"BreadcrumbList","@id":"https:\/\/www.letemsvetemapplem.eu\/bazar\/macbook-pro-13-2017-256-gb-8gb-ram\/#breadcrumb","itemListElement":[{"@type":"ListItem","position":1,"name":"Apple Bazar","item":"https:\/\/www.letemsvetemapplem.eu\/bazar\/"},{"@type":"ListItem","position":2,"name":"Macbook Pro 13, 2017, 256 GB, 8GB RAM"}]},{"@type":"WebSite","@id":"https:\/\/www.letemsvetemapplem.eu\/bazar\/#website","url":"https:\/\/www.letemsvetemapplem.eu\/bazar\/","name":"Apple bazar","description":"Oou\u017eit\u00e9 Apple produkty za skv\u011bl\u00e9 ceny","potentialAction":[{"@type":"SearchAction","target":{"@type":"EntryPoint","urlTemplate":"https:\/\/www.letemsvetemapplem.eu\/bazar\/?s={search_term_string}"},"query-input":{"@type":"PropertyValueSpecification","valueRequired":true,"valueName":"search_term_string"}}],"inLanguage":"cs"}]}},"_links":{"self":[{"href":"https:\/\/www.letemsvetemapplem.eu\/bazar\/wp-json\/wp\/v2\/posts\/230886","targetHints":{"allow":["GET"]}}],"collection":[{"href":"https:\/\/www.letemsvetemapplem.eu\/bazar\/wp-json\/wp\/v2\/posts"}],"about":[{"href":"https:\/\/www.letemsvetemapplem.eu\/bazar\/wp-json\/wp\/v2\/types\/post"}],"replies":[{"embeddable":true,"href":"https:\/\/www.letemsvetemapplem.eu\/bazar\/wp-json\/wp\/v2\/comments?post=230886"}],"version-history":[{"count":5,"href":"https:\/\/www.letemsvetemapplem.eu\/bazar\/wp-json\/wp\/v2\/posts\/230886\/revisions"}],"predecessor-version":[{"id":231287,"href":"https:\/\/www.letemsvetemapplem.eu\/bazar\/wp-json\/wp\/v2\/posts\/230886\/revisions\/231287"}],"wp:featuredmedia":[{"embeddable":true,"href":"https:\/\/www.letemsvetemapplem.eu\/bazar\/wp-json\/wp\/v2\/media\/230887"}],"wp:attachment":[{"href":"https:\/\/www.letemsvetemapplem.eu\/bazar\/wp-json\/wp\/v2\/media?parent=230886"}],"wp:term":[{"taxonomy":"category","embeddable":true,"href":"https:\/\/www.letemsvetemapplem.eu\/bazar\/wp-json\/wp\/v2\/categories?post=230886"},{"taxonomy":"post_tag","embeddable":true,"href":"https:\/\/www.letemsvetemapplem.eu\/bazar\/wp-json\/wp\/v2\/tags?post=230886"}],"curies":[{"name":"wp","href":"https:\/\/api.w.org\/{rel}","templated":true}]}}