{"id":230109,"date":"2021-06-02T16:54:19","date_gmt":"2021-06-02T15:54:19","guid":{"rendered":"https:\/\/www.letemsvetemapplem.eu\/bazar\/?p=230109"},"modified":"2021-06-02T16:54:19","modified_gmt":"2021-06-02T15:54:19","slug":"macbook-air-2019-poskozene-lcd","status":"publish","type":"post","link":"https:\/\/www.letemsvetemapplem.eu\/bazar\/macbook-air-2019-poskozene-lcd\/","title":{"rendered":"MacBook Air 2019, po\u0161kozen\u00e9 LCD"},"content":{"rendered":"<p>rod\u00e1m MacBook Air rok 2019, st\u00e1le je\u0161t\u011b rok v z\u00e1ruce ( zakoupeny Iwant ). MacBook nebyl skoro pou\u017e\u00edv\u00e1n, funguje jak m\u00e1 akor\u00e1t syn m\u011b ipadem bouchnul do monitoru , ud\u011blal se pavouk na monitoru ( viz foto ) . V\u00fdm\u011bna v Iwantu kde je koupeny za 13000 K\u010d. Bohu\u017eel nem\u00e1m finance na opravu moment\u00e1ln\u011b, proto zkus\u00edm prodam ne\u017e propadne z\u00e1ruka. T\u0159eba si n\u011bjak\u00fd \u0161ikula oprav\u00ed s\u00e1m. P\u016fvodn\u00ed cena 27990 K\u010d , k macbooku m\u00e1m origin\u00e1ln\u00ed krabici, nabijecka plus faktura o koupeni. Na cen\u011b se m\u016f\u017eeme dohodnout<\/p>\n","protected":false},"excerpt":{"rendered":"<p>rod\u00e1m MacBook Air rok 2019, st\u00e1le je\u0161t\u011b rok v z\u00e1ruce ( zakoupeny Iwant ). MacBook nebyl skoro pou\u017e\u00edv\u00e1n, funguje jak m\u00e1 akor\u00e1t syn m\u011b ipadem bouchnul do monitoru , ud\u011blal se pavouk na monitoru ( viz foto ) . V\u00fdm\u011bna v Iwantu kde je koupeny za 13000 K\u010d. Bohu\u017eel nem\u00e1m finance na opravu moment\u00e1ln\u011b, proto&#8230;<\/p>\n","protected":false},"author":0,"featured_media":230110,"comment_status":"closed","ping_status":"closed","sticky":false,"template":"","format":"standard","meta":{"footnotes":""},"categories":[42],"tags":[],"class_list":["post-230109","post","type-post","status-publish","format-standard","has-post-thumbnail","hentry","category-macbook-air"],"yoast_head":"<!-- This site is optimized with the Yoast SEO plugin v27.5 - https:\/\/yoast.com\/product\/yoast-seo-wordpress\/ -->\n<title>MacBook Air 2019, po\u0161kozen\u00e9 LCD - Apple bazar<\/title>\n<meta name=\"robots\" content=\"index, follow, max-snippet:-1, max-image-preview:large, max-video-preview:-1\" \/>\n<link rel=\"canonical\" href=\"https:\/\/www.letemsvetemapplem.eu\/bazar\/macbook-air-2019-poskozene-lcd\/\" \/>\n<meta property=\"og:locale\" content=\"cs_CZ\" \/>\n<meta property=\"og:type\" content=\"article\" \/>\n<meta property=\"og:title\" content=\"MacBook Air 2019, po\u0161kozen\u00e9 LCD - Apple bazar\" \/>\n<meta property=\"og:description\" content=\"rod\u00e1m MacBook Air rok 2019, st\u00e1le je\u0161t\u011b rok v z\u00e1ruce ( zakoupeny Iwant ). MacBook nebyl skoro pou\u017e\u00edv\u00e1n, funguje jak m\u00e1 akor\u00e1t syn m\u011b ipadem bouchnul do monitoru , ud\u011blal se pavouk na monitoru ( viz foto ) . V\u00fdm\u011bna v Iwantu kde je koupeny za 13000 K\u010d. Bohu\u017eel nem\u00e1m finance na opravu moment\u00e1ln\u011b, proto...\" \/>\n<meta property=\"og:url\" content=\"https:\/\/www.letemsvetemapplem.eu\/bazar\/macbook-air-2019-poskozene-lcd\/\" \/>\n<meta property=\"og:site_name\" content=\"Apple bazar\" \/>\n<meta property=\"article:published_time\" content=\"2021-06-02T15:54:19+00:00\" \/>\n<meta property=\"og:image\" content=\"https:\/\/www.letemsvetemapplem.eu\/bazar\/wp-content\/uploads\/2021\/06\/306A5BEA-2A23-47C0-B0AC-AEC127AD704F-scaled.jpeg\" \/>\n\t<meta property=\"og:image:width\" content=\"1920\" \/>\n\t<meta property=\"og:image:height\" content=\"2560\" \/>\n\t<meta property=\"og:image:type\" content=\"image\/jpeg\" \/>\n<meta name=\"twitter:card\" content=\"summary_large_image\" \/>\n<script type=\"application\/ld+json\" class=\"yoast-schema-graph\">{\"@context\":\"https:\\\/\\\/schema.org\",\"@graph\":[{\"@type\":\"Article\",\"@id\":\"https:\\\/\\\/www.letemsvetemapplem.eu\\\/bazar\\\/macbook-air-2019-poskozene-lcd\\\/#article\",\"isPartOf\":{\"@id\":\"https:\\\/\\\/www.letemsvetemapplem.eu\\\/bazar\\\/macbook-air-2019-poskozene-lcd\\\/\"},\"author\":{\"name\":\"\",\"@id\":\"\"},\"headline\":\"MacBook Air 2019, po\u0161kozen\u00e9 LCD\",\"datePublished\":\"2021-06-02T15:54:19+00:00\",\"mainEntityOfPage\":{\"@id\":\"https:\\\/\\\/www.letemsvetemapplem.eu\\\/bazar\\\/macbook-air-2019-poskozene-lcd\\\/\"},\"wordCount\":103,\"image\":{\"@id\":\"https:\\\/\\\/www.letemsvetemapplem.eu\\\/bazar\\\/macbook-air-2019-poskozene-lcd\\\/#primaryimage\"},\"thumbnailUrl\":\"https:\\\/\\\/www.letemsvetemapplem.eu\\\/bazar\\\/wp-content\\\/uploads\\\/2021\\\/06\\\/306A5BEA-2A23-47C0-B0AC-AEC127AD704F-scaled.jpeg\",\"articleSection\":[\"MacBook Air\"],\"inLanguage\":\"cs\"},{\"@type\":\"WebPage\",\"@id\":\"https:\\\/\\\/www.letemsvetemapplem.eu\\\/bazar\\\/macbook-air-2019-poskozene-lcd\\\/\",\"url\":\"https:\\\/\\\/www.letemsvetemapplem.eu\\\/bazar\\\/macbook-air-2019-poskozene-lcd\\\/\",\"name\":\"MacBook Air 2019, po\u0161kozen\u00e9 LCD - Apple bazar\",\"isPartOf\":{\"@id\":\"https:\\\/\\\/www.letemsvetemapplem.eu\\\/bazar\\\/#website\"},\"primaryImageOfPage\":{\"@id\":\"https:\\\/\\\/www.letemsvetemapplem.eu\\\/bazar\\\/macbook-air-2019-poskozene-lcd\\\/#primaryimage\"},\"image\":{\"@id\":\"https:\\\/\\\/www.letemsvetemapplem.eu\\\/bazar\\\/macbook-air-2019-poskozene-lcd\\\/#primaryimage\"},\"thumbnailUrl\":\"https:\\\/\\\/www.letemsvetemapplem.eu\\\/bazar\\\/wp-content\\\/uploads\\\/2021\\\/06\\\/306A5BEA-2A23-47C0-B0AC-AEC127AD704F-scaled.jpeg\",\"datePublished\":\"2021-06-02T15:54:19+00:00\",\"author\":{\"@id\":\"\"},\"breadcrumb\":{\"@id\":\"https:\\\/\\\/www.letemsvetemapplem.eu\\\/bazar\\\/macbook-air-2019-poskozene-lcd\\\/#breadcrumb\"},\"inLanguage\":\"cs\",\"potentialAction\":[{\"@type\":\"ReadAction\",\"target\":[\"https:\\\/\\\/www.letemsvetemapplem.eu\\\/bazar\\\/macbook-air-2019-poskozene-lcd\\\/\"]}]},{\"@type\":\"ImageObject\",\"inLanguage\":\"cs\",\"@id\":\"https:\\\/\\\/www.letemsvetemapplem.eu\\\/bazar\\\/macbook-air-2019-poskozene-lcd\\\/#primaryimage\",\"url\":\"https:\\\/\\\/www.letemsvetemapplem.eu\\\/bazar\\\/wp-content\\\/uploads\\\/2021\\\/06\\\/306A5BEA-2A23-47C0-B0AC-AEC127AD704F-scaled.jpeg\",\"contentUrl\":\"https:\\\/\\\/www.letemsvetemapplem.eu\\\/bazar\\\/wp-content\\\/uploads\\\/2021\\\/06\\\/306A5BEA-2A23-47C0-B0AC-AEC127AD704F-scaled.jpeg\",\"width\":1920,\"height\":2560},{\"@type\":\"BreadcrumbList\",\"@id\":\"https:\\\/\\\/www.letemsvetemapplem.eu\\\/bazar\\\/macbook-air-2019-poskozene-lcd\\\/#breadcrumb\",\"itemListElement\":[{\"@type\":\"ListItem\",\"position\":1,\"name\":\"Apple Bazar\",\"item\":\"https:\\\/\\\/www.letemsvetemapplem.eu\\\/bazar\\\/\"},{\"@type\":\"ListItem\",\"position\":2,\"name\":\"MacBook Air 2019, po\u0161kozen\u00e9 LCD\"}]},{\"@type\":\"WebSite\",\"@id\":\"https:\\\/\\\/www.letemsvetemapplem.eu\\\/bazar\\\/#website\",\"url\":\"https:\\\/\\\/www.letemsvetemapplem.eu\\\/bazar\\\/\",\"name\":\"Apple bazar\",\"description\":\"Oou\u017eit\u00e9 Apple produkty za skv\u011bl\u00e9 ceny\",\"potentialAction\":[{\"@type\":\"SearchAction\",\"target\":{\"@type\":\"EntryPoint\",\"urlTemplate\":\"https:\\\/\\\/www.letemsvetemapplem.eu\\\/bazar\\\/?s={search_term_string}\"},\"query-input\":{\"@type\":\"PropertyValueSpecification\",\"valueRequired\":true,\"valueName\":\"search_term_string\"}}],\"inLanguage\":\"cs\"}]}<\/script>\n<!-- \/ Yoast SEO plugin. -->","yoast_head_json":{"title":"MacBook Air 2019, po\u0161kozen\u00e9 LCD - Apple bazar","robots":{"index":"index","follow":"follow","max-snippet":"max-snippet:-1","max-image-preview":"max-image-preview:large","max-video-preview":"max-video-preview:-1"},"canonical":"https:\/\/www.letemsvetemapplem.eu\/bazar\/macbook-air-2019-poskozene-lcd\/","og_locale":"cs_CZ","og_type":"article","og_title":"MacBook Air 2019, po\u0161kozen\u00e9 LCD - Apple bazar","og_description":"rod\u00e1m MacBook Air rok 2019, st\u00e1le je\u0161t\u011b rok v z\u00e1ruce ( zakoupeny Iwant ). MacBook nebyl skoro pou\u017e\u00edv\u00e1n, funguje jak m\u00e1 akor\u00e1t syn m\u011b ipadem bouchnul do monitoru , ud\u011blal se pavouk na monitoru ( viz foto ) . V\u00fdm\u011bna v Iwantu kde je koupeny za 13000 K\u010d. Bohu\u017eel nem\u00e1m finance na opravu moment\u00e1ln\u011b, proto...","og_url":"https:\/\/www.letemsvetemapplem.eu\/bazar\/macbook-air-2019-poskozene-lcd\/","og_site_name":"Apple bazar","article_published_time":"2021-06-02T15:54:19+00:00","og_image":[{"width":1920,"height":2560,"url":"https:\/\/www.letemsvetemapplem.eu\/bazar\/wp-content\/uploads\/2021\/06\/306A5BEA-2A23-47C0-B0AC-AEC127AD704F-scaled.jpeg","type":"image\/jpeg"}],"twitter_card":"summary_large_image","schema":{"@context":"https:\/\/schema.org","@graph":[{"@type":"Article","@id":"https:\/\/www.letemsvetemapplem.eu\/bazar\/macbook-air-2019-poskozene-lcd\/#article","isPartOf":{"@id":"https:\/\/www.letemsvetemapplem.eu\/bazar\/macbook-air-2019-poskozene-lcd\/"},"author":{"name":"","@id":""},"headline":"MacBook Air 2019, po\u0161kozen\u00e9 LCD","datePublished":"2021-06-02T15:54:19+00:00","mainEntityOfPage":{"@id":"https:\/\/www.letemsvetemapplem.eu\/bazar\/macbook-air-2019-poskozene-lcd\/"},"wordCount":103,"image":{"@id":"https:\/\/www.letemsvetemapplem.eu\/bazar\/macbook-air-2019-poskozene-lcd\/#primaryimage"},"thumbnailUrl":"https:\/\/www.letemsvetemapplem.eu\/bazar\/wp-content\/uploads\/2021\/06\/306A5BEA-2A23-47C0-B0AC-AEC127AD704F-scaled.jpeg","articleSection":["MacBook Air"],"inLanguage":"cs"},{"@type":"WebPage","@id":"https:\/\/www.letemsvetemapplem.eu\/bazar\/macbook-air-2019-poskozene-lcd\/","url":"https:\/\/www.letemsvetemapplem.eu\/bazar\/macbook-air-2019-poskozene-lcd\/","name":"MacBook Air 2019, po\u0161kozen\u00e9 LCD - Apple bazar","isPartOf":{"@id":"https:\/\/www.letemsvetemapplem.eu\/bazar\/#website"},"primaryImageOfPage":{"@id":"https:\/\/www.letemsvetemapplem.eu\/bazar\/macbook-air-2019-poskozene-lcd\/#primaryimage"},"image":{"@id":"https:\/\/www.letemsvetemapplem.eu\/bazar\/macbook-air-2019-poskozene-lcd\/#primaryimage"},"thumbnailUrl":"https:\/\/www.letemsvetemapplem.eu\/bazar\/wp-content\/uploads\/2021\/06\/306A5BEA-2A23-47C0-B0AC-AEC127AD704F-scaled.jpeg","datePublished":"2021-06-02T15:54:19+00:00","author":{"@id":""},"breadcrumb":{"@id":"https:\/\/www.letemsvetemapplem.eu\/bazar\/macbook-air-2019-poskozene-lcd\/#breadcrumb"},"inLanguage":"cs","potentialAction":[{"@type":"ReadAction","target":["https:\/\/www.letemsvetemapplem.eu\/bazar\/macbook-air-2019-poskozene-lcd\/"]}]},{"@type":"ImageObject","inLanguage":"cs","@id":"https:\/\/www.letemsvetemapplem.eu\/bazar\/macbook-air-2019-poskozene-lcd\/#primaryimage","url":"https:\/\/www.letemsvetemapplem.eu\/bazar\/wp-content\/uploads\/2021\/06\/306A5BEA-2A23-47C0-B0AC-AEC127AD704F-scaled.jpeg","contentUrl":"https:\/\/www.letemsvetemapplem.eu\/bazar\/wp-content\/uploads\/2021\/06\/306A5BEA-2A23-47C0-B0AC-AEC127AD704F-scaled.jpeg","width":1920,"height":2560},{"@type":"BreadcrumbList","@id":"https:\/\/www.letemsvetemapplem.eu\/bazar\/macbook-air-2019-poskozene-lcd\/#breadcrumb","itemListElement":[{"@type":"ListItem","position":1,"name":"Apple Bazar","item":"https:\/\/www.letemsvetemapplem.eu\/bazar\/"},{"@type":"ListItem","position":2,"name":"MacBook Air 2019, po\u0161kozen\u00e9 LCD"}]},{"@type":"WebSite","@id":"https:\/\/www.letemsvetemapplem.eu\/bazar\/#website","url":"https:\/\/www.letemsvetemapplem.eu\/bazar\/","name":"Apple bazar","description":"Oou\u017eit\u00e9 Apple produkty za skv\u011bl\u00e9 ceny","potentialAction":[{"@type":"SearchAction","target":{"@type":"EntryPoint","urlTemplate":"https:\/\/www.letemsvetemapplem.eu\/bazar\/?s={search_term_string}"},"query-input":{"@type":"PropertyValueSpecification","valueRequired":true,"valueName":"search_term_string"}}],"inLanguage":"cs"}]}},"_links":{"self":[{"href":"https:\/\/www.letemsvetemapplem.eu\/bazar\/wp-json\/wp\/v2\/posts\/230109","targetHints":{"allow":["GET"]}}],"collection":[{"href":"https:\/\/www.letemsvetemapplem.eu\/bazar\/wp-json\/wp\/v2\/posts"}],"about":[{"href":"https:\/\/www.letemsvetemapplem.eu\/bazar\/wp-json\/wp\/v2\/types\/post"}],"replies":[{"embeddable":true,"href":"https:\/\/www.letemsvetemapplem.eu\/bazar\/wp-json\/wp\/v2\/comments?post=230109"}],"version-history":[{"count":1,"href":"https:\/\/www.letemsvetemapplem.eu\/bazar\/wp-json\/wp\/v2\/posts\/230109\/revisions"}],"predecessor-version":[{"id":230114,"href":"https:\/\/www.letemsvetemapplem.eu\/bazar\/wp-json\/wp\/v2\/posts\/230109\/revisions\/230114"}],"wp:featuredmedia":[{"embeddable":true,"href":"https:\/\/www.letemsvetemapplem.eu\/bazar\/wp-json\/wp\/v2\/media\/230110"}],"wp:attachment":[{"href":"https:\/\/www.letemsvetemapplem.eu\/bazar\/wp-json\/wp\/v2\/media?parent=230109"}],"wp:term":[{"taxonomy":"category","embeddable":true,"href":"https:\/\/www.letemsvetemapplem.eu\/bazar\/wp-json\/wp\/v2\/categories?post=230109"},{"taxonomy":"post_tag","embeddable":true,"href":"https:\/\/www.letemsvetemapplem.eu\/bazar\/wp-json\/wp\/v2\/tags?post=230109"}],"curies":[{"name":"wp","href":"https:\/\/api.w.org\/{rel}","templated":true}]}}