{"id":226777,"date":"2021-04-20T08:33:44","date_gmt":"2021-04-20T07:33:44","guid":{"rendered":"https:\/\/www.letemsvetemapplem.eu\/bazar\/?p=226777"},"modified":"2021-04-20T08:33:44","modified_gmt":"2021-04-20T07:33:44","slug":"prodam-apple-watch-s3-42mm","status":"publish","type":"post","link":"https:\/\/www.letemsvetemapplem.eu\/bazar\/prodam-apple-watch-s3-42mm\/","title":{"rendered":"Prod\u00e1m Apple Watch S3 42mm"},"content":{"rendered":"<p>AW v z\u00e1ruce od ElektroWorld do 9.9. 2021. Hned po koup\u00ed nalepen\u00e1 ochrann\u00e1 folie p\u0159\u00edmo v ElektroWorldu (viz.foto). Pro v\u00edce info nebo v\u00edce fotek m\u011b nev\u00e1hejte kontaktovat. <\/p>\n","protected":false},"excerpt":{"rendered":"<p>AW v z\u00e1ruce od ElektroWorld do 9.9. 2021. Hned po koup\u00ed nalepen\u00e1 ochrann\u00e1 folie p\u0159\u00edmo v ElektroWorldu (viz.foto). Pro v\u00edce info nebo v\u00edce fotek m\u011b nev\u00e1hejte kontaktovat.<\/p>\n","protected":false},"author":0,"featured_media":226778,"comment_status":"closed","ping_status":"closed","sticky":false,"template":"","format":"standard","meta":{"footnotes":""},"categories":[59],"tags":[],"class_list":["post-226777","post","type-post","status-publish","format-standard","has-post-thumbnail","hentry","category-apple-watch-series-3"],"yoast_head":"<!-- This site is optimized with the Yoast SEO plugin v27.5 - https:\/\/yoast.com\/product\/yoast-seo-wordpress\/ -->\n<title>Prod\u00e1m Apple Watch S3 42mm - Apple bazar<\/title>\n<meta name=\"robots\" content=\"index, follow, max-snippet:-1, max-image-preview:large, max-video-preview:-1\" \/>\n<link rel=\"canonical\" href=\"https:\/\/www.letemsvetemapplem.eu\/bazar\/prodam-apple-watch-s3-42mm\/\" \/>\n<meta property=\"og:locale\" content=\"cs_CZ\" \/>\n<meta property=\"og:type\" content=\"article\" \/>\n<meta property=\"og:title\" content=\"Prod\u00e1m Apple Watch S3 42mm - Apple bazar\" \/>\n<meta property=\"og:description\" content=\"AW v z\u00e1ruce od ElektroWorld do 9.9. 2021. Hned po koup\u00ed nalepen\u00e1 ochrann\u00e1 folie p\u0159\u00edmo v ElektroWorldu (viz.foto). Pro v\u00edce info nebo v\u00edce fotek m\u011b nev\u00e1hejte kontaktovat.\" \/>\n<meta property=\"og:url\" content=\"https:\/\/www.letemsvetemapplem.eu\/bazar\/prodam-apple-watch-s3-42mm\/\" \/>\n<meta property=\"og:site_name\" content=\"Apple bazar\" \/>\n<meta property=\"article:published_time\" content=\"2021-04-20T07:33:44+00:00\" \/>\n<meta property=\"og:image\" content=\"https:\/\/www.letemsvetemapplem.eu\/bazar\/wp-content\/uploads\/2021\/04\/1-3.jpeg\" \/>\n\t<meta property=\"og:image:width\" content=\"1536\" \/>\n\t<meta property=\"og:image:height\" content=\"2048\" \/>\n\t<meta property=\"og:image:type\" content=\"image\/jpeg\" \/>\n<meta name=\"twitter:card\" content=\"summary_large_image\" \/>\n<script type=\"application\/ld+json\" class=\"yoast-schema-graph\">{\"@context\":\"https:\\\/\\\/schema.org\",\"@graph\":[{\"@type\":\"Article\",\"@id\":\"https:\\\/\\\/www.letemsvetemapplem.eu\\\/bazar\\\/prodam-apple-watch-s3-42mm\\\/#article\",\"isPartOf\":{\"@id\":\"https:\\\/\\\/www.letemsvetemapplem.eu\\\/bazar\\\/prodam-apple-watch-s3-42mm\\\/\"},\"author\":{\"name\":\"\",\"@id\":\"\"},\"headline\":\"Prod\u00e1m Apple Watch S3 42mm\",\"datePublished\":\"2021-04-20T07:33:44+00:00\",\"mainEntityOfPage\":{\"@id\":\"https:\\\/\\\/www.letemsvetemapplem.eu\\\/bazar\\\/prodam-apple-watch-s3-42mm\\\/\"},\"wordCount\":37,\"image\":{\"@id\":\"https:\\\/\\\/www.letemsvetemapplem.eu\\\/bazar\\\/prodam-apple-watch-s3-42mm\\\/#primaryimage\"},\"thumbnailUrl\":\"https:\\\/\\\/www.letemsvetemapplem.eu\\\/bazar\\\/wp-content\\\/uploads\\\/2021\\\/04\\\/1-3.jpeg\",\"articleSection\":[\"Apple Watch Series 3\"],\"inLanguage\":\"cs\"},{\"@type\":\"WebPage\",\"@id\":\"https:\\\/\\\/www.letemsvetemapplem.eu\\\/bazar\\\/prodam-apple-watch-s3-42mm\\\/\",\"url\":\"https:\\\/\\\/www.letemsvetemapplem.eu\\\/bazar\\\/prodam-apple-watch-s3-42mm\\\/\",\"name\":\"Prod\u00e1m Apple Watch S3 42mm - Apple bazar\",\"isPartOf\":{\"@id\":\"https:\\\/\\\/www.letemsvetemapplem.eu\\\/bazar\\\/#website\"},\"primaryImageOfPage\":{\"@id\":\"https:\\\/\\\/www.letemsvetemapplem.eu\\\/bazar\\\/prodam-apple-watch-s3-42mm\\\/#primaryimage\"},\"image\":{\"@id\":\"https:\\\/\\\/www.letemsvetemapplem.eu\\\/bazar\\\/prodam-apple-watch-s3-42mm\\\/#primaryimage\"},\"thumbnailUrl\":\"https:\\\/\\\/www.letemsvetemapplem.eu\\\/bazar\\\/wp-content\\\/uploads\\\/2021\\\/04\\\/1-3.jpeg\",\"datePublished\":\"2021-04-20T07:33:44+00:00\",\"author\":{\"@id\":\"\"},\"breadcrumb\":{\"@id\":\"https:\\\/\\\/www.letemsvetemapplem.eu\\\/bazar\\\/prodam-apple-watch-s3-42mm\\\/#breadcrumb\"},\"inLanguage\":\"cs\",\"potentialAction\":[{\"@type\":\"ReadAction\",\"target\":[\"https:\\\/\\\/www.letemsvetemapplem.eu\\\/bazar\\\/prodam-apple-watch-s3-42mm\\\/\"]}]},{\"@type\":\"ImageObject\",\"inLanguage\":\"cs\",\"@id\":\"https:\\\/\\\/www.letemsvetemapplem.eu\\\/bazar\\\/prodam-apple-watch-s3-42mm\\\/#primaryimage\",\"url\":\"https:\\\/\\\/www.letemsvetemapplem.eu\\\/bazar\\\/wp-content\\\/uploads\\\/2021\\\/04\\\/1-3.jpeg\",\"contentUrl\":\"https:\\\/\\\/www.letemsvetemapplem.eu\\\/bazar\\\/wp-content\\\/uploads\\\/2021\\\/04\\\/1-3.jpeg\",\"width\":1536,\"height\":2048},{\"@type\":\"BreadcrumbList\",\"@id\":\"https:\\\/\\\/www.letemsvetemapplem.eu\\\/bazar\\\/prodam-apple-watch-s3-42mm\\\/#breadcrumb\",\"itemListElement\":[{\"@type\":\"ListItem\",\"position\":1,\"name\":\"Apple Bazar\",\"item\":\"https:\\\/\\\/www.letemsvetemapplem.eu\\\/bazar\\\/\"},{\"@type\":\"ListItem\",\"position\":2,\"name\":\"Prod\u00e1m Apple Watch S3 42mm\"}]},{\"@type\":\"WebSite\",\"@id\":\"https:\\\/\\\/www.letemsvetemapplem.eu\\\/bazar\\\/#website\",\"url\":\"https:\\\/\\\/www.letemsvetemapplem.eu\\\/bazar\\\/\",\"name\":\"Apple bazar\",\"description\":\"Oou\u017eit\u00e9 Apple produkty za skv\u011bl\u00e9 ceny\",\"potentialAction\":[{\"@type\":\"SearchAction\",\"target\":{\"@type\":\"EntryPoint\",\"urlTemplate\":\"https:\\\/\\\/www.letemsvetemapplem.eu\\\/bazar\\\/?s={search_term_string}\"},\"query-input\":{\"@type\":\"PropertyValueSpecification\",\"valueRequired\":true,\"valueName\":\"search_term_string\"}}],\"inLanguage\":\"cs\"}]}<\/script>\n<!-- \/ Yoast SEO plugin. -->","yoast_head_json":{"title":"Prod\u00e1m Apple Watch S3 42mm - Apple bazar","robots":{"index":"index","follow":"follow","max-snippet":"max-snippet:-1","max-image-preview":"max-image-preview:large","max-video-preview":"max-video-preview:-1"},"canonical":"https:\/\/www.letemsvetemapplem.eu\/bazar\/prodam-apple-watch-s3-42mm\/","og_locale":"cs_CZ","og_type":"article","og_title":"Prod\u00e1m Apple Watch S3 42mm - Apple bazar","og_description":"AW v z\u00e1ruce od ElektroWorld do 9.9. 2021. Hned po koup\u00ed nalepen\u00e1 ochrann\u00e1 folie p\u0159\u00edmo v ElektroWorldu (viz.foto). Pro v\u00edce info nebo v\u00edce fotek m\u011b nev\u00e1hejte kontaktovat.","og_url":"https:\/\/www.letemsvetemapplem.eu\/bazar\/prodam-apple-watch-s3-42mm\/","og_site_name":"Apple bazar","article_published_time":"2021-04-20T07:33:44+00:00","og_image":[{"width":1536,"height":2048,"url":"https:\/\/www.letemsvetemapplem.eu\/bazar\/wp-content\/uploads\/2021\/04\/1-3.jpeg","type":"image\/jpeg"}],"twitter_card":"summary_large_image","schema":{"@context":"https:\/\/schema.org","@graph":[{"@type":"Article","@id":"https:\/\/www.letemsvetemapplem.eu\/bazar\/prodam-apple-watch-s3-42mm\/#article","isPartOf":{"@id":"https:\/\/www.letemsvetemapplem.eu\/bazar\/prodam-apple-watch-s3-42mm\/"},"author":{"name":"","@id":""},"headline":"Prod\u00e1m Apple Watch S3 42mm","datePublished":"2021-04-20T07:33:44+00:00","mainEntityOfPage":{"@id":"https:\/\/www.letemsvetemapplem.eu\/bazar\/prodam-apple-watch-s3-42mm\/"},"wordCount":37,"image":{"@id":"https:\/\/www.letemsvetemapplem.eu\/bazar\/prodam-apple-watch-s3-42mm\/#primaryimage"},"thumbnailUrl":"https:\/\/www.letemsvetemapplem.eu\/bazar\/wp-content\/uploads\/2021\/04\/1-3.jpeg","articleSection":["Apple Watch Series 3"],"inLanguage":"cs"},{"@type":"WebPage","@id":"https:\/\/www.letemsvetemapplem.eu\/bazar\/prodam-apple-watch-s3-42mm\/","url":"https:\/\/www.letemsvetemapplem.eu\/bazar\/prodam-apple-watch-s3-42mm\/","name":"Prod\u00e1m Apple Watch S3 42mm - Apple bazar","isPartOf":{"@id":"https:\/\/www.letemsvetemapplem.eu\/bazar\/#website"},"primaryImageOfPage":{"@id":"https:\/\/www.letemsvetemapplem.eu\/bazar\/prodam-apple-watch-s3-42mm\/#primaryimage"},"image":{"@id":"https:\/\/www.letemsvetemapplem.eu\/bazar\/prodam-apple-watch-s3-42mm\/#primaryimage"},"thumbnailUrl":"https:\/\/www.letemsvetemapplem.eu\/bazar\/wp-content\/uploads\/2021\/04\/1-3.jpeg","datePublished":"2021-04-20T07:33:44+00:00","author":{"@id":""},"breadcrumb":{"@id":"https:\/\/www.letemsvetemapplem.eu\/bazar\/prodam-apple-watch-s3-42mm\/#breadcrumb"},"inLanguage":"cs","potentialAction":[{"@type":"ReadAction","target":["https:\/\/www.letemsvetemapplem.eu\/bazar\/prodam-apple-watch-s3-42mm\/"]}]},{"@type":"ImageObject","inLanguage":"cs","@id":"https:\/\/www.letemsvetemapplem.eu\/bazar\/prodam-apple-watch-s3-42mm\/#primaryimage","url":"https:\/\/www.letemsvetemapplem.eu\/bazar\/wp-content\/uploads\/2021\/04\/1-3.jpeg","contentUrl":"https:\/\/www.letemsvetemapplem.eu\/bazar\/wp-content\/uploads\/2021\/04\/1-3.jpeg","width":1536,"height":2048},{"@type":"BreadcrumbList","@id":"https:\/\/www.letemsvetemapplem.eu\/bazar\/prodam-apple-watch-s3-42mm\/#breadcrumb","itemListElement":[{"@type":"ListItem","position":1,"name":"Apple Bazar","item":"https:\/\/www.letemsvetemapplem.eu\/bazar\/"},{"@type":"ListItem","position":2,"name":"Prod\u00e1m Apple Watch S3 42mm"}]},{"@type":"WebSite","@id":"https:\/\/www.letemsvetemapplem.eu\/bazar\/#website","url":"https:\/\/www.letemsvetemapplem.eu\/bazar\/","name":"Apple bazar","description":"Oou\u017eit\u00e9 Apple produkty za skv\u011bl\u00e9 ceny","potentialAction":[{"@type":"SearchAction","target":{"@type":"EntryPoint","urlTemplate":"https:\/\/www.letemsvetemapplem.eu\/bazar\/?s={search_term_string}"},"query-input":{"@type":"PropertyValueSpecification","valueRequired":true,"valueName":"search_term_string"}}],"inLanguage":"cs"}]}},"_links":{"self":[{"href":"https:\/\/www.letemsvetemapplem.eu\/bazar\/wp-json\/wp\/v2\/posts\/226777","targetHints":{"allow":["GET"]}}],"collection":[{"href":"https:\/\/www.letemsvetemapplem.eu\/bazar\/wp-json\/wp\/v2\/posts"}],"about":[{"href":"https:\/\/www.letemsvetemapplem.eu\/bazar\/wp-json\/wp\/v2\/types\/post"}],"replies":[{"embeddable":true,"href":"https:\/\/www.letemsvetemapplem.eu\/bazar\/wp-json\/wp\/v2\/comments?post=226777"}],"version-history":[{"count":1,"href":"https:\/\/www.letemsvetemapplem.eu\/bazar\/wp-json\/wp\/v2\/posts\/226777\/revisions"}],"predecessor-version":[{"id":226783,"href":"https:\/\/www.letemsvetemapplem.eu\/bazar\/wp-json\/wp\/v2\/posts\/226777\/revisions\/226783"}],"wp:featuredmedia":[{"embeddable":true,"href":"https:\/\/www.letemsvetemapplem.eu\/bazar\/wp-json\/wp\/v2\/media\/226778"}],"wp:attachment":[{"href":"https:\/\/www.letemsvetemapplem.eu\/bazar\/wp-json\/wp\/v2\/media?parent=226777"}],"wp:term":[{"taxonomy":"category","embeddable":true,"href":"https:\/\/www.letemsvetemapplem.eu\/bazar\/wp-json\/wp\/v2\/categories?post=226777"},{"taxonomy":"post_tag","embeddable":true,"href":"https:\/\/www.letemsvetemapplem.eu\/bazar\/wp-json\/wp\/v2\/tags?post=226777"}],"curies":[{"name":"wp","href":"https:\/\/api.w.org\/{rel}","templated":true}]}}