{"id":226588,"date":"2021-04-18T19:47:09","date_gmt":"2021-04-18T18:47:09","guid":{"rendered":"https:\/\/www.letemsvetemapplem.eu\/bazar\/?p=226588"},"modified":"2021-11-16T15:23:39","modified_gmt":"2021-11-16T14:23:39","slug":"apple-airpods-2-bezdratove-nabijeni","status":"publish","type":"post","link":"https:\/\/www.letemsvetemapplem.eu\/bazar\/apple-airpods-2-bezdratove-nabijeni\/","title":{"rendered":"Apple AirPods 2 (bezdr\u00e1tov\u00e9 nab\u00edjen\u00ed)"},"content":{"rendered":"<p>Prod\u00e1m sluch\u00e1tka Apple AirPods 2 s bezdr\u00e1tov\u00fdm nab\u00edjen\u00edm. Zakoupena v roce 2019. Nyn\u00ed \u010derstv\u011b po reklamaci, provedena v\u00fdm\u011bnou obou sluch\u00e1tek (nov\u00e9!) pouzdro ponech\u00e1no (t\u00e9m\u011b\u0159 neviditeln\u00e9 od\u011brky). Osobn\u00ed p\u0159ed\u00e1n\u00ed &#8211; Zl\u00ednsk\u00fd kraj a bl\u00edzk\u00e9 okol\u00ed nebo zasl\u00e1n\u00ed na dob\u00edrku. D\u016fvod prodeje, p\u0159echod na verzi \u201cpro\u201d.<\/p>\n","protected":false},"excerpt":{"rendered":"<p>Prod\u00e1m sluch\u00e1tka Apple AirPods 2 s bezdr\u00e1tov\u00fdm nab\u00edjen\u00edm. Zakoupena v roce 2019. Nyn\u00ed \u010derstv\u011b po reklamaci, provedena v\u00fdm\u011bnou obou sluch\u00e1tek (nov\u00e9!) pouzdro ponech\u00e1no (t\u00e9m\u011b\u0159 neviditeln\u00e9 od\u011brky). Osobn\u00ed p\u0159ed\u00e1n\u00ed &#8211; Zl\u00ednsk\u00fd kraj a bl\u00edzk\u00e9 okol\u00ed nebo zasl\u00e1n\u00ed na dob\u00edrku. D\u016fvod prodeje, p\u0159echod na verzi \u201cpro\u201d.<\/p>\n","protected":false},"author":3,"featured_media":226589,"comment_status":"closed","ping_status":"closed","sticky":false,"template":"","format":"standard","meta":{"footnotes":""},"categories":[103,128],"tags":[],"class_list":["post-226588","post","type-post","status-publish","format-standard","has-post-thumbnail","hentry","category-airpods","category-airpods-pro"],"yoast_head":"<!-- This site is optimized with the Yoast SEO plugin v27.5 - https:\/\/yoast.com\/product\/yoast-seo-wordpress\/ -->\n<title>Apple AirPods 2 (bezdr\u00e1tov\u00e9 nab\u00edjen\u00ed) - Apple bazar<\/title>\n<meta name=\"robots\" content=\"index, follow, max-snippet:-1, max-image-preview:large, max-video-preview:-1\" \/>\n<link rel=\"canonical\" href=\"https:\/\/www.letemsvetemapplem.eu\/bazar\/apple-airpods-2-bezdratove-nabijeni\/\" \/>\n<meta property=\"og:locale\" content=\"cs_CZ\" \/>\n<meta property=\"og:type\" content=\"article\" \/>\n<meta property=\"og:title\" content=\"Apple AirPods 2 (bezdr\u00e1tov\u00e9 nab\u00edjen\u00ed) - Apple bazar\" \/>\n<meta property=\"og:description\" content=\"Prod\u00e1m sluch\u00e1tka Apple AirPods 2 s bezdr\u00e1tov\u00fdm nab\u00edjen\u00edm. Zakoupena v roce 2019. Nyn\u00ed \u010derstv\u011b po reklamaci, provedena v\u00fdm\u011bnou obou sluch\u00e1tek (nov\u00e9!) pouzdro ponech\u00e1no (t\u00e9m\u011b\u0159 neviditeln\u00e9 od\u011brky). Osobn\u00ed p\u0159ed\u00e1n\u00ed &#8211; Zl\u00ednsk\u00fd kraj a bl\u00edzk\u00e9 okol\u00ed nebo zasl\u00e1n\u00ed na dob\u00edrku. D\u016fvod prodeje, p\u0159echod na verzi \u201cpro\u201d.\" \/>\n<meta property=\"og:url\" content=\"https:\/\/www.letemsvetemapplem.eu\/bazar\/apple-airpods-2-bezdratove-nabijeni\/\" \/>\n<meta property=\"og:site_name\" content=\"Apple bazar\" \/>\n<meta property=\"article:published_time\" content=\"2021-04-18T18:47:09+00:00\" \/>\n<meta property=\"article:modified_time\" content=\"2021-11-16T14:23:39+00:00\" \/>\n<meta property=\"og:image\" content=\"https:\/\/www.letemsvetemapplem.eu\/bazar\/wp-content\/uploads\/2021\/04\/image-9-scaled.jpg\" \/>\n\t<meta property=\"og:image:width\" content=\"1920\" \/>\n\t<meta property=\"og:image:height\" content=\"2560\" \/>\n\t<meta property=\"og:image:type\" content=\"image\/jpeg\" \/>\n<meta name=\"author\" content=\"Roman Zav\u0159el\" \/>\n<meta name=\"twitter:card\" content=\"summary_large_image\" \/>\n<script type=\"application\/ld+json\" class=\"yoast-schema-graph\">{\"@context\":\"https:\\\/\\\/schema.org\",\"@graph\":[{\"@type\":\"Article\",\"@id\":\"https:\\\/\\\/www.letemsvetemapplem.eu\\\/bazar\\\/apple-airpods-2-bezdratove-nabijeni\\\/#article\",\"isPartOf\":{\"@id\":\"https:\\\/\\\/www.letemsvetemapplem.eu\\\/bazar\\\/apple-airpods-2-bezdratove-nabijeni\\\/\"},\"author\":{\"name\":\"Roman Zav\u0159el\",\"@id\":\"https:\\\/\\\/www.letemsvetemapplem.eu\\\/bazar\\\/#\\\/schema\\\/person\\\/536e24320235a94169442c82763c642c\"},\"headline\":\"Apple AirPods 2 (bezdr\u00e1tov\u00e9 nab\u00edjen\u00ed)\",\"datePublished\":\"2021-04-18T18:47:09+00:00\",\"dateModified\":\"2021-11-16T14:23:39+00:00\",\"mainEntityOfPage\":{\"@id\":\"https:\\\/\\\/www.letemsvetemapplem.eu\\\/bazar\\\/apple-airpods-2-bezdratove-nabijeni\\\/\"},\"wordCount\":68,\"image\":{\"@id\":\"https:\\\/\\\/www.letemsvetemapplem.eu\\\/bazar\\\/apple-airpods-2-bezdratove-nabijeni\\\/#primaryimage\"},\"thumbnailUrl\":\"https:\\\/\\\/www.letemsvetemapplem.eu\\\/bazar\\\/wp-content\\\/uploads\\\/2021\\\/04\\\/image-9-scaled.jpg\",\"articleSection\":[\"AirPods\",\"AirPods Pro\"],\"inLanguage\":\"cs\"},{\"@type\":\"WebPage\",\"@id\":\"https:\\\/\\\/www.letemsvetemapplem.eu\\\/bazar\\\/apple-airpods-2-bezdratove-nabijeni\\\/\",\"url\":\"https:\\\/\\\/www.letemsvetemapplem.eu\\\/bazar\\\/apple-airpods-2-bezdratove-nabijeni\\\/\",\"name\":\"Apple AirPods 2 (bezdr\u00e1tov\u00e9 nab\u00edjen\u00ed) - Apple bazar\",\"isPartOf\":{\"@id\":\"https:\\\/\\\/www.letemsvetemapplem.eu\\\/bazar\\\/#website\"},\"primaryImageOfPage\":{\"@id\":\"https:\\\/\\\/www.letemsvetemapplem.eu\\\/bazar\\\/apple-airpods-2-bezdratove-nabijeni\\\/#primaryimage\"},\"image\":{\"@id\":\"https:\\\/\\\/www.letemsvetemapplem.eu\\\/bazar\\\/apple-airpods-2-bezdratove-nabijeni\\\/#primaryimage\"},\"thumbnailUrl\":\"https:\\\/\\\/www.letemsvetemapplem.eu\\\/bazar\\\/wp-content\\\/uploads\\\/2021\\\/04\\\/image-9-scaled.jpg\",\"datePublished\":\"2021-04-18T18:47:09+00:00\",\"dateModified\":\"2021-11-16T14:23:39+00:00\",\"author\":{\"@id\":\"https:\\\/\\\/www.letemsvetemapplem.eu\\\/bazar\\\/#\\\/schema\\\/person\\\/536e24320235a94169442c82763c642c\"},\"breadcrumb\":{\"@id\":\"https:\\\/\\\/www.letemsvetemapplem.eu\\\/bazar\\\/apple-airpods-2-bezdratove-nabijeni\\\/#breadcrumb\"},\"inLanguage\":\"cs\",\"potentialAction\":[{\"@type\":\"ReadAction\",\"target\":[\"https:\\\/\\\/www.letemsvetemapplem.eu\\\/bazar\\\/apple-airpods-2-bezdratove-nabijeni\\\/\"]}]},{\"@type\":\"ImageObject\",\"inLanguage\":\"cs\",\"@id\":\"https:\\\/\\\/www.letemsvetemapplem.eu\\\/bazar\\\/apple-airpods-2-bezdratove-nabijeni\\\/#primaryimage\",\"url\":\"https:\\\/\\\/www.letemsvetemapplem.eu\\\/bazar\\\/wp-content\\\/uploads\\\/2021\\\/04\\\/image-9-scaled.jpg\",\"contentUrl\":\"https:\\\/\\\/www.letemsvetemapplem.eu\\\/bazar\\\/wp-content\\\/uploads\\\/2021\\\/04\\\/image-9-scaled.jpg\",\"width\":1920,\"height\":2560},{\"@type\":\"BreadcrumbList\",\"@id\":\"https:\\\/\\\/www.letemsvetemapplem.eu\\\/bazar\\\/apple-airpods-2-bezdratove-nabijeni\\\/#breadcrumb\",\"itemListElement\":[{\"@type\":\"ListItem\",\"position\":1,\"name\":\"Apple Bazar\",\"item\":\"https:\\\/\\\/www.letemsvetemapplem.eu\\\/bazar\\\/\"},{\"@type\":\"ListItem\",\"position\":2,\"name\":\"Apple AirPods 2 (bezdr\u00e1tov\u00e9 nab\u00edjen\u00ed)\"}]},{\"@type\":\"WebSite\",\"@id\":\"https:\\\/\\\/www.letemsvetemapplem.eu\\\/bazar\\\/#website\",\"url\":\"https:\\\/\\\/www.letemsvetemapplem.eu\\\/bazar\\\/\",\"name\":\"Apple bazar\",\"description\":\"Oou\u017eit\u00e9 Apple produkty za skv\u011bl\u00e9 ceny\",\"potentialAction\":[{\"@type\":\"SearchAction\",\"target\":{\"@type\":\"EntryPoint\",\"urlTemplate\":\"https:\\\/\\\/www.letemsvetemapplem.eu\\\/bazar\\\/?s={search_term_string}\"},\"query-input\":{\"@type\":\"PropertyValueSpecification\",\"valueRequired\":true,\"valueName\":\"search_term_string\"}}],\"inLanguage\":\"cs\"},{\"@type\":\"Person\",\"@id\":\"https:\\\/\\\/www.letemsvetemapplem.eu\\\/bazar\\\/#\\\/schema\\\/person\\\/536e24320235a94169442c82763c642c\",\"name\":\"Roman Zav\u0159el\",\"sameAs\":[\"https:\\\/\\\/www.letemsvetemapplem.eu\"],\"url\":\"https:\\\/\\\/www.letemsvetemapplem.eu\\\/bazar\\\/author\\\/roman\\\/\"}]}<\/script>\n<!-- \/ Yoast SEO plugin. -->","yoast_head_json":{"title":"Apple AirPods 2 (bezdr\u00e1tov\u00e9 nab\u00edjen\u00ed) - Apple bazar","robots":{"index":"index","follow":"follow","max-snippet":"max-snippet:-1","max-image-preview":"max-image-preview:large","max-video-preview":"max-video-preview:-1"},"canonical":"https:\/\/www.letemsvetemapplem.eu\/bazar\/apple-airpods-2-bezdratove-nabijeni\/","og_locale":"cs_CZ","og_type":"article","og_title":"Apple AirPods 2 (bezdr\u00e1tov\u00e9 nab\u00edjen\u00ed) - Apple bazar","og_description":"Prod\u00e1m sluch\u00e1tka Apple AirPods 2 s bezdr\u00e1tov\u00fdm nab\u00edjen\u00edm. Zakoupena v roce 2019. Nyn\u00ed \u010derstv\u011b po reklamaci, provedena v\u00fdm\u011bnou obou sluch\u00e1tek (nov\u00e9!) pouzdro ponech\u00e1no (t\u00e9m\u011b\u0159 neviditeln\u00e9 od\u011brky). Osobn\u00ed p\u0159ed\u00e1n\u00ed &#8211; Zl\u00ednsk\u00fd kraj a bl\u00edzk\u00e9 okol\u00ed nebo zasl\u00e1n\u00ed na dob\u00edrku. D\u016fvod prodeje, p\u0159echod na verzi \u201cpro\u201d.","og_url":"https:\/\/www.letemsvetemapplem.eu\/bazar\/apple-airpods-2-bezdratove-nabijeni\/","og_site_name":"Apple bazar","article_published_time":"2021-04-18T18:47:09+00:00","article_modified_time":"2021-11-16T14:23:39+00:00","og_image":[{"width":1920,"height":2560,"url":"https:\/\/www.letemsvetemapplem.eu\/bazar\/wp-content\/uploads\/2021\/04\/image-9-scaled.jpg","type":"image\/jpeg"}],"author":"Roman Zav\u0159el","twitter_card":"summary_large_image","schema":{"@context":"https:\/\/schema.org","@graph":[{"@type":"Article","@id":"https:\/\/www.letemsvetemapplem.eu\/bazar\/apple-airpods-2-bezdratove-nabijeni\/#article","isPartOf":{"@id":"https:\/\/www.letemsvetemapplem.eu\/bazar\/apple-airpods-2-bezdratove-nabijeni\/"},"author":{"name":"Roman Zav\u0159el","@id":"https:\/\/www.letemsvetemapplem.eu\/bazar\/#\/schema\/person\/536e24320235a94169442c82763c642c"},"headline":"Apple AirPods 2 (bezdr\u00e1tov\u00e9 nab\u00edjen\u00ed)","datePublished":"2021-04-18T18:47:09+00:00","dateModified":"2021-11-16T14:23:39+00:00","mainEntityOfPage":{"@id":"https:\/\/www.letemsvetemapplem.eu\/bazar\/apple-airpods-2-bezdratove-nabijeni\/"},"wordCount":68,"image":{"@id":"https:\/\/www.letemsvetemapplem.eu\/bazar\/apple-airpods-2-bezdratove-nabijeni\/#primaryimage"},"thumbnailUrl":"https:\/\/www.letemsvetemapplem.eu\/bazar\/wp-content\/uploads\/2021\/04\/image-9-scaled.jpg","articleSection":["AirPods","AirPods Pro"],"inLanguage":"cs"},{"@type":"WebPage","@id":"https:\/\/www.letemsvetemapplem.eu\/bazar\/apple-airpods-2-bezdratove-nabijeni\/","url":"https:\/\/www.letemsvetemapplem.eu\/bazar\/apple-airpods-2-bezdratove-nabijeni\/","name":"Apple AirPods 2 (bezdr\u00e1tov\u00e9 nab\u00edjen\u00ed) - Apple bazar","isPartOf":{"@id":"https:\/\/www.letemsvetemapplem.eu\/bazar\/#website"},"primaryImageOfPage":{"@id":"https:\/\/www.letemsvetemapplem.eu\/bazar\/apple-airpods-2-bezdratove-nabijeni\/#primaryimage"},"image":{"@id":"https:\/\/www.letemsvetemapplem.eu\/bazar\/apple-airpods-2-bezdratove-nabijeni\/#primaryimage"},"thumbnailUrl":"https:\/\/www.letemsvetemapplem.eu\/bazar\/wp-content\/uploads\/2021\/04\/image-9-scaled.jpg","datePublished":"2021-04-18T18:47:09+00:00","dateModified":"2021-11-16T14:23:39+00:00","author":{"@id":"https:\/\/www.letemsvetemapplem.eu\/bazar\/#\/schema\/person\/536e24320235a94169442c82763c642c"},"breadcrumb":{"@id":"https:\/\/www.letemsvetemapplem.eu\/bazar\/apple-airpods-2-bezdratove-nabijeni\/#breadcrumb"},"inLanguage":"cs","potentialAction":[{"@type":"ReadAction","target":["https:\/\/www.letemsvetemapplem.eu\/bazar\/apple-airpods-2-bezdratove-nabijeni\/"]}]},{"@type":"ImageObject","inLanguage":"cs","@id":"https:\/\/www.letemsvetemapplem.eu\/bazar\/apple-airpods-2-bezdratove-nabijeni\/#primaryimage","url":"https:\/\/www.letemsvetemapplem.eu\/bazar\/wp-content\/uploads\/2021\/04\/image-9-scaled.jpg","contentUrl":"https:\/\/www.letemsvetemapplem.eu\/bazar\/wp-content\/uploads\/2021\/04\/image-9-scaled.jpg","width":1920,"height":2560},{"@type":"BreadcrumbList","@id":"https:\/\/www.letemsvetemapplem.eu\/bazar\/apple-airpods-2-bezdratove-nabijeni\/#breadcrumb","itemListElement":[{"@type":"ListItem","position":1,"name":"Apple Bazar","item":"https:\/\/www.letemsvetemapplem.eu\/bazar\/"},{"@type":"ListItem","position":2,"name":"Apple AirPods 2 (bezdr\u00e1tov\u00e9 nab\u00edjen\u00ed)"}]},{"@type":"WebSite","@id":"https:\/\/www.letemsvetemapplem.eu\/bazar\/#website","url":"https:\/\/www.letemsvetemapplem.eu\/bazar\/","name":"Apple bazar","description":"Oou\u017eit\u00e9 Apple produkty za skv\u011bl\u00e9 ceny","potentialAction":[{"@type":"SearchAction","target":{"@type":"EntryPoint","urlTemplate":"https:\/\/www.letemsvetemapplem.eu\/bazar\/?s={search_term_string}"},"query-input":{"@type":"PropertyValueSpecification","valueRequired":true,"valueName":"search_term_string"}}],"inLanguage":"cs"},{"@type":"Person","@id":"https:\/\/www.letemsvetemapplem.eu\/bazar\/#\/schema\/person\/536e24320235a94169442c82763c642c","name":"Roman Zav\u0159el","sameAs":["https:\/\/www.letemsvetemapplem.eu"],"url":"https:\/\/www.letemsvetemapplem.eu\/bazar\/author\/roman\/"}]}},"_links":{"self":[{"href":"https:\/\/www.letemsvetemapplem.eu\/bazar\/wp-json\/wp\/v2\/posts\/226588","targetHints":{"allow":["GET"]}}],"collection":[{"href":"https:\/\/www.letemsvetemapplem.eu\/bazar\/wp-json\/wp\/v2\/posts"}],"about":[{"href":"https:\/\/www.letemsvetemapplem.eu\/bazar\/wp-json\/wp\/v2\/types\/post"}],"author":[{"embeddable":true,"href":"https:\/\/www.letemsvetemapplem.eu\/bazar\/wp-json\/wp\/v2\/users\/3"}],"replies":[{"embeddable":true,"href":"https:\/\/www.letemsvetemapplem.eu\/bazar\/wp-json\/wp\/v2\/comments?post=226588"}],"version-history":[{"count":1,"href":"https:\/\/www.letemsvetemapplem.eu\/bazar\/wp-json\/wp\/v2\/posts\/226588\/revisions"}],"predecessor-version":[{"id":226592,"href":"https:\/\/www.letemsvetemapplem.eu\/bazar\/wp-json\/wp\/v2\/posts\/226588\/revisions\/226592"}],"wp:featuredmedia":[{"embeddable":true,"href":"https:\/\/www.letemsvetemapplem.eu\/bazar\/wp-json\/wp\/v2\/media\/226589"}],"wp:attachment":[{"href":"https:\/\/www.letemsvetemapplem.eu\/bazar\/wp-json\/wp\/v2\/media?parent=226588"}],"wp:term":[{"taxonomy":"category","embeddable":true,"href":"https:\/\/www.letemsvetemapplem.eu\/bazar\/wp-json\/wp\/v2\/categories?post=226588"},{"taxonomy":"post_tag","embeddable":true,"href":"https:\/\/www.letemsvetemapplem.eu\/bazar\/wp-json\/wp\/v2\/tags?post=226588"}],"curies":[{"name":"wp","href":"https:\/\/api.w.org\/{rel}","templated":true}]}}