{"id":225696,"date":"2021-04-09T16:46:33","date_gmt":"2021-04-09T15:46:33","guid":{"rendered":"https:\/\/www.letemsvetemapplem.eu\/bazar\/?p=225696"},"modified":"2021-04-09T16:46:33","modified_gmt":"2021-04-09T15:46:33","slug":"apple-27palcu-5k-retina-2017","status":"publish","type":"post","link":"https:\/\/www.letemsvetemapplem.eu\/bazar\/apple-27palcu-5k-retina-2017\/","title":{"rendered":"apple 27palcu 5k Retina 2017"},"content":{"rendered":"<p>iMac (Retina 5K, 27palcov\u00fd, modely z konce roku 2015) &#8211; Technick\u00e9 specifikace<\/p>\n<p>Displej<\/p>\n<p>    27palcov\u00fd (\u00fahlop\u0159\u00ed\u010dn\u011b) Retina 5K displej s technologi\u00ed IPS<br \/>\n    rozli\u0161en\u00ed 5120 \u00d7 2880 s podporou mili\u00f3n\u016f barev<\/p>\n<p>Procesor<\/p>\n<p>    3,2GHz<br \/>\n    3,2GHz \u010dty\u0159j\u00e1drov\u00fd Intel Core i5, Turbo Boost a\u017e 3,6GHz<br \/>\n    3,2GHz<br \/>\n    3,2GHz \u010dty\u0159j\u00e1drov\u00fd Intel Core i5, Turbo Boost a\u017e 3,6GHz<br \/>\n    Mo\u017enost objednat 4,0GHz \u010dty\u0159j\u00e1drov\u00fd Intel Core i7 (Turbo Boost a\u017e 4,2GHz)<br \/>\n    3,3GHz<br \/>\n    3,3GHz \u010dty\u0159j\u00e1drov\u00fd Intel Core i5, Turbo Boost a\u017e 3,9GHz<br \/>\n    Mo\u017enost objednat 4,0GHz \u010dty\u0159j\u00e1drov\u00fd Intel Core i7 (Turbo Boost a\u017e 4,2GHz)<\/p>\n<p>Pam\u011b\u0165<\/p>\n<p>    8 GB (dva 4GB moduly) 1867MHz pam\u011bti DDR3; \u010dty\u0159i sloty SO\u2011DIMM p\u0159\u00edstupn\u00e9 u\u017eivateli<br \/>\n    Mo\u017enost objednat 16 GB nebo 32 GB<\/p>\n<p>\u00dalo\u017ei\u0161t\u011b1<\/p>\n<p>    3,2GHz<br \/>\n    1TB pevn\u00fd disk (7200 ot.\/min)<br \/>\n    Mo\u017enost objednat a\u017e 3TB Fusion Drive, 256GB nebo 512GB flashov\u00e9 \u00falo\u017ei\u0161t\u011b (SSD)<br \/>\n    3,2GHz<br \/>\n    1TB Fusion Drive<br \/>\n    Mo\u017enost objednat 3TB Fusion Drive, 256GB, 512GB nebo 1TB flashov\u00e9 \u00falo\u017ei\u0161t\u011b (SSD)<br \/>\n    3,3GHz<br \/>\n    2TB Fusion Drive<br \/>\n    Mo\u017enost objednat 3TB Fusion Drive, 256GB, 512GB nebo 1TB flashov\u00e9 \u00falo\u017ei\u0161t\u011b (SSD)<\/p>\n<p>Grafika<\/p>\n<p>    3,2GHz<br \/>\n    AMD Radeon R9 M380 se 2 GB pam\u011bti GDDR5<br \/>\n    3,2GHz<br \/>\n    AMD Radeon R9 M390 se 2 GB pam\u011bti GDDR5<br \/>\n    3,3GHz<br \/>\n    AMD Radeon R9 M395 se 2 GB pam\u011bti GDDR5<br \/>\n    Mo\u017enost objednat AMD Radeon R9 M395X se 4 GB pam\u011bti GDDR5<\/p>\n<p>Podpora videa a kamera<\/p>\n<p>    FaceTime HD<br \/>\n    Simult\u00e1nn\u011b podporuje pln\u00e9 nativn\u00ed rozli\u0161en\u00ed zabudovan\u00e9ho displeje a a\u017e dva extern\u00ed displeje s rozli\u0161en\u00edm 4096 \u00d7 2160 pixel\u016f nebo jeden extern\u00ed displej s rozli\u0161en\u00edm 5120 \u00d7 2880 p\u0159ipojen\u00fd dv\u011bma kabely<br \/>\n    Podpora re\u017eim\u016f roz\u0161\u00ed\u0159en\u00e9 plochy a zrcadlen\u00ed videa<\/p>\n<p>Zvuk<\/p>\n<p>    Stereo reproduktory<br \/>\n    Dva mikrofony<br \/>\n    3,5mm sluch\u00e1tkov\u00fd v\u00fdstup<br \/>\n        Sluch\u00e1tkov\u00fd\/optick\u00fd digit\u00e1ln\u00ed zvukov\u00fd v\u00fdstup (minijack)<br \/>\n        Podpora sluch\u00e1tek s mikrofonem pro Apple iPhone<\/p>\n<p>P\u0159ipojen\u00ed a roz\u0161\u00ed\u0159en\u00ed<\/p>\n<p>    3,5mm sluch\u00e1tkov\u00fd v\u00fdstup<br \/>\n    Slot pro karty SDXC<br \/>\n    \u010cty\u0159i porty USB 3 (kompatibiln\u00ed s USB 2)<br \/>\n    Dva porty Thunderbolt 2<br \/>\n        V\u00fdstup Mini DisplayPort<br \/>\n        Podpora HDMI, DVI, VGA a dual\u2011link DVI (adapt\u00e9ry se prod\u00e1vaj\u00ed zvl\u00e1\u0161\u0165)<br \/>\n    Gigabitov\u00fd Ethernet 10\/100\/1000BASE\u2011T (konektor RJ\u201145)<br \/>\n    Slot pro z\u00e1mek Kensington<\/p>\n<p>Vstup<\/p>\n<p>    Magic Keyboard<br \/>\n    S iMacem se standardn\u011b dod\u00e1v\u00e1 nov\u011b navr\u017een\u00e1 kl\u00e1vesnice Magic Keyboard. Je bezdr\u00e1tov\u00e1 a dob\u00edjec\u00ed, tak\u017ee nebudete m\u011bnit baterie. A jej\u00ed extr\u00e9mn\u011b kompaktn\u00ed design nezab\u00edr\u00e1 ani milimetr nav\u00edc. M\u00e1 vylep\u0161en\u00fd n\u016f\u017ekov\u00fd mechanismus, zoptimalizovan\u00fd pohyb kl\u00e1ves a ni\u017e\u0161\u00ed profil, kter\u00fd p\u0159isp\u00edv\u00e1 k v\u011bt\u0161\u00edmu pohodl\u00ed p\u0159i pr\u00e1ci. S va\u0161\u00edm iMacem se sp\u00e1ruje hned po vybalen\u00ed.<br \/>\n    Magic Mouse 2<br \/>\n    Nov\u011b navr\u017een\u00e1 Magic Mouse 2 klou\u017ee po stole je\u0161t\u011b plynuleji. A proto\u017ee podporuje Multi-Touch, m\u016f\u017eete na jej\u00edm povrchu prov\u00e1d\u011bt jednoduch\u00e1 gesta jako p\u0159ej\u00ed\u017ed\u011bn\u00ed mezi webov\u00fdmi str\u00e1nkami nebo posouv\u00e1n\u00ed dokument\u016f. Jestli tedy d\u00e1v\u00e1te p\u0159ednost bezdr\u00e1tov\u00e9 my\u0161i a p\u0159itom stoj\u00edte o v\u00fdhody Multi-Touch ovl\u00e1d\u00e1n\u00ed, p\u0159edstavuje Magic Mouse 2 skv\u011blou volbu.<br \/>\n    Magic Trackpad 2<br \/>\n    Pokud v\u00e1m v\u00edc vyhovuje trackpad, na Magic Trackpadu 2 m\u016f\u017eete vyu\u017e\u00edvat celou paletu Multi-Touch gest. Nav\u00edc v\u00e1m na stoln\u00edm po\u010d\u00edta\u010di zp\u0159\u00edstupn\u00ed technologii Force Touch. Senzory pod povrchem trackpadu vn\u00edmaj\u00ed jemn\u00e9 rozd\u00edly v p\u0159\u00edtlaku. Va\u0161e prsty tak budou s funkcemi a obsahem v citliv\u011bj\u0161\u00edm a hlub\u0161\u00edm kontaktu. Nov\u00fd design m\u00e1 ni\u017e\u0161\u00ed profil, tak\u017ee je pou\u017e\u00edv\u00e1n\u00ed trackpadu je\u0161t\u011b pohodln\u011bj\u0161\u00ed.<\/p>\n<p>Bezdr\u00e1tov\u00e1 rozhran\u00ed<\/p>\n<p>    Wi-Fi<br \/>\n    Wi\u2011Fi 802.11ac;<br \/>\n    kompatibiln\u00ed se specifikacemi IEEE 802.11a\/b\/g\/n<br \/>\n    Bluetooth<br \/>\n    Bluetooth 4.0<\/p>\n<p>Rozm\u011bry a hmotnost<\/p>\n<p>    iMac s Retina 5K displejem<br \/>\n    V\u00fd\u0161ka: 51,6 cm<br \/>\n    \u0160\u00ed\u0159ka: 65,0 cm<br \/>\n    Hloubka podstavce: 20,3 cm<br \/>\n    Hmotnost: 9,54 kg2<br \/>\n    27palcov\u00fd iMac s Retina 5K displejem a vestav\u011bn\u00fdm mont\u00e1\u017en\u00edm adapt\u00e9rem VESA<br \/>\n    V\u00fd\u0161ka: 44,7 cm<br \/>\n    \u0160\u00ed\u0159ka: 65,0 cm<br \/>\n    Hloubka (s vestav\u011bn\u00fdm mont\u00e1\u017en\u00edm adapt\u00e9rem VESA): 7,9 cm<\/p>\n<p>Po\u017eadavky na elektrickou s\u00ed\u0165 a provozn\u00ed prost\u0159ed\u00ed<\/p>\n<p>    Vstupn\u00ed nap\u011bt\u00ed: 100-240V (st\u0159.)<br \/>\n    Frekvence: 50 a\u017e 60 Hz, jedna f\u00e1ze<br \/>\n    Provozn\u00ed teplota: 10 a\u017e 35 \u00b0C<br \/>\n    Relativn\u00ed vlhkost: 5 a\u017e 95 % bez kondenzace<br \/>\n    Provozn\u00ed nadmo\u0159sk\u00e1 v\u00fd\u0161ka: testov\u00e1no a\u017e ve 3 000 m<\/p>\n<p>Omezen\u00e1 z\u00e1ruka a slu\u017eby<\/p>\n<p>V \u010cesk\u00e9 republice maj\u00ed spot\u0159ebitel\u00e9 podle Ob\u010dansk\u00e9ho z\u00e1kon\u00edku n\u00e1rok na bezplatnou opravu, v\u00fdm\u011bnu, slevu nebo vr\u00e1cen\u00ed pen\u011bz prodejcem za zbo\u017e\u00ed, kter\u00e9 neodpov\u00edd\u00e1 kupn\u00ed smlouv\u011b, po dobu dvou let od data dod\u00e1n\u00ed. Podrobn\u011bj\u0161\u00ed informace najdete tady.<\/p>\n<p>Na iMac je nav\u00edc poskytov\u00e1na 90denn\u00ed bezplatn\u00e1 technick\u00e1 podpora po telefonu a ro\u010dn\u00ed omezen\u00e1 z\u00e1ruka spole\u010dnosti Apple. Informace o tom, jak\u00fdm zp\u016fsobem Apple zajist\u00ed servis va\u0161eho iMacu, zobraz\u00edte kliknut\u00edm sem.<br \/>\nV krabici<\/p>\n<p>    iMac s Retina 5K displejem<br \/>\n    Magic Keyboard<br \/>\n    Magic Mouse 2<br \/>\n    Nap\u00e1jec\u00ed \u0161\u0148\u016fra<br \/>\n    USB kabel s konektorem Lightning<\/p>\n<p>Opera\u010dn\u00ed syst\u00e9m<\/p>\n<p>macOS Sierra<br \/>\nmacOS je opera\u010dn\u00ed syst\u00e9m ka\u017ed\u00e9ho Macu. Ve verzi macOS Sierra p\u0159in\u00e1\u0161\u00ed nov\u00e9 zp\u016fsoby, jak znovu objevit nejpoveden\u011bj\u0161\u00ed fotky, usnad\u0148uje p\u0159ed\u00e1v\u00e1n\u00ed pr\u00e1ce mezi r\u016fzn\u00fdmi za\u0159\u00edzen\u00edmi Apple, a dokonce uvol\u0148uje m\u00edsto na disku.<br \/>\nV\u00edce<br \/>\nZp\u0159\u00edstupn\u011bn\u00ed<\/p>\n<p>Funkce zp\u0159\u00edstupn\u011bn\u00ed pom\u00e1haj\u00ed lidem s posti\u017een\u00edm dostat ze sv\u00e9ho nov\u00e9ho iMacu co nejv\u00edc. D\u00edky integrovan\u00fdm funkc\u00edm na podporu zraku, sluchu, fyzick\u00fdch a motorick\u00fdch dovednost\u00ed, u\u010den\u00ed a gramotnosti m\u016f\u017ee ka\u017ed\u00fd vytv\u00e1\u0159et a d\u011blat ohromn\u00e9 v\u011bci.<\/p>\n<p>Dostupn\u00e9 funkce zp\u0159\u00edstupn\u011bn\u00ed:<\/p>\n<p>    VoiceOver<br \/>\n    Zv\u011bt\u0161en\u00ed<br \/>\n    Zv\u00fd\u0161en\u00ed kontrastu<br \/>\n    Omezen\u00ed pohybu<br \/>\n    Diktov\u00e1n\u00ed<br \/>\n    Switch Control<br \/>\n    Skryt\u00e9 titulky<br \/>\n    P\u0159evod textu na \u0159e\u010d<\/p>\n<p>V\u00fdchoz\u00ed aplikace3<\/p>\n<p>    Fotky<br \/>\n    iMovie<br \/>\n    GarageBand<br \/>\n    Pages<br \/>\n    Numbers<br \/>\n    Keynote<br \/>\n    Safari<br \/>\n    Mail<br \/>\n    Zpr\u00e1vy<br \/>\n    FaceTime<br \/>\n    Kalend\u00e1\u0159<br \/>\n    Pozn\u00e1mky<br \/>\n    Mac App Store<br \/>\n    iTunes<br \/>\n    iBooks<br \/>\n    Mapy<br \/>\n    Kontakty<br \/>\n    P\u0159ipom\u00ednky<\/p>\n<p>Konfigurace na objedn\u00e1vku<\/p>\n<p>iMac si m\u016f\u017eete objednat s t\u011bmito voliteln\u00fdmi vlastnostmi, jedin\u011b v Apple Online Storu.<\/p>\n<p>iMac si m\u016f\u017eete objednat s t\u011bmito voliteln\u00fdmi vlastnostmi. Hled\u00e1te iMac, kter\u00fd jde upevnit na ze\u010f nebo nastaviteln\u00e9 rameno? Vyberte si iMac s vestav\u011bn\u00fdm mont\u00e1\u017en\u00edm adapt\u00e9rem VESA.<\/p>\n<p>    3,2 GHz<br \/>\n        Magic Trackpad 2<br \/>\n        16GB nebo 32GB pam\u011bti<br \/>\n        1TB, 2TB nebo 3TB Fusion Drive<br \/>\n        256GB nebo 512GB flashov\u00e9 \u00falo\u017ei\u0161t\u011b (SSD)<br \/>\n    3,2 GHz<br \/>\n        Magic Trackpad 2<br \/>\n        4,0GHz \u010dty\u0159j\u00e1drov\u00fd Intel Core i7 jako upgrade<br \/>\n        16GB nebo 32GB pam\u011bti<br \/>\n        2TB nebo 3TB Fusion Drive<br \/>\n        256GB, 512GB nebo 1TB flashov\u00e9 \u00falo\u017ei\u0161t\u011b (SSD)<br \/>\n    3,3GHz<br \/>\n        Magic Trackpad 2<br \/>\n        4,0GHz \u010dty\u0159j\u00e1drov\u00fd Intel Core i7 jako upgrade<br \/>\n        16GB nebo 32GB pam\u011bti<br \/>\n        AMD Radeon R9 M395X jako upgrade<br \/>\n        3TB Fusion Drive<br \/>\n        256GB, 512GB nebo 1TB flashov\u00e9 \u00falo\u017ei\u0161t\u011b (SSD)<\/p>\n<p>Akustick\u00fd v\u00fdkon<\/p>\n<p>Deklarovan\u00e9 hodnoty hlukov\u00fdch emis\u00ed v souladu se standardem ECMA-109<\/p>\n","protected":false},"excerpt":{"rendered":"<p>iMac (Retina 5K, 27palcov\u00fd, modely z konce roku 2015) &#8211; Technick\u00e9 specifikace Displej 27palcov\u00fd (\u00fahlop\u0159\u00ed\u010dn\u011b) Retina 5K displej s technologi\u00ed IPS rozli\u0161en\u00ed 5120 \u00d7 2880 s podporou mili\u00f3n\u016f barev Procesor 3,2GHz 3,2GHz \u010dty\u0159j\u00e1drov\u00fd Intel Core i5, Turbo Boost a\u017e 3,6GHz 3,2GHz 3,2GHz \u010dty\u0159j\u00e1drov\u00fd Intel Core i5, Turbo Boost a\u017e 3,6GHz Mo\u017enost objednat 4,0GHz \u010dty\u0159j\u00e1drov\u00fd Intel&#8230;<\/p>\n","protected":false},"author":0,"featured_media":225697,"comment_status":"closed","ping_status":"closed","sticky":false,"template":"","format":"standard","meta":{"footnotes":""},"categories":[41],"tags":[],"class_list":["post-225696","post","type-post","status-publish","format-standard","has-post-thumbnail","hentry","category-imac"],"yoast_head":"<!-- This site is optimized with the Yoast SEO plugin v27.2 - https:\/\/yoast.com\/product\/yoast-seo-wordpress\/ -->\n<title>apple 27palcu 5k Retina 2017 - Apple bazar<\/title>\n<meta name=\"robots\" content=\"index, follow, max-snippet:-1, max-image-preview:large, max-video-preview:-1\" \/>\n<link rel=\"canonical\" href=\"https:\/\/www.letemsvetemapplem.eu\/bazar\/apple-27palcu-5k-retina-2017\/\" \/>\n<meta property=\"og:locale\" content=\"cs_CZ\" \/>\n<meta property=\"og:type\" content=\"article\" \/>\n<meta property=\"og:title\" content=\"apple 27palcu 5k Retina 2017 - Apple bazar\" \/>\n<meta property=\"og:description\" content=\"iMac (Retina 5K, 27palcov\u00fd, modely z konce roku 2015) &#8211; Technick\u00e9 specifikace Displej 27palcov\u00fd (\u00fahlop\u0159\u00ed\u010dn\u011b) Retina 5K displej s technologi\u00ed IPS rozli\u0161en\u00ed 5120 \u00d7 2880 s podporou mili\u00f3n\u016f barev Procesor 3,2GHz 3,2GHz \u010dty\u0159j\u00e1drov\u00fd Intel Core i5, Turbo Boost a\u017e 3,6GHz 3,2GHz 3,2GHz \u010dty\u0159j\u00e1drov\u00fd Intel Core i5, Turbo Boost a\u017e 3,6GHz Mo\u017enost objednat 4,0GHz \u010dty\u0159j\u00e1drov\u00fd Intel...\" \/>\n<meta property=\"og:url\" content=\"https:\/\/www.letemsvetemapplem.eu\/bazar\/apple-27palcu-5k-retina-2017\/\" \/>\n<meta property=\"og:site_name\" content=\"Apple bazar\" \/>\n<meta property=\"article:published_time\" content=\"2021-04-09T15:46:33+00:00\" \/>\n<meta property=\"og:image\" content=\"https:\/\/www.letemsvetemapplem.eu\/bazar\/wp-content\/uploads\/2021\/04\/IMG_3815.jpg\" \/>\n\t<meta property=\"og:image:width\" content=\"1512\" \/>\n\t<meta property=\"og:image:height\" content=\"2016\" \/>\n\t<meta property=\"og:image:type\" content=\"image\/jpeg\" \/>\n<meta name=\"twitter:card\" content=\"summary_large_image\" \/>\n<script type=\"application\/ld+json\" class=\"yoast-schema-graph\">{\"@context\":\"https:\/\/schema.org\",\"@graph\":[{\"@type\":\"Article\",\"@id\":\"https:\/\/www.letemsvetemapplem.eu\/bazar\/apple-27palcu-5k-retina-2017\/#article\",\"isPartOf\":{\"@id\":\"https:\/\/www.letemsvetemapplem.eu\/bazar\/apple-27palcu-5k-retina-2017\/\"},\"author\":{\"name\":\"\",\"@id\":\"\"},\"headline\":\"apple 27palcu 5k Retina 2017\",\"datePublished\":\"2021-04-09T15:46:33+00:00\",\"mainEntityOfPage\":{\"@id\":\"https:\/\/www.letemsvetemapplem.eu\/bazar\/apple-27palcu-5k-retina-2017\/\"},\"wordCount\":1129,\"image\":{\"@id\":\"https:\/\/www.letemsvetemapplem.eu\/bazar\/apple-27palcu-5k-retina-2017\/#primaryimage\"},\"thumbnailUrl\":\"https:\/\/www.letemsvetemapplem.eu\/bazar\/wp-content\/uploads\/2021\/04\/IMG_3815.jpg\",\"articleSection\":[\"iMac\"],\"inLanguage\":\"cs\"},{\"@type\":\"WebPage\",\"@id\":\"https:\/\/www.letemsvetemapplem.eu\/bazar\/apple-27palcu-5k-retina-2017\/\",\"url\":\"https:\/\/www.letemsvetemapplem.eu\/bazar\/apple-27palcu-5k-retina-2017\/\",\"name\":\"apple 27palcu 5k Retina 2017 - Apple bazar\",\"isPartOf\":{\"@id\":\"https:\/\/www.letemsvetemapplem.eu\/bazar\/#website\"},\"primaryImageOfPage\":{\"@id\":\"https:\/\/www.letemsvetemapplem.eu\/bazar\/apple-27palcu-5k-retina-2017\/#primaryimage\"},\"image\":{\"@id\":\"https:\/\/www.letemsvetemapplem.eu\/bazar\/apple-27palcu-5k-retina-2017\/#primaryimage\"},\"thumbnailUrl\":\"https:\/\/www.letemsvetemapplem.eu\/bazar\/wp-content\/uploads\/2021\/04\/IMG_3815.jpg\",\"datePublished\":\"2021-04-09T15:46:33+00:00\",\"author\":{\"@id\":\"\"},\"breadcrumb\":{\"@id\":\"https:\/\/www.letemsvetemapplem.eu\/bazar\/apple-27palcu-5k-retina-2017\/#breadcrumb\"},\"inLanguage\":\"cs\",\"potentialAction\":[{\"@type\":\"ReadAction\",\"target\":[\"https:\/\/www.letemsvetemapplem.eu\/bazar\/apple-27palcu-5k-retina-2017\/\"]}]},{\"@type\":\"ImageObject\",\"inLanguage\":\"cs\",\"@id\":\"https:\/\/www.letemsvetemapplem.eu\/bazar\/apple-27palcu-5k-retina-2017\/#primaryimage\",\"url\":\"https:\/\/www.letemsvetemapplem.eu\/bazar\/wp-content\/uploads\/2021\/04\/IMG_3815.jpg\",\"contentUrl\":\"https:\/\/www.letemsvetemapplem.eu\/bazar\/wp-content\/uploads\/2021\/04\/IMG_3815.jpg\",\"width\":1512,\"height\":2016},{\"@type\":\"BreadcrumbList\",\"@id\":\"https:\/\/www.letemsvetemapplem.eu\/bazar\/apple-27palcu-5k-retina-2017\/#breadcrumb\",\"itemListElement\":[{\"@type\":\"ListItem\",\"position\":1,\"name\":\"Apple Bazar\",\"item\":\"https:\/\/www.letemsvetemapplem.eu\/bazar\/\"},{\"@type\":\"ListItem\",\"position\":2,\"name\":\"apple 27palcu 5k Retina 2017\"}]},{\"@type\":\"WebSite\",\"@id\":\"https:\/\/www.letemsvetemapplem.eu\/bazar\/#website\",\"url\":\"https:\/\/www.letemsvetemapplem.eu\/bazar\/\",\"name\":\"Apple bazar\",\"description\":\"Oou\u017eit\u00e9 Apple produkty za skv\u011bl\u00e9 ceny\",\"potentialAction\":[{\"@type\":\"SearchAction\",\"target\":{\"@type\":\"EntryPoint\",\"urlTemplate\":\"https:\/\/www.letemsvetemapplem.eu\/bazar\/?s={search_term_string}\"},\"query-input\":{\"@type\":\"PropertyValueSpecification\",\"valueRequired\":true,\"valueName\":\"search_term_string\"}}],\"inLanguage\":\"cs\"}]}<\/script>\n<!-- \/ Yoast SEO plugin. -->","yoast_head_json":{"title":"apple 27palcu 5k Retina 2017 - Apple bazar","robots":{"index":"index","follow":"follow","max-snippet":"max-snippet:-1","max-image-preview":"max-image-preview:large","max-video-preview":"max-video-preview:-1"},"canonical":"https:\/\/www.letemsvetemapplem.eu\/bazar\/apple-27palcu-5k-retina-2017\/","og_locale":"cs_CZ","og_type":"article","og_title":"apple 27palcu 5k Retina 2017 - Apple bazar","og_description":"iMac (Retina 5K, 27palcov\u00fd, modely z konce roku 2015) &#8211; Technick\u00e9 specifikace Displej 27palcov\u00fd (\u00fahlop\u0159\u00ed\u010dn\u011b) Retina 5K displej s technologi\u00ed IPS rozli\u0161en\u00ed 5120 \u00d7 2880 s podporou mili\u00f3n\u016f barev Procesor 3,2GHz 3,2GHz \u010dty\u0159j\u00e1drov\u00fd Intel Core i5, Turbo Boost a\u017e 3,6GHz 3,2GHz 3,2GHz \u010dty\u0159j\u00e1drov\u00fd Intel Core i5, Turbo Boost a\u017e 3,6GHz Mo\u017enost objednat 4,0GHz \u010dty\u0159j\u00e1drov\u00fd Intel...","og_url":"https:\/\/www.letemsvetemapplem.eu\/bazar\/apple-27palcu-5k-retina-2017\/","og_site_name":"Apple bazar","article_published_time":"2021-04-09T15:46:33+00:00","og_image":[{"width":1512,"height":2016,"url":"https:\/\/www.letemsvetemapplem.eu\/bazar\/wp-content\/uploads\/2021\/04\/IMG_3815.jpg","type":"image\/jpeg"}],"twitter_card":"summary_large_image","schema":{"@context":"https:\/\/schema.org","@graph":[{"@type":"Article","@id":"https:\/\/www.letemsvetemapplem.eu\/bazar\/apple-27palcu-5k-retina-2017\/#article","isPartOf":{"@id":"https:\/\/www.letemsvetemapplem.eu\/bazar\/apple-27palcu-5k-retina-2017\/"},"author":{"name":"","@id":""},"headline":"apple 27palcu 5k Retina 2017","datePublished":"2021-04-09T15:46:33+00:00","mainEntityOfPage":{"@id":"https:\/\/www.letemsvetemapplem.eu\/bazar\/apple-27palcu-5k-retina-2017\/"},"wordCount":1129,"image":{"@id":"https:\/\/www.letemsvetemapplem.eu\/bazar\/apple-27palcu-5k-retina-2017\/#primaryimage"},"thumbnailUrl":"https:\/\/www.letemsvetemapplem.eu\/bazar\/wp-content\/uploads\/2021\/04\/IMG_3815.jpg","articleSection":["iMac"],"inLanguage":"cs"},{"@type":"WebPage","@id":"https:\/\/www.letemsvetemapplem.eu\/bazar\/apple-27palcu-5k-retina-2017\/","url":"https:\/\/www.letemsvetemapplem.eu\/bazar\/apple-27palcu-5k-retina-2017\/","name":"apple 27palcu 5k Retina 2017 - Apple bazar","isPartOf":{"@id":"https:\/\/www.letemsvetemapplem.eu\/bazar\/#website"},"primaryImageOfPage":{"@id":"https:\/\/www.letemsvetemapplem.eu\/bazar\/apple-27palcu-5k-retina-2017\/#primaryimage"},"image":{"@id":"https:\/\/www.letemsvetemapplem.eu\/bazar\/apple-27palcu-5k-retina-2017\/#primaryimage"},"thumbnailUrl":"https:\/\/www.letemsvetemapplem.eu\/bazar\/wp-content\/uploads\/2021\/04\/IMG_3815.jpg","datePublished":"2021-04-09T15:46:33+00:00","author":{"@id":""},"breadcrumb":{"@id":"https:\/\/www.letemsvetemapplem.eu\/bazar\/apple-27palcu-5k-retina-2017\/#breadcrumb"},"inLanguage":"cs","potentialAction":[{"@type":"ReadAction","target":["https:\/\/www.letemsvetemapplem.eu\/bazar\/apple-27palcu-5k-retina-2017\/"]}]},{"@type":"ImageObject","inLanguage":"cs","@id":"https:\/\/www.letemsvetemapplem.eu\/bazar\/apple-27palcu-5k-retina-2017\/#primaryimage","url":"https:\/\/www.letemsvetemapplem.eu\/bazar\/wp-content\/uploads\/2021\/04\/IMG_3815.jpg","contentUrl":"https:\/\/www.letemsvetemapplem.eu\/bazar\/wp-content\/uploads\/2021\/04\/IMG_3815.jpg","width":1512,"height":2016},{"@type":"BreadcrumbList","@id":"https:\/\/www.letemsvetemapplem.eu\/bazar\/apple-27palcu-5k-retina-2017\/#breadcrumb","itemListElement":[{"@type":"ListItem","position":1,"name":"Apple Bazar","item":"https:\/\/www.letemsvetemapplem.eu\/bazar\/"},{"@type":"ListItem","position":2,"name":"apple 27palcu 5k Retina 2017"}]},{"@type":"WebSite","@id":"https:\/\/www.letemsvetemapplem.eu\/bazar\/#website","url":"https:\/\/www.letemsvetemapplem.eu\/bazar\/","name":"Apple bazar","description":"Oou\u017eit\u00e9 Apple produkty za skv\u011bl\u00e9 ceny","potentialAction":[{"@type":"SearchAction","target":{"@type":"EntryPoint","urlTemplate":"https:\/\/www.letemsvetemapplem.eu\/bazar\/?s={search_term_string}"},"query-input":{"@type":"PropertyValueSpecification","valueRequired":true,"valueName":"search_term_string"}}],"inLanguage":"cs"}]}},"_links":{"self":[{"href":"https:\/\/www.letemsvetemapplem.eu\/bazar\/wp-json\/wp\/v2\/posts\/225696","targetHints":{"allow":["GET"]}}],"collection":[{"href":"https:\/\/www.letemsvetemapplem.eu\/bazar\/wp-json\/wp\/v2\/posts"}],"about":[{"href":"https:\/\/www.letemsvetemapplem.eu\/bazar\/wp-json\/wp\/v2\/types\/post"}],"replies":[{"embeddable":true,"href":"https:\/\/www.letemsvetemapplem.eu\/bazar\/wp-json\/wp\/v2\/comments?post=225696"}],"version-history":[{"count":1,"href":"https:\/\/www.letemsvetemapplem.eu\/bazar\/wp-json\/wp\/v2\/posts\/225696\/revisions"}],"predecessor-version":[{"id":225700,"href":"https:\/\/www.letemsvetemapplem.eu\/bazar\/wp-json\/wp\/v2\/posts\/225696\/revisions\/225700"}],"wp:featuredmedia":[{"embeddable":true,"href":"https:\/\/www.letemsvetemapplem.eu\/bazar\/wp-json\/wp\/v2\/media\/225697"}],"wp:attachment":[{"href":"https:\/\/www.letemsvetemapplem.eu\/bazar\/wp-json\/wp\/v2\/media?parent=225696"}],"wp:term":[{"taxonomy":"category","embeddable":true,"href":"https:\/\/www.letemsvetemapplem.eu\/bazar\/wp-json\/wp\/v2\/categories?post=225696"},{"taxonomy":"post_tag","embeddable":true,"href":"https:\/\/www.letemsvetemapplem.eu\/bazar\/wp-json\/wp\/v2\/tags?post=225696"}],"curies":[{"name":"wp","href":"https:\/\/api.w.org\/{rel}","templated":true}]}}