{"id":223277,"date":"2021-03-14T13:51:19","date_gmt":"2021-03-14T12:51:19","guid":{"rendered":"https:\/\/www.letemsvetemapplem.eu\/bazar\/?p=223277"},"modified":"2021-03-14T13:51:19","modified_gmt":"2021-03-14T12:51:19","slug":"macbook-pro-13-i5-2-3-ghz-256gb","status":"publish","type":"post","link":"https:\/\/www.letemsvetemapplem.eu\/bazar\/macbook-pro-13-i5-2-3-ghz-256gb\/","title":{"rendered":"MacBook Pro 13, i5 &#8211; 2.3 GHz, 256GB"},"content":{"rendered":"<p>Apple MacBook Pro 13, i5 &#8211; 2.3 GHz, 256GB, Space Grey, 2017<\/p>\n<p>&#8211; \u010desk\u00e1 kl\u00e1vesnice a distribuce<br \/>\n&#8211; kompletn\u00ed i s krabic\u00ed a nab\u00edje\u010dkou<br \/>\n&#8211; stav bez \u0161kr\u00e1banc\u016f a od\u011brk\u016f<br \/>\n&#8211; stav baterie 74%, v\u00fddr\u017e 4-5 hodin pr\u00e1ce na webu<br \/>\n&#8211; kupov\u00e1no 14.12.2017 na CZC.cz, prvn\u00ed vlastn\u00edk<br \/>\n&#8211; p\u016fvodn\u00ed cena 42 990,- K\u010d<br \/>\n&#8211; apple service program z\u00e1rukna na kl\u00e1vesnici do 12\/2021 (https:\/\/support.apple.com\/keyboard-service-program-for-mac-notebooks)<br \/>\n&#8211; d\u016fvod prodeje: P\u0159echod na nov\u011bj\u0161\u00ed model<\/p>\n<p>Konfigurace:<\/p>\n<p>\u2022 13,3\u201c Retina displej s LED podsv\u00edcen\u00edm a technologi\u00ed IPS, 2560&#215;1600 pixel\u016f<br \/>\n\u2022 2,3Ghz dvouj\u00e1drov\u00fd Intel Core i5 s 64MB eDRAM (TurboBoost do 3,6Ghz)<br \/>\n\u2022 8GB 2133Mhz pam\u011bti LPDDR3 SDRAM<br \/>\n\u2022 256GB SSD disk<br \/>\n\u2022 Grafick\u00e1 karta Intel UHD Graphics 640 s 1536MB pam\u011bti<br \/>\n\u2022 dva Thunderbolt 3 porty (USB-C), podpora pro vysokorychlostn\u00ed I\/O a video v\u00fdstup, sluch\u00e1tkov\u00e1 zd\u00ed\u0159ka, stereofonn\u00ed reproduktory, Wi-Fi 802.11ac, Bluetooth 4.2, kamera FaceTime HD, podsv\u00edcen\u00e1 kl\u00e1vesnice a senzor okoln\u00edho sv\u011btla<\/p>\n<p>Preferuji osobn\u00ed p\u0159ed\u00e1n\u00ed v Brn\u011b nebo v Blansku<\/p>\n","protected":false},"excerpt":{"rendered":"<p>Apple MacBook Pro 13, i5 &#8211; 2.3 GHz, 256GB, Space Grey, 2017 &#8211; \u010desk\u00e1 kl\u00e1vesnice a distribuce &#8211; kompletn\u00ed i s krabic\u00ed a nab\u00edje\u010dkou &#8211; stav bez \u0161kr\u00e1banc\u016f a od\u011brk\u016f &#8211; stav baterie 74%, v\u00fddr\u017e 4-5 hodin pr\u00e1ce na webu &#8211; kupov\u00e1no 14.12.2017 na CZC.cz, prvn\u00ed vlastn\u00edk &#8211; p\u016fvodn\u00ed cena 42 990,- K\u010d &#8211; apple&#8230;<\/p>\n","protected":false},"author":0,"featured_media":223278,"comment_status":"closed","ping_status":"closed","sticky":false,"template":"","format":"standard","meta":{"footnotes":""},"categories":[48],"tags":[],"class_list":["post-223277","post","type-post","status-publish","format-standard","has-post-thumbnail","hentry","category-macbook-pro"],"yoast_head":"<!-- This site is optimized with the Yoast SEO plugin v27.5 - https:\/\/yoast.com\/product\/yoast-seo-wordpress\/ -->\n<title>MacBook Pro 13, i5 - 2.3 GHz, 256GB - Apple bazar<\/title>\n<meta name=\"robots\" content=\"index, follow, max-snippet:-1, max-image-preview:large, max-video-preview:-1\" \/>\n<link rel=\"canonical\" href=\"https:\/\/www.letemsvetemapplem.eu\/bazar\/macbook-pro-13-i5-2-3-ghz-256gb\/\" \/>\n<meta property=\"og:locale\" content=\"cs_CZ\" \/>\n<meta property=\"og:type\" content=\"article\" \/>\n<meta property=\"og:title\" content=\"MacBook Pro 13, i5 - 2.3 GHz, 256GB - Apple bazar\" \/>\n<meta property=\"og:description\" content=\"Apple MacBook Pro 13, i5 &#8211; 2.3 GHz, 256GB, Space Grey, 2017 &#8211; \u010desk\u00e1 kl\u00e1vesnice a distribuce &#8211; kompletn\u00ed i s krabic\u00ed a nab\u00edje\u010dkou &#8211; stav bez \u0161kr\u00e1banc\u016f a od\u011brk\u016f &#8211; stav baterie 74%, v\u00fddr\u017e 4-5 hodin pr\u00e1ce na webu &#8211; kupov\u00e1no 14.12.2017 na CZC.cz, prvn\u00ed vlastn\u00edk &#8211; p\u016fvodn\u00ed cena 42 990,- K\u010d &#8211; apple...\" \/>\n<meta property=\"og:url\" content=\"https:\/\/www.letemsvetemapplem.eu\/bazar\/macbook-pro-13-i5-2-3-ghz-256gb\/\" \/>\n<meta property=\"og:site_name\" content=\"Apple bazar\" \/>\n<meta property=\"article:published_time\" content=\"2021-03-14T12:51:19+00:00\" \/>\n<meta property=\"og:image\" content=\"https:\/\/www.letemsvetemapplem.eu\/bazar\/wp-content\/uploads\/2021\/03\/69C89993-CE19-4DED-B91C-CA3DD8C60F33_1_105_c.jpeg\" \/>\n\t<meta property=\"og:image:width\" content=\"805\" \/>\n\t<meta property=\"og:image:height\" content=\"976\" \/>\n\t<meta property=\"og:image:type\" content=\"image\/jpeg\" \/>\n<meta name=\"twitter:card\" content=\"summary_large_image\" \/>\n<script type=\"application\/ld+json\" class=\"yoast-schema-graph\">{\"@context\":\"https:\\\/\\\/schema.org\",\"@graph\":[{\"@type\":\"Article\",\"@id\":\"https:\\\/\\\/www.letemsvetemapplem.eu\\\/bazar\\\/macbook-pro-13-i5-2-3-ghz-256gb\\\/#article\",\"isPartOf\":{\"@id\":\"https:\\\/\\\/www.letemsvetemapplem.eu\\\/bazar\\\/macbook-pro-13-i5-2-3-ghz-256gb\\\/\"},\"author\":{\"name\":\"\",\"@id\":\"\"},\"headline\":\"MacBook Pro 13, i5 &#8211; 2.3 GHz, 256GB\",\"datePublished\":\"2021-03-14T12:51:19+00:00\",\"mainEntityOfPage\":{\"@id\":\"https:\\\/\\\/www.letemsvetemapplem.eu\\\/bazar\\\/macbook-pro-13-i5-2-3-ghz-256gb\\\/\"},\"wordCount\":177,\"image\":{\"@id\":\"https:\\\/\\\/www.letemsvetemapplem.eu\\\/bazar\\\/macbook-pro-13-i5-2-3-ghz-256gb\\\/#primaryimage\"},\"thumbnailUrl\":\"https:\\\/\\\/www.letemsvetemapplem.eu\\\/bazar\\\/wp-content\\\/uploads\\\/2021\\\/03\\\/69C89993-CE19-4DED-B91C-CA3DD8C60F33_1_105_c.jpeg\",\"articleSection\":[\"MacBook Pro\"],\"inLanguage\":\"cs\"},{\"@type\":\"WebPage\",\"@id\":\"https:\\\/\\\/www.letemsvetemapplem.eu\\\/bazar\\\/macbook-pro-13-i5-2-3-ghz-256gb\\\/\",\"url\":\"https:\\\/\\\/www.letemsvetemapplem.eu\\\/bazar\\\/macbook-pro-13-i5-2-3-ghz-256gb\\\/\",\"name\":\"MacBook Pro 13, i5 - 2.3 GHz, 256GB - Apple bazar\",\"isPartOf\":{\"@id\":\"https:\\\/\\\/www.letemsvetemapplem.eu\\\/bazar\\\/#website\"},\"primaryImageOfPage\":{\"@id\":\"https:\\\/\\\/www.letemsvetemapplem.eu\\\/bazar\\\/macbook-pro-13-i5-2-3-ghz-256gb\\\/#primaryimage\"},\"image\":{\"@id\":\"https:\\\/\\\/www.letemsvetemapplem.eu\\\/bazar\\\/macbook-pro-13-i5-2-3-ghz-256gb\\\/#primaryimage\"},\"thumbnailUrl\":\"https:\\\/\\\/www.letemsvetemapplem.eu\\\/bazar\\\/wp-content\\\/uploads\\\/2021\\\/03\\\/69C89993-CE19-4DED-B91C-CA3DD8C60F33_1_105_c.jpeg\",\"datePublished\":\"2021-03-14T12:51:19+00:00\",\"author\":{\"@id\":\"\"},\"breadcrumb\":{\"@id\":\"https:\\\/\\\/www.letemsvetemapplem.eu\\\/bazar\\\/macbook-pro-13-i5-2-3-ghz-256gb\\\/#breadcrumb\"},\"inLanguage\":\"cs\",\"potentialAction\":[{\"@type\":\"ReadAction\",\"target\":[\"https:\\\/\\\/www.letemsvetemapplem.eu\\\/bazar\\\/macbook-pro-13-i5-2-3-ghz-256gb\\\/\"]}]},{\"@type\":\"ImageObject\",\"inLanguage\":\"cs\",\"@id\":\"https:\\\/\\\/www.letemsvetemapplem.eu\\\/bazar\\\/macbook-pro-13-i5-2-3-ghz-256gb\\\/#primaryimage\",\"url\":\"https:\\\/\\\/www.letemsvetemapplem.eu\\\/bazar\\\/wp-content\\\/uploads\\\/2021\\\/03\\\/69C89993-CE19-4DED-B91C-CA3DD8C60F33_1_105_c.jpeg\",\"contentUrl\":\"https:\\\/\\\/www.letemsvetemapplem.eu\\\/bazar\\\/wp-content\\\/uploads\\\/2021\\\/03\\\/69C89993-CE19-4DED-B91C-CA3DD8C60F33_1_105_c.jpeg\",\"width\":805,\"height\":976},{\"@type\":\"BreadcrumbList\",\"@id\":\"https:\\\/\\\/www.letemsvetemapplem.eu\\\/bazar\\\/macbook-pro-13-i5-2-3-ghz-256gb\\\/#breadcrumb\",\"itemListElement\":[{\"@type\":\"ListItem\",\"position\":1,\"name\":\"Apple Bazar\",\"item\":\"https:\\\/\\\/www.letemsvetemapplem.eu\\\/bazar\\\/\"},{\"@type\":\"ListItem\",\"position\":2,\"name\":\"MacBook Pro 13, i5 &#8211; 2.3 GHz, 256GB\"}]},{\"@type\":\"WebSite\",\"@id\":\"https:\\\/\\\/www.letemsvetemapplem.eu\\\/bazar\\\/#website\",\"url\":\"https:\\\/\\\/www.letemsvetemapplem.eu\\\/bazar\\\/\",\"name\":\"Apple bazar\",\"description\":\"Oou\u017eit\u00e9 Apple produkty za skv\u011bl\u00e9 ceny\",\"potentialAction\":[{\"@type\":\"SearchAction\",\"target\":{\"@type\":\"EntryPoint\",\"urlTemplate\":\"https:\\\/\\\/www.letemsvetemapplem.eu\\\/bazar\\\/?s={search_term_string}\"},\"query-input\":{\"@type\":\"PropertyValueSpecification\",\"valueRequired\":true,\"valueName\":\"search_term_string\"}}],\"inLanguage\":\"cs\"}]}<\/script>\n<!-- \/ Yoast SEO plugin. -->","yoast_head_json":{"title":"MacBook Pro 13, i5 - 2.3 GHz, 256GB - Apple bazar","robots":{"index":"index","follow":"follow","max-snippet":"max-snippet:-1","max-image-preview":"max-image-preview:large","max-video-preview":"max-video-preview:-1"},"canonical":"https:\/\/www.letemsvetemapplem.eu\/bazar\/macbook-pro-13-i5-2-3-ghz-256gb\/","og_locale":"cs_CZ","og_type":"article","og_title":"MacBook Pro 13, i5 - 2.3 GHz, 256GB - Apple bazar","og_description":"Apple MacBook Pro 13, i5 &#8211; 2.3 GHz, 256GB, Space Grey, 2017 &#8211; \u010desk\u00e1 kl\u00e1vesnice a distribuce &#8211; kompletn\u00ed i s krabic\u00ed a nab\u00edje\u010dkou &#8211; stav bez \u0161kr\u00e1banc\u016f a od\u011brk\u016f &#8211; stav baterie 74%, v\u00fddr\u017e 4-5 hodin pr\u00e1ce na webu &#8211; kupov\u00e1no 14.12.2017 na CZC.cz, prvn\u00ed vlastn\u00edk &#8211; p\u016fvodn\u00ed cena 42 990,- K\u010d &#8211; apple...","og_url":"https:\/\/www.letemsvetemapplem.eu\/bazar\/macbook-pro-13-i5-2-3-ghz-256gb\/","og_site_name":"Apple bazar","article_published_time":"2021-03-14T12:51:19+00:00","og_image":[{"width":805,"height":976,"url":"https:\/\/www.letemsvetemapplem.eu\/bazar\/wp-content\/uploads\/2021\/03\/69C89993-CE19-4DED-B91C-CA3DD8C60F33_1_105_c.jpeg","type":"image\/jpeg"}],"twitter_card":"summary_large_image","schema":{"@context":"https:\/\/schema.org","@graph":[{"@type":"Article","@id":"https:\/\/www.letemsvetemapplem.eu\/bazar\/macbook-pro-13-i5-2-3-ghz-256gb\/#article","isPartOf":{"@id":"https:\/\/www.letemsvetemapplem.eu\/bazar\/macbook-pro-13-i5-2-3-ghz-256gb\/"},"author":{"name":"","@id":""},"headline":"MacBook Pro 13, i5 &#8211; 2.3 GHz, 256GB","datePublished":"2021-03-14T12:51:19+00:00","mainEntityOfPage":{"@id":"https:\/\/www.letemsvetemapplem.eu\/bazar\/macbook-pro-13-i5-2-3-ghz-256gb\/"},"wordCount":177,"image":{"@id":"https:\/\/www.letemsvetemapplem.eu\/bazar\/macbook-pro-13-i5-2-3-ghz-256gb\/#primaryimage"},"thumbnailUrl":"https:\/\/www.letemsvetemapplem.eu\/bazar\/wp-content\/uploads\/2021\/03\/69C89993-CE19-4DED-B91C-CA3DD8C60F33_1_105_c.jpeg","articleSection":["MacBook Pro"],"inLanguage":"cs"},{"@type":"WebPage","@id":"https:\/\/www.letemsvetemapplem.eu\/bazar\/macbook-pro-13-i5-2-3-ghz-256gb\/","url":"https:\/\/www.letemsvetemapplem.eu\/bazar\/macbook-pro-13-i5-2-3-ghz-256gb\/","name":"MacBook Pro 13, i5 - 2.3 GHz, 256GB - Apple bazar","isPartOf":{"@id":"https:\/\/www.letemsvetemapplem.eu\/bazar\/#website"},"primaryImageOfPage":{"@id":"https:\/\/www.letemsvetemapplem.eu\/bazar\/macbook-pro-13-i5-2-3-ghz-256gb\/#primaryimage"},"image":{"@id":"https:\/\/www.letemsvetemapplem.eu\/bazar\/macbook-pro-13-i5-2-3-ghz-256gb\/#primaryimage"},"thumbnailUrl":"https:\/\/www.letemsvetemapplem.eu\/bazar\/wp-content\/uploads\/2021\/03\/69C89993-CE19-4DED-B91C-CA3DD8C60F33_1_105_c.jpeg","datePublished":"2021-03-14T12:51:19+00:00","author":{"@id":""},"breadcrumb":{"@id":"https:\/\/www.letemsvetemapplem.eu\/bazar\/macbook-pro-13-i5-2-3-ghz-256gb\/#breadcrumb"},"inLanguage":"cs","potentialAction":[{"@type":"ReadAction","target":["https:\/\/www.letemsvetemapplem.eu\/bazar\/macbook-pro-13-i5-2-3-ghz-256gb\/"]}]},{"@type":"ImageObject","inLanguage":"cs","@id":"https:\/\/www.letemsvetemapplem.eu\/bazar\/macbook-pro-13-i5-2-3-ghz-256gb\/#primaryimage","url":"https:\/\/www.letemsvetemapplem.eu\/bazar\/wp-content\/uploads\/2021\/03\/69C89993-CE19-4DED-B91C-CA3DD8C60F33_1_105_c.jpeg","contentUrl":"https:\/\/www.letemsvetemapplem.eu\/bazar\/wp-content\/uploads\/2021\/03\/69C89993-CE19-4DED-B91C-CA3DD8C60F33_1_105_c.jpeg","width":805,"height":976},{"@type":"BreadcrumbList","@id":"https:\/\/www.letemsvetemapplem.eu\/bazar\/macbook-pro-13-i5-2-3-ghz-256gb\/#breadcrumb","itemListElement":[{"@type":"ListItem","position":1,"name":"Apple Bazar","item":"https:\/\/www.letemsvetemapplem.eu\/bazar\/"},{"@type":"ListItem","position":2,"name":"MacBook Pro 13, i5 &#8211; 2.3 GHz, 256GB"}]},{"@type":"WebSite","@id":"https:\/\/www.letemsvetemapplem.eu\/bazar\/#website","url":"https:\/\/www.letemsvetemapplem.eu\/bazar\/","name":"Apple bazar","description":"Oou\u017eit\u00e9 Apple produkty za skv\u011bl\u00e9 ceny","potentialAction":[{"@type":"SearchAction","target":{"@type":"EntryPoint","urlTemplate":"https:\/\/www.letemsvetemapplem.eu\/bazar\/?s={search_term_string}"},"query-input":{"@type":"PropertyValueSpecification","valueRequired":true,"valueName":"search_term_string"}}],"inLanguage":"cs"}]}},"_links":{"self":[{"href":"https:\/\/www.letemsvetemapplem.eu\/bazar\/wp-json\/wp\/v2\/posts\/223277","targetHints":{"allow":["GET"]}}],"collection":[{"href":"https:\/\/www.letemsvetemapplem.eu\/bazar\/wp-json\/wp\/v2\/posts"}],"about":[{"href":"https:\/\/www.letemsvetemapplem.eu\/bazar\/wp-json\/wp\/v2\/types\/post"}],"replies":[{"embeddable":true,"href":"https:\/\/www.letemsvetemapplem.eu\/bazar\/wp-json\/wp\/v2\/comments?post=223277"}],"version-history":[{"count":1,"href":"https:\/\/www.letemsvetemapplem.eu\/bazar\/wp-json\/wp\/v2\/posts\/223277\/revisions"}],"predecessor-version":[{"id":223283,"href":"https:\/\/www.letemsvetemapplem.eu\/bazar\/wp-json\/wp\/v2\/posts\/223277\/revisions\/223283"}],"wp:featuredmedia":[{"embeddable":true,"href":"https:\/\/www.letemsvetemapplem.eu\/bazar\/wp-json\/wp\/v2\/media\/223278"}],"wp:attachment":[{"href":"https:\/\/www.letemsvetemapplem.eu\/bazar\/wp-json\/wp\/v2\/media?parent=223277"}],"wp:term":[{"taxonomy":"category","embeddable":true,"href":"https:\/\/www.letemsvetemapplem.eu\/bazar\/wp-json\/wp\/v2\/categories?post=223277"},{"taxonomy":"post_tag","embeddable":true,"href":"https:\/\/www.letemsvetemapplem.eu\/bazar\/wp-json\/wp\/v2\/tags?post=223277"}],"curies":[{"name":"wp","href":"https:\/\/api.w.org\/{rel}","templated":true}]}}