{"id":222839,"date":"2021-03-09T10:09:43","date_gmt":"2021-03-09T09:09:43","guid":{"rendered":"https:\/\/www.letemsvetemapplem.eu\/bazar\/?p=222839"},"modified":"2021-03-09T10:09:43","modified_gmt":"2021-03-09T09:09:43","slug":"macbook-pro-154-2017-retina-i7-16gb","status":"publish","type":"post","link":"https:\/\/www.letemsvetemapplem.eu\/bazar\/macbook-pro-154-2017-retina-i7-16gb\/","title":{"rendered":"MacBook Pro 15,4&quot; 2017 Retina, i7, 16GB"},"content":{"rendered":"<p>Prod\u00e1m MacBook Pro 15,4&quot; Retina 2017:<\/p>\n<p>&#8211; 3,1Ghz \u010dty\u0159j\u00e1drov\u00fdm procesorem Intel Core i7<br \/>\n&#8211; 16GB RAM 2133 Mhz LPDDR3<br \/>\n&#8211; integrovan\u00e1 grafika Intel HD Graphics 630 a grafika Radeon PRo 560 4GB<br \/>\n&#8211; s 518GB SSD<br \/>\n&#8211; stav baterie v\u00fdborn\u00fd (27 cykl\u016f)<\/p>\n<p>Macbook funguje norm\u00e1ln\u011b, bez zn\u00e1mek \u0161kr\u00e1banc\u016f a b\u011b\u017en\u00e9ho pou\u017e\u00edv\u00e1n\u00ed, byl p\u00e1rkr\u00e1t pou\u017eit\u00fd (nevhodn\u00e9 parametry pro m\u00e9 \u00fa\u010dely).<\/p>\n<p>S Macem dod\u00e1m origin\u00e1l nab\u00edje\u010dku (m\u00edrn\u011b ze\u017eloutl\u00fd konec) a krabici.<\/p>\n<p>Preferuji osobn\u00ed odb\u011br v okol\u00ed \u010cesk\u00fd Krumlov\/\u010cesk\u00e9 Bud\u011bjovice nebo mo\u017en\u00e9 poslat na dob\u00edrku.<\/p>\n","protected":false},"excerpt":{"rendered":"<p>Prod\u00e1m MacBook Pro 15,4&quot; Retina 2017: &#8211; 3,1Ghz \u010dty\u0159j\u00e1drov\u00fdm procesorem Intel Core i7 &#8211; 16GB RAM 2133 Mhz LPDDR3 &#8211; integrovan\u00e1 grafika Intel HD Graphics 630 a grafika Radeon PRo 560 4GB &#8211; s 518GB SSD &#8211; stav baterie v\u00fdborn\u00fd (27 cykl\u016f) Macbook funguje norm\u00e1ln\u011b, bez zn\u00e1mek \u0161kr\u00e1banc\u016f a b\u011b\u017en\u00e9ho pou\u017e\u00edv\u00e1n\u00ed, byl p\u00e1rkr\u00e1t pou\u017eit\u00fd (nevhodn\u00e9&#8230;<\/p>\n","protected":false},"author":0,"featured_media":222840,"comment_status":"closed","ping_status":"closed","sticky":false,"template":"","format":"standard","meta":{"footnotes":""},"categories":[48],"tags":[],"class_list":["post-222839","post","type-post","status-publish","format-standard","has-post-thumbnail","hentry","category-macbook-pro"],"yoast_head":"<!-- This site is optimized with the Yoast SEO plugin v27.5 - https:\/\/yoast.com\/product\/yoast-seo-wordpress\/ -->\n<title>MacBook Pro 15,4&quot; 2017 Retina, i7, 16GB - Apple bazar<\/title>\n<meta name=\"robots\" content=\"index, follow, max-snippet:-1, max-image-preview:large, max-video-preview:-1\" \/>\n<link rel=\"canonical\" href=\"https:\/\/www.letemsvetemapplem.eu\/bazar\/macbook-pro-154-2017-retina-i7-16gb\/\" \/>\n<meta property=\"og:locale\" content=\"cs_CZ\" \/>\n<meta property=\"og:type\" content=\"article\" \/>\n<meta property=\"og:title\" content=\"MacBook Pro 15,4&quot; 2017 Retina, i7, 16GB - Apple bazar\" \/>\n<meta property=\"og:description\" content=\"Prod\u00e1m MacBook Pro 15,4&quot; Retina 2017: &#8211; 3,1Ghz \u010dty\u0159j\u00e1drov\u00fdm procesorem Intel Core i7 &#8211; 16GB RAM 2133 Mhz LPDDR3 &#8211; integrovan\u00e1 grafika Intel HD Graphics 630 a grafika Radeon PRo 560 4GB &#8211; s 518GB SSD &#8211; stav baterie v\u00fdborn\u00fd (27 cykl\u016f) Macbook funguje norm\u00e1ln\u011b, bez zn\u00e1mek \u0161kr\u00e1banc\u016f a b\u011b\u017en\u00e9ho pou\u017e\u00edv\u00e1n\u00ed, byl p\u00e1rkr\u00e1t pou\u017eit\u00fd (nevhodn\u00e9...\" \/>\n<meta property=\"og:url\" content=\"https:\/\/www.letemsvetemapplem.eu\/bazar\/macbook-pro-154-2017-retina-i7-16gb\/\" \/>\n<meta property=\"og:site_name\" content=\"Apple bazar\" \/>\n<meta property=\"article:published_time\" content=\"2021-03-09T09:09:43+00:00\" \/>\n<meta property=\"og:image\" content=\"https:\/\/www.letemsvetemapplem.eu\/bazar\/wp-content\/uploads\/2021\/03\/150088851_2637036483254775_7843109323871719793_o.jpg\" \/>\n\t<meta property=\"og:image:width\" content=\"720\" \/>\n\t<meta property=\"og:image:height\" content=\"960\" \/>\n\t<meta property=\"og:image:type\" content=\"image\/jpeg\" \/>\n<meta name=\"twitter:card\" content=\"summary_large_image\" \/>\n<script type=\"application\/ld+json\" class=\"yoast-schema-graph\">{\"@context\":\"https:\\\/\\\/schema.org\",\"@graph\":[{\"@type\":\"Article\",\"@id\":\"https:\\\/\\\/www.letemsvetemapplem.eu\\\/bazar\\\/macbook-pro-154-2017-retina-i7-16gb\\\/#article\",\"isPartOf\":{\"@id\":\"https:\\\/\\\/www.letemsvetemapplem.eu\\\/bazar\\\/macbook-pro-154-2017-retina-i7-16gb\\\/\"},\"author\":{\"name\":\"\",\"@id\":\"\"},\"headline\":\"MacBook Pro 15,4&quot; 2017 Retina, i7, 16GB\",\"datePublished\":\"2021-03-09T09:09:43+00:00\",\"mainEntityOfPage\":{\"@id\":\"https:\\\/\\\/www.letemsvetemapplem.eu\\\/bazar\\\/macbook-pro-154-2017-retina-i7-16gb\\\/\"},\"wordCount\":109,\"image\":{\"@id\":\"https:\\\/\\\/www.letemsvetemapplem.eu\\\/bazar\\\/macbook-pro-154-2017-retina-i7-16gb\\\/#primaryimage\"},\"thumbnailUrl\":\"https:\\\/\\\/www.letemsvetemapplem.eu\\\/bazar\\\/wp-content\\\/uploads\\\/2021\\\/03\\\/150088851_2637036483254775_7843109323871719793_o.jpg\",\"articleSection\":[\"MacBook Pro\"],\"inLanguage\":\"cs\"},{\"@type\":\"WebPage\",\"@id\":\"https:\\\/\\\/www.letemsvetemapplem.eu\\\/bazar\\\/macbook-pro-154-2017-retina-i7-16gb\\\/\",\"url\":\"https:\\\/\\\/www.letemsvetemapplem.eu\\\/bazar\\\/macbook-pro-154-2017-retina-i7-16gb\\\/\",\"name\":\"MacBook Pro 15,4&quot; 2017 Retina, i7, 16GB - Apple bazar\",\"isPartOf\":{\"@id\":\"https:\\\/\\\/www.letemsvetemapplem.eu\\\/bazar\\\/#website\"},\"primaryImageOfPage\":{\"@id\":\"https:\\\/\\\/www.letemsvetemapplem.eu\\\/bazar\\\/macbook-pro-154-2017-retina-i7-16gb\\\/#primaryimage\"},\"image\":{\"@id\":\"https:\\\/\\\/www.letemsvetemapplem.eu\\\/bazar\\\/macbook-pro-154-2017-retina-i7-16gb\\\/#primaryimage\"},\"thumbnailUrl\":\"https:\\\/\\\/www.letemsvetemapplem.eu\\\/bazar\\\/wp-content\\\/uploads\\\/2021\\\/03\\\/150088851_2637036483254775_7843109323871719793_o.jpg\",\"datePublished\":\"2021-03-09T09:09:43+00:00\",\"author\":{\"@id\":\"\"},\"breadcrumb\":{\"@id\":\"https:\\\/\\\/www.letemsvetemapplem.eu\\\/bazar\\\/macbook-pro-154-2017-retina-i7-16gb\\\/#breadcrumb\"},\"inLanguage\":\"cs\",\"potentialAction\":[{\"@type\":\"ReadAction\",\"target\":[\"https:\\\/\\\/www.letemsvetemapplem.eu\\\/bazar\\\/macbook-pro-154-2017-retina-i7-16gb\\\/\"]}]},{\"@type\":\"ImageObject\",\"inLanguage\":\"cs\",\"@id\":\"https:\\\/\\\/www.letemsvetemapplem.eu\\\/bazar\\\/macbook-pro-154-2017-retina-i7-16gb\\\/#primaryimage\",\"url\":\"https:\\\/\\\/www.letemsvetemapplem.eu\\\/bazar\\\/wp-content\\\/uploads\\\/2021\\\/03\\\/150088851_2637036483254775_7843109323871719793_o.jpg\",\"contentUrl\":\"https:\\\/\\\/www.letemsvetemapplem.eu\\\/bazar\\\/wp-content\\\/uploads\\\/2021\\\/03\\\/150088851_2637036483254775_7843109323871719793_o.jpg\",\"width\":720,\"height\":960},{\"@type\":\"BreadcrumbList\",\"@id\":\"https:\\\/\\\/www.letemsvetemapplem.eu\\\/bazar\\\/macbook-pro-154-2017-retina-i7-16gb\\\/#breadcrumb\",\"itemListElement\":[{\"@type\":\"ListItem\",\"position\":1,\"name\":\"Apple Bazar\",\"item\":\"https:\\\/\\\/www.letemsvetemapplem.eu\\\/bazar\\\/\"},{\"@type\":\"ListItem\",\"position\":2,\"name\":\"MacBook Pro 15,4&quot; 2017 Retina, i7, 16GB\"}]},{\"@type\":\"WebSite\",\"@id\":\"https:\\\/\\\/www.letemsvetemapplem.eu\\\/bazar\\\/#website\",\"url\":\"https:\\\/\\\/www.letemsvetemapplem.eu\\\/bazar\\\/\",\"name\":\"Apple bazar\",\"description\":\"Oou\u017eit\u00e9 Apple produkty za skv\u011bl\u00e9 ceny\",\"potentialAction\":[{\"@type\":\"SearchAction\",\"target\":{\"@type\":\"EntryPoint\",\"urlTemplate\":\"https:\\\/\\\/www.letemsvetemapplem.eu\\\/bazar\\\/?s={search_term_string}\"},\"query-input\":{\"@type\":\"PropertyValueSpecification\",\"valueRequired\":true,\"valueName\":\"search_term_string\"}}],\"inLanguage\":\"cs\"}]}<\/script>\n<!-- \/ Yoast SEO plugin. -->","yoast_head_json":{"title":"MacBook Pro 15,4&quot; 2017 Retina, i7, 16GB - Apple bazar","robots":{"index":"index","follow":"follow","max-snippet":"max-snippet:-1","max-image-preview":"max-image-preview:large","max-video-preview":"max-video-preview:-1"},"canonical":"https:\/\/www.letemsvetemapplem.eu\/bazar\/macbook-pro-154-2017-retina-i7-16gb\/","og_locale":"cs_CZ","og_type":"article","og_title":"MacBook Pro 15,4&quot; 2017 Retina, i7, 16GB - Apple bazar","og_description":"Prod\u00e1m MacBook Pro 15,4&quot; Retina 2017: &#8211; 3,1Ghz \u010dty\u0159j\u00e1drov\u00fdm procesorem Intel Core i7 &#8211; 16GB RAM 2133 Mhz LPDDR3 &#8211; integrovan\u00e1 grafika Intel HD Graphics 630 a grafika Radeon PRo 560 4GB &#8211; s 518GB SSD &#8211; stav baterie v\u00fdborn\u00fd (27 cykl\u016f) Macbook funguje norm\u00e1ln\u011b, bez zn\u00e1mek \u0161kr\u00e1banc\u016f a b\u011b\u017en\u00e9ho pou\u017e\u00edv\u00e1n\u00ed, byl p\u00e1rkr\u00e1t pou\u017eit\u00fd (nevhodn\u00e9...","og_url":"https:\/\/www.letemsvetemapplem.eu\/bazar\/macbook-pro-154-2017-retina-i7-16gb\/","og_site_name":"Apple bazar","article_published_time":"2021-03-09T09:09:43+00:00","og_image":[{"width":720,"height":960,"url":"https:\/\/www.letemsvetemapplem.eu\/bazar\/wp-content\/uploads\/2021\/03\/150088851_2637036483254775_7843109323871719793_o.jpg","type":"image\/jpeg"}],"twitter_card":"summary_large_image","schema":{"@context":"https:\/\/schema.org","@graph":[{"@type":"Article","@id":"https:\/\/www.letemsvetemapplem.eu\/bazar\/macbook-pro-154-2017-retina-i7-16gb\/#article","isPartOf":{"@id":"https:\/\/www.letemsvetemapplem.eu\/bazar\/macbook-pro-154-2017-retina-i7-16gb\/"},"author":{"name":"","@id":""},"headline":"MacBook Pro 15,4&quot; 2017 Retina, i7, 16GB","datePublished":"2021-03-09T09:09:43+00:00","mainEntityOfPage":{"@id":"https:\/\/www.letemsvetemapplem.eu\/bazar\/macbook-pro-154-2017-retina-i7-16gb\/"},"wordCount":109,"image":{"@id":"https:\/\/www.letemsvetemapplem.eu\/bazar\/macbook-pro-154-2017-retina-i7-16gb\/#primaryimage"},"thumbnailUrl":"https:\/\/www.letemsvetemapplem.eu\/bazar\/wp-content\/uploads\/2021\/03\/150088851_2637036483254775_7843109323871719793_o.jpg","articleSection":["MacBook Pro"],"inLanguage":"cs"},{"@type":"WebPage","@id":"https:\/\/www.letemsvetemapplem.eu\/bazar\/macbook-pro-154-2017-retina-i7-16gb\/","url":"https:\/\/www.letemsvetemapplem.eu\/bazar\/macbook-pro-154-2017-retina-i7-16gb\/","name":"MacBook Pro 15,4&quot; 2017 Retina, i7, 16GB - Apple bazar","isPartOf":{"@id":"https:\/\/www.letemsvetemapplem.eu\/bazar\/#website"},"primaryImageOfPage":{"@id":"https:\/\/www.letemsvetemapplem.eu\/bazar\/macbook-pro-154-2017-retina-i7-16gb\/#primaryimage"},"image":{"@id":"https:\/\/www.letemsvetemapplem.eu\/bazar\/macbook-pro-154-2017-retina-i7-16gb\/#primaryimage"},"thumbnailUrl":"https:\/\/www.letemsvetemapplem.eu\/bazar\/wp-content\/uploads\/2021\/03\/150088851_2637036483254775_7843109323871719793_o.jpg","datePublished":"2021-03-09T09:09:43+00:00","author":{"@id":""},"breadcrumb":{"@id":"https:\/\/www.letemsvetemapplem.eu\/bazar\/macbook-pro-154-2017-retina-i7-16gb\/#breadcrumb"},"inLanguage":"cs","potentialAction":[{"@type":"ReadAction","target":["https:\/\/www.letemsvetemapplem.eu\/bazar\/macbook-pro-154-2017-retina-i7-16gb\/"]}]},{"@type":"ImageObject","inLanguage":"cs","@id":"https:\/\/www.letemsvetemapplem.eu\/bazar\/macbook-pro-154-2017-retina-i7-16gb\/#primaryimage","url":"https:\/\/www.letemsvetemapplem.eu\/bazar\/wp-content\/uploads\/2021\/03\/150088851_2637036483254775_7843109323871719793_o.jpg","contentUrl":"https:\/\/www.letemsvetemapplem.eu\/bazar\/wp-content\/uploads\/2021\/03\/150088851_2637036483254775_7843109323871719793_o.jpg","width":720,"height":960},{"@type":"BreadcrumbList","@id":"https:\/\/www.letemsvetemapplem.eu\/bazar\/macbook-pro-154-2017-retina-i7-16gb\/#breadcrumb","itemListElement":[{"@type":"ListItem","position":1,"name":"Apple Bazar","item":"https:\/\/www.letemsvetemapplem.eu\/bazar\/"},{"@type":"ListItem","position":2,"name":"MacBook Pro 15,4&quot; 2017 Retina, i7, 16GB"}]},{"@type":"WebSite","@id":"https:\/\/www.letemsvetemapplem.eu\/bazar\/#website","url":"https:\/\/www.letemsvetemapplem.eu\/bazar\/","name":"Apple bazar","description":"Oou\u017eit\u00e9 Apple produkty za skv\u011bl\u00e9 ceny","potentialAction":[{"@type":"SearchAction","target":{"@type":"EntryPoint","urlTemplate":"https:\/\/www.letemsvetemapplem.eu\/bazar\/?s={search_term_string}"},"query-input":{"@type":"PropertyValueSpecification","valueRequired":true,"valueName":"search_term_string"}}],"inLanguage":"cs"}]}},"_links":{"self":[{"href":"https:\/\/www.letemsvetemapplem.eu\/bazar\/wp-json\/wp\/v2\/posts\/222839","targetHints":{"allow":["GET"]}}],"collection":[{"href":"https:\/\/www.letemsvetemapplem.eu\/bazar\/wp-json\/wp\/v2\/posts"}],"about":[{"href":"https:\/\/www.letemsvetemapplem.eu\/bazar\/wp-json\/wp\/v2\/types\/post"}],"replies":[{"embeddable":true,"href":"https:\/\/www.letemsvetemapplem.eu\/bazar\/wp-json\/wp\/v2\/comments?post=222839"}],"version-history":[{"count":1,"href":"https:\/\/www.letemsvetemapplem.eu\/bazar\/wp-json\/wp\/v2\/posts\/222839\/revisions"}],"predecessor-version":[{"id":222844,"href":"https:\/\/www.letemsvetemapplem.eu\/bazar\/wp-json\/wp\/v2\/posts\/222839\/revisions\/222844"}],"wp:featuredmedia":[{"embeddable":true,"href":"https:\/\/www.letemsvetemapplem.eu\/bazar\/wp-json\/wp\/v2\/media\/222840"}],"wp:attachment":[{"href":"https:\/\/www.letemsvetemapplem.eu\/bazar\/wp-json\/wp\/v2\/media?parent=222839"}],"wp:term":[{"taxonomy":"category","embeddable":true,"href":"https:\/\/www.letemsvetemapplem.eu\/bazar\/wp-json\/wp\/v2\/categories?post=222839"},{"taxonomy":"post_tag","embeddable":true,"href":"https:\/\/www.letemsvetemapplem.eu\/bazar\/wp-json\/wp\/v2\/tags?post=222839"}],"curies":[{"name":"wp","href":"https:\/\/api.w.org\/{rel}","templated":true}]}}