{"id":221408,"date":"2021-02-22T15:13:08","date_gmt":"2021-02-22T14:13:08","guid":{"rendered":"https:\/\/www.letemsvetemapplem.eu\/bazar\/?p=221408"},"modified":"2021-02-22T18:10:34","modified_gmt":"2021-02-22T17:10:34","slug":"imac-215-retina-4k-i3-36ghz-8gb-ram","status":"publish","type":"post","link":"https:\/\/www.letemsvetemapplem.eu\/bazar\/imac-215-retina-4k-i3-36ghz-8gb-ram\/","title":{"rendered":"iMac 21,5\u201d Retina 4K i3 3,6GHz 8GB RAM"},"content":{"rendered":"<p>Prod\u00e1v\u00e1m Apple iMac 21.5\u201d&lt;br \/&gt;<br \/>\nRetina 4K displej&lt;br \/&gt;<br \/>\n4 j\u00e1drov\u00fd Procesor Intel i3 3,6GHz&lt;br \/&gt;<br \/>\n8GB RAM&lt;br \/&gt;<br \/>\n1TR HDD&lt;br \/&gt;<br \/>\nRadeon Pro 555X 2GB<br \/>\nKomplet balen\u00ed v\u010detn\u011b p\u016fvodn\u00ed krabice, magic keyboard, magic mouse 2, nap\u00e1jec\u00ed kabel, kabel na nab\u00edjen\u00ed (lighting), Mac OS Big Sure<br \/>\niMac u\u017e v z\u00e1ruce nen\u00ed, ale st\u00e1le se ale prod\u00e1v\u00e1 za 35.000,-(https:\/\/www.apple.com\/cz\/shop\/buy-mac\/imac\/21,5palcov\u00fd-3,6ghz-\u010dty\u0159j\u00e1drov\u00fd-procesor-256gb#) tohle je on, pouze s SSD vs Tento s HDD , mal\u00e9 od\u011brky na my\u0161i, iMac bez \u0161kr\u00e1bance ve vynikaj\u00edc\u00edm stavu<br \/>\niMac je skv\u011bl\u00fd na b\u011b\u017enou pr\u00e1ci, v budoucnu doporu\u010duji vym\u011bnit HDD na SSD kv\u016fli rychlej\u0161\u00edmu na\u010d\u00edt\u00e1n\u00ed program\u016f.<br \/>\nProd\u00e1v\u00e1m z d\u016fvodu, \u017ee pot\u0159ebuji v\u00fdkonn\u011bj\u0161\u00ed grafiku.&lt;br \/&gt;<br \/>\nhttps:\/\/www.facebook.com\/marketplace\/item\/768120480787703\/<\/p>\n","protected":false},"excerpt":{"rendered":"<p>Prod\u00e1v\u00e1m Apple iMac 21.5\u201d&lt;br \/&gt; Retina 4K displej&lt;br \/&gt; 4 j\u00e1drov\u00fd Procesor Intel i3 3,6GHz&lt;br \/&gt; 8GB RAM&lt;br \/&gt; 1TR HDD&lt;br \/&gt; Radeon Pro 555X 2GB Komplet balen\u00ed v\u010detn\u011b p\u016fvodn\u00ed krabice, magic keyboard, magic mouse 2, nap\u00e1jec\u00ed kabel, kabel na nab\u00edjen\u00ed (lighting), Mac OS Big Sure iMac u\u017e v z\u00e1ruce nen\u00ed, ale st\u00e1le se ale&#8230;<\/p>\n","protected":false},"author":0,"featured_media":221409,"comment_status":"closed","ping_status":"closed","sticky":false,"template":"","format":"standard","meta":{"footnotes":""},"categories":[41],"tags":[],"class_list":["post-221408","post","type-post","status-publish","format-standard","has-post-thumbnail","hentry","category-imac"],"yoast_head":"<!-- This site is optimized with the Yoast SEO plugin v27.2 - https:\/\/yoast.com\/product\/yoast-seo-wordpress\/ -->\n<title>iMac 21,5\u201d Retina 4K i3 3,6GHz 8GB RAM - Apple bazar<\/title>\n<meta name=\"robots\" content=\"index, follow, max-snippet:-1, max-image-preview:large, max-video-preview:-1\" \/>\n<link rel=\"canonical\" href=\"https:\/\/www.letemsvetemapplem.eu\/bazar\/imac-215-retina-4k-i3-36ghz-8gb-ram\/\" \/>\n<meta property=\"og:locale\" content=\"cs_CZ\" \/>\n<meta property=\"og:type\" content=\"article\" \/>\n<meta property=\"og:title\" content=\"iMac 21,5\u201d Retina 4K i3 3,6GHz 8GB RAM - Apple bazar\" \/>\n<meta property=\"og:description\" content=\"Prod\u00e1v\u00e1m Apple iMac 21.5\u201d&lt;br \/&gt; Retina 4K displej&lt;br \/&gt; 4 j\u00e1drov\u00fd Procesor Intel i3 3,6GHz&lt;br \/&gt; 8GB RAM&lt;br \/&gt; 1TR HDD&lt;br \/&gt; Radeon Pro 555X 2GB Komplet balen\u00ed v\u010detn\u011b p\u016fvodn\u00ed krabice, magic keyboard, magic mouse 2, nap\u00e1jec\u00ed kabel, kabel na nab\u00edjen\u00ed (lighting), Mac OS Big Sure iMac u\u017e v z\u00e1ruce nen\u00ed, ale st\u00e1le se ale...\" \/>\n<meta property=\"og:url\" content=\"https:\/\/www.letemsvetemapplem.eu\/bazar\/imac-215-retina-4k-i3-36ghz-8gb-ram\/\" \/>\n<meta property=\"og:site_name\" content=\"Apple bazar\" \/>\n<meta property=\"article:published_time\" content=\"2021-02-22T14:13:08+00:00\" \/>\n<meta property=\"article:modified_time\" content=\"2021-02-22T17:10:34+00:00\" \/>\n<meta property=\"og:image\" content=\"https:\/\/www.letemsvetemapplem.eu\/bazar\/wp-content\/uploads\/2021\/02\/D534CE2C-54BC-49FF-A2CE-221BAD94B468-scaled.jpeg\" \/>\n\t<meta property=\"og:image:width\" content=\"1920\" \/>\n\t<meta property=\"og:image:height\" content=\"2560\" \/>\n\t<meta property=\"og:image:type\" content=\"image\/jpeg\" \/>\n<meta name=\"twitter:card\" content=\"summary_large_image\" \/>\n<script type=\"application\/ld+json\" class=\"yoast-schema-graph\">{\"@context\":\"https:\/\/schema.org\",\"@graph\":[{\"@type\":\"Article\",\"@id\":\"https:\/\/www.letemsvetemapplem.eu\/bazar\/imac-215-retina-4k-i3-36ghz-8gb-ram\/#article\",\"isPartOf\":{\"@id\":\"https:\/\/www.letemsvetemapplem.eu\/bazar\/imac-215-retina-4k-i3-36ghz-8gb-ram\/\"},\"author\":{\"name\":\"\",\"@id\":\"\"},\"headline\":\"iMac 21,5\u201d Retina 4K i3 3,6GHz 8GB RAM\",\"datePublished\":\"2021-02-22T14:13:08+00:00\",\"dateModified\":\"2021-02-22T17:10:34+00:00\",\"mainEntityOfPage\":{\"@id\":\"https:\/\/www.letemsvetemapplem.eu\/bazar\/imac-215-retina-4k-i3-36ghz-8gb-ram\/\"},\"wordCount\":171,\"image\":{\"@id\":\"https:\/\/www.letemsvetemapplem.eu\/bazar\/imac-215-retina-4k-i3-36ghz-8gb-ram\/#primaryimage\"},\"thumbnailUrl\":\"https:\/\/www.letemsvetemapplem.eu\/bazar\/wp-content\/uploads\/2021\/02\/D534CE2C-54BC-49FF-A2CE-221BAD94B468-scaled.jpeg\",\"articleSection\":[\"iMac\"],\"inLanguage\":\"cs\"},{\"@type\":\"WebPage\",\"@id\":\"https:\/\/www.letemsvetemapplem.eu\/bazar\/imac-215-retina-4k-i3-36ghz-8gb-ram\/\",\"url\":\"https:\/\/www.letemsvetemapplem.eu\/bazar\/imac-215-retina-4k-i3-36ghz-8gb-ram\/\",\"name\":\"iMac 21,5\u201d Retina 4K i3 3,6GHz 8GB RAM - Apple bazar\",\"isPartOf\":{\"@id\":\"https:\/\/www.letemsvetemapplem.eu\/bazar\/#website\"},\"primaryImageOfPage\":{\"@id\":\"https:\/\/www.letemsvetemapplem.eu\/bazar\/imac-215-retina-4k-i3-36ghz-8gb-ram\/#primaryimage\"},\"image\":{\"@id\":\"https:\/\/www.letemsvetemapplem.eu\/bazar\/imac-215-retina-4k-i3-36ghz-8gb-ram\/#primaryimage\"},\"thumbnailUrl\":\"https:\/\/www.letemsvetemapplem.eu\/bazar\/wp-content\/uploads\/2021\/02\/D534CE2C-54BC-49FF-A2CE-221BAD94B468-scaled.jpeg\",\"datePublished\":\"2021-02-22T14:13:08+00:00\",\"dateModified\":\"2021-02-22T17:10:34+00:00\",\"author\":{\"@id\":\"\"},\"breadcrumb\":{\"@id\":\"https:\/\/www.letemsvetemapplem.eu\/bazar\/imac-215-retina-4k-i3-36ghz-8gb-ram\/#breadcrumb\"},\"inLanguage\":\"cs\",\"potentialAction\":[{\"@type\":\"ReadAction\",\"target\":[\"https:\/\/www.letemsvetemapplem.eu\/bazar\/imac-215-retina-4k-i3-36ghz-8gb-ram\/\"]}]},{\"@type\":\"ImageObject\",\"inLanguage\":\"cs\",\"@id\":\"https:\/\/www.letemsvetemapplem.eu\/bazar\/imac-215-retina-4k-i3-36ghz-8gb-ram\/#primaryimage\",\"url\":\"https:\/\/www.letemsvetemapplem.eu\/bazar\/wp-content\/uploads\/2021\/02\/D534CE2C-54BC-49FF-A2CE-221BAD94B468-scaled.jpeg\",\"contentUrl\":\"https:\/\/www.letemsvetemapplem.eu\/bazar\/wp-content\/uploads\/2021\/02\/D534CE2C-54BC-49FF-A2CE-221BAD94B468-scaled.jpeg\",\"width\":1920,\"height\":2560},{\"@type\":\"BreadcrumbList\",\"@id\":\"https:\/\/www.letemsvetemapplem.eu\/bazar\/imac-215-retina-4k-i3-36ghz-8gb-ram\/#breadcrumb\",\"itemListElement\":[{\"@type\":\"ListItem\",\"position\":1,\"name\":\"Apple Bazar\",\"item\":\"https:\/\/www.letemsvetemapplem.eu\/bazar\/\"},{\"@type\":\"ListItem\",\"position\":2,\"name\":\"iMac 21,5\u201d Retina 4K i3 3,6GHz 8GB RAM\"}]},{\"@type\":\"WebSite\",\"@id\":\"https:\/\/www.letemsvetemapplem.eu\/bazar\/#website\",\"url\":\"https:\/\/www.letemsvetemapplem.eu\/bazar\/\",\"name\":\"Apple bazar\",\"description\":\"Oou\u017eit\u00e9 Apple produkty za skv\u011bl\u00e9 ceny\",\"potentialAction\":[{\"@type\":\"SearchAction\",\"target\":{\"@type\":\"EntryPoint\",\"urlTemplate\":\"https:\/\/www.letemsvetemapplem.eu\/bazar\/?s={search_term_string}\"},\"query-input\":{\"@type\":\"PropertyValueSpecification\",\"valueRequired\":true,\"valueName\":\"search_term_string\"}}],\"inLanguage\":\"cs\"}]}<\/script>\n<!-- \/ Yoast SEO plugin. -->","yoast_head_json":{"title":"iMac 21,5\u201d Retina 4K i3 3,6GHz 8GB RAM - Apple bazar","robots":{"index":"index","follow":"follow","max-snippet":"max-snippet:-1","max-image-preview":"max-image-preview:large","max-video-preview":"max-video-preview:-1"},"canonical":"https:\/\/www.letemsvetemapplem.eu\/bazar\/imac-215-retina-4k-i3-36ghz-8gb-ram\/","og_locale":"cs_CZ","og_type":"article","og_title":"iMac 21,5\u201d Retina 4K i3 3,6GHz 8GB RAM - Apple bazar","og_description":"Prod\u00e1v\u00e1m Apple iMac 21.5\u201d&lt;br \/&gt; Retina 4K displej&lt;br \/&gt; 4 j\u00e1drov\u00fd Procesor Intel i3 3,6GHz&lt;br \/&gt; 8GB RAM&lt;br \/&gt; 1TR HDD&lt;br \/&gt; Radeon Pro 555X 2GB Komplet balen\u00ed v\u010detn\u011b p\u016fvodn\u00ed krabice, magic keyboard, magic mouse 2, nap\u00e1jec\u00ed kabel, kabel na nab\u00edjen\u00ed (lighting), Mac OS Big Sure iMac u\u017e v z\u00e1ruce nen\u00ed, ale st\u00e1le se ale...","og_url":"https:\/\/www.letemsvetemapplem.eu\/bazar\/imac-215-retina-4k-i3-36ghz-8gb-ram\/","og_site_name":"Apple bazar","article_published_time":"2021-02-22T14:13:08+00:00","article_modified_time":"2021-02-22T17:10:34+00:00","og_image":[{"width":1920,"height":2560,"url":"https:\/\/www.letemsvetemapplem.eu\/bazar\/wp-content\/uploads\/2021\/02\/D534CE2C-54BC-49FF-A2CE-221BAD94B468-scaled.jpeg","type":"image\/jpeg"}],"twitter_card":"summary_large_image","schema":{"@context":"https:\/\/schema.org","@graph":[{"@type":"Article","@id":"https:\/\/www.letemsvetemapplem.eu\/bazar\/imac-215-retina-4k-i3-36ghz-8gb-ram\/#article","isPartOf":{"@id":"https:\/\/www.letemsvetemapplem.eu\/bazar\/imac-215-retina-4k-i3-36ghz-8gb-ram\/"},"author":{"name":"","@id":""},"headline":"iMac 21,5\u201d Retina 4K i3 3,6GHz 8GB RAM","datePublished":"2021-02-22T14:13:08+00:00","dateModified":"2021-02-22T17:10:34+00:00","mainEntityOfPage":{"@id":"https:\/\/www.letemsvetemapplem.eu\/bazar\/imac-215-retina-4k-i3-36ghz-8gb-ram\/"},"wordCount":171,"image":{"@id":"https:\/\/www.letemsvetemapplem.eu\/bazar\/imac-215-retina-4k-i3-36ghz-8gb-ram\/#primaryimage"},"thumbnailUrl":"https:\/\/www.letemsvetemapplem.eu\/bazar\/wp-content\/uploads\/2021\/02\/D534CE2C-54BC-49FF-A2CE-221BAD94B468-scaled.jpeg","articleSection":["iMac"],"inLanguage":"cs"},{"@type":"WebPage","@id":"https:\/\/www.letemsvetemapplem.eu\/bazar\/imac-215-retina-4k-i3-36ghz-8gb-ram\/","url":"https:\/\/www.letemsvetemapplem.eu\/bazar\/imac-215-retina-4k-i3-36ghz-8gb-ram\/","name":"iMac 21,5\u201d Retina 4K i3 3,6GHz 8GB RAM - Apple bazar","isPartOf":{"@id":"https:\/\/www.letemsvetemapplem.eu\/bazar\/#website"},"primaryImageOfPage":{"@id":"https:\/\/www.letemsvetemapplem.eu\/bazar\/imac-215-retina-4k-i3-36ghz-8gb-ram\/#primaryimage"},"image":{"@id":"https:\/\/www.letemsvetemapplem.eu\/bazar\/imac-215-retina-4k-i3-36ghz-8gb-ram\/#primaryimage"},"thumbnailUrl":"https:\/\/www.letemsvetemapplem.eu\/bazar\/wp-content\/uploads\/2021\/02\/D534CE2C-54BC-49FF-A2CE-221BAD94B468-scaled.jpeg","datePublished":"2021-02-22T14:13:08+00:00","dateModified":"2021-02-22T17:10:34+00:00","author":{"@id":""},"breadcrumb":{"@id":"https:\/\/www.letemsvetemapplem.eu\/bazar\/imac-215-retina-4k-i3-36ghz-8gb-ram\/#breadcrumb"},"inLanguage":"cs","potentialAction":[{"@type":"ReadAction","target":["https:\/\/www.letemsvetemapplem.eu\/bazar\/imac-215-retina-4k-i3-36ghz-8gb-ram\/"]}]},{"@type":"ImageObject","inLanguage":"cs","@id":"https:\/\/www.letemsvetemapplem.eu\/bazar\/imac-215-retina-4k-i3-36ghz-8gb-ram\/#primaryimage","url":"https:\/\/www.letemsvetemapplem.eu\/bazar\/wp-content\/uploads\/2021\/02\/D534CE2C-54BC-49FF-A2CE-221BAD94B468-scaled.jpeg","contentUrl":"https:\/\/www.letemsvetemapplem.eu\/bazar\/wp-content\/uploads\/2021\/02\/D534CE2C-54BC-49FF-A2CE-221BAD94B468-scaled.jpeg","width":1920,"height":2560},{"@type":"BreadcrumbList","@id":"https:\/\/www.letemsvetemapplem.eu\/bazar\/imac-215-retina-4k-i3-36ghz-8gb-ram\/#breadcrumb","itemListElement":[{"@type":"ListItem","position":1,"name":"Apple Bazar","item":"https:\/\/www.letemsvetemapplem.eu\/bazar\/"},{"@type":"ListItem","position":2,"name":"iMac 21,5\u201d Retina 4K i3 3,6GHz 8GB RAM"}]},{"@type":"WebSite","@id":"https:\/\/www.letemsvetemapplem.eu\/bazar\/#website","url":"https:\/\/www.letemsvetemapplem.eu\/bazar\/","name":"Apple bazar","description":"Oou\u017eit\u00e9 Apple produkty za skv\u011bl\u00e9 ceny","potentialAction":[{"@type":"SearchAction","target":{"@type":"EntryPoint","urlTemplate":"https:\/\/www.letemsvetemapplem.eu\/bazar\/?s={search_term_string}"},"query-input":{"@type":"PropertyValueSpecification","valueRequired":true,"valueName":"search_term_string"}}],"inLanguage":"cs"}]}},"_links":{"self":[{"href":"https:\/\/www.letemsvetemapplem.eu\/bazar\/wp-json\/wp\/v2\/posts\/221408","targetHints":{"allow":["GET"]}}],"collection":[{"href":"https:\/\/www.letemsvetemapplem.eu\/bazar\/wp-json\/wp\/v2\/posts"}],"about":[{"href":"https:\/\/www.letemsvetemapplem.eu\/bazar\/wp-json\/wp\/v2\/types\/post"}],"replies":[{"embeddable":true,"href":"https:\/\/www.letemsvetemapplem.eu\/bazar\/wp-json\/wp\/v2\/comments?post=221408"}],"version-history":[{"count":2,"href":"https:\/\/www.letemsvetemapplem.eu\/bazar\/wp-json\/wp\/v2\/posts\/221408\/revisions"}],"predecessor-version":[{"id":221451,"href":"https:\/\/www.letemsvetemapplem.eu\/bazar\/wp-json\/wp\/v2\/posts\/221408\/revisions\/221451"}],"wp:featuredmedia":[{"embeddable":true,"href":"https:\/\/www.letemsvetemapplem.eu\/bazar\/wp-json\/wp\/v2\/media\/221409"}],"wp:attachment":[{"href":"https:\/\/www.letemsvetemapplem.eu\/bazar\/wp-json\/wp\/v2\/media?parent=221408"}],"wp:term":[{"taxonomy":"category","embeddable":true,"href":"https:\/\/www.letemsvetemapplem.eu\/bazar\/wp-json\/wp\/v2\/categories?post=221408"},{"taxonomy":"post_tag","embeddable":true,"href":"https:\/\/www.letemsvetemapplem.eu\/bazar\/wp-json\/wp\/v2\/tags?post=221408"}],"curies":[{"name":"wp","href":"https:\/\/api.w.org\/{rel}","templated":true}]}}