{"id":220624,"date":"2021-02-14T18:45:45","date_gmt":"2021-02-14T17:45:45","guid":{"rendered":"https:\/\/www.letemsvetemapplem.eu\/bazar\/?p=220624"},"modified":"2021-02-14T18:45:45","modified_gmt":"2021-02-14T17:45:45","slug":"nove-apple-watch-se-40mm-stribrny-2","status":"publish","type":"post","link":"https:\/\/www.letemsvetemapplem.eu\/bazar\/nove-apple-watch-se-40mm-stribrny-2\/","title":{"rendered":"NOV\u00c9 Apple Watch SE 40mm st\u0159\u00edbrn\u00fd"},"content":{"rendered":"<p>Prod\u00e1m NOV\u00c9 Apple Watch SE 40mm st\u0159\u00edbrn\u00fd hlin\u00edk s b\u00edl\u00fdm sportovn\u00edm \u0159em\u00ednkem.<br \/>\nNevhodn\u00fd d\u00e1rek. Koupeno 13.2.2021 u Datart. Pouze rozbaleno, nepou\u017eit\u00e9. Osobn\u00ed p\u0159ed\u00e1n\u00ed Hradec Kr\u00e1lov\u00e9.<\/p>\n","protected":false},"excerpt":{"rendered":"<p>Prod\u00e1m NOV\u00c9 Apple Watch SE 40mm st\u0159\u00edbrn\u00fd hlin\u00edk s b\u00edl\u00fdm sportovn\u00edm \u0159em\u00ednkem. Nevhodn\u00fd d\u00e1rek. Koupeno 13.2.2021 u Datart. Pouze rozbaleno, nepou\u017eit\u00e9. Osobn\u00ed p\u0159ed\u00e1n\u00ed Hradec Kr\u00e1lov\u00e9.<\/p>\n","protected":false},"author":0,"featured_media":220625,"comment_status":"closed","ping_status":"closed","sticky":false,"template":"","format":"standard","meta":{"footnotes":""},"categories":[121],"tags":[],"class_list":["post-220624","post","type-post","status-publish","format-standard","has-post-thumbnail","hentry","category-apple-watch-se"],"yoast_head":"<!-- This site is optimized with the Yoast SEO plugin v27.5 - https:\/\/yoast.com\/product\/yoast-seo-wordpress\/ -->\n<title>NOV\u00c9 Apple Watch SE 40mm st\u0159\u00edbrn\u00fd - Apple bazar<\/title>\n<meta name=\"robots\" content=\"index, follow, max-snippet:-1, max-image-preview:large, max-video-preview:-1\" \/>\n<link rel=\"canonical\" href=\"https:\/\/www.letemsvetemapplem.eu\/bazar\/nove-apple-watch-se-40mm-stribrny-2\/\" \/>\n<meta property=\"og:locale\" content=\"cs_CZ\" \/>\n<meta property=\"og:type\" content=\"article\" \/>\n<meta property=\"og:title\" content=\"NOV\u00c9 Apple Watch SE 40mm st\u0159\u00edbrn\u00fd - Apple bazar\" \/>\n<meta property=\"og:description\" content=\"Prod\u00e1m NOV\u00c9 Apple Watch SE 40mm st\u0159\u00edbrn\u00fd hlin\u00edk s b\u00edl\u00fdm sportovn\u00edm \u0159em\u00ednkem. Nevhodn\u00fd d\u00e1rek. Koupeno 13.2.2021 u Datart. Pouze rozbaleno, nepou\u017eit\u00e9. Osobn\u00ed p\u0159ed\u00e1n\u00ed Hradec Kr\u00e1lov\u00e9.\" \/>\n<meta property=\"og:url\" content=\"https:\/\/www.letemsvetemapplem.eu\/bazar\/nove-apple-watch-se-40mm-stribrny-2\/\" \/>\n<meta property=\"og:site_name\" content=\"Apple bazar\" \/>\n<meta property=\"article:published_time\" content=\"2021-02-14T17:45:45+00:00\" \/>\n<meta property=\"og:image\" content=\"https:\/\/www.letemsvetemapplem.eu\/bazar\/wp-content\/uploads\/2021\/02\/8CA7E6C0-2CC5-4935-AD80-9736D2DD655E.jpeg\" \/>\n\t<meta property=\"og:image:width\" content=\"1125\" \/>\n\t<meta property=\"og:image:height\" content=\"1109\" \/>\n\t<meta property=\"og:image:type\" content=\"image\/jpeg\" \/>\n<meta name=\"twitter:card\" content=\"summary_large_image\" \/>\n<script type=\"application\/ld+json\" class=\"yoast-schema-graph\">{\"@context\":\"https:\\\/\\\/schema.org\",\"@graph\":[{\"@type\":\"Article\",\"@id\":\"https:\\\/\\\/www.letemsvetemapplem.eu\\\/bazar\\\/nove-apple-watch-se-40mm-stribrny-2\\\/#article\",\"isPartOf\":{\"@id\":\"https:\\\/\\\/www.letemsvetemapplem.eu\\\/bazar\\\/nove-apple-watch-se-40mm-stribrny-2\\\/\"},\"author\":{\"name\":\"\",\"@id\":\"\"},\"headline\":\"NOV\u00c9 Apple Watch SE 40mm st\u0159\u00edbrn\u00fd\",\"datePublished\":\"2021-02-14T17:45:45+00:00\",\"mainEntityOfPage\":{\"@id\":\"https:\\\/\\\/www.letemsvetemapplem.eu\\\/bazar\\\/nove-apple-watch-se-40mm-stribrny-2\\\/\"},\"wordCount\":43,\"image\":{\"@id\":\"https:\\\/\\\/www.letemsvetemapplem.eu\\\/bazar\\\/nove-apple-watch-se-40mm-stribrny-2\\\/#primaryimage\"},\"thumbnailUrl\":\"https:\\\/\\\/www.letemsvetemapplem.eu\\\/bazar\\\/wp-content\\\/uploads\\\/2021\\\/02\\\/8CA7E6C0-2CC5-4935-AD80-9736D2DD655E.jpeg\",\"articleSection\":[\"Apple Watch SE\"],\"inLanguage\":\"cs\"},{\"@type\":\"WebPage\",\"@id\":\"https:\\\/\\\/www.letemsvetemapplem.eu\\\/bazar\\\/nove-apple-watch-se-40mm-stribrny-2\\\/\",\"url\":\"https:\\\/\\\/www.letemsvetemapplem.eu\\\/bazar\\\/nove-apple-watch-se-40mm-stribrny-2\\\/\",\"name\":\"NOV\u00c9 Apple Watch SE 40mm st\u0159\u00edbrn\u00fd - Apple bazar\",\"isPartOf\":{\"@id\":\"https:\\\/\\\/www.letemsvetemapplem.eu\\\/bazar\\\/#website\"},\"primaryImageOfPage\":{\"@id\":\"https:\\\/\\\/www.letemsvetemapplem.eu\\\/bazar\\\/nove-apple-watch-se-40mm-stribrny-2\\\/#primaryimage\"},\"image\":{\"@id\":\"https:\\\/\\\/www.letemsvetemapplem.eu\\\/bazar\\\/nove-apple-watch-se-40mm-stribrny-2\\\/#primaryimage\"},\"thumbnailUrl\":\"https:\\\/\\\/www.letemsvetemapplem.eu\\\/bazar\\\/wp-content\\\/uploads\\\/2021\\\/02\\\/8CA7E6C0-2CC5-4935-AD80-9736D2DD655E.jpeg\",\"datePublished\":\"2021-02-14T17:45:45+00:00\",\"author\":{\"@id\":\"\"},\"breadcrumb\":{\"@id\":\"https:\\\/\\\/www.letemsvetemapplem.eu\\\/bazar\\\/nove-apple-watch-se-40mm-stribrny-2\\\/#breadcrumb\"},\"inLanguage\":\"cs\",\"potentialAction\":[{\"@type\":\"ReadAction\",\"target\":[\"https:\\\/\\\/www.letemsvetemapplem.eu\\\/bazar\\\/nove-apple-watch-se-40mm-stribrny-2\\\/\"]}]},{\"@type\":\"ImageObject\",\"inLanguage\":\"cs\",\"@id\":\"https:\\\/\\\/www.letemsvetemapplem.eu\\\/bazar\\\/nove-apple-watch-se-40mm-stribrny-2\\\/#primaryimage\",\"url\":\"https:\\\/\\\/www.letemsvetemapplem.eu\\\/bazar\\\/wp-content\\\/uploads\\\/2021\\\/02\\\/8CA7E6C0-2CC5-4935-AD80-9736D2DD655E.jpeg\",\"contentUrl\":\"https:\\\/\\\/www.letemsvetemapplem.eu\\\/bazar\\\/wp-content\\\/uploads\\\/2021\\\/02\\\/8CA7E6C0-2CC5-4935-AD80-9736D2DD655E.jpeg\",\"width\":1125,\"height\":1109},{\"@type\":\"BreadcrumbList\",\"@id\":\"https:\\\/\\\/www.letemsvetemapplem.eu\\\/bazar\\\/nove-apple-watch-se-40mm-stribrny-2\\\/#breadcrumb\",\"itemListElement\":[{\"@type\":\"ListItem\",\"position\":1,\"name\":\"Apple Bazar\",\"item\":\"https:\\\/\\\/www.letemsvetemapplem.eu\\\/bazar\\\/\"},{\"@type\":\"ListItem\",\"position\":2,\"name\":\"NOV\u00c9 Apple Watch SE 40mm st\u0159\u00edbrn\u00fd\"}]},{\"@type\":\"WebSite\",\"@id\":\"https:\\\/\\\/www.letemsvetemapplem.eu\\\/bazar\\\/#website\",\"url\":\"https:\\\/\\\/www.letemsvetemapplem.eu\\\/bazar\\\/\",\"name\":\"Apple bazar\",\"description\":\"Oou\u017eit\u00e9 Apple produkty za skv\u011bl\u00e9 ceny\",\"potentialAction\":[{\"@type\":\"SearchAction\",\"target\":{\"@type\":\"EntryPoint\",\"urlTemplate\":\"https:\\\/\\\/www.letemsvetemapplem.eu\\\/bazar\\\/?s={search_term_string}\"},\"query-input\":{\"@type\":\"PropertyValueSpecification\",\"valueRequired\":true,\"valueName\":\"search_term_string\"}}],\"inLanguage\":\"cs\"}]}<\/script>\n<!-- \/ Yoast SEO plugin. -->","yoast_head_json":{"title":"NOV\u00c9 Apple Watch SE 40mm st\u0159\u00edbrn\u00fd - Apple bazar","robots":{"index":"index","follow":"follow","max-snippet":"max-snippet:-1","max-image-preview":"max-image-preview:large","max-video-preview":"max-video-preview:-1"},"canonical":"https:\/\/www.letemsvetemapplem.eu\/bazar\/nove-apple-watch-se-40mm-stribrny-2\/","og_locale":"cs_CZ","og_type":"article","og_title":"NOV\u00c9 Apple Watch SE 40mm st\u0159\u00edbrn\u00fd - Apple bazar","og_description":"Prod\u00e1m NOV\u00c9 Apple Watch SE 40mm st\u0159\u00edbrn\u00fd hlin\u00edk s b\u00edl\u00fdm sportovn\u00edm \u0159em\u00ednkem. Nevhodn\u00fd d\u00e1rek. Koupeno 13.2.2021 u Datart. Pouze rozbaleno, nepou\u017eit\u00e9. Osobn\u00ed p\u0159ed\u00e1n\u00ed Hradec Kr\u00e1lov\u00e9.","og_url":"https:\/\/www.letemsvetemapplem.eu\/bazar\/nove-apple-watch-se-40mm-stribrny-2\/","og_site_name":"Apple bazar","article_published_time":"2021-02-14T17:45:45+00:00","og_image":[{"width":1125,"height":1109,"url":"https:\/\/www.letemsvetemapplem.eu\/bazar\/wp-content\/uploads\/2021\/02\/8CA7E6C0-2CC5-4935-AD80-9736D2DD655E.jpeg","type":"image\/jpeg"}],"twitter_card":"summary_large_image","schema":{"@context":"https:\/\/schema.org","@graph":[{"@type":"Article","@id":"https:\/\/www.letemsvetemapplem.eu\/bazar\/nove-apple-watch-se-40mm-stribrny-2\/#article","isPartOf":{"@id":"https:\/\/www.letemsvetemapplem.eu\/bazar\/nove-apple-watch-se-40mm-stribrny-2\/"},"author":{"name":"","@id":""},"headline":"NOV\u00c9 Apple Watch SE 40mm st\u0159\u00edbrn\u00fd","datePublished":"2021-02-14T17:45:45+00:00","mainEntityOfPage":{"@id":"https:\/\/www.letemsvetemapplem.eu\/bazar\/nove-apple-watch-se-40mm-stribrny-2\/"},"wordCount":43,"image":{"@id":"https:\/\/www.letemsvetemapplem.eu\/bazar\/nove-apple-watch-se-40mm-stribrny-2\/#primaryimage"},"thumbnailUrl":"https:\/\/www.letemsvetemapplem.eu\/bazar\/wp-content\/uploads\/2021\/02\/8CA7E6C0-2CC5-4935-AD80-9736D2DD655E.jpeg","articleSection":["Apple Watch SE"],"inLanguage":"cs"},{"@type":"WebPage","@id":"https:\/\/www.letemsvetemapplem.eu\/bazar\/nove-apple-watch-se-40mm-stribrny-2\/","url":"https:\/\/www.letemsvetemapplem.eu\/bazar\/nove-apple-watch-se-40mm-stribrny-2\/","name":"NOV\u00c9 Apple Watch SE 40mm st\u0159\u00edbrn\u00fd - Apple bazar","isPartOf":{"@id":"https:\/\/www.letemsvetemapplem.eu\/bazar\/#website"},"primaryImageOfPage":{"@id":"https:\/\/www.letemsvetemapplem.eu\/bazar\/nove-apple-watch-se-40mm-stribrny-2\/#primaryimage"},"image":{"@id":"https:\/\/www.letemsvetemapplem.eu\/bazar\/nove-apple-watch-se-40mm-stribrny-2\/#primaryimage"},"thumbnailUrl":"https:\/\/www.letemsvetemapplem.eu\/bazar\/wp-content\/uploads\/2021\/02\/8CA7E6C0-2CC5-4935-AD80-9736D2DD655E.jpeg","datePublished":"2021-02-14T17:45:45+00:00","author":{"@id":""},"breadcrumb":{"@id":"https:\/\/www.letemsvetemapplem.eu\/bazar\/nove-apple-watch-se-40mm-stribrny-2\/#breadcrumb"},"inLanguage":"cs","potentialAction":[{"@type":"ReadAction","target":["https:\/\/www.letemsvetemapplem.eu\/bazar\/nove-apple-watch-se-40mm-stribrny-2\/"]}]},{"@type":"ImageObject","inLanguage":"cs","@id":"https:\/\/www.letemsvetemapplem.eu\/bazar\/nove-apple-watch-se-40mm-stribrny-2\/#primaryimage","url":"https:\/\/www.letemsvetemapplem.eu\/bazar\/wp-content\/uploads\/2021\/02\/8CA7E6C0-2CC5-4935-AD80-9736D2DD655E.jpeg","contentUrl":"https:\/\/www.letemsvetemapplem.eu\/bazar\/wp-content\/uploads\/2021\/02\/8CA7E6C0-2CC5-4935-AD80-9736D2DD655E.jpeg","width":1125,"height":1109},{"@type":"BreadcrumbList","@id":"https:\/\/www.letemsvetemapplem.eu\/bazar\/nove-apple-watch-se-40mm-stribrny-2\/#breadcrumb","itemListElement":[{"@type":"ListItem","position":1,"name":"Apple Bazar","item":"https:\/\/www.letemsvetemapplem.eu\/bazar\/"},{"@type":"ListItem","position":2,"name":"NOV\u00c9 Apple Watch SE 40mm st\u0159\u00edbrn\u00fd"}]},{"@type":"WebSite","@id":"https:\/\/www.letemsvetemapplem.eu\/bazar\/#website","url":"https:\/\/www.letemsvetemapplem.eu\/bazar\/","name":"Apple bazar","description":"Oou\u017eit\u00e9 Apple produkty za skv\u011bl\u00e9 ceny","potentialAction":[{"@type":"SearchAction","target":{"@type":"EntryPoint","urlTemplate":"https:\/\/www.letemsvetemapplem.eu\/bazar\/?s={search_term_string}"},"query-input":{"@type":"PropertyValueSpecification","valueRequired":true,"valueName":"search_term_string"}}],"inLanguage":"cs"}]}},"_links":{"self":[{"href":"https:\/\/www.letemsvetemapplem.eu\/bazar\/wp-json\/wp\/v2\/posts\/220624","targetHints":{"allow":["GET"]}}],"collection":[{"href":"https:\/\/www.letemsvetemapplem.eu\/bazar\/wp-json\/wp\/v2\/posts"}],"about":[{"href":"https:\/\/www.letemsvetemapplem.eu\/bazar\/wp-json\/wp\/v2\/types\/post"}],"replies":[{"embeddable":true,"href":"https:\/\/www.letemsvetemapplem.eu\/bazar\/wp-json\/wp\/v2\/comments?post=220624"}],"version-history":[{"count":1,"href":"https:\/\/www.letemsvetemapplem.eu\/bazar\/wp-json\/wp\/v2\/posts\/220624\/revisions"}],"predecessor-version":[{"id":220628,"href":"https:\/\/www.letemsvetemapplem.eu\/bazar\/wp-json\/wp\/v2\/posts\/220624\/revisions\/220628"}],"wp:featuredmedia":[{"embeddable":true,"href":"https:\/\/www.letemsvetemapplem.eu\/bazar\/wp-json\/wp\/v2\/media\/220625"}],"wp:attachment":[{"href":"https:\/\/www.letemsvetemapplem.eu\/bazar\/wp-json\/wp\/v2\/media?parent=220624"}],"wp:term":[{"taxonomy":"category","embeddable":true,"href":"https:\/\/www.letemsvetemapplem.eu\/bazar\/wp-json\/wp\/v2\/categories?post=220624"},{"taxonomy":"post_tag","embeddable":true,"href":"https:\/\/www.letemsvetemapplem.eu\/bazar\/wp-json\/wp\/v2\/tags?post=220624"}],"curies":[{"name":"wp","href":"https:\/\/api.w.org\/{rel}","templated":true}]}}