{"id":22059,"date":"2017-04-17T13:29:28","date_gmt":"2017-04-17T12:29:28","guid":{"rendered":"https:\/\/www.letemsvetemapplem.eu\/bazar\/?p=22059"},"modified":"2018-09-04T07:25:22","modified_gmt":"2018-09-04T06:25:22","slug":"imac-27mid-2011-16gb-ram-ssd","status":"publish","type":"post","link":"https:\/\/www.letemsvetemapplem.eu\/bazar\/imac-27mid-2011-16gb-ram-ssd\/","title":{"rendered":"iMac 27&quot;(Mid 2011) 16gb ram, ssd"},"content":{"rendered":"<p>Prod\u00e1m iMac s 27&quot; ve v\u00fdborn\u00e9m stavu bez po\u0161kozen\u00ed. Procesor i5 2,7GHz, 16GB RAM, 1TB disk, + 120GB SSD disk, grafika AMD Radeon HD 6770M. Model mid 2011. Sou\u010d\u00e1st\u00ed je Magic Mouse a kl\u00e1vesnice, krabice. Loni pro\u0161el pro\u0161el kompletn\u00edm  servisem, \u010di\u0161t\u011bn\u00ed a instalac\u00ed SSD disku. Mo\u017enost osobn\u00edho setk\u00e1n\u00ed, prohl\u00e9dnut\u00ed a odb\u011bru ve Fr\u00fddku-M\u00edstku. Mo\u017en\u00e1 sleva. R<\/p>\n","protected":false},"excerpt":{"rendered":"<p>Prod\u00e1m iMac s 27&quot; ve v\u00fdborn\u00e9m stavu bez po\u0161kozen\u00ed. Procesor i5 2,7GHz, 16GB RAM, 1TB disk, + 120GB SSD disk, grafika AMD Radeon HD 6770M. Model mid 2011. Sou\u010d\u00e1st\u00ed je Magic Mouse a kl\u00e1vesnice, krabice. Loni pro\u0161el pro\u0161el kompletn\u00edm servisem, \u010di\u0161t\u011bn\u00ed a instalac\u00ed SSD disku. Mo\u017enost osobn\u00edho setk\u00e1n\u00ed, prohl\u00e9dnut\u00ed a odb\u011bru ve Fr\u00fddku-M\u00edstku. Mo\u017en\u00e1 sleva&#8230;.<\/p>\n","protected":false},"author":0,"featured_media":22060,"comment_status":"open","ping_status":"open","sticky":false,"template":"","format":"standard","meta":{"footnotes":""},"categories":[41],"tags":[77],"class_list":["post-22059","post","type-post","status-publish","format-standard","has-post-thumbnail","hentry","category-imac","tag-imac"],"yoast_head":"<!-- This site is optimized with the Yoast SEO plugin v27.2 - https:\/\/yoast.com\/product\/yoast-seo-wordpress\/ -->\n<title>iMac 27&quot;(Mid 2011) 16gb ram, ssd - Apple bazar<\/title>\n<meta name=\"robots\" content=\"index, follow, max-snippet:-1, max-image-preview:large, max-video-preview:-1\" \/>\n<link rel=\"canonical\" href=\"https:\/\/www.letemsvetemapplem.eu\/bazar\/imac-27mid-2011-16gb-ram-ssd\/\" \/>\n<meta property=\"og:locale\" content=\"cs_CZ\" \/>\n<meta property=\"og:type\" content=\"article\" \/>\n<meta property=\"og:title\" content=\"iMac 27&quot;(Mid 2011) 16gb ram, ssd - Apple bazar\" \/>\n<meta property=\"og:description\" content=\"Prod\u00e1m iMac s 27&quot; ve v\u00fdborn\u00e9m stavu bez po\u0161kozen\u00ed. Procesor i5 2,7GHz, 16GB RAM, 1TB disk, + 120GB SSD disk, grafika AMD Radeon HD 6770M. Model mid 2011. Sou\u010d\u00e1st\u00ed je Magic Mouse a kl\u00e1vesnice, krabice. Loni pro\u0161el pro\u0161el kompletn\u00edm servisem, \u010di\u0161t\u011bn\u00ed a instalac\u00ed SSD disku. Mo\u017enost osobn\u00edho setk\u00e1n\u00ed, prohl\u00e9dnut\u00ed a odb\u011bru ve Fr\u00fddku-M\u00edstku. Mo\u017en\u00e1 sleva....\" \/>\n<meta property=\"og:url\" content=\"https:\/\/www.letemsvetemapplem.eu\/bazar\/imac-27mid-2011-16gb-ram-ssd\/\" \/>\n<meta property=\"og:site_name\" content=\"Apple bazar\" \/>\n<meta property=\"article:published_time\" content=\"2017-04-17T12:29:28+00:00\" \/>\n<meta property=\"article:modified_time\" content=\"2018-09-04T06:25:22+00:00\" \/>\n<meta property=\"og:image\" content=\"https:\/\/www.letemsvetemapplem.eu\/bazar\/wp-content\/uploads\/2017\/04\/cover-photo.jpg\" \/>\n\t<meta property=\"og:image:width\" content=\"3508\" \/>\n\t<meta property=\"og:image:height\" content=\"2480\" \/>\n\t<meta property=\"og:image:type\" content=\"image\/jpeg\" \/>\n<meta name=\"twitter:card\" content=\"summary_large_image\" \/>\n<script type=\"application\/ld+json\" class=\"yoast-schema-graph\">{\"@context\":\"https:\/\/schema.org\",\"@graph\":[{\"@type\":\"Article\",\"@id\":\"https:\/\/www.letemsvetemapplem.eu\/bazar\/imac-27mid-2011-16gb-ram-ssd\/#article\",\"isPartOf\":{\"@id\":\"https:\/\/www.letemsvetemapplem.eu\/bazar\/imac-27mid-2011-16gb-ram-ssd\/\"},\"author\":{\"name\":\"\",\"@id\":\"\"},\"headline\":\"iMac 27&quot;(Mid 2011) 16gb ram, ssd\",\"datePublished\":\"2017-04-17T12:29:28+00:00\",\"dateModified\":\"2018-09-04T06:25:22+00:00\",\"mainEntityOfPage\":{\"@id\":\"https:\/\/www.letemsvetemapplem.eu\/bazar\/imac-27mid-2011-16gb-ram-ssd\/\"},\"wordCount\":79,\"commentCount\":0,\"image\":{\"@id\":\"https:\/\/www.letemsvetemapplem.eu\/bazar\/imac-27mid-2011-16gb-ram-ssd\/#primaryimage\"},\"thumbnailUrl\":\"https:\/\/www.letemsvetemapplem.eu\/bazar\/wp-content\/uploads\/2017\/04\/cover-photo.jpg\",\"keywords\":[\"iMac\"],\"articleSection\":[\"iMac\"],\"inLanguage\":\"cs\",\"potentialAction\":[{\"@type\":\"CommentAction\",\"name\":\"Comment\",\"target\":[\"https:\/\/www.letemsvetemapplem.eu\/bazar\/imac-27mid-2011-16gb-ram-ssd\/#respond\"]}]},{\"@type\":\"WebPage\",\"@id\":\"https:\/\/www.letemsvetemapplem.eu\/bazar\/imac-27mid-2011-16gb-ram-ssd\/\",\"url\":\"https:\/\/www.letemsvetemapplem.eu\/bazar\/imac-27mid-2011-16gb-ram-ssd\/\",\"name\":\"iMac 27&quot;(Mid 2011) 16gb ram, ssd - Apple bazar\",\"isPartOf\":{\"@id\":\"https:\/\/www.letemsvetemapplem.eu\/bazar\/#website\"},\"primaryImageOfPage\":{\"@id\":\"https:\/\/www.letemsvetemapplem.eu\/bazar\/imac-27mid-2011-16gb-ram-ssd\/#primaryimage\"},\"image\":{\"@id\":\"https:\/\/www.letemsvetemapplem.eu\/bazar\/imac-27mid-2011-16gb-ram-ssd\/#primaryimage\"},\"thumbnailUrl\":\"https:\/\/www.letemsvetemapplem.eu\/bazar\/wp-content\/uploads\/2017\/04\/cover-photo.jpg\",\"datePublished\":\"2017-04-17T12:29:28+00:00\",\"dateModified\":\"2018-09-04T06:25:22+00:00\",\"author\":{\"@id\":\"\"},\"breadcrumb\":{\"@id\":\"https:\/\/www.letemsvetemapplem.eu\/bazar\/imac-27mid-2011-16gb-ram-ssd\/#breadcrumb\"},\"inLanguage\":\"cs\",\"potentialAction\":[{\"@type\":\"ReadAction\",\"target\":[\"https:\/\/www.letemsvetemapplem.eu\/bazar\/imac-27mid-2011-16gb-ram-ssd\/\"]}]},{\"@type\":\"ImageObject\",\"inLanguage\":\"cs\",\"@id\":\"https:\/\/www.letemsvetemapplem.eu\/bazar\/imac-27mid-2011-16gb-ram-ssd\/#primaryimage\",\"url\":\"https:\/\/www.letemsvetemapplem.eu\/bazar\/wp-content\/uploads\/2017\/04\/cover-photo.jpg\",\"contentUrl\":\"https:\/\/www.letemsvetemapplem.eu\/bazar\/wp-content\/uploads\/2017\/04\/cover-photo.jpg\",\"width\":3508,\"height\":2480},{\"@type\":\"BreadcrumbList\",\"@id\":\"https:\/\/www.letemsvetemapplem.eu\/bazar\/imac-27mid-2011-16gb-ram-ssd\/#breadcrumb\",\"itemListElement\":[{\"@type\":\"ListItem\",\"position\":1,\"name\":\"Apple Bazar\",\"item\":\"https:\/\/www.letemsvetemapplem.eu\/bazar\/\"},{\"@type\":\"ListItem\",\"position\":2,\"name\":\"iMac 27&quot;(Mid 2011) 16gb ram, ssd\"}]},{\"@type\":\"WebSite\",\"@id\":\"https:\/\/www.letemsvetemapplem.eu\/bazar\/#website\",\"url\":\"https:\/\/www.letemsvetemapplem.eu\/bazar\/\",\"name\":\"Apple bazar\",\"description\":\"Oou\u017eit\u00e9 Apple produkty za skv\u011bl\u00e9 ceny\",\"potentialAction\":[{\"@type\":\"SearchAction\",\"target\":{\"@type\":\"EntryPoint\",\"urlTemplate\":\"https:\/\/www.letemsvetemapplem.eu\/bazar\/?s={search_term_string}\"},\"query-input\":{\"@type\":\"PropertyValueSpecification\",\"valueRequired\":true,\"valueName\":\"search_term_string\"}}],\"inLanguage\":\"cs\"}]}<\/script>\n<!-- \/ Yoast SEO plugin. -->","yoast_head_json":{"title":"iMac 27&quot;(Mid 2011) 16gb ram, ssd - Apple bazar","robots":{"index":"index","follow":"follow","max-snippet":"max-snippet:-1","max-image-preview":"max-image-preview:large","max-video-preview":"max-video-preview:-1"},"canonical":"https:\/\/www.letemsvetemapplem.eu\/bazar\/imac-27mid-2011-16gb-ram-ssd\/","og_locale":"cs_CZ","og_type":"article","og_title":"iMac 27&quot;(Mid 2011) 16gb ram, ssd - Apple bazar","og_description":"Prod\u00e1m iMac s 27&quot; ve v\u00fdborn\u00e9m stavu bez po\u0161kozen\u00ed. Procesor i5 2,7GHz, 16GB RAM, 1TB disk, + 120GB SSD disk, grafika AMD Radeon HD 6770M. Model mid 2011. Sou\u010d\u00e1st\u00ed je Magic Mouse a kl\u00e1vesnice, krabice. Loni pro\u0161el pro\u0161el kompletn\u00edm servisem, \u010di\u0161t\u011bn\u00ed a instalac\u00ed SSD disku. Mo\u017enost osobn\u00edho setk\u00e1n\u00ed, prohl\u00e9dnut\u00ed a odb\u011bru ve Fr\u00fddku-M\u00edstku. Mo\u017en\u00e1 sleva....","og_url":"https:\/\/www.letemsvetemapplem.eu\/bazar\/imac-27mid-2011-16gb-ram-ssd\/","og_site_name":"Apple bazar","article_published_time":"2017-04-17T12:29:28+00:00","article_modified_time":"2018-09-04T06:25:22+00:00","og_image":[{"width":3508,"height":2480,"url":"https:\/\/www.letemsvetemapplem.eu\/bazar\/wp-content\/uploads\/2017\/04\/cover-photo.jpg","type":"image\/jpeg"}],"twitter_card":"summary_large_image","schema":{"@context":"https:\/\/schema.org","@graph":[{"@type":"Article","@id":"https:\/\/www.letemsvetemapplem.eu\/bazar\/imac-27mid-2011-16gb-ram-ssd\/#article","isPartOf":{"@id":"https:\/\/www.letemsvetemapplem.eu\/bazar\/imac-27mid-2011-16gb-ram-ssd\/"},"author":{"name":"","@id":""},"headline":"iMac 27&quot;(Mid 2011) 16gb ram, ssd","datePublished":"2017-04-17T12:29:28+00:00","dateModified":"2018-09-04T06:25:22+00:00","mainEntityOfPage":{"@id":"https:\/\/www.letemsvetemapplem.eu\/bazar\/imac-27mid-2011-16gb-ram-ssd\/"},"wordCount":79,"commentCount":0,"image":{"@id":"https:\/\/www.letemsvetemapplem.eu\/bazar\/imac-27mid-2011-16gb-ram-ssd\/#primaryimage"},"thumbnailUrl":"https:\/\/www.letemsvetemapplem.eu\/bazar\/wp-content\/uploads\/2017\/04\/cover-photo.jpg","keywords":["iMac"],"articleSection":["iMac"],"inLanguage":"cs","potentialAction":[{"@type":"CommentAction","name":"Comment","target":["https:\/\/www.letemsvetemapplem.eu\/bazar\/imac-27mid-2011-16gb-ram-ssd\/#respond"]}]},{"@type":"WebPage","@id":"https:\/\/www.letemsvetemapplem.eu\/bazar\/imac-27mid-2011-16gb-ram-ssd\/","url":"https:\/\/www.letemsvetemapplem.eu\/bazar\/imac-27mid-2011-16gb-ram-ssd\/","name":"iMac 27&quot;(Mid 2011) 16gb ram, ssd - Apple bazar","isPartOf":{"@id":"https:\/\/www.letemsvetemapplem.eu\/bazar\/#website"},"primaryImageOfPage":{"@id":"https:\/\/www.letemsvetemapplem.eu\/bazar\/imac-27mid-2011-16gb-ram-ssd\/#primaryimage"},"image":{"@id":"https:\/\/www.letemsvetemapplem.eu\/bazar\/imac-27mid-2011-16gb-ram-ssd\/#primaryimage"},"thumbnailUrl":"https:\/\/www.letemsvetemapplem.eu\/bazar\/wp-content\/uploads\/2017\/04\/cover-photo.jpg","datePublished":"2017-04-17T12:29:28+00:00","dateModified":"2018-09-04T06:25:22+00:00","author":{"@id":""},"breadcrumb":{"@id":"https:\/\/www.letemsvetemapplem.eu\/bazar\/imac-27mid-2011-16gb-ram-ssd\/#breadcrumb"},"inLanguage":"cs","potentialAction":[{"@type":"ReadAction","target":["https:\/\/www.letemsvetemapplem.eu\/bazar\/imac-27mid-2011-16gb-ram-ssd\/"]}]},{"@type":"ImageObject","inLanguage":"cs","@id":"https:\/\/www.letemsvetemapplem.eu\/bazar\/imac-27mid-2011-16gb-ram-ssd\/#primaryimage","url":"https:\/\/www.letemsvetemapplem.eu\/bazar\/wp-content\/uploads\/2017\/04\/cover-photo.jpg","contentUrl":"https:\/\/www.letemsvetemapplem.eu\/bazar\/wp-content\/uploads\/2017\/04\/cover-photo.jpg","width":3508,"height":2480},{"@type":"BreadcrumbList","@id":"https:\/\/www.letemsvetemapplem.eu\/bazar\/imac-27mid-2011-16gb-ram-ssd\/#breadcrumb","itemListElement":[{"@type":"ListItem","position":1,"name":"Apple Bazar","item":"https:\/\/www.letemsvetemapplem.eu\/bazar\/"},{"@type":"ListItem","position":2,"name":"iMac 27&quot;(Mid 2011) 16gb ram, ssd"}]},{"@type":"WebSite","@id":"https:\/\/www.letemsvetemapplem.eu\/bazar\/#website","url":"https:\/\/www.letemsvetemapplem.eu\/bazar\/","name":"Apple bazar","description":"Oou\u017eit\u00e9 Apple produkty za skv\u011bl\u00e9 ceny","potentialAction":[{"@type":"SearchAction","target":{"@type":"EntryPoint","urlTemplate":"https:\/\/www.letemsvetemapplem.eu\/bazar\/?s={search_term_string}"},"query-input":{"@type":"PropertyValueSpecification","valueRequired":true,"valueName":"search_term_string"}}],"inLanguage":"cs"}]}},"_links":{"self":[{"href":"https:\/\/www.letemsvetemapplem.eu\/bazar\/wp-json\/wp\/v2\/posts\/22059","targetHints":{"allow":["GET"]}}],"collection":[{"href":"https:\/\/www.letemsvetemapplem.eu\/bazar\/wp-json\/wp\/v2\/posts"}],"about":[{"href":"https:\/\/www.letemsvetemapplem.eu\/bazar\/wp-json\/wp\/v2\/types\/post"}],"replies":[{"embeddable":true,"href":"https:\/\/www.letemsvetemapplem.eu\/bazar\/wp-json\/wp\/v2\/comments?post=22059"}],"version-history":[{"count":0,"href":"https:\/\/www.letemsvetemapplem.eu\/bazar\/wp-json\/wp\/v2\/posts\/22059\/revisions"}],"wp:featuredmedia":[{"embeddable":true,"href":"https:\/\/www.letemsvetemapplem.eu\/bazar\/wp-json\/wp\/v2\/media\/22060"}],"wp:attachment":[{"href":"https:\/\/www.letemsvetemapplem.eu\/bazar\/wp-json\/wp\/v2\/media?parent=22059"}],"wp:term":[{"taxonomy":"category","embeddable":true,"href":"https:\/\/www.letemsvetemapplem.eu\/bazar\/wp-json\/wp\/v2\/categories?post=22059"},{"taxonomy":"post_tag","embeddable":true,"href":"https:\/\/www.letemsvetemapplem.eu\/bazar\/wp-json\/wp\/v2\/tags?post=22059"}],"curies":[{"name":"wp","href":"https:\/\/api.w.org\/{rel}","templated":true}]}}