{"id":219825,"date":"2021-02-07T16:47:41","date_gmt":"2021-02-07T15:47:41","guid":{"rendered":"https:\/\/www.letemsvetemapplem.eu\/bazar\/?p=219825"},"modified":"2021-02-07T16:47:41","modified_gmt":"2021-02-07T15:47:41","slug":"baterie-pro-macbook-air-11-2011-2012","status":"publish","type":"post","link":"https:\/\/www.letemsvetemapplem.eu\/bazar\/baterie-pro-macbook-air-11-2011-2012\/","title":{"rendered":"Baterie pro MacBook AIR 11&quot; 2011-2012"},"content":{"rendered":"<p>Baterie nen\u00ed nov\u00e1, nev\u00edm u\u017e kolik m\u00e1 cykl\u016f, ale n\u011bkomu jist\u011b je\u0161t\u011b m\u016f\u017ee poslou\u017eit. Je mi l\u00edto to vyhodit.<br \/>\nRozumn\u00e9 dohod\u011b se nebr\u00e1n\u00edm.<br \/>\nCenu nab\u00eddn\u011bte. Preferuji prvn\u00ed kontakt sms nebo email.<br \/>\nPop\u0159\u00edpad\u011b n\u011bco nab\u00eddn\u011bte na v\u00fdm\u011bnu&#8230; t\u0159eba&#8230; <\/p>\n","protected":false},"excerpt":{"rendered":"<p>Baterie nen\u00ed nov\u00e1, nev\u00edm u\u017e kolik m\u00e1 cykl\u016f, ale n\u011bkomu jist\u011b je\u0161t\u011b m\u016f\u017ee poslou\u017eit. Je mi l\u00edto to vyhodit. Rozumn\u00e9 dohod\u011b se nebr\u00e1n\u00edm. Cenu nab\u00eddn\u011bte. Preferuji prvn\u00ed kontakt sms nebo email. Pop\u0159\u00edpad\u011b n\u011bco nab\u00eddn\u011bte na v\u00fdm\u011bnu&#8230; t\u0159eba&#8230;<\/p>\n","protected":false},"author":0,"featured_media":219826,"comment_status":"closed","ping_status":"closed","sticky":false,"template":"","format":"standard","meta":{"footnotes":""},"categories":[42],"tags":[],"class_list":["post-219825","post","type-post","status-publish","format-standard","has-post-thumbnail","hentry","category-macbook-air"],"yoast_head":"<!-- This site is optimized with the Yoast SEO plugin v27.5 - https:\/\/yoast.com\/product\/yoast-seo-wordpress\/ -->\n<title>Baterie pro MacBook AIR 11&quot; 2011-2012 - Apple bazar<\/title>\n<meta name=\"robots\" content=\"index, follow, max-snippet:-1, max-image-preview:large, max-video-preview:-1\" \/>\n<link rel=\"canonical\" href=\"https:\/\/www.letemsvetemapplem.eu\/bazar\/baterie-pro-macbook-air-11-2011-2012\/\" \/>\n<meta property=\"og:locale\" content=\"cs_CZ\" \/>\n<meta property=\"og:type\" content=\"article\" \/>\n<meta property=\"og:title\" content=\"Baterie pro MacBook AIR 11&quot; 2011-2012 - Apple bazar\" \/>\n<meta property=\"og:description\" content=\"Baterie nen\u00ed nov\u00e1, nev\u00edm u\u017e kolik m\u00e1 cykl\u016f, ale n\u011bkomu jist\u011b je\u0161t\u011b m\u016f\u017ee poslou\u017eit. Je mi l\u00edto to vyhodit. Rozumn\u00e9 dohod\u011b se nebr\u00e1n\u00edm. Cenu nab\u00eddn\u011bte. Preferuji prvn\u00ed kontakt sms nebo email. Pop\u0159\u00edpad\u011b n\u011bco nab\u00eddn\u011bte na v\u00fdm\u011bnu&#8230; t\u0159eba&#8230;\" \/>\n<meta property=\"og:url\" content=\"https:\/\/www.letemsvetemapplem.eu\/bazar\/baterie-pro-macbook-air-11-2011-2012\/\" \/>\n<meta property=\"og:site_name\" content=\"Apple bazar\" \/>\n<meta property=\"article:published_time\" content=\"2021-02-07T15:47:41+00:00\" \/>\n<meta property=\"og:image\" content=\"https:\/\/www.letemsvetemapplem.eu\/bazar\/wp-content\/uploads\/2021\/02\/IMG_0526-scaled.jpg\" \/>\n\t<meta property=\"og:image:width\" content=\"2560\" \/>\n\t<meta property=\"og:image:height\" content=\"1920\" \/>\n\t<meta property=\"og:image:type\" content=\"image\/jpeg\" \/>\n<meta name=\"twitter:card\" content=\"summary_large_image\" \/>\n<script type=\"application\/ld+json\" class=\"yoast-schema-graph\">{\"@context\":\"https:\\\/\\\/schema.org\",\"@graph\":[{\"@type\":\"Article\",\"@id\":\"https:\\\/\\\/www.letemsvetemapplem.eu\\\/bazar\\\/baterie-pro-macbook-air-11-2011-2012\\\/#article\",\"isPartOf\":{\"@id\":\"https:\\\/\\\/www.letemsvetemapplem.eu\\\/bazar\\\/baterie-pro-macbook-air-11-2011-2012\\\/\"},\"author\":{\"name\":\"\",\"@id\":\"\"},\"headline\":\"Baterie pro MacBook AIR 11&quot; 2011-2012\",\"datePublished\":\"2021-02-07T15:47:41+00:00\",\"mainEntityOfPage\":{\"@id\":\"https:\\\/\\\/www.letemsvetemapplem.eu\\\/bazar\\\/baterie-pro-macbook-air-11-2011-2012\\\/\"},\"wordCount\":60,\"image\":{\"@id\":\"https:\\\/\\\/www.letemsvetemapplem.eu\\\/bazar\\\/baterie-pro-macbook-air-11-2011-2012\\\/#primaryimage\"},\"thumbnailUrl\":\"https:\\\/\\\/www.letemsvetemapplem.eu\\\/bazar\\\/wp-content\\\/uploads\\\/2021\\\/02\\\/IMG_0526-scaled.jpg\",\"articleSection\":[\"MacBook Air\"],\"inLanguage\":\"cs\"},{\"@type\":\"WebPage\",\"@id\":\"https:\\\/\\\/www.letemsvetemapplem.eu\\\/bazar\\\/baterie-pro-macbook-air-11-2011-2012\\\/\",\"url\":\"https:\\\/\\\/www.letemsvetemapplem.eu\\\/bazar\\\/baterie-pro-macbook-air-11-2011-2012\\\/\",\"name\":\"Baterie pro MacBook AIR 11&quot; 2011-2012 - Apple bazar\",\"isPartOf\":{\"@id\":\"https:\\\/\\\/www.letemsvetemapplem.eu\\\/bazar\\\/#website\"},\"primaryImageOfPage\":{\"@id\":\"https:\\\/\\\/www.letemsvetemapplem.eu\\\/bazar\\\/baterie-pro-macbook-air-11-2011-2012\\\/#primaryimage\"},\"image\":{\"@id\":\"https:\\\/\\\/www.letemsvetemapplem.eu\\\/bazar\\\/baterie-pro-macbook-air-11-2011-2012\\\/#primaryimage\"},\"thumbnailUrl\":\"https:\\\/\\\/www.letemsvetemapplem.eu\\\/bazar\\\/wp-content\\\/uploads\\\/2021\\\/02\\\/IMG_0526-scaled.jpg\",\"datePublished\":\"2021-02-07T15:47:41+00:00\",\"author\":{\"@id\":\"\"},\"breadcrumb\":{\"@id\":\"https:\\\/\\\/www.letemsvetemapplem.eu\\\/bazar\\\/baterie-pro-macbook-air-11-2011-2012\\\/#breadcrumb\"},\"inLanguage\":\"cs\",\"potentialAction\":[{\"@type\":\"ReadAction\",\"target\":[\"https:\\\/\\\/www.letemsvetemapplem.eu\\\/bazar\\\/baterie-pro-macbook-air-11-2011-2012\\\/\"]}]},{\"@type\":\"ImageObject\",\"inLanguage\":\"cs\",\"@id\":\"https:\\\/\\\/www.letemsvetemapplem.eu\\\/bazar\\\/baterie-pro-macbook-air-11-2011-2012\\\/#primaryimage\",\"url\":\"https:\\\/\\\/www.letemsvetemapplem.eu\\\/bazar\\\/wp-content\\\/uploads\\\/2021\\\/02\\\/IMG_0526-scaled.jpg\",\"contentUrl\":\"https:\\\/\\\/www.letemsvetemapplem.eu\\\/bazar\\\/wp-content\\\/uploads\\\/2021\\\/02\\\/IMG_0526-scaled.jpg\",\"width\":2560,\"height\":1920},{\"@type\":\"BreadcrumbList\",\"@id\":\"https:\\\/\\\/www.letemsvetemapplem.eu\\\/bazar\\\/baterie-pro-macbook-air-11-2011-2012\\\/#breadcrumb\",\"itemListElement\":[{\"@type\":\"ListItem\",\"position\":1,\"name\":\"Apple Bazar\",\"item\":\"https:\\\/\\\/www.letemsvetemapplem.eu\\\/bazar\\\/\"},{\"@type\":\"ListItem\",\"position\":2,\"name\":\"Baterie pro MacBook AIR 11&quot; 2011-2012\"}]},{\"@type\":\"WebSite\",\"@id\":\"https:\\\/\\\/www.letemsvetemapplem.eu\\\/bazar\\\/#website\",\"url\":\"https:\\\/\\\/www.letemsvetemapplem.eu\\\/bazar\\\/\",\"name\":\"Apple bazar\",\"description\":\"Oou\u017eit\u00e9 Apple produkty za skv\u011bl\u00e9 ceny\",\"potentialAction\":[{\"@type\":\"SearchAction\",\"target\":{\"@type\":\"EntryPoint\",\"urlTemplate\":\"https:\\\/\\\/www.letemsvetemapplem.eu\\\/bazar\\\/?s={search_term_string}\"},\"query-input\":{\"@type\":\"PropertyValueSpecification\",\"valueRequired\":true,\"valueName\":\"search_term_string\"}}],\"inLanguage\":\"cs\"}]}<\/script>\n<!-- \/ Yoast SEO plugin. -->","yoast_head_json":{"title":"Baterie pro MacBook AIR 11&quot; 2011-2012 - Apple bazar","robots":{"index":"index","follow":"follow","max-snippet":"max-snippet:-1","max-image-preview":"max-image-preview:large","max-video-preview":"max-video-preview:-1"},"canonical":"https:\/\/www.letemsvetemapplem.eu\/bazar\/baterie-pro-macbook-air-11-2011-2012\/","og_locale":"cs_CZ","og_type":"article","og_title":"Baterie pro MacBook AIR 11&quot; 2011-2012 - Apple bazar","og_description":"Baterie nen\u00ed nov\u00e1, nev\u00edm u\u017e kolik m\u00e1 cykl\u016f, ale n\u011bkomu jist\u011b je\u0161t\u011b m\u016f\u017ee poslou\u017eit. Je mi l\u00edto to vyhodit. Rozumn\u00e9 dohod\u011b se nebr\u00e1n\u00edm. Cenu nab\u00eddn\u011bte. Preferuji prvn\u00ed kontakt sms nebo email. Pop\u0159\u00edpad\u011b n\u011bco nab\u00eddn\u011bte na v\u00fdm\u011bnu&#8230; t\u0159eba&#8230;","og_url":"https:\/\/www.letemsvetemapplem.eu\/bazar\/baterie-pro-macbook-air-11-2011-2012\/","og_site_name":"Apple bazar","article_published_time":"2021-02-07T15:47:41+00:00","og_image":[{"width":2560,"height":1920,"url":"https:\/\/www.letemsvetemapplem.eu\/bazar\/wp-content\/uploads\/2021\/02\/IMG_0526-scaled.jpg","type":"image\/jpeg"}],"twitter_card":"summary_large_image","schema":{"@context":"https:\/\/schema.org","@graph":[{"@type":"Article","@id":"https:\/\/www.letemsvetemapplem.eu\/bazar\/baterie-pro-macbook-air-11-2011-2012\/#article","isPartOf":{"@id":"https:\/\/www.letemsvetemapplem.eu\/bazar\/baterie-pro-macbook-air-11-2011-2012\/"},"author":{"name":"","@id":""},"headline":"Baterie pro MacBook AIR 11&quot; 2011-2012","datePublished":"2021-02-07T15:47:41+00:00","mainEntityOfPage":{"@id":"https:\/\/www.letemsvetemapplem.eu\/bazar\/baterie-pro-macbook-air-11-2011-2012\/"},"wordCount":60,"image":{"@id":"https:\/\/www.letemsvetemapplem.eu\/bazar\/baterie-pro-macbook-air-11-2011-2012\/#primaryimage"},"thumbnailUrl":"https:\/\/www.letemsvetemapplem.eu\/bazar\/wp-content\/uploads\/2021\/02\/IMG_0526-scaled.jpg","articleSection":["MacBook Air"],"inLanguage":"cs"},{"@type":"WebPage","@id":"https:\/\/www.letemsvetemapplem.eu\/bazar\/baterie-pro-macbook-air-11-2011-2012\/","url":"https:\/\/www.letemsvetemapplem.eu\/bazar\/baterie-pro-macbook-air-11-2011-2012\/","name":"Baterie pro MacBook AIR 11&quot; 2011-2012 - Apple bazar","isPartOf":{"@id":"https:\/\/www.letemsvetemapplem.eu\/bazar\/#website"},"primaryImageOfPage":{"@id":"https:\/\/www.letemsvetemapplem.eu\/bazar\/baterie-pro-macbook-air-11-2011-2012\/#primaryimage"},"image":{"@id":"https:\/\/www.letemsvetemapplem.eu\/bazar\/baterie-pro-macbook-air-11-2011-2012\/#primaryimage"},"thumbnailUrl":"https:\/\/www.letemsvetemapplem.eu\/bazar\/wp-content\/uploads\/2021\/02\/IMG_0526-scaled.jpg","datePublished":"2021-02-07T15:47:41+00:00","author":{"@id":""},"breadcrumb":{"@id":"https:\/\/www.letemsvetemapplem.eu\/bazar\/baterie-pro-macbook-air-11-2011-2012\/#breadcrumb"},"inLanguage":"cs","potentialAction":[{"@type":"ReadAction","target":["https:\/\/www.letemsvetemapplem.eu\/bazar\/baterie-pro-macbook-air-11-2011-2012\/"]}]},{"@type":"ImageObject","inLanguage":"cs","@id":"https:\/\/www.letemsvetemapplem.eu\/bazar\/baterie-pro-macbook-air-11-2011-2012\/#primaryimage","url":"https:\/\/www.letemsvetemapplem.eu\/bazar\/wp-content\/uploads\/2021\/02\/IMG_0526-scaled.jpg","contentUrl":"https:\/\/www.letemsvetemapplem.eu\/bazar\/wp-content\/uploads\/2021\/02\/IMG_0526-scaled.jpg","width":2560,"height":1920},{"@type":"BreadcrumbList","@id":"https:\/\/www.letemsvetemapplem.eu\/bazar\/baterie-pro-macbook-air-11-2011-2012\/#breadcrumb","itemListElement":[{"@type":"ListItem","position":1,"name":"Apple Bazar","item":"https:\/\/www.letemsvetemapplem.eu\/bazar\/"},{"@type":"ListItem","position":2,"name":"Baterie pro MacBook AIR 11&quot; 2011-2012"}]},{"@type":"WebSite","@id":"https:\/\/www.letemsvetemapplem.eu\/bazar\/#website","url":"https:\/\/www.letemsvetemapplem.eu\/bazar\/","name":"Apple bazar","description":"Oou\u017eit\u00e9 Apple produkty za skv\u011bl\u00e9 ceny","potentialAction":[{"@type":"SearchAction","target":{"@type":"EntryPoint","urlTemplate":"https:\/\/www.letemsvetemapplem.eu\/bazar\/?s={search_term_string}"},"query-input":{"@type":"PropertyValueSpecification","valueRequired":true,"valueName":"search_term_string"}}],"inLanguage":"cs"}]}},"_links":{"self":[{"href":"https:\/\/www.letemsvetemapplem.eu\/bazar\/wp-json\/wp\/v2\/posts\/219825","targetHints":{"allow":["GET"]}}],"collection":[{"href":"https:\/\/www.letemsvetemapplem.eu\/bazar\/wp-json\/wp\/v2\/posts"}],"about":[{"href":"https:\/\/www.letemsvetemapplem.eu\/bazar\/wp-json\/wp\/v2\/types\/post"}],"replies":[{"embeddable":true,"href":"https:\/\/www.letemsvetemapplem.eu\/bazar\/wp-json\/wp\/v2\/comments?post=219825"}],"version-history":[{"count":1,"href":"https:\/\/www.letemsvetemapplem.eu\/bazar\/wp-json\/wp\/v2\/posts\/219825\/revisions"}],"predecessor-version":[{"id":219831,"href":"https:\/\/www.letemsvetemapplem.eu\/bazar\/wp-json\/wp\/v2\/posts\/219825\/revisions\/219831"}],"wp:featuredmedia":[{"embeddable":true,"href":"https:\/\/www.letemsvetemapplem.eu\/bazar\/wp-json\/wp\/v2\/media\/219826"}],"wp:attachment":[{"href":"https:\/\/www.letemsvetemapplem.eu\/bazar\/wp-json\/wp\/v2\/media?parent=219825"}],"wp:term":[{"taxonomy":"category","embeddable":true,"href":"https:\/\/www.letemsvetemapplem.eu\/bazar\/wp-json\/wp\/v2\/categories?post=219825"},{"taxonomy":"post_tag","embeddable":true,"href":"https:\/\/www.letemsvetemapplem.eu\/bazar\/wp-json\/wp\/v2\/tags?post=219825"}],"curies":[{"name":"wp","href":"https:\/\/api.w.org\/{rel}","templated":true}]}}