{"id":218292,"date":"2021-01-25T11:28:39","date_gmt":"2021-01-25T10:28:39","guid":{"rendered":"https:\/\/www.letemsvetemapplem.eu\/bazar\/?p=218292"},"modified":"2021-01-25T11:28:39","modified_gmt":"2021-01-25T10:28:39","slug":"imac-21-5-2013-i5-2-9ghz-8ram256ssd","status":"publish","type":"post","link":"https:\/\/www.letemsvetemapplem.eu\/bazar\/imac-21-5-2013-i5-2-9ghz-8ram256ssd\/","title":{"rendered":"iMac 21.5&quot; 2013, i5 2.9Ghz, 8RAM,256SSD"},"content":{"rendered":"<p>Prod\u00e1m iMac 21.5&quot;, Intel Core i5 2.9Ghz, rok Late 2013, 8GB RAM, 256GB SSD (p\u0159i objedn\u00e1vce upgrade ze standartn\u00edho 1TB HDD), grafika NVIDIA GeForce GT 750M 1GB (p\u0159i objedn\u00e1vce upgrade) ve velmi zachoval\u00e9m stavu.<\/p>\n<p>Pou\u017e\u00edv\u00e1n jen doma, posledn\u00ed 2 roky nevyu\u017eit\u00fd. P\u0159ed prodejem bude p\u0159einstalov\u00e1n a odhl\u00e1\u0161en. Origin\u00e1ln\u00ed balen\u00ed \u2013 2 krabice + bezdr\u00e1tov\u00e1 kl\u00e1vesnice Apple \u2013 bez my\u0161i.<\/p>\n<p>M\u00e1 jen 1 malou vadu \u2013 v SD slotu se mi zlomila SD karta a kousek z\u016fstal zaseknut\u00fd uvnit\u0159 \u2013 bez opravy nelze pou\u017e\u00edt.<\/p>\n","protected":false},"excerpt":{"rendered":"<p>Prod\u00e1m iMac 21.5&quot;, Intel Core i5 2.9Ghz, rok Late 2013, 8GB RAM, 256GB SSD (p\u0159i objedn\u00e1vce upgrade ze standartn\u00edho 1TB HDD), grafika NVIDIA GeForce GT 750M 1GB (p\u0159i objedn\u00e1vce upgrade) ve velmi zachoval\u00e9m stavu. Pou\u017e\u00edv\u00e1n jen doma, posledn\u00ed 2 roky nevyu\u017eit\u00fd. P\u0159ed prodejem bude p\u0159einstalov\u00e1n a odhl\u00e1\u0161en. Origin\u00e1ln\u00ed balen\u00ed \u2013 2 krabice + bezdr\u00e1tov\u00e1 kl\u00e1vesnice&#8230;<\/p>\n","protected":false},"author":0,"featured_media":218293,"comment_status":"closed","ping_status":"closed","sticky":false,"template":"","format":"standard","meta":{"footnotes":""},"categories":[41],"tags":[],"class_list":["post-218292","post","type-post","status-publish","format-standard","has-post-thumbnail","hentry","category-imac"],"yoast_head":"<!-- This site is optimized with the Yoast SEO plugin v27.2 - https:\/\/yoast.com\/product\/yoast-seo-wordpress\/ -->\n<title>iMac 21.5&quot; 2013, i5 2.9Ghz, 8RAM,256SSD - Apple bazar<\/title>\n<meta name=\"robots\" content=\"index, follow, max-snippet:-1, max-image-preview:large, max-video-preview:-1\" \/>\n<link rel=\"canonical\" href=\"https:\/\/www.letemsvetemapplem.eu\/bazar\/imac-21-5-2013-i5-2-9ghz-8ram256ssd\/\" \/>\n<meta property=\"og:locale\" content=\"cs_CZ\" \/>\n<meta property=\"og:type\" content=\"article\" \/>\n<meta property=\"og:title\" content=\"iMac 21.5&quot; 2013, i5 2.9Ghz, 8RAM,256SSD - Apple bazar\" \/>\n<meta property=\"og:description\" content=\"Prod\u00e1m iMac 21.5&quot;, Intel Core i5 2.9Ghz, rok Late 2013, 8GB RAM, 256GB SSD (p\u0159i objedn\u00e1vce upgrade ze standartn\u00edho 1TB HDD), grafika NVIDIA GeForce GT 750M 1GB (p\u0159i objedn\u00e1vce upgrade) ve velmi zachoval\u00e9m stavu. Pou\u017e\u00edv\u00e1n jen doma, posledn\u00ed 2 roky nevyu\u017eit\u00fd. P\u0159ed prodejem bude p\u0159einstalov\u00e1n a odhl\u00e1\u0161en. Origin\u00e1ln\u00ed balen\u00ed \u2013 2 krabice + bezdr\u00e1tov\u00e1 kl\u00e1vesnice...\" \/>\n<meta property=\"og:url\" content=\"https:\/\/www.letemsvetemapplem.eu\/bazar\/imac-21-5-2013-i5-2-9ghz-8ram256ssd\/\" \/>\n<meta property=\"og:site_name\" content=\"Apple bazar\" \/>\n<meta property=\"article:published_time\" content=\"2021-01-25T10:28:39+00:00\" \/>\n<meta property=\"og:image\" content=\"https:\/\/www.letemsvetemapplem.eu\/bazar\/wp-content\/uploads\/2021\/01\/Photo-25.01.2021-8-34-30-scaled.jpg\" \/>\n\t<meta property=\"og:image:width\" content=\"1920\" \/>\n\t<meta property=\"og:image:height\" content=\"2560\" \/>\n\t<meta property=\"og:image:type\" content=\"image\/jpeg\" \/>\n<meta name=\"twitter:card\" content=\"summary_large_image\" \/>\n<script type=\"application\/ld+json\" class=\"yoast-schema-graph\">{\"@context\":\"https:\/\/schema.org\",\"@graph\":[{\"@type\":\"Article\",\"@id\":\"https:\/\/www.letemsvetemapplem.eu\/bazar\/imac-21-5-2013-i5-2-9ghz-8ram256ssd\/#article\",\"isPartOf\":{\"@id\":\"https:\/\/www.letemsvetemapplem.eu\/bazar\/imac-21-5-2013-i5-2-9ghz-8ram256ssd\/\"},\"author\":{\"name\":\"\",\"@id\":\"\"},\"headline\":\"iMac 21.5&quot; 2013, i5 2.9Ghz, 8RAM,256SSD\",\"datePublished\":\"2021-01-25T10:28:39+00:00\",\"mainEntityOfPage\":{\"@id\":\"https:\/\/www.letemsvetemapplem.eu\/bazar\/imac-21-5-2013-i5-2-9ghz-8ram256ssd\/\"},\"wordCount\":100,\"image\":{\"@id\":\"https:\/\/www.letemsvetemapplem.eu\/bazar\/imac-21-5-2013-i5-2-9ghz-8ram256ssd\/#primaryimage\"},\"thumbnailUrl\":\"https:\/\/www.letemsvetemapplem.eu\/bazar\/wp-content\/uploads\/2021\/01\/Photo-25.01.2021-8-34-30-scaled.jpg\",\"articleSection\":[\"iMac\"],\"inLanguage\":\"cs\"},{\"@type\":\"WebPage\",\"@id\":\"https:\/\/www.letemsvetemapplem.eu\/bazar\/imac-21-5-2013-i5-2-9ghz-8ram256ssd\/\",\"url\":\"https:\/\/www.letemsvetemapplem.eu\/bazar\/imac-21-5-2013-i5-2-9ghz-8ram256ssd\/\",\"name\":\"iMac 21.5&quot; 2013, i5 2.9Ghz, 8RAM,256SSD - Apple bazar\",\"isPartOf\":{\"@id\":\"https:\/\/www.letemsvetemapplem.eu\/bazar\/#website\"},\"primaryImageOfPage\":{\"@id\":\"https:\/\/www.letemsvetemapplem.eu\/bazar\/imac-21-5-2013-i5-2-9ghz-8ram256ssd\/#primaryimage\"},\"image\":{\"@id\":\"https:\/\/www.letemsvetemapplem.eu\/bazar\/imac-21-5-2013-i5-2-9ghz-8ram256ssd\/#primaryimage\"},\"thumbnailUrl\":\"https:\/\/www.letemsvetemapplem.eu\/bazar\/wp-content\/uploads\/2021\/01\/Photo-25.01.2021-8-34-30-scaled.jpg\",\"datePublished\":\"2021-01-25T10:28:39+00:00\",\"author\":{\"@id\":\"\"},\"breadcrumb\":{\"@id\":\"https:\/\/www.letemsvetemapplem.eu\/bazar\/imac-21-5-2013-i5-2-9ghz-8ram256ssd\/#breadcrumb\"},\"inLanguage\":\"cs\",\"potentialAction\":[{\"@type\":\"ReadAction\",\"target\":[\"https:\/\/www.letemsvetemapplem.eu\/bazar\/imac-21-5-2013-i5-2-9ghz-8ram256ssd\/\"]}]},{\"@type\":\"ImageObject\",\"inLanguage\":\"cs\",\"@id\":\"https:\/\/www.letemsvetemapplem.eu\/bazar\/imac-21-5-2013-i5-2-9ghz-8ram256ssd\/#primaryimage\",\"url\":\"https:\/\/www.letemsvetemapplem.eu\/bazar\/wp-content\/uploads\/2021\/01\/Photo-25.01.2021-8-34-30-scaled.jpg\",\"contentUrl\":\"https:\/\/www.letemsvetemapplem.eu\/bazar\/wp-content\/uploads\/2021\/01\/Photo-25.01.2021-8-34-30-scaled.jpg\",\"width\":1920,\"height\":2560},{\"@type\":\"BreadcrumbList\",\"@id\":\"https:\/\/www.letemsvetemapplem.eu\/bazar\/imac-21-5-2013-i5-2-9ghz-8ram256ssd\/#breadcrumb\",\"itemListElement\":[{\"@type\":\"ListItem\",\"position\":1,\"name\":\"Apple Bazar\",\"item\":\"https:\/\/www.letemsvetemapplem.eu\/bazar\/\"},{\"@type\":\"ListItem\",\"position\":2,\"name\":\"iMac 21.5&quot; 2013, i5 2.9Ghz, 8RAM,256SSD\"}]},{\"@type\":\"WebSite\",\"@id\":\"https:\/\/www.letemsvetemapplem.eu\/bazar\/#website\",\"url\":\"https:\/\/www.letemsvetemapplem.eu\/bazar\/\",\"name\":\"Apple bazar\",\"description\":\"Oou\u017eit\u00e9 Apple produkty za skv\u011bl\u00e9 ceny\",\"potentialAction\":[{\"@type\":\"SearchAction\",\"target\":{\"@type\":\"EntryPoint\",\"urlTemplate\":\"https:\/\/www.letemsvetemapplem.eu\/bazar\/?s={search_term_string}\"},\"query-input\":{\"@type\":\"PropertyValueSpecification\",\"valueRequired\":true,\"valueName\":\"search_term_string\"}}],\"inLanguage\":\"cs\"}]}<\/script>\n<!-- \/ Yoast SEO plugin. -->","yoast_head_json":{"title":"iMac 21.5&quot; 2013, i5 2.9Ghz, 8RAM,256SSD - Apple bazar","robots":{"index":"index","follow":"follow","max-snippet":"max-snippet:-1","max-image-preview":"max-image-preview:large","max-video-preview":"max-video-preview:-1"},"canonical":"https:\/\/www.letemsvetemapplem.eu\/bazar\/imac-21-5-2013-i5-2-9ghz-8ram256ssd\/","og_locale":"cs_CZ","og_type":"article","og_title":"iMac 21.5&quot; 2013, i5 2.9Ghz, 8RAM,256SSD - Apple bazar","og_description":"Prod\u00e1m iMac 21.5&quot;, Intel Core i5 2.9Ghz, rok Late 2013, 8GB RAM, 256GB SSD (p\u0159i objedn\u00e1vce upgrade ze standartn\u00edho 1TB HDD), grafika NVIDIA GeForce GT 750M 1GB (p\u0159i objedn\u00e1vce upgrade) ve velmi zachoval\u00e9m stavu. Pou\u017e\u00edv\u00e1n jen doma, posledn\u00ed 2 roky nevyu\u017eit\u00fd. P\u0159ed prodejem bude p\u0159einstalov\u00e1n a odhl\u00e1\u0161en. Origin\u00e1ln\u00ed balen\u00ed \u2013 2 krabice + bezdr\u00e1tov\u00e1 kl\u00e1vesnice...","og_url":"https:\/\/www.letemsvetemapplem.eu\/bazar\/imac-21-5-2013-i5-2-9ghz-8ram256ssd\/","og_site_name":"Apple bazar","article_published_time":"2021-01-25T10:28:39+00:00","og_image":[{"width":1920,"height":2560,"url":"https:\/\/www.letemsvetemapplem.eu\/bazar\/wp-content\/uploads\/2021\/01\/Photo-25.01.2021-8-34-30-scaled.jpg","type":"image\/jpeg"}],"twitter_card":"summary_large_image","schema":{"@context":"https:\/\/schema.org","@graph":[{"@type":"Article","@id":"https:\/\/www.letemsvetemapplem.eu\/bazar\/imac-21-5-2013-i5-2-9ghz-8ram256ssd\/#article","isPartOf":{"@id":"https:\/\/www.letemsvetemapplem.eu\/bazar\/imac-21-5-2013-i5-2-9ghz-8ram256ssd\/"},"author":{"name":"","@id":""},"headline":"iMac 21.5&quot; 2013, i5 2.9Ghz, 8RAM,256SSD","datePublished":"2021-01-25T10:28:39+00:00","mainEntityOfPage":{"@id":"https:\/\/www.letemsvetemapplem.eu\/bazar\/imac-21-5-2013-i5-2-9ghz-8ram256ssd\/"},"wordCount":100,"image":{"@id":"https:\/\/www.letemsvetemapplem.eu\/bazar\/imac-21-5-2013-i5-2-9ghz-8ram256ssd\/#primaryimage"},"thumbnailUrl":"https:\/\/www.letemsvetemapplem.eu\/bazar\/wp-content\/uploads\/2021\/01\/Photo-25.01.2021-8-34-30-scaled.jpg","articleSection":["iMac"],"inLanguage":"cs"},{"@type":"WebPage","@id":"https:\/\/www.letemsvetemapplem.eu\/bazar\/imac-21-5-2013-i5-2-9ghz-8ram256ssd\/","url":"https:\/\/www.letemsvetemapplem.eu\/bazar\/imac-21-5-2013-i5-2-9ghz-8ram256ssd\/","name":"iMac 21.5&quot; 2013, i5 2.9Ghz, 8RAM,256SSD - Apple bazar","isPartOf":{"@id":"https:\/\/www.letemsvetemapplem.eu\/bazar\/#website"},"primaryImageOfPage":{"@id":"https:\/\/www.letemsvetemapplem.eu\/bazar\/imac-21-5-2013-i5-2-9ghz-8ram256ssd\/#primaryimage"},"image":{"@id":"https:\/\/www.letemsvetemapplem.eu\/bazar\/imac-21-5-2013-i5-2-9ghz-8ram256ssd\/#primaryimage"},"thumbnailUrl":"https:\/\/www.letemsvetemapplem.eu\/bazar\/wp-content\/uploads\/2021\/01\/Photo-25.01.2021-8-34-30-scaled.jpg","datePublished":"2021-01-25T10:28:39+00:00","author":{"@id":""},"breadcrumb":{"@id":"https:\/\/www.letemsvetemapplem.eu\/bazar\/imac-21-5-2013-i5-2-9ghz-8ram256ssd\/#breadcrumb"},"inLanguage":"cs","potentialAction":[{"@type":"ReadAction","target":["https:\/\/www.letemsvetemapplem.eu\/bazar\/imac-21-5-2013-i5-2-9ghz-8ram256ssd\/"]}]},{"@type":"ImageObject","inLanguage":"cs","@id":"https:\/\/www.letemsvetemapplem.eu\/bazar\/imac-21-5-2013-i5-2-9ghz-8ram256ssd\/#primaryimage","url":"https:\/\/www.letemsvetemapplem.eu\/bazar\/wp-content\/uploads\/2021\/01\/Photo-25.01.2021-8-34-30-scaled.jpg","contentUrl":"https:\/\/www.letemsvetemapplem.eu\/bazar\/wp-content\/uploads\/2021\/01\/Photo-25.01.2021-8-34-30-scaled.jpg","width":1920,"height":2560},{"@type":"BreadcrumbList","@id":"https:\/\/www.letemsvetemapplem.eu\/bazar\/imac-21-5-2013-i5-2-9ghz-8ram256ssd\/#breadcrumb","itemListElement":[{"@type":"ListItem","position":1,"name":"Apple Bazar","item":"https:\/\/www.letemsvetemapplem.eu\/bazar\/"},{"@type":"ListItem","position":2,"name":"iMac 21.5&quot; 2013, i5 2.9Ghz, 8RAM,256SSD"}]},{"@type":"WebSite","@id":"https:\/\/www.letemsvetemapplem.eu\/bazar\/#website","url":"https:\/\/www.letemsvetemapplem.eu\/bazar\/","name":"Apple bazar","description":"Oou\u017eit\u00e9 Apple produkty za skv\u011bl\u00e9 ceny","potentialAction":[{"@type":"SearchAction","target":{"@type":"EntryPoint","urlTemplate":"https:\/\/www.letemsvetemapplem.eu\/bazar\/?s={search_term_string}"},"query-input":{"@type":"PropertyValueSpecification","valueRequired":true,"valueName":"search_term_string"}}],"inLanguage":"cs"}]}},"_links":{"self":[{"href":"https:\/\/www.letemsvetemapplem.eu\/bazar\/wp-json\/wp\/v2\/posts\/218292","targetHints":{"allow":["GET"]}}],"collection":[{"href":"https:\/\/www.letemsvetemapplem.eu\/bazar\/wp-json\/wp\/v2\/posts"}],"about":[{"href":"https:\/\/www.letemsvetemapplem.eu\/bazar\/wp-json\/wp\/v2\/types\/post"}],"replies":[{"embeddable":true,"href":"https:\/\/www.letemsvetemapplem.eu\/bazar\/wp-json\/wp\/v2\/comments?post=218292"}],"version-history":[{"count":1,"href":"https:\/\/www.letemsvetemapplem.eu\/bazar\/wp-json\/wp\/v2\/posts\/218292\/revisions"}],"predecessor-version":[{"id":218300,"href":"https:\/\/www.letemsvetemapplem.eu\/bazar\/wp-json\/wp\/v2\/posts\/218292\/revisions\/218300"}],"wp:featuredmedia":[{"embeddable":true,"href":"https:\/\/www.letemsvetemapplem.eu\/bazar\/wp-json\/wp\/v2\/media\/218293"}],"wp:attachment":[{"href":"https:\/\/www.letemsvetemapplem.eu\/bazar\/wp-json\/wp\/v2\/media?parent=218292"}],"wp:term":[{"taxonomy":"category","embeddable":true,"href":"https:\/\/www.letemsvetemapplem.eu\/bazar\/wp-json\/wp\/v2\/categories?post=218292"},{"taxonomy":"post_tag","embeddable":true,"href":"https:\/\/www.letemsvetemapplem.eu\/bazar\/wp-json\/wp\/v2\/tags?post=218292"}],"curies":[{"name":"wp","href":"https:\/\/api.w.org\/{rel}","templated":true}]}}