{"id":217223,"date":"2021-01-14T19:09:55","date_gmt":"2021-01-14T18:09:55","guid":{"rendered":"https:\/\/www.letemsvetemapplem.eu\/bazar\/?p=217223"},"modified":"2021-01-14T19:09:55","modified_gmt":"2021-01-14T18:09:55","slug":"imac-27-mid-2011-i7-3-4ghz-250-ssd","status":"publish","type":"post","link":"https:\/\/www.letemsvetemapplem.eu\/bazar\/imac-27-mid-2011-i7-3-4ghz-250-ssd\/","title":{"rendered":"iMac 27 mid 2011  i7 3.4GHz, 250 SSD"},"content":{"rendered":"<p>Apple iMac 27&quot; mid 2011, i7 3.4GHz, 256 SSD, 12GB RAM<\/p>\n<p>Na predaj je zachoval\u00fd a 100% funk\u010dn\u00fd iMac z 2011. Kupovan\u00fd v SR, jedin\u00fd majite\u013e. <\/p>\n<p>Jedn\u00e1 sa o model A1312 mid 2011 s nasledovn\u00fdmi parametrami:<\/p>\n<p>&#8211; displej: 27&quot; LCD s rozlisenim 2560 x 1440<br \/>\n&#8211; procesor: 4 core (8 threads) intel Core i7 3.4 GHz (Turbo Boost 3.8 GHz)<br \/>\n&#8211; pamat: 12 GB RAM<br \/>\n&#8211; grafika: Radeon HD 6970 &#8211; 1 GB VRAM<br \/>\n&#8211; ulozisko: 256GB SSD zn. Kingston<br \/>\n                   1 TB 3.5&quot; HDD<br \/>\n                   1 TB 2.5&quot; HDD namiesto SuperDrive<br \/>\n&#8211; porty: 4x USB, 2x Thunderbolt, 1x FireWire 800, 1Gbit Ethernet,<br \/>\n&#8211; wifi, citacka pamatovych kariet<\/p>\n<p>Sucastou je Apple bezdrotova klavesnica a Apple Magic Mouse a originalna krabica.<\/p>\n<p>Dovod predaja kupa noveho Macbooku.<\/p>\n<p>Idealne osobny odber v Dunajske Strede, Bratislave a v blizkom okoli<\/p>\n","protected":false},"excerpt":{"rendered":"<p>Apple iMac 27&quot; mid 2011, i7 3.4GHz, 256 SSD, 12GB RAM Na predaj je zachoval\u00fd a 100% funk\u010dn\u00fd iMac z 2011. Kupovan\u00fd v SR, jedin\u00fd majite\u013e. Jedn\u00e1 sa o model A1312 mid 2011 s nasledovn\u00fdmi parametrami: &#8211; displej: 27&quot; LCD s rozlisenim 2560 x 1440 &#8211; procesor: 4 core (8 threads) intel Core i7 3.4&#8230;<\/p>\n","protected":false},"author":0,"featured_media":217224,"comment_status":"closed","ping_status":"closed","sticky":false,"template":"","format":"standard","meta":{"footnotes":""},"categories":[41],"tags":[],"class_list":["post-217223","post","type-post","status-publish","format-standard","has-post-thumbnail","hentry","category-imac"],"yoast_head":"<!-- This site is optimized with the Yoast SEO plugin v27.2 - https:\/\/yoast.com\/product\/yoast-seo-wordpress\/ -->\n<title>iMac 27 mid 2011 i7 3.4GHz, 250 SSD - Apple bazar<\/title>\n<meta name=\"robots\" content=\"index, follow, max-snippet:-1, max-image-preview:large, max-video-preview:-1\" \/>\n<link rel=\"canonical\" href=\"https:\/\/www.letemsvetemapplem.eu\/bazar\/imac-27-mid-2011-i7-3-4ghz-250-ssd\/\" \/>\n<meta property=\"og:locale\" content=\"cs_CZ\" \/>\n<meta property=\"og:type\" content=\"article\" \/>\n<meta property=\"og:title\" content=\"iMac 27 mid 2011 i7 3.4GHz, 250 SSD - Apple bazar\" \/>\n<meta property=\"og:description\" content=\"Apple iMac 27&quot; mid 2011, i7 3.4GHz, 256 SSD, 12GB RAM Na predaj je zachoval\u00fd a 100% funk\u010dn\u00fd iMac z 2011. Kupovan\u00fd v SR, jedin\u00fd majite\u013e. Jedn\u00e1 sa o model A1312 mid 2011 s nasledovn\u00fdmi parametrami: &#8211; displej: 27&quot; LCD s rozlisenim 2560 x 1440 &#8211; procesor: 4 core (8 threads) intel Core i7 3.4...\" \/>\n<meta property=\"og:url\" content=\"https:\/\/www.letemsvetemapplem.eu\/bazar\/imac-27-mid-2011-i7-3-4ghz-250-ssd\/\" \/>\n<meta property=\"og:site_name\" content=\"Apple bazar\" \/>\n<meta property=\"article:published_time\" content=\"2021-01-14T18:09:55+00:00\" \/>\n<meta property=\"og:image\" content=\"https:\/\/www.letemsvetemapplem.eu\/bazar\/wp-content\/uploads\/2021\/01\/IMG_0912.jpeg\" \/>\n\t<meta property=\"og:image:width\" content=\"1613\" \/>\n\t<meta property=\"og:image:height\" content=\"1210\" \/>\n\t<meta property=\"og:image:type\" content=\"image\/jpeg\" \/>\n<meta name=\"twitter:card\" content=\"summary_large_image\" \/>\n<script type=\"application\/ld+json\" class=\"yoast-schema-graph\">{\"@context\":\"https:\/\/schema.org\",\"@graph\":[{\"@type\":\"Article\",\"@id\":\"https:\/\/www.letemsvetemapplem.eu\/bazar\/imac-27-mid-2011-i7-3-4ghz-250-ssd\/#article\",\"isPartOf\":{\"@id\":\"https:\/\/www.letemsvetemapplem.eu\/bazar\/imac-27-mid-2011-i7-3-4ghz-250-ssd\/\"},\"author\":{\"name\":\"\",\"@id\":\"\"},\"headline\":\"iMac 27 mid 2011 i7 3.4GHz, 250 SSD\",\"datePublished\":\"2021-01-14T18:09:55+00:00\",\"mainEntityOfPage\":{\"@id\":\"https:\/\/www.letemsvetemapplem.eu\/bazar\/imac-27-mid-2011-i7-3-4ghz-250-ssd\/\"},\"wordCount\":124,\"image\":{\"@id\":\"https:\/\/www.letemsvetemapplem.eu\/bazar\/imac-27-mid-2011-i7-3-4ghz-250-ssd\/#primaryimage\"},\"thumbnailUrl\":\"https:\/\/www.letemsvetemapplem.eu\/bazar\/wp-content\/uploads\/2021\/01\/IMG_0912.jpeg\",\"articleSection\":[\"iMac\"],\"inLanguage\":\"cs\"},{\"@type\":\"WebPage\",\"@id\":\"https:\/\/www.letemsvetemapplem.eu\/bazar\/imac-27-mid-2011-i7-3-4ghz-250-ssd\/\",\"url\":\"https:\/\/www.letemsvetemapplem.eu\/bazar\/imac-27-mid-2011-i7-3-4ghz-250-ssd\/\",\"name\":\"iMac 27 mid 2011 i7 3.4GHz, 250 SSD - Apple bazar\",\"isPartOf\":{\"@id\":\"https:\/\/www.letemsvetemapplem.eu\/bazar\/#website\"},\"primaryImageOfPage\":{\"@id\":\"https:\/\/www.letemsvetemapplem.eu\/bazar\/imac-27-mid-2011-i7-3-4ghz-250-ssd\/#primaryimage\"},\"image\":{\"@id\":\"https:\/\/www.letemsvetemapplem.eu\/bazar\/imac-27-mid-2011-i7-3-4ghz-250-ssd\/#primaryimage\"},\"thumbnailUrl\":\"https:\/\/www.letemsvetemapplem.eu\/bazar\/wp-content\/uploads\/2021\/01\/IMG_0912.jpeg\",\"datePublished\":\"2021-01-14T18:09:55+00:00\",\"author\":{\"@id\":\"\"},\"breadcrumb\":{\"@id\":\"https:\/\/www.letemsvetemapplem.eu\/bazar\/imac-27-mid-2011-i7-3-4ghz-250-ssd\/#breadcrumb\"},\"inLanguage\":\"cs\",\"potentialAction\":[{\"@type\":\"ReadAction\",\"target\":[\"https:\/\/www.letemsvetemapplem.eu\/bazar\/imac-27-mid-2011-i7-3-4ghz-250-ssd\/\"]}]},{\"@type\":\"ImageObject\",\"inLanguage\":\"cs\",\"@id\":\"https:\/\/www.letemsvetemapplem.eu\/bazar\/imac-27-mid-2011-i7-3-4ghz-250-ssd\/#primaryimage\",\"url\":\"https:\/\/www.letemsvetemapplem.eu\/bazar\/wp-content\/uploads\/2021\/01\/IMG_0912.jpeg\",\"contentUrl\":\"https:\/\/www.letemsvetemapplem.eu\/bazar\/wp-content\/uploads\/2021\/01\/IMG_0912.jpeg\",\"width\":1613,\"height\":1210},{\"@type\":\"BreadcrumbList\",\"@id\":\"https:\/\/www.letemsvetemapplem.eu\/bazar\/imac-27-mid-2011-i7-3-4ghz-250-ssd\/#breadcrumb\",\"itemListElement\":[{\"@type\":\"ListItem\",\"position\":1,\"name\":\"Apple Bazar\",\"item\":\"https:\/\/www.letemsvetemapplem.eu\/bazar\/\"},{\"@type\":\"ListItem\",\"position\":2,\"name\":\"iMac 27 mid 2011 i7 3.4GHz, 250 SSD\"}]},{\"@type\":\"WebSite\",\"@id\":\"https:\/\/www.letemsvetemapplem.eu\/bazar\/#website\",\"url\":\"https:\/\/www.letemsvetemapplem.eu\/bazar\/\",\"name\":\"Apple bazar\",\"description\":\"Oou\u017eit\u00e9 Apple produkty za skv\u011bl\u00e9 ceny\",\"potentialAction\":[{\"@type\":\"SearchAction\",\"target\":{\"@type\":\"EntryPoint\",\"urlTemplate\":\"https:\/\/www.letemsvetemapplem.eu\/bazar\/?s={search_term_string}\"},\"query-input\":{\"@type\":\"PropertyValueSpecification\",\"valueRequired\":true,\"valueName\":\"search_term_string\"}}],\"inLanguage\":\"cs\"}]}<\/script>\n<!-- \/ Yoast SEO plugin. -->","yoast_head_json":{"title":"iMac 27 mid 2011 i7 3.4GHz, 250 SSD - Apple bazar","robots":{"index":"index","follow":"follow","max-snippet":"max-snippet:-1","max-image-preview":"max-image-preview:large","max-video-preview":"max-video-preview:-1"},"canonical":"https:\/\/www.letemsvetemapplem.eu\/bazar\/imac-27-mid-2011-i7-3-4ghz-250-ssd\/","og_locale":"cs_CZ","og_type":"article","og_title":"iMac 27 mid 2011 i7 3.4GHz, 250 SSD - Apple bazar","og_description":"Apple iMac 27&quot; mid 2011, i7 3.4GHz, 256 SSD, 12GB RAM Na predaj je zachoval\u00fd a 100% funk\u010dn\u00fd iMac z 2011. Kupovan\u00fd v SR, jedin\u00fd majite\u013e. Jedn\u00e1 sa o model A1312 mid 2011 s nasledovn\u00fdmi parametrami: &#8211; displej: 27&quot; LCD s rozlisenim 2560 x 1440 &#8211; procesor: 4 core (8 threads) intel Core i7 3.4...","og_url":"https:\/\/www.letemsvetemapplem.eu\/bazar\/imac-27-mid-2011-i7-3-4ghz-250-ssd\/","og_site_name":"Apple bazar","article_published_time":"2021-01-14T18:09:55+00:00","og_image":[{"width":1613,"height":1210,"url":"https:\/\/www.letemsvetemapplem.eu\/bazar\/wp-content\/uploads\/2021\/01\/IMG_0912.jpeg","type":"image\/jpeg"}],"twitter_card":"summary_large_image","schema":{"@context":"https:\/\/schema.org","@graph":[{"@type":"Article","@id":"https:\/\/www.letemsvetemapplem.eu\/bazar\/imac-27-mid-2011-i7-3-4ghz-250-ssd\/#article","isPartOf":{"@id":"https:\/\/www.letemsvetemapplem.eu\/bazar\/imac-27-mid-2011-i7-3-4ghz-250-ssd\/"},"author":{"name":"","@id":""},"headline":"iMac 27 mid 2011 i7 3.4GHz, 250 SSD","datePublished":"2021-01-14T18:09:55+00:00","mainEntityOfPage":{"@id":"https:\/\/www.letemsvetemapplem.eu\/bazar\/imac-27-mid-2011-i7-3-4ghz-250-ssd\/"},"wordCount":124,"image":{"@id":"https:\/\/www.letemsvetemapplem.eu\/bazar\/imac-27-mid-2011-i7-3-4ghz-250-ssd\/#primaryimage"},"thumbnailUrl":"https:\/\/www.letemsvetemapplem.eu\/bazar\/wp-content\/uploads\/2021\/01\/IMG_0912.jpeg","articleSection":["iMac"],"inLanguage":"cs"},{"@type":"WebPage","@id":"https:\/\/www.letemsvetemapplem.eu\/bazar\/imac-27-mid-2011-i7-3-4ghz-250-ssd\/","url":"https:\/\/www.letemsvetemapplem.eu\/bazar\/imac-27-mid-2011-i7-3-4ghz-250-ssd\/","name":"iMac 27 mid 2011 i7 3.4GHz, 250 SSD - Apple bazar","isPartOf":{"@id":"https:\/\/www.letemsvetemapplem.eu\/bazar\/#website"},"primaryImageOfPage":{"@id":"https:\/\/www.letemsvetemapplem.eu\/bazar\/imac-27-mid-2011-i7-3-4ghz-250-ssd\/#primaryimage"},"image":{"@id":"https:\/\/www.letemsvetemapplem.eu\/bazar\/imac-27-mid-2011-i7-3-4ghz-250-ssd\/#primaryimage"},"thumbnailUrl":"https:\/\/www.letemsvetemapplem.eu\/bazar\/wp-content\/uploads\/2021\/01\/IMG_0912.jpeg","datePublished":"2021-01-14T18:09:55+00:00","author":{"@id":""},"breadcrumb":{"@id":"https:\/\/www.letemsvetemapplem.eu\/bazar\/imac-27-mid-2011-i7-3-4ghz-250-ssd\/#breadcrumb"},"inLanguage":"cs","potentialAction":[{"@type":"ReadAction","target":["https:\/\/www.letemsvetemapplem.eu\/bazar\/imac-27-mid-2011-i7-3-4ghz-250-ssd\/"]}]},{"@type":"ImageObject","inLanguage":"cs","@id":"https:\/\/www.letemsvetemapplem.eu\/bazar\/imac-27-mid-2011-i7-3-4ghz-250-ssd\/#primaryimage","url":"https:\/\/www.letemsvetemapplem.eu\/bazar\/wp-content\/uploads\/2021\/01\/IMG_0912.jpeg","contentUrl":"https:\/\/www.letemsvetemapplem.eu\/bazar\/wp-content\/uploads\/2021\/01\/IMG_0912.jpeg","width":1613,"height":1210},{"@type":"BreadcrumbList","@id":"https:\/\/www.letemsvetemapplem.eu\/bazar\/imac-27-mid-2011-i7-3-4ghz-250-ssd\/#breadcrumb","itemListElement":[{"@type":"ListItem","position":1,"name":"Apple Bazar","item":"https:\/\/www.letemsvetemapplem.eu\/bazar\/"},{"@type":"ListItem","position":2,"name":"iMac 27 mid 2011 i7 3.4GHz, 250 SSD"}]},{"@type":"WebSite","@id":"https:\/\/www.letemsvetemapplem.eu\/bazar\/#website","url":"https:\/\/www.letemsvetemapplem.eu\/bazar\/","name":"Apple bazar","description":"Oou\u017eit\u00e9 Apple produkty za skv\u011bl\u00e9 ceny","potentialAction":[{"@type":"SearchAction","target":{"@type":"EntryPoint","urlTemplate":"https:\/\/www.letemsvetemapplem.eu\/bazar\/?s={search_term_string}"},"query-input":{"@type":"PropertyValueSpecification","valueRequired":true,"valueName":"search_term_string"}}],"inLanguage":"cs"}]}},"_links":{"self":[{"href":"https:\/\/www.letemsvetemapplem.eu\/bazar\/wp-json\/wp\/v2\/posts\/217223","targetHints":{"allow":["GET"]}}],"collection":[{"href":"https:\/\/www.letemsvetemapplem.eu\/bazar\/wp-json\/wp\/v2\/posts"}],"about":[{"href":"https:\/\/www.letemsvetemapplem.eu\/bazar\/wp-json\/wp\/v2\/types\/post"}],"replies":[{"embeddable":true,"href":"https:\/\/www.letemsvetemapplem.eu\/bazar\/wp-json\/wp\/v2\/comments?post=217223"}],"version-history":[{"count":1,"href":"https:\/\/www.letemsvetemapplem.eu\/bazar\/wp-json\/wp\/v2\/posts\/217223\/revisions"}],"predecessor-version":[{"id":217230,"href":"https:\/\/www.letemsvetemapplem.eu\/bazar\/wp-json\/wp\/v2\/posts\/217223\/revisions\/217230"}],"wp:featuredmedia":[{"embeddable":true,"href":"https:\/\/www.letemsvetemapplem.eu\/bazar\/wp-json\/wp\/v2\/media\/217224"}],"wp:attachment":[{"href":"https:\/\/www.letemsvetemapplem.eu\/bazar\/wp-json\/wp\/v2\/media?parent=217223"}],"wp:term":[{"taxonomy":"category","embeddable":true,"href":"https:\/\/www.letemsvetemapplem.eu\/bazar\/wp-json\/wp\/v2\/categories?post=217223"},{"taxonomy":"post_tag","embeddable":true,"href":"https:\/\/www.letemsvetemapplem.eu\/bazar\/wp-json\/wp\/v2\/tags?post=217223"}],"curies":[{"name":"wp","href":"https:\/\/api.w.org\/{rel}","templated":true}]}}