{"id":214415,"date":"2020-12-15T21:56:58","date_gmt":"2020-12-15T20:56:58","guid":{"rendered":"https:\/\/www.letemsvetemapplem.eu\/bazar\/?p=214415"},"modified":"2020-12-15T21:56:58","modified_gmt":"2020-12-15T20:56:58","slug":"imac-27-i7-32gb-1tb-ssd-256-ssd","status":"publish","type":"post","link":"https:\/\/www.letemsvetemapplem.eu\/bazar\/imac-27-i7-32gb-1tb-ssd-256-ssd\/","title":{"rendered":"iMac 27&quot;, i7, 32GB, 1TB SSD + 256 SSD"},"content":{"rendered":"<p>27&quot; iMac late 2012, slim, vypad\u00e1 stejn\u011b jako sou\u010dasn\u00fd. Rozli\u0161en\u00ed 2560 x 1440. macOS Catalina. Zapnut\u00ed pod 2 minuty. Koupen\u00fd v z\u00e1kladn\u00ed konfiguraci.<\/p>\n<p>V roce 2020 se projevilo kurv\u00edtko. Praskla plastov\u00e1 podlo\u017eka pod pru\u017einou stojanu. Prob\u011bhla oprava + upgrade.<\/p>\n<p>Plast nahrazen kovovou podlo\u017ekou, viz foto<br \/>\n1TB HDD -&gt; 1TB SSD (Samsung 860 EVO)<br \/>\nP\u0159id\u00e1no SSD 256GB (Sandik X110) do druh\u00e9ho slotu<br \/>\ni5 -&gt; tehdy nejrychlej\u0161\u00ed i7 (i7-3770)<br \/>\n8GB RAM -&gt; 32GB<br \/>\nNov\u00e1 CMOS baterie, preventivn\u011b<br \/>\nP\u0159epastov\u00e1n\u00ed procesoru i grafiky (Kryonaut)<br \/>\nVy\u010di\u0161t\u011bn\u00ed<br \/>\nDisplej p\u0159ilepen speci\u00e1ln\u00ed sadou<\/p>\n<p>M\u00ednusy<br \/>\n1 &#8211; Nejde ud\u011blat Fusion drive ze dvou SSD. Proto je v\u0161e na 1TB SSD. Pomalej\u0161\u00ed 256GB tam je jako roz\u0161\u00ed\u0159en\u00ed \u00falo\u017ei\u0161t\u011b. Apple v\u0161ak prod\u00e1val max 768GB SSD&#8230;<\/p>\n<p>2 &#8211; Dedikovan\u00e1 grafika je nevym\u011bniteln\u00e1. GeForce GTX 660M, 512 MB. Dne\u0161n\u00ed iMacy sice za\u010d\u00ednaj\u00ed na 4GB, ale toto m\u00e1 4x men\u0161\u00ed rozli\u0161en\u00ed ne\u017e 5K iMac.<\/p>\n<p>3 &#8211; V\u011btr\u00e1k je funk\u010dn\u00ed, ale n\u011bkdy vr\u010d\u00ed, spr\u00e1vn\u00fd pohyb s displejem jej ale hned uml\u010d\u00ed. P\u0159\u00edpadn\u00e1 v\u00fdm\u011bna za nov\u00fd se vleze do 1000 k\u010d, na p\u0159\u00e1n\u00ed provedu.<\/p>\n<p>V cen\u011b je kl\u00e1vesnice, trackpad a bedna.<\/p>\n","protected":false},"excerpt":{"rendered":"<p>27&quot; iMac late 2012, slim, vypad\u00e1 stejn\u011b jako sou\u010dasn\u00fd. Rozli\u0161en\u00ed 2560 x 1440. macOS Catalina. Zapnut\u00ed pod 2 minuty. Koupen\u00fd v z\u00e1kladn\u00ed konfiguraci. V roce 2020 se projevilo kurv\u00edtko. Praskla plastov\u00e1 podlo\u017eka pod pru\u017einou stojanu. Prob\u011bhla oprava + upgrade. Plast nahrazen kovovou podlo\u017ekou, viz foto 1TB HDD -&gt; 1TB SSD (Samsung 860 EVO) P\u0159id\u00e1no SSD&#8230;<\/p>\n","protected":false},"author":0,"featured_media":214416,"comment_status":"closed","ping_status":"closed","sticky":false,"template":"","format":"standard","meta":{"footnotes":""},"categories":[41],"tags":[],"class_list":["post-214415","post","type-post","status-publish","format-standard","has-post-thumbnail","hentry","category-imac"],"yoast_head":"<!-- This site is optimized with the Yoast SEO plugin v27.2 - https:\/\/yoast.com\/product\/yoast-seo-wordpress\/ -->\n<title>iMac 27&quot;, i7, 32GB, 1TB SSD + 256 SSD - Apple bazar<\/title>\n<meta name=\"robots\" content=\"index, follow, max-snippet:-1, max-image-preview:large, max-video-preview:-1\" \/>\n<link rel=\"canonical\" href=\"https:\/\/www.letemsvetemapplem.eu\/bazar\/imac-27-i7-32gb-1tb-ssd-256-ssd\/\" \/>\n<meta property=\"og:locale\" content=\"cs_CZ\" \/>\n<meta property=\"og:type\" content=\"article\" \/>\n<meta property=\"og:title\" content=\"iMac 27&quot;, i7, 32GB, 1TB SSD + 256 SSD - Apple bazar\" \/>\n<meta property=\"og:description\" content=\"27&quot; iMac late 2012, slim, vypad\u00e1 stejn\u011b jako sou\u010dasn\u00fd. Rozli\u0161en\u00ed 2560 x 1440. macOS Catalina. Zapnut\u00ed pod 2 minuty. Koupen\u00fd v z\u00e1kladn\u00ed konfiguraci. V roce 2020 se projevilo kurv\u00edtko. Praskla plastov\u00e1 podlo\u017eka pod pru\u017einou stojanu. Prob\u011bhla oprava + upgrade. Plast nahrazen kovovou podlo\u017ekou, viz foto 1TB HDD -&gt; 1TB SSD (Samsung 860 EVO) P\u0159id\u00e1no SSD...\" \/>\n<meta property=\"og:url\" content=\"https:\/\/www.letemsvetemapplem.eu\/bazar\/imac-27-i7-32gb-1tb-ssd-256-ssd\/\" \/>\n<meta property=\"og:site_name\" content=\"Apple bazar\" \/>\n<meta property=\"article:published_time\" content=\"2020-12-15T20:56:58+00:00\" \/>\n<meta property=\"og:image\" content=\"https:\/\/www.letemsvetemapplem.eu\/bazar\/wp-content\/uploads\/2020\/12\/IMG_4394-scaled.jpg\" \/>\n\t<meta property=\"og:image:width\" content=\"2560\" \/>\n\t<meta property=\"og:image:height\" content=\"1920\" \/>\n\t<meta property=\"og:image:type\" content=\"image\/jpeg\" \/>\n<meta name=\"twitter:card\" content=\"summary_large_image\" \/>\n<script type=\"application\/ld+json\" class=\"yoast-schema-graph\">{\"@context\":\"https:\/\/schema.org\",\"@graph\":[{\"@type\":\"Article\",\"@id\":\"https:\/\/www.letemsvetemapplem.eu\/bazar\/imac-27-i7-32gb-1tb-ssd-256-ssd\/#article\",\"isPartOf\":{\"@id\":\"https:\/\/www.letemsvetemapplem.eu\/bazar\/imac-27-i7-32gb-1tb-ssd-256-ssd\/\"},\"author\":{\"name\":\"\",\"@id\":\"\"},\"headline\":\"iMac 27&quot;, i7, 32GB, 1TB SSD + 256 SSD\",\"datePublished\":\"2020-12-15T20:56:58+00:00\",\"mainEntityOfPage\":{\"@id\":\"https:\/\/www.letemsvetemapplem.eu\/bazar\/imac-27-i7-32gb-1tb-ssd-256-ssd\/\"},\"wordCount\":214,\"image\":{\"@id\":\"https:\/\/www.letemsvetemapplem.eu\/bazar\/imac-27-i7-32gb-1tb-ssd-256-ssd\/#primaryimage\"},\"thumbnailUrl\":\"https:\/\/www.letemsvetemapplem.eu\/bazar\/wp-content\/uploads\/2020\/12\/IMG_4394-scaled.jpg\",\"articleSection\":[\"iMac\"],\"inLanguage\":\"cs\"},{\"@type\":\"WebPage\",\"@id\":\"https:\/\/www.letemsvetemapplem.eu\/bazar\/imac-27-i7-32gb-1tb-ssd-256-ssd\/\",\"url\":\"https:\/\/www.letemsvetemapplem.eu\/bazar\/imac-27-i7-32gb-1tb-ssd-256-ssd\/\",\"name\":\"iMac 27&quot;, i7, 32GB, 1TB SSD + 256 SSD - Apple bazar\",\"isPartOf\":{\"@id\":\"https:\/\/www.letemsvetemapplem.eu\/bazar\/#website\"},\"primaryImageOfPage\":{\"@id\":\"https:\/\/www.letemsvetemapplem.eu\/bazar\/imac-27-i7-32gb-1tb-ssd-256-ssd\/#primaryimage\"},\"image\":{\"@id\":\"https:\/\/www.letemsvetemapplem.eu\/bazar\/imac-27-i7-32gb-1tb-ssd-256-ssd\/#primaryimage\"},\"thumbnailUrl\":\"https:\/\/www.letemsvetemapplem.eu\/bazar\/wp-content\/uploads\/2020\/12\/IMG_4394-scaled.jpg\",\"datePublished\":\"2020-12-15T20:56:58+00:00\",\"author\":{\"@id\":\"\"},\"breadcrumb\":{\"@id\":\"https:\/\/www.letemsvetemapplem.eu\/bazar\/imac-27-i7-32gb-1tb-ssd-256-ssd\/#breadcrumb\"},\"inLanguage\":\"cs\",\"potentialAction\":[{\"@type\":\"ReadAction\",\"target\":[\"https:\/\/www.letemsvetemapplem.eu\/bazar\/imac-27-i7-32gb-1tb-ssd-256-ssd\/\"]}]},{\"@type\":\"ImageObject\",\"inLanguage\":\"cs\",\"@id\":\"https:\/\/www.letemsvetemapplem.eu\/bazar\/imac-27-i7-32gb-1tb-ssd-256-ssd\/#primaryimage\",\"url\":\"https:\/\/www.letemsvetemapplem.eu\/bazar\/wp-content\/uploads\/2020\/12\/IMG_4394-scaled.jpg\",\"contentUrl\":\"https:\/\/www.letemsvetemapplem.eu\/bazar\/wp-content\/uploads\/2020\/12\/IMG_4394-scaled.jpg\",\"width\":2560,\"height\":1920},{\"@type\":\"BreadcrumbList\",\"@id\":\"https:\/\/www.letemsvetemapplem.eu\/bazar\/imac-27-i7-32gb-1tb-ssd-256-ssd\/#breadcrumb\",\"itemListElement\":[{\"@type\":\"ListItem\",\"position\":1,\"name\":\"Apple Bazar\",\"item\":\"https:\/\/www.letemsvetemapplem.eu\/bazar\/\"},{\"@type\":\"ListItem\",\"position\":2,\"name\":\"iMac 27&quot;, i7, 32GB, 1TB SSD + 256 SSD\"}]},{\"@type\":\"WebSite\",\"@id\":\"https:\/\/www.letemsvetemapplem.eu\/bazar\/#website\",\"url\":\"https:\/\/www.letemsvetemapplem.eu\/bazar\/\",\"name\":\"Apple bazar\",\"description\":\"Oou\u017eit\u00e9 Apple produkty za skv\u011bl\u00e9 ceny\",\"potentialAction\":[{\"@type\":\"SearchAction\",\"target\":{\"@type\":\"EntryPoint\",\"urlTemplate\":\"https:\/\/www.letemsvetemapplem.eu\/bazar\/?s={search_term_string}\"},\"query-input\":{\"@type\":\"PropertyValueSpecification\",\"valueRequired\":true,\"valueName\":\"search_term_string\"}}],\"inLanguage\":\"cs\"}]}<\/script>\n<!-- \/ Yoast SEO plugin. -->","yoast_head_json":{"title":"iMac 27&quot;, i7, 32GB, 1TB SSD + 256 SSD - Apple bazar","robots":{"index":"index","follow":"follow","max-snippet":"max-snippet:-1","max-image-preview":"max-image-preview:large","max-video-preview":"max-video-preview:-1"},"canonical":"https:\/\/www.letemsvetemapplem.eu\/bazar\/imac-27-i7-32gb-1tb-ssd-256-ssd\/","og_locale":"cs_CZ","og_type":"article","og_title":"iMac 27&quot;, i7, 32GB, 1TB SSD + 256 SSD - Apple bazar","og_description":"27&quot; iMac late 2012, slim, vypad\u00e1 stejn\u011b jako sou\u010dasn\u00fd. Rozli\u0161en\u00ed 2560 x 1440. macOS Catalina. Zapnut\u00ed pod 2 minuty. Koupen\u00fd v z\u00e1kladn\u00ed konfiguraci. V roce 2020 se projevilo kurv\u00edtko. Praskla plastov\u00e1 podlo\u017eka pod pru\u017einou stojanu. Prob\u011bhla oprava + upgrade. Plast nahrazen kovovou podlo\u017ekou, viz foto 1TB HDD -&gt; 1TB SSD (Samsung 860 EVO) P\u0159id\u00e1no SSD...","og_url":"https:\/\/www.letemsvetemapplem.eu\/bazar\/imac-27-i7-32gb-1tb-ssd-256-ssd\/","og_site_name":"Apple bazar","article_published_time":"2020-12-15T20:56:58+00:00","og_image":[{"width":2560,"height":1920,"url":"https:\/\/www.letemsvetemapplem.eu\/bazar\/wp-content\/uploads\/2020\/12\/IMG_4394-scaled.jpg","type":"image\/jpeg"}],"twitter_card":"summary_large_image","schema":{"@context":"https:\/\/schema.org","@graph":[{"@type":"Article","@id":"https:\/\/www.letemsvetemapplem.eu\/bazar\/imac-27-i7-32gb-1tb-ssd-256-ssd\/#article","isPartOf":{"@id":"https:\/\/www.letemsvetemapplem.eu\/bazar\/imac-27-i7-32gb-1tb-ssd-256-ssd\/"},"author":{"name":"","@id":""},"headline":"iMac 27&quot;, i7, 32GB, 1TB SSD + 256 SSD","datePublished":"2020-12-15T20:56:58+00:00","mainEntityOfPage":{"@id":"https:\/\/www.letemsvetemapplem.eu\/bazar\/imac-27-i7-32gb-1tb-ssd-256-ssd\/"},"wordCount":214,"image":{"@id":"https:\/\/www.letemsvetemapplem.eu\/bazar\/imac-27-i7-32gb-1tb-ssd-256-ssd\/#primaryimage"},"thumbnailUrl":"https:\/\/www.letemsvetemapplem.eu\/bazar\/wp-content\/uploads\/2020\/12\/IMG_4394-scaled.jpg","articleSection":["iMac"],"inLanguage":"cs"},{"@type":"WebPage","@id":"https:\/\/www.letemsvetemapplem.eu\/bazar\/imac-27-i7-32gb-1tb-ssd-256-ssd\/","url":"https:\/\/www.letemsvetemapplem.eu\/bazar\/imac-27-i7-32gb-1tb-ssd-256-ssd\/","name":"iMac 27&quot;, i7, 32GB, 1TB SSD + 256 SSD - Apple bazar","isPartOf":{"@id":"https:\/\/www.letemsvetemapplem.eu\/bazar\/#website"},"primaryImageOfPage":{"@id":"https:\/\/www.letemsvetemapplem.eu\/bazar\/imac-27-i7-32gb-1tb-ssd-256-ssd\/#primaryimage"},"image":{"@id":"https:\/\/www.letemsvetemapplem.eu\/bazar\/imac-27-i7-32gb-1tb-ssd-256-ssd\/#primaryimage"},"thumbnailUrl":"https:\/\/www.letemsvetemapplem.eu\/bazar\/wp-content\/uploads\/2020\/12\/IMG_4394-scaled.jpg","datePublished":"2020-12-15T20:56:58+00:00","author":{"@id":""},"breadcrumb":{"@id":"https:\/\/www.letemsvetemapplem.eu\/bazar\/imac-27-i7-32gb-1tb-ssd-256-ssd\/#breadcrumb"},"inLanguage":"cs","potentialAction":[{"@type":"ReadAction","target":["https:\/\/www.letemsvetemapplem.eu\/bazar\/imac-27-i7-32gb-1tb-ssd-256-ssd\/"]}]},{"@type":"ImageObject","inLanguage":"cs","@id":"https:\/\/www.letemsvetemapplem.eu\/bazar\/imac-27-i7-32gb-1tb-ssd-256-ssd\/#primaryimage","url":"https:\/\/www.letemsvetemapplem.eu\/bazar\/wp-content\/uploads\/2020\/12\/IMG_4394-scaled.jpg","contentUrl":"https:\/\/www.letemsvetemapplem.eu\/bazar\/wp-content\/uploads\/2020\/12\/IMG_4394-scaled.jpg","width":2560,"height":1920},{"@type":"BreadcrumbList","@id":"https:\/\/www.letemsvetemapplem.eu\/bazar\/imac-27-i7-32gb-1tb-ssd-256-ssd\/#breadcrumb","itemListElement":[{"@type":"ListItem","position":1,"name":"Apple Bazar","item":"https:\/\/www.letemsvetemapplem.eu\/bazar\/"},{"@type":"ListItem","position":2,"name":"iMac 27&quot;, i7, 32GB, 1TB SSD + 256 SSD"}]},{"@type":"WebSite","@id":"https:\/\/www.letemsvetemapplem.eu\/bazar\/#website","url":"https:\/\/www.letemsvetemapplem.eu\/bazar\/","name":"Apple bazar","description":"Oou\u017eit\u00e9 Apple produkty za skv\u011bl\u00e9 ceny","potentialAction":[{"@type":"SearchAction","target":{"@type":"EntryPoint","urlTemplate":"https:\/\/www.letemsvetemapplem.eu\/bazar\/?s={search_term_string}"},"query-input":{"@type":"PropertyValueSpecification","valueRequired":true,"valueName":"search_term_string"}}],"inLanguage":"cs"}]}},"_links":{"self":[{"href":"https:\/\/www.letemsvetemapplem.eu\/bazar\/wp-json\/wp\/v2\/posts\/214415","targetHints":{"allow":["GET"]}}],"collection":[{"href":"https:\/\/www.letemsvetemapplem.eu\/bazar\/wp-json\/wp\/v2\/posts"}],"about":[{"href":"https:\/\/www.letemsvetemapplem.eu\/bazar\/wp-json\/wp\/v2\/types\/post"}],"replies":[{"embeddable":true,"href":"https:\/\/www.letemsvetemapplem.eu\/bazar\/wp-json\/wp\/v2\/comments?post=214415"}],"version-history":[{"count":1,"href":"https:\/\/www.letemsvetemapplem.eu\/bazar\/wp-json\/wp\/v2\/posts\/214415\/revisions"}],"predecessor-version":[{"id":214423,"href":"https:\/\/www.letemsvetemapplem.eu\/bazar\/wp-json\/wp\/v2\/posts\/214415\/revisions\/214423"}],"wp:featuredmedia":[{"embeddable":true,"href":"https:\/\/www.letemsvetemapplem.eu\/bazar\/wp-json\/wp\/v2\/media\/214416"}],"wp:attachment":[{"href":"https:\/\/www.letemsvetemapplem.eu\/bazar\/wp-json\/wp\/v2\/media?parent=214415"}],"wp:term":[{"taxonomy":"category","embeddable":true,"href":"https:\/\/www.letemsvetemapplem.eu\/bazar\/wp-json\/wp\/v2\/categories?post=214415"},{"taxonomy":"post_tag","embeddable":true,"href":"https:\/\/www.letemsvetemapplem.eu\/bazar\/wp-json\/wp\/v2\/tags?post=214415"}],"curies":[{"name":"wp","href":"https:\/\/api.w.org\/{rel}","templated":true}]}}