{"id":214395,"date":"2020-12-15T17:04:55","date_gmt":"2020-12-15T16:04:55","guid":{"rendered":"https:\/\/www.letemsvetemapplem.eu\/bazar\/?p=214395"},"modified":"2020-12-15T17:04:55","modified_gmt":"2020-12-15T16:04:55","slug":"imac-27-2009","status":"publish","type":"post","link":"https:\/\/www.letemsvetemapplem.eu\/bazar\/imac-27-2009\/","title":{"rendered":"iMac 27\u201d 2009"},"content":{"rendered":"<p>Prod\u00e1vam Apple iMac 27\u201d verze 2009. Kdo tady ty po\u010d\u00edta\u010de nezn\u00e1, dod\u00e1v\u00e1m, \u017ee je to monitor ve kter\u00e9m je komplet zabudovan\u00fd po\u010d\u00edta\u010d. <\/p>\n<p>V kv\u011btnu jsem jej koupila za 15.000 K\u010d na zkou\u0161ku a l\u00edbil se mi natolik, \u017ee jsem u\u017e p\u0159e\u0161la na nov\u011bj\u0161\u00ed model. Nic v\u011bt\u0161\u00edho u\u017e se ned\u011bl\u00e1! Je to macek s n\u00e1dhern\u00fdm rozli\u0161en\u00edm (fotky zkresluj\u00ed, pixely vid\u011bt nejsou). Nov\u00fd monitor takov\u00fdch rozm\u011br\u016f a s tak velk\u00fdm rozli\u0161en\u00edm stoj\u00ed s\u00e1m o sob\u011b stoj\u00ed p\u0159es 5000 K\u010d. (Pokud um\u00edte sehnat levn\u011bj\u0161\u00ed dejta mi v\u011bd\u011bt, jeden sh\u00e1n\u00edm). Tohle v\u0161ak nen\u00ed jen monitor, ale cel\u00fd po\u010d\u00edta\u010d sakum prdum. Celo kovov\u00e9 t\u011blo, \u017e\u00e1dn\u00fd plast, n\u00e1dhern\u00e1 designovka na st\u016fl pro v\u0161echny co maj\u00ed r\u00e1di minimalistick\u00e1 \u0159e\u0161en\u00ed. Je to kr\u00e1sn\u00fd kousek s v\u00e1hou kolem 12 kg. P\u0159i p\u0159evozu to chce hezky p\u0159ipoutat na zadn\u00ed seda\u010dku auta jako d\u00edtko, proto\u017ee je to mazel. V\u00edc infa dopln\u00edm dle ot\u00e1zek.<\/p>\n<p>Monitor<br \/>\nVelikost monitoru 27 palc\u016f = 69 cm<br \/>\nRozli\u0161en\u00ed monitoru 2560 x 1440 ips<\/p>\n<p>V\u00fdbava<br \/>\nPROCESOR 2.66 GHz Intel Core i5<br \/>\nRAM 8GB<br \/>\nHDD 160 GB<br \/>\nOS: High Sierra 10.33.6 &#8211; \u010dist\u00e1 instalace<\/p>\n<p>Sou\u010d\u00e1sti<br \/>\nOrigin\u00e1l Apple my\u0161<br \/>\nOrigin\u00e1l Apple kl\u00e1vesnice se dv\u011bma USB<\/p>\n","protected":false},"excerpt":{"rendered":"<p>Prod\u00e1vam Apple iMac 27\u201d verze 2009. Kdo tady ty po\u010d\u00edta\u010de nezn\u00e1, dod\u00e1v\u00e1m, \u017ee je to monitor ve kter\u00e9m je komplet zabudovan\u00fd po\u010d\u00edta\u010d. V kv\u011btnu jsem jej koupila za 15.000 K\u010d na zkou\u0161ku a l\u00edbil se mi natolik, \u017ee jsem u\u017e p\u0159e\u0161la na nov\u011bj\u0161\u00ed model. Nic v\u011bt\u0161\u00edho u\u017e se ned\u011bl\u00e1! Je to macek s n\u00e1dhern\u00fdm rozli\u0161en\u00edm&#8230;<\/p>\n","protected":false},"author":0,"featured_media":214396,"comment_status":"closed","ping_status":"closed","sticky":false,"template":"","format":"standard","meta":{"footnotes":""},"categories":[41],"tags":[],"class_list":["post-214395","post","type-post","status-publish","format-standard","has-post-thumbnail","hentry","category-imac"],"yoast_head":"<!-- This site is optimized with the Yoast SEO plugin v27.2 - https:\/\/yoast.com\/product\/yoast-seo-wordpress\/ -->\n<title>iMac 27\u201d 2009 - Apple bazar<\/title>\n<meta name=\"robots\" content=\"index, follow, max-snippet:-1, max-image-preview:large, max-video-preview:-1\" \/>\n<link rel=\"canonical\" href=\"https:\/\/www.letemsvetemapplem.eu\/bazar\/imac-27-2009\/\" \/>\n<meta property=\"og:locale\" content=\"cs_CZ\" \/>\n<meta property=\"og:type\" content=\"article\" \/>\n<meta property=\"og:title\" content=\"iMac 27\u201d 2009 - Apple bazar\" \/>\n<meta property=\"og:description\" content=\"Prod\u00e1vam Apple iMac 27\u201d verze 2009. Kdo tady ty po\u010d\u00edta\u010de nezn\u00e1, dod\u00e1v\u00e1m, \u017ee je to monitor ve kter\u00e9m je komplet zabudovan\u00fd po\u010d\u00edta\u010d. V kv\u011btnu jsem jej koupila za 15.000 K\u010d na zkou\u0161ku a l\u00edbil se mi natolik, \u017ee jsem u\u017e p\u0159e\u0161la na nov\u011bj\u0161\u00ed model. Nic v\u011bt\u0161\u00edho u\u017e se ned\u011bl\u00e1! Je to macek s n\u00e1dhern\u00fdm rozli\u0161en\u00edm...\" \/>\n<meta property=\"og:url\" content=\"https:\/\/www.letemsvetemapplem.eu\/bazar\/imac-27-2009\/\" \/>\n<meta property=\"og:site_name\" content=\"Apple bazar\" \/>\n<meta property=\"article:published_time\" content=\"2020-12-15T16:04:55+00:00\" \/>\n<meta property=\"og:image\" content=\"https:\/\/www.letemsvetemapplem.eu\/bazar\/wp-content\/uploads\/2020\/12\/A640D012-F61F-405A-B619-1CE89DBD8694-scaled.jpeg\" \/>\n\t<meta property=\"og:image:width\" content=\"2560\" \/>\n\t<meta property=\"og:image:height\" content=\"1920\" \/>\n\t<meta property=\"og:image:type\" content=\"image\/jpeg\" \/>\n<meta name=\"twitter:card\" content=\"summary_large_image\" \/>\n<script type=\"application\/ld+json\" class=\"yoast-schema-graph\">{\"@context\":\"https:\/\/schema.org\",\"@graph\":[{\"@type\":\"Article\",\"@id\":\"https:\/\/www.letemsvetemapplem.eu\/bazar\/imac-27-2009\/#article\",\"isPartOf\":{\"@id\":\"https:\/\/www.letemsvetemapplem.eu\/bazar\/imac-27-2009\/\"},\"author\":{\"name\":\"\",\"@id\":\"\"},\"headline\":\"iMac 27\u201d 2009\",\"datePublished\":\"2020-12-15T16:04:55+00:00\",\"mainEntityOfPage\":{\"@id\":\"https:\/\/www.letemsvetemapplem.eu\/bazar\/imac-27-2009\/\"},\"wordCount\":233,\"image\":{\"@id\":\"https:\/\/www.letemsvetemapplem.eu\/bazar\/imac-27-2009\/#primaryimage\"},\"thumbnailUrl\":\"https:\/\/www.letemsvetemapplem.eu\/bazar\/wp-content\/uploads\/2020\/12\/A640D012-F61F-405A-B619-1CE89DBD8694-scaled.jpeg\",\"articleSection\":[\"iMac\"],\"inLanguage\":\"cs\"},{\"@type\":\"WebPage\",\"@id\":\"https:\/\/www.letemsvetemapplem.eu\/bazar\/imac-27-2009\/\",\"url\":\"https:\/\/www.letemsvetemapplem.eu\/bazar\/imac-27-2009\/\",\"name\":\"iMac 27\u201d 2009 - Apple bazar\",\"isPartOf\":{\"@id\":\"https:\/\/www.letemsvetemapplem.eu\/bazar\/#website\"},\"primaryImageOfPage\":{\"@id\":\"https:\/\/www.letemsvetemapplem.eu\/bazar\/imac-27-2009\/#primaryimage\"},\"image\":{\"@id\":\"https:\/\/www.letemsvetemapplem.eu\/bazar\/imac-27-2009\/#primaryimage\"},\"thumbnailUrl\":\"https:\/\/www.letemsvetemapplem.eu\/bazar\/wp-content\/uploads\/2020\/12\/A640D012-F61F-405A-B619-1CE89DBD8694-scaled.jpeg\",\"datePublished\":\"2020-12-15T16:04:55+00:00\",\"author\":{\"@id\":\"\"},\"breadcrumb\":{\"@id\":\"https:\/\/www.letemsvetemapplem.eu\/bazar\/imac-27-2009\/#breadcrumb\"},\"inLanguage\":\"cs\",\"potentialAction\":[{\"@type\":\"ReadAction\",\"target\":[\"https:\/\/www.letemsvetemapplem.eu\/bazar\/imac-27-2009\/\"]}]},{\"@type\":\"ImageObject\",\"inLanguage\":\"cs\",\"@id\":\"https:\/\/www.letemsvetemapplem.eu\/bazar\/imac-27-2009\/#primaryimage\",\"url\":\"https:\/\/www.letemsvetemapplem.eu\/bazar\/wp-content\/uploads\/2020\/12\/A640D012-F61F-405A-B619-1CE89DBD8694-scaled.jpeg\",\"contentUrl\":\"https:\/\/www.letemsvetemapplem.eu\/bazar\/wp-content\/uploads\/2020\/12\/A640D012-F61F-405A-B619-1CE89DBD8694-scaled.jpeg\",\"width\":2560,\"height\":1920},{\"@type\":\"BreadcrumbList\",\"@id\":\"https:\/\/www.letemsvetemapplem.eu\/bazar\/imac-27-2009\/#breadcrumb\",\"itemListElement\":[{\"@type\":\"ListItem\",\"position\":1,\"name\":\"Apple Bazar\",\"item\":\"https:\/\/www.letemsvetemapplem.eu\/bazar\/\"},{\"@type\":\"ListItem\",\"position\":2,\"name\":\"iMac 27\u201d 2009\"}]},{\"@type\":\"WebSite\",\"@id\":\"https:\/\/www.letemsvetemapplem.eu\/bazar\/#website\",\"url\":\"https:\/\/www.letemsvetemapplem.eu\/bazar\/\",\"name\":\"Apple bazar\",\"description\":\"Oou\u017eit\u00e9 Apple produkty za skv\u011bl\u00e9 ceny\",\"potentialAction\":[{\"@type\":\"SearchAction\",\"target\":{\"@type\":\"EntryPoint\",\"urlTemplate\":\"https:\/\/www.letemsvetemapplem.eu\/bazar\/?s={search_term_string}\"},\"query-input\":{\"@type\":\"PropertyValueSpecification\",\"valueRequired\":true,\"valueName\":\"search_term_string\"}}],\"inLanguage\":\"cs\"}]}<\/script>\n<!-- \/ Yoast SEO plugin. -->","yoast_head_json":{"title":"iMac 27\u201d 2009 - Apple bazar","robots":{"index":"index","follow":"follow","max-snippet":"max-snippet:-1","max-image-preview":"max-image-preview:large","max-video-preview":"max-video-preview:-1"},"canonical":"https:\/\/www.letemsvetemapplem.eu\/bazar\/imac-27-2009\/","og_locale":"cs_CZ","og_type":"article","og_title":"iMac 27\u201d 2009 - Apple bazar","og_description":"Prod\u00e1vam Apple iMac 27\u201d verze 2009. Kdo tady ty po\u010d\u00edta\u010de nezn\u00e1, dod\u00e1v\u00e1m, \u017ee je to monitor ve kter\u00e9m je komplet zabudovan\u00fd po\u010d\u00edta\u010d. V kv\u011btnu jsem jej koupila za 15.000 K\u010d na zkou\u0161ku a l\u00edbil se mi natolik, \u017ee jsem u\u017e p\u0159e\u0161la na nov\u011bj\u0161\u00ed model. Nic v\u011bt\u0161\u00edho u\u017e se ned\u011bl\u00e1! Je to macek s n\u00e1dhern\u00fdm rozli\u0161en\u00edm...","og_url":"https:\/\/www.letemsvetemapplem.eu\/bazar\/imac-27-2009\/","og_site_name":"Apple bazar","article_published_time":"2020-12-15T16:04:55+00:00","og_image":[{"width":2560,"height":1920,"url":"https:\/\/www.letemsvetemapplem.eu\/bazar\/wp-content\/uploads\/2020\/12\/A640D012-F61F-405A-B619-1CE89DBD8694-scaled.jpeg","type":"image\/jpeg"}],"twitter_card":"summary_large_image","schema":{"@context":"https:\/\/schema.org","@graph":[{"@type":"Article","@id":"https:\/\/www.letemsvetemapplem.eu\/bazar\/imac-27-2009\/#article","isPartOf":{"@id":"https:\/\/www.letemsvetemapplem.eu\/bazar\/imac-27-2009\/"},"author":{"name":"","@id":""},"headline":"iMac 27\u201d 2009","datePublished":"2020-12-15T16:04:55+00:00","mainEntityOfPage":{"@id":"https:\/\/www.letemsvetemapplem.eu\/bazar\/imac-27-2009\/"},"wordCount":233,"image":{"@id":"https:\/\/www.letemsvetemapplem.eu\/bazar\/imac-27-2009\/#primaryimage"},"thumbnailUrl":"https:\/\/www.letemsvetemapplem.eu\/bazar\/wp-content\/uploads\/2020\/12\/A640D012-F61F-405A-B619-1CE89DBD8694-scaled.jpeg","articleSection":["iMac"],"inLanguage":"cs"},{"@type":"WebPage","@id":"https:\/\/www.letemsvetemapplem.eu\/bazar\/imac-27-2009\/","url":"https:\/\/www.letemsvetemapplem.eu\/bazar\/imac-27-2009\/","name":"iMac 27\u201d 2009 - Apple bazar","isPartOf":{"@id":"https:\/\/www.letemsvetemapplem.eu\/bazar\/#website"},"primaryImageOfPage":{"@id":"https:\/\/www.letemsvetemapplem.eu\/bazar\/imac-27-2009\/#primaryimage"},"image":{"@id":"https:\/\/www.letemsvetemapplem.eu\/bazar\/imac-27-2009\/#primaryimage"},"thumbnailUrl":"https:\/\/www.letemsvetemapplem.eu\/bazar\/wp-content\/uploads\/2020\/12\/A640D012-F61F-405A-B619-1CE89DBD8694-scaled.jpeg","datePublished":"2020-12-15T16:04:55+00:00","author":{"@id":""},"breadcrumb":{"@id":"https:\/\/www.letemsvetemapplem.eu\/bazar\/imac-27-2009\/#breadcrumb"},"inLanguage":"cs","potentialAction":[{"@type":"ReadAction","target":["https:\/\/www.letemsvetemapplem.eu\/bazar\/imac-27-2009\/"]}]},{"@type":"ImageObject","inLanguage":"cs","@id":"https:\/\/www.letemsvetemapplem.eu\/bazar\/imac-27-2009\/#primaryimage","url":"https:\/\/www.letemsvetemapplem.eu\/bazar\/wp-content\/uploads\/2020\/12\/A640D012-F61F-405A-B619-1CE89DBD8694-scaled.jpeg","contentUrl":"https:\/\/www.letemsvetemapplem.eu\/bazar\/wp-content\/uploads\/2020\/12\/A640D012-F61F-405A-B619-1CE89DBD8694-scaled.jpeg","width":2560,"height":1920},{"@type":"BreadcrumbList","@id":"https:\/\/www.letemsvetemapplem.eu\/bazar\/imac-27-2009\/#breadcrumb","itemListElement":[{"@type":"ListItem","position":1,"name":"Apple Bazar","item":"https:\/\/www.letemsvetemapplem.eu\/bazar\/"},{"@type":"ListItem","position":2,"name":"iMac 27\u201d 2009"}]},{"@type":"WebSite","@id":"https:\/\/www.letemsvetemapplem.eu\/bazar\/#website","url":"https:\/\/www.letemsvetemapplem.eu\/bazar\/","name":"Apple bazar","description":"Oou\u017eit\u00e9 Apple produkty za skv\u011bl\u00e9 ceny","potentialAction":[{"@type":"SearchAction","target":{"@type":"EntryPoint","urlTemplate":"https:\/\/www.letemsvetemapplem.eu\/bazar\/?s={search_term_string}"},"query-input":{"@type":"PropertyValueSpecification","valueRequired":true,"valueName":"search_term_string"}}],"inLanguage":"cs"}]}},"_links":{"self":[{"href":"https:\/\/www.letemsvetemapplem.eu\/bazar\/wp-json\/wp\/v2\/posts\/214395","targetHints":{"allow":["GET"]}}],"collection":[{"href":"https:\/\/www.letemsvetemapplem.eu\/bazar\/wp-json\/wp\/v2\/posts"}],"about":[{"href":"https:\/\/www.letemsvetemapplem.eu\/bazar\/wp-json\/wp\/v2\/types\/post"}],"replies":[{"embeddable":true,"href":"https:\/\/www.letemsvetemapplem.eu\/bazar\/wp-json\/wp\/v2\/comments?post=214395"}],"version-history":[{"count":1,"href":"https:\/\/www.letemsvetemapplem.eu\/bazar\/wp-json\/wp\/v2\/posts\/214395\/revisions"}],"predecessor-version":[{"id":214402,"href":"https:\/\/www.letemsvetemapplem.eu\/bazar\/wp-json\/wp\/v2\/posts\/214395\/revisions\/214402"}],"wp:featuredmedia":[{"embeddable":true,"href":"https:\/\/www.letemsvetemapplem.eu\/bazar\/wp-json\/wp\/v2\/media\/214396"}],"wp:attachment":[{"href":"https:\/\/www.letemsvetemapplem.eu\/bazar\/wp-json\/wp\/v2\/media?parent=214395"}],"wp:term":[{"taxonomy":"category","embeddable":true,"href":"https:\/\/www.letemsvetemapplem.eu\/bazar\/wp-json\/wp\/v2\/categories?post=214395"},{"taxonomy":"post_tag","embeddable":true,"href":"https:\/\/www.letemsvetemapplem.eu\/bazar\/wp-json\/wp\/v2\/tags?post=214395"}],"curies":[{"name":"wp","href":"https:\/\/api.w.org\/{rel}","templated":true}]}}