{"id":214108,"date":"2020-12-13T12:02:51","date_gmt":"2020-12-13T11:02:51","guid":{"rendered":"https:\/\/www.letemsvetemapplem.eu\/bazar\/?p=214108"},"modified":"2020-12-13T12:02:51","modified_gmt":"2020-12-13T11:02:51","slug":"imac-27-12gb-ram-i7","status":"publish","type":"post","link":"https:\/\/www.letemsvetemapplem.eu\/bazar\/imac-27-12gb-ram-i7\/","title":{"rendered":"iMac 27\u201d, 12GB RAM, i7"},"content":{"rendered":"<p>Prod\u00e1m pln\u011b funk\u010dn\u00ed IMac 27&quot;, mid 2010. i7, 12GB RAM, 1TB HDD disk, Radeon 5750, nainstalov\u00e1n OSX 10.10 Yosemite a sou\u010d\u00e1st\u00ed je i kl\u00e1vesnice Apple. M\u016f\u017eu p\u0159idat r\u00e1me\u010dkem na 2.5&quot;SSD pro p\u0159\u00edpad v\u00fdm\u011bny disku a dv\u011b h\u016f\u0159e funk\u010dn\u00ed magic mouse zdarma v p\u0159\u00edpad\u011b z\u00e1jmu. P\u0159ed\u00e1n\u00ed po dohod\u011b Karlovy Vary, Praha nebo \u010cesk\u00e9 Bud\u011bjovice <\/p>\n","protected":false},"excerpt":{"rendered":"<p>Prod\u00e1m pln\u011b funk\u010dn\u00ed IMac 27&quot;, mid 2010. i7, 12GB RAM, 1TB HDD disk, Radeon 5750, nainstalov\u00e1n OSX 10.10 Yosemite a sou\u010d\u00e1st\u00ed je i kl\u00e1vesnice Apple. M\u016f\u017eu p\u0159idat r\u00e1me\u010dkem na 2.5&quot;SSD pro p\u0159\u00edpad v\u00fdm\u011bny disku a dv\u011b h\u016f\u0159e funk\u010dn\u00ed magic mouse zdarma v p\u0159\u00edpad\u011b z\u00e1jmu. P\u0159ed\u00e1n\u00ed po dohod\u011b Karlovy Vary, Praha nebo \u010cesk\u00e9 Bud\u011bjovice<\/p>\n","protected":false},"author":0,"featured_media":214109,"comment_status":"closed","ping_status":"closed","sticky":false,"template":"","format":"standard","meta":{"footnotes":""},"categories":[41],"tags":[],"class_list":["post-214108","post","type-post","status-publish","format-standard","has-post-thumbnail","hentry","category-imac"],"yoast_head":"<!-- This site is optimized with the Yoast SEO plugin v27.2 - https:\/\/yoast.com\/product\/yoast-seo-wordpress\/ -->\n<title>iMac 27\u201d, 12GB RAM, i7 - Apple bazar<\/title>\n<meta name=\"robots\" content=\"index, follow, max-snippet:-1, max-image-preview:large, max-video-preview:-1\" \/>\n<link rel=\"canonical\" href=\"https:\/\/www.letemsvetemapplem.eu\/bazar\/imac-27-12gb-ram-i7\/\" \/>\n<meta property=\"og:locale\" content=\"cs_CZ\" \/>\n<meta property=\"og:type\" content=\"article\" \/>\n<meta property=\"og:title\" content=\"iMac 27\u201d, 12GB RAM, i7 - Apple bazar\" \/>\n<meta property=\"og:description\" content=\"Prod\u00e1m pln\u011b funk\u010dn\u00ed IMac 27&quot;, mid 2010. i7, 12GB RAM, 1TB HDD disk, Radeon 5750, nainstalov\u00e1n OSX 10.10 Yosemite a sou\u010d\u00e1st\u00ed je i kl\u00e1vesnice Apple. M\u016f\u017eu p\u0159idat r\u00e1me\u010dkem na 2.5&quot;SSD pro p\u0159\u00edpad v\u00fdm\u011bny disku a dv\u011b h\u016f\u0159e funk\u010dn\u00ed magic mouse zdarma v p\u0159\u00edpad\u011b z\u00e1jmu. P\u0159ed\u00e1n\u00ed po dohod\u011b Karlovy Vary, Praha nebo \u010cesk\u00e9 Bud\u011bjovice\" \/>\n<meta property=\"og:url\" content=\"https:\/\/www.letemsvetemapplem.eu\/bazar\/imac-27-12gb-ram-i7\/\" \/>\n<meta property=\"og:site_name\" content=\"Apple bazar\" \/>\n<meta property=\"article:published_time\" content=\"2020-12-13T11:02:51+00:00\" \/>\n<meta property=\"og:image\" content=\"https:\/\/www.letemsvetemapplem.eu\/bazar\/wp-content\/uploads\/2020\/12\/0F6B2C3D-5789-4EAB-95C7-C8B4718C37CB-scaled.jpeg\" \/>\n\t<meta property=\"og:image:width\" content=\"1920\" \/>\n\t<meta property=\"og:image:height\" content=\"2560\" \/>\n\t<meta property=\"og:image:type\" content=\"image\/jpeg\" \/>\n<meta name=\"twitter:card\" content=\"summary_large_image\" \/>\n<script type=\"application\/ld+json\" class=\"yoast-schema-graph\">{\"@context\":\"https:\/\/schema.org\",\"@graph\":[{\"@type\":\"Article\",\"@id\":\"https:\/\/www.letemsvetemapplem.eu\/bazar\/imac-27-12gb-ram-i7\/#article\",\"isPartOf\":{\"@id\":\"https:\/\/www.letemsvetemapplem.eu\/bazar\/imac-27-12gb-ram-i7\/\"},\"author\":{\"name\":\"\",\"@id\":\"\"},\"headline\":\"iMac 27\u201d, 12GB RAM, i7\",\"datePublished\":\"2020-12-13T11:02:51+00:00\",\"mainEntityOfPage\":{\"@id\":\"https:\/\/www.letemsvetemapplem.eu\/bazar\/imac-27-12gb-ram-i7\/\"},\"wordCount\":74,\"image\":{\"@id\":\"https:\/\/www.letemsvetemapplem.eu\/bazar\/imac-27-12gb-ram-i7\/#primaryimage\"},\"thumbnailUrl\":\"https:\/\/www.letemsvetemapplem.eu\/bazar\/wp-content\/uploads\/2020\/12\/0F6B2C3D-5789-4EAB-95C7-C8B4718C37CB-scaled.jpeg\",\"articleSection\":[\"iMac\"],\"inLanguage\":\"cs\"},{\"@type\":\"WebPage\",\"@id\":\"https:\/\/www.letemsvetemapplem.eu\/bazar\/imac-27-12gb-ram-i7\/\",\"url\":\"https:\/\/www.letemsvetemapplem.eu\/bazar\/imac-27-12gb-ram-i7\/\",\"name\":\"iMac 27\u201d, 12GB RAM, i7 - Apple bazar\",\"isPartOf\":{\"@id\":\"https:\/\/www.letemsvetemapplem.eu\/bazar\/#website\"},\"primaryImageOfPage\":{\"@id\":\"https:\/\/www.letemsvetemapplem.eu\/bazar\/imac-27-12gb-ram-i7\/#primaryimage\"},\"image\":{\"@id\":\"https:\/\/www.letemsvetemapplem.eu\/bazar\/imac-27-12gb-ram-i7\/#primaryimage\"},\"thumbnailUrl\":\"https:\/\/www.letemsvetemapplem.eu\/bazar\/wp-content\/uploads\/2020\/12\/0F6B2C3D-5789-4EAB-95C7-C8B4718C37CB-scaled.jpeg\",\"datePublished\":\"2020-12-13T11:02:51+00:00\",\"author\":{\"@id\":\"\"},\"breadcrumb\":{\"@id\":\"https:\/\/www.letemsvetemapplem.eu\/bazar\/imac-27-12gb-ram-i7\/#breadcrumb\"},\"inLanguage\":\"cs\",\"potentialAction\":[{\"@type\":\"ReadAction\",\"target\":[\"https:\/\/www.letemsvetemapplem.eu\/bazar\/imac-27-12gb-ram-i7\/\"]}]},{\"@type\":\"ImageObject\",\"inLanguage\":\"cs\",\"@id\":\"https:\/\/www.letemsvetemapplem.eu\/bazar\/imac-27-12gb-ram-i7\/#primaryimage\",\"url\":\"https:\/\/www.letemsvetemapplem.eu\/bazar\/wp-content\/uploads\/2020\/12\/0F6B2C3D-5789-4EAB-95C7-C8B4718C37CB-scaled.jpeg\",\"contentUrl\":\"https:\/\/www.letemsvetemapplem.eu\/bazar\/wp-content\/uploads\/2020\/12\/0F6B2C3D-5789-4EAB-95C7-C8B4718C37CB-scaled.jpeg\",\"width\":1920,\"height\":2560},{\"@type\":\"BreadcrumbList\",\"@id\":\"https:\/\/www.letemsvetemapplem.eu\/bazar\/imac-27-12gb-ram-i7\/#breadcrumb\",\"itemListElement\":[{\"@type\":\"ListItem\",\"position\":1,\"name\":\"Apple Bazar\",\"item\":\"https:\/\/www.letemsvetemapplem.eu\/bazar\/\"},{\"@type\":\"ListItem\",\"position\":2,\"name\":\"iMac 27\u201d, 12GB RAM, i7\"}]},{\"@type\":\"WebSite\",\"@id\":\"https:\/\/www.letemsvetemapplem.eu\/bazar\/#website\",\"url\":\"https:\/\/www.letemsvetemapplem.eu\/bazar\/\",\"name\":\"Apple bazar\",\"description\":\"Oou\u017eit\u00e9 Apple produkty za skv\u011bl\u00e9 ceny\",\"potentialAction\":[{\"@type\":\"SearchAction\",\"target\":{\"@type\":\"EntryPoint\",\"urlTemplate\":\"https:\/\/www.letemsvetemapplem.eu\/bazar\/?s={search_term_string}\"},\"query-input\":{\"@type\":\"PropertyValueSpecification\",\"valueRequired\":true,\"valueName\":\"search_term_string\"}}],\"inLanguage\":\"cs\"}]}<\/script>\n<!-- \/ Yoast SEO plugin. -->","yoast_head_json":{"title":"iMac 27\u201d, 12GB RAM, i7 - Apple bazar","robots":{"index":"index","follow":"follow","max-snippet":"max-snippet:-1","max-image-preview":"max-image-preview:large","max-video-preview":"max-video-preview:-1"},"canonical":"https:\/\/www.letemsvetemapplem.eu\/bazar\/imac-27-12gb-ram-i7\/","og_locale":"cs_CZ","og_type":"article","og_title":"iMac 27\u201d, 12GB RAM, i7 - Apple bazar","og_description":"Prod\u00e1m pln\u011b funk\u010dn\u00ed IMac 27&quot;, mid 2010. i7, 12GB RAM, 1TB HDD disk, Radeon 5750, nainstalov\u00e1n OSX 10.10 Yosemite a sou\u010d\u00e1st\u00ed je i kl\u00e1vesnice Apple. M\u016f\u017eu p\u0159idat r\u00e1me\u010dkem na 2.5&quot;SSD pro p\u0159\u00edpad v\u00fdm\u011bny disku a dv\u011b h\u016f\u0159e funk\u010dn\u00ed magic mouse zdarma v p\u0159\u00edpad\u011b z\u00e1jmu. P\u0159ed\u00e1n\u00ed po dohod\u011b Karlovy Vary, Praha nebo \u010cesk\u00e9 Bud\u011bjovice","og_url":"https:\/\/www.letemsvetemapplem.eu\/bazar\/imac-27-12gb-ram-i7\/","og_site_name":"Apple bazar","article_published_time":"2020-12-13T11:02:51+00:00","og_image":[{"width":1920,"height":2560,"url":"https:\/\/www.letemsvetemapplem.eu\/bazar\/wp-content\/uploads\/2020\/12\/0F6B2C3D-5789-4EAB-95C7-C8B4718C37CB-scaled.jpeg","type":"image\/jpeg"}],"twitter_card":"summary_large_image","schema":{"@context":"https:\/\/schema.org","@graph":[{"@type":"Article","@id":"https:\/\/www.letemsvetemapplem.eu\/bazar\/imac-27-12gb-ram-i7\/#article","isPartOf":{"@id":"https:\/\/www.letemsvetemapplem.eu\/bazar\/imac-27-12gb-ram-i7\/"},"author":{"name":"","@id":""},"headline":"iMac 27\u201d, 12GB RAM, i7","datePublished":"2020-12-13T11:02:51+00:00","mainEntityOfPage":{"@id":"https:\/\/www.letemsvetemapplem.eu\/bazar\/imac-27-12gb-ram-i7\/"},"wordCount":74,"image":{"@id":"https:\/\/www.letemsvetemapplem.eu\/bazar\/imac-27-12gb-ram-i7\/#primaryimage"},"thumbnailUrl":"https:\/\/www.letemsvetemapplem.eu\/bazar\/wp-content\/uploads\/2020\/12\/0F6B2C3D-5789-4EAB-95C7-C8B4718C37CB-scaled.jpeg","articleSection":["iMac"],"inLanguage":"cs"},{"@type":"WebPage","@id":"https:\/\/www.letemsvetemapplem.eu\/bazar\/imac-27-12gb-ram-i7\/","url":"https:\/\/www.letemsvetemapplem.eu\/bazar\/imac-27-12gb-ram-i7\/","name":"iMac 27\u201d, 12GB RAM, i7 - Apple bazar","isPartOf":{"@id":"https:\/\/www.letemsvetemapplem.eu\/bazar\/#website"},"primaryImageOfPage":{"@id":"https:\/\/www.letemsvetemapplem.eu\/bazar\/imac-27-12gb-ram-i7\/#primaryimage"},"image":{"@id":"https:\/\/www.letemsvetemapplem.eu\/bazar\/imac-27-12gb-ram-i7\/#primaryimage"},"thumbnailUrl":"https:\/\/www.letemsvetemapplem.eu\/bazar\/wp-content\/uploads\/2020\/12\/0F6B2C3D-5789-4EAB-95C7-C8B4718C37CB-scaled.jpeg","datePublished":"2020-12-13T11:02:51+00:00","author":{"@id":""},"breadcrumb":{"@id":"https:\/\/www.letemsvetemapplem.eu\/bazar\/imac-27-12gb-ram-i7\/#breadcrumb"},"inLanguage":"cs","potentialAction":[{"@type":"ReadAction","target":["https:\/\/www.letemsvetemapplem.eu\/bazar\/imac-27-12gb-ram-i7\/"]}]},{"@type":"ImageObject","inLanguage":"cs","@id":"https:\/\/www.letemsvetemapplem.eu\/bazar\/imac-27-12gb-ram-i7\/#primaryimage","url":"https:\/\/www.letemsvetemapplem.eu\/bazar\/wp-content\/uploads\/2020\/12\/0F6B2C3D-5789-4EAB-95C7-C8B4718C37CB-scaled.jpeg","contentUrl":"https:\/\/www.letemsvetemapplem.eu\/bazar\/wp-content\/uploads\/2020\/12\/0F6B2C3D-5789-4EAB-95C7-C8B4718C37CB-scaled.jpeg","width":1920,"height":2560},{"@type":"BreadcrumbList","@id":"https:\/\/www.letemsvetemapplem.eu\/bazar\/imac-27-12gb-ram-i7\/#breadcrumb","itemListElement":[{"@type":"ListItem","position":1,"name":"Apple Bazar","item":"https:\/\/www.letemsvetemapplem.eu\/bazar\/"},{"@type":"ListItem","position":2,"name":"iMac 27\u201d, 12GB RAM, i7"}]},{"@type":"WebSite","@id":"https:\/\/www.letemsvetemapplem.eu\/bazar\/#website","url":"https:\/\/www.letemsvetemapplem.eu\/bazar\/","name":"Apple bazar","description":"Oou\u017eit\u00e9 Apple produkty za skv\u011bl\u00e9 ceny","potentialAction":[{"@type":"SearchAction","target":{"@type":"EntryPoint","urlTemplate":"https:\/\/www.letemsvetemapplem.eu\/bazar\/?s={search_term_string}"},"query-input":{"@type":"PropertyValueSpecification","valueRequired":true,"valueName":"search_term_string"}}],"inLanguage":"cs"}]}},"_links":{"self":[{"href":"https:\/\/www.letemsvetemapplem.eu\/bazar\/wp-json\/wp\/v2\/posts\/214108","targetHints":{"allow":["GET"]}}],"collection":[{"href":"https:\/\/www.letemsvetemapplem.eu\/bazar\/wp-json\/wp\/v2\/posts"}],"about":[{"href":"https:\/\/www.letemsvetemapplem.eu\/bazar\/wp-json\/wp\/v2\/types\/post"}],"replies":[{"embeddable":true,"href":"https:\/\/www.letemsvetemapplem.eu\/bazar\/wp-json\/wp\/v2\/comments?post=214108"}],"version-history":[{"count":1,"href":"https:\/\/www.letemsvetemapplem.eu\/bazar\/wp-json\/wp\/v2\/posts\/214108\/revisions"}],"predecessor-version":[{"id":214113,"href":"https:\/\/www.letemsvetemapplem.eu\/bazar\/wp-json\/wp\/v2\/posts\/214108\/revisions\/214113"}],"wp:featuredmedia":[{"embeddable":true,"href":"https:\/\/www.letemsvetemapplem.eu\/bazar\/wp-json\/wp\/v2\/media\/214109"}],"wp:attachment":[{"href":"https:\/\/www.letemsvetemapplem.eu\/bazar\/wp-json\/wp\/v2\/media?parent=214108"}],"wp:term":[{"taxonomy":"category","embeddable":true,"href":"https:\/\/www.letemsvetemapplem.eu\/bazar\/wp-json\/wp\/v2\/categories?post=214108"},{"taxonomy":"post_tag","embeddable":true,"href":"https:\/\/www.letemsvetemapplem.eu\/bazar\/wp-json\/wp\/v2\/tags?post=214108"}],"curies":[{"name":"wp","href":"https:\/\/api.w.org\/{rel}","templated":true}]}}