{"id":208628,"date":"2020-11-07T10:32:58","date_gmt":"2020-11-07T09:32:58","guid":{"rendered":"https:\/\/www.letemsvetemapplem.eu\/bazar\/?p=208628"},"modified":"2020-11-07T10:32:58","modified_gmt":"2020-11-07T09:32:58","slug":"iphone-xr-64gb-cerna-2","status":"publish","type":"post","link":"https:\/\/www.letemsvetemapplem.eu\/bazar\/iphone-xr-64gb-cerna-2\/","title":{"rendered":"Iphone Xr 64GB \u010dern\u00e1"},"content":{"rendered":"<p>Prod\u00e1m Iphone Xr 64GB \u010dern\u00e1, ve v\u00fdborn\u00e9m stavu po roce \u0161etrn\u00e9ho u\u017e\u00edv\u00e1n\u00ed. Displej od prvn\u00edho dne zakryt\u00fd ochrann\u00fdm sklem a t\u00e9m\u011b\u0159 po\u0159\u00e1d pou\u017e\u00edv\u00e1m origin\u00e1ln\u00ed tvrd\u00fd pr\u016fhledn\u00fd obal od Apple p\u0159esto m\u00e1 telefon na hlin\u00edkov\u00e9 hran\u011b lehk\u00e9 od\u011brky viz foto, kter\u00e9 ale neub\u00edraj\u00ed nic na kr\u00e1se ani funk\u010dnosti. Baterie ve skv\u011bl\u00e9m stavu. Z\u00e1ruka je\u0161t\u011b 10m\u011bs\u00edcu.<\/p>\n<p>D\u016fvod prodeje, p\u0159echod na nov\u011bj\u0161\u00ed za\u0159\u00edzen\u00ed. Osobn\u00ed p\u0159ed\u00e1n\u00ed \u010cesk\u00e9 Bud\u011bjovice, po p\u0159\u00edpadn\u00e9 dohod\u011b mo\u017enost zaslat na dob\u00edrku. P\u0159i rychl\u00e9m jedn\u00e1n\u00ed mal\u00e1 sleva.<\/p>\n<p> D\u00edky, Jakub<\/p>\n","protected":false},"excerpt":{"rendered":"<p>Prod\u00e1m Iphone Xr 64GB \u010dern\u00e1, ve v\u00fdborn\u00e9m stavu po roce \u0161etrn\u00e9ho u\u017e\u00edv\u00e1n\u00ed. Displej od prvn\u00edho dne zakryt\u00fd ochrann\u00fdm sklem a t\u00e9m\u011b\u0159 po\u0159\u00e1d pou\u017e\u00edv\u00e1m origin\u00e1ln\u00ed tvrd\u00fd pr\u016fhledn\u00fd obal od Apple p\u0159esto m\u00e1 telefon na hlin\u00edkov\u00e9 hran\u011b lehk\u00e9 od\u011brky viz foto, kter\u00e9 ale neub\u00edraj\u00ed nic na kr\u00e1se ani funk\u010dnosti. Baterie ve skv\u011bl\u00e9m stavu. Z\u00e1ruka je\u0161t\u011b 10m\u011bs\u00edcu. D\u016fvod&#8230;<\/p>\n","protected":false},"author":0,"featured_media":208629,"comment_status":"closed","ping_status":"closed","sticky":false,"template":"","format":"standard","meta":{"footnotes":""},"categories":[112],"tags":[],"class_list":["post-208628","post","type-post","status-publish","format-standard","has-post-thumbnail","hentry","category-iphone-xr"],"yoast_head":"<!-- This site is optimized with the Yoast SEO plugin v27.5 - https:\/\/yoast.com\/product\/yoast-seo-wordpress\/ -->\n<title>Iphone Xr 64GB \u010dern\u00e1 - Apple bazar<\/title>\n<meta name=\"robots\" content=\"index, follow, max-snippet:-1, max-image-preview:large, max-video-preview:-1\" \/>\n<link rel=\"canonical\" href=\"https:\/\/www.letemsvetemapplem.eu\/bazar\/iphone-xr-64gb-cerna-2\/\" \/>\n<meta property=\"og:locale\" content=\"cs_CZ\" \/>\n<meta property=\"og:type\" content=\"article\" \/>\n<meta property=\"og:title\" content=\"Iphone Xr 64GB \u010dern\u00e1 - Apple bazar\" \/>\n<meta property=\"og:description\" content=\"Prod\u00e1m Iphone Xr 64GB \u010dern\u00e1, ve v\u00fdborn\u00e9m stavu po roce \u0161etrn\u00e9ho u\u017e\u00edv\u00e1n\u00ed. Displej od prvn\u00edho dne zakryt\u00fd ochrann\u00fdm sklem a t\u00e9m\u011b\u0159 po\u0159\u00e1d pou\u017e\u00edv\u00e1m origin\u00e1ln\u00ed tvrd\u00fd pr\u016fhledn\u00fd obal od Apple p\u0159esto m\u00e1 telefon na hlin\u00edkov\u00e9 hran\u011b lehk\u00e9 od\u011brky viz foto, kter\u00e9 ale neub\u00edraj\u00ed nic na kr\u00e1se ani funk\u010dnosti. Baterie ve skv\u011bl\u00e9m stavu. Z\u00e1ruka je\u0161t\u011b 10m\u011bs\u00edcu. D\u016fvod...\" \/>\n<meta property=\"og:url\" content=\"https:\/\/www.letemsvetemapplem.eu\/bazar\/iphone-xr-64gb-cerna-2\/\" \/>\n<meta property=\"og:site_name\" content=\"Apple bazar\" \/>\n<meta property=\"article:published_time\" content=\"2020-11-07T09:32:58+00:00\" \/>\n<meta property=\"og:image\" content=\"https:\/\/www.letemsvetemapplem.eu\/bazar\/wp-content\/uploads\/2020\/11\/DSCF2813-scaled.jpg\" \/>\n\t<meta property=\"og:image:width\" content=\"2560\" \/>\n\t<meta property=\"og:image:height\" content=\"1707\" \/>\n\t<meta property=\"og:image:type\" content=\"image\/jpeg\" \/>\n<meta name=\"twitter:card\" content=\"summary_large_image\" \/>\n<script type=\"application\/ld+json\" class=\"yoast-schema-graph\">{\"@context\":\"https:\\\/\\\/schema.org\",\"@graph\":[{\"@type\":\"Article\",\"@id\":\"https:\\\/\\\/www.letemsvetemapplem.eu\\\/bazar\\\/iphone-xr-64gb-cerna-2\\\/#article\",\"isPartOf\":{\"@id\":\"https:\\\/\\\/www.letemsvetemapplem.eu\\\/bazar\\\/iphone-xr-64gb-cerna-2\\\/\"},\"author\":{\"name\":\"\",\"@id\":\"\"},\"headline\":\"Iphone Xr 64GB \u010dern\u00e1\",\"datePublished\":\"2020-11-07T09:32:58+00:00\",\"mainEntityOfPage\":{\"@id\":\"https:\\\/\\\/www.letemsvetemapplem.eu\\\/bazar\\\/iphone-xr-64gb-cerna-2\\\/\"},\"wordCount\":122,\"image\":{\"@id\":\"https:\\\/\\\/www.letemsvetemapplem.eu\\\/bazar\\\/iphone-xr-64gb-cerna-2\\\/#primaryimage\"},\"thumbnailUrl\":\"https:\\\/\\\/www.letemsvetemapplem.eu\\\/bazar\\\/wp-content\\\/uploads\\\/2020\\\/11\\\/DSCF2813-scaled.jpg\",\"articleSection\":[\"iPhone Xr\"],\"inLanguage\":\"cs\"},{\"@type\":\"WebPage\",\"@id\":\"https:\\\/\\\/www.letemsvetemapplem.eu\\\/bazar\\\/iphone-xr-64gb-cerna-2\\\/\",\"url\":\"https:\\\/\\\/www.letemsvetemapplem.eu\\\/bazar\\\/iphone-xr-64gb-cerna-2\\\/\",\"name\":\"Iphone Xr 64GB \u010dern\u00e1 - Apple bazar\",\"isPartOf\":{\"@id\":\"https:\\\/\\\/www.letemsvetemapplem.eu\\\/bazar\\\/#website\"},\"primaryImageOfPage\":{\"@id\":\"https:\\\/\\\/www.letemsvetemapplem.eu\\\/bazar\\\/iphone-xr-64gb-cerna-2\\\/#primaryimage\"},\"image\":{\"@id\":\"https:\\\/\\\/www.letemsvetemapplem.eu\\\/bazar\\\/iphone-xr-64gb-cerna-2\\\/#primaryimage\"},\"thumbnailUrl\":\"https:\\\/\\\/www.letemsvetemapplem.eu\\\/bazar\\\/wp-content\\\/uploads\\\/2020\\\/11\\\/DSCF2813-scaled.jpg\",\"datePublished\":\"2020-11-07T09:32:58+00:00\",\"author\":{\"@id\":\"\"},\"breadcrumb\":{\"@id\":\"https:\\\/\\\/www.letemsvetemapplem.eu\\\/bazar\\\/iphone-xr-64gb-cerna-2\\\/#breadcrumb\"},\"inLanguage\":\"cs\",\"potentialAction\":[{\"@type\":\"ReadAction\",\"target\":[\"https:\\\/\\\/www.letemsvetemapplem.eu\\\/bazar\\\/iphone-xr-64gb-cerna-2\\\/\"]}]},{\"@type\":\"ImageObject\",\"inLanguage\":\"cs\",\"@id\":\"https:\\\/\\\/www.letemsvetemapplem.eu\\\/bazar\\\/iphone-xr-64gb-cerna-2\\\/#primaryimage\",\"url\":\"https:\\\/\\\/www.letemsvetemapplem.eu\\\/bazar\\\/wp-content\\\/uploads\\\/2020\\\/11\\\/DSCF2813-scaled.jpg\",\"contentUrl\":\"https:\\\/\\\/www.letemsvetemapplem.eu\\\/bazar\\\/wp-content\\\/uploads\\\/2020\\\/11\\\/DSCF2813-scaled.jpg\",\"width\":2560,\"height\":1707},{\"@type\":\"BreadcrumbList\",\"@id\":\"https:\\\/\\\/www.letemsvetemapplem.eu\\\/bazar\\\/iphone-xr-64gb-cerna-2\\\/#breadcrumb\",\"itemListElement\":[{\"@type\":\"ListItem\",\"position\":1,\"name\":\"Apple Bazar\",\"item\":\"https:\\\/\\\/www.letemsvetemapplem.eu\\\/bazar\\\/\"},{\"@type\":\"ListItem\",\"position\":2,\"name\":\"Iphone Xr 64GB \u010dern\u00e1\"}]},{\"@type\":\"WebSite\",\"@id\":\"https:\\\/\\\/www.letemsvetemapplem.eu\\\/bazar\\\/#website\",\"url\":\"https:\\\/\\\/www.letemsvetemapplem.eu\\\/bazar\\\/\",\"name\":\"Apple bazar\",\"description\":\"Oou\u017eit\u00e9 Apple produkty za skv\u011bl\u00e9 ceny\",\"potentialAction\":[{\"@type\":\"SearchAction\",\"target\":{\"@type\":\"EntryPoint\",\"urlTemplate\":\"https:\\\/\\\/www.letemsvetemapplem.eu\\\/bazar\\\/?s={search_term_string}\"},\"query-input\":{\"@type\":\"PropertyValueSpecification\",\"valueRequired\":true,\"valueName\":\"search_term_string\"}}],\"inLanguage\":\"cs\"}]}<\/script>\n<!-- \/ Yoast SEO plugin. -->","yoast_head_json":{"title":"Iphone Xr 64GB \u010dern\u00e1 - Apple bazar","robots":{"index":"index","follow":"follow","max-snippet":"max-snippet:-1","max-image-preview":"max-image-preview:large","max-video-preview":"max-video-preview:-1"},"canonical":"https:\/\/www.letemsvetemapplem.eu\/bazar\/iphone-xr-64gb-cerna-2\/","og_locale":"cs_CZ","og_type":"article","og_title":"Iphone Xr 64GB \u010dern\u00e1 - Apple bazar","og_description":"Prod\u00e1m Iphone Xr 64GB \u010dern\u00e1, ve v\u00fdborn\u00e9m stavu po roce \u0161etrn\u00e9ho u\u017e\u00edv\u00e1n\u00ed. Displej od prvn\u00edho dne zakryt\u00fd ochrann\u00fdm sklem a t\u00e9m\u011b\u0159 po\u0159\u00e1d pou\u017e\u00edv\u00e1m origin\u00e1ln\u00ed tvrd\u00fd pr\u016fhledn\u00fd obal od Apple p\u0159esto m\u00e1 telefon na hlin\u00edkov\u00e9 hran\u011b lehk\u00e9 od\u011brky viz foto, kter\u00e9 ale neub\u00edraj\u00ed nic na kr\u00e1se ani funk\u010dnosti. Baterie ve skv\u011bl\u00e9m stavu. Z\u00e1ruka je\u0161t\u011b 10m\u011bs\u00edcu. D\u016fvod...","og_url":"https:\/\/www.letemsvetemapplem.eu\/bazar\/iphone-xr-64gb-cerna-2\/","og_site_name":"Apple bazar","article_published_time":"2020-11-07T09:32:58+00:00","og_image":[{"width":2560,"height":1707,"url":"https:\/\/www.letemsvetemapplem.eu\/bazar\/wp-content\/uploads\/2020\/11\/DSCF2813-scaled.jpg","type":"image\/jpeg"}],"twitter_card":"summary_large_image","schema":{"@context":"https:\/\/schema.org","@graph":[{"@type":"Article","@id":"https:\/\/www.letemsvetemapplem.eu\/bazar\/iphone-xr-64gb-cerna-2\/#article","isPartOf":{"@id":"https:\/\/www.letemsvetemapplem.eu\/bazar\/iphone-xr-64gb-cerna-2\/"},"author":{"name":"","@id":""},"headline":"Iphone Xr 64GB \u010dern\u00e1","datePublished":"2020-11-07T09:32:58+00:00","mainEntityOfPage":{"@id":"https:\/\/www.letemsvetemapplem.eu\/bazar\/iphone-xr-64gb-cerna-2\/"},"wordCount":122,"image":{"@id":"https:\/\/www.letemsvetemapplem.eu\/bazar\/iphone-xr-64gb-cerna-2\/#primaryimage"},"thumbnailUrl":"https:\/\/www.letemsvetemapplem.eu\/bazar\/wp-content\/uploads\/2020\/11\/DSCF2813-scaled.jpg","articleSection":["iPhone Xr"],"inLanguage":"cs"},{"@type":"WebPage","@id":"https:\/\/www.letemsvetemapplem.eu\/bazar\/iphone-xr-64gb-cerna-2\/","url":"https:\/\/www.letemsvetemapplem.eu\/bazar\/iphone-xr-64gb-cerna-2\/","name":"Iphone Xr 64GB \u010dern\u00e1 - Apple bazar","isPartOf":{"@id":"https:\/\/www.letemsvetemapplem.eu\/bazar\/#website"},"primaryImageOfPage":{"@id":"https:\/\/www.letemsvetemapplem.eu\/bazar\/iphone-xr-64gb-cerna-2\/#primaryimage"},"image":{"@id":"https:\/\/www.letemsvetemapplem.eu\/bazar\/iphone-xr-64gb-cerna-2\/#primaryimage"},"thumbnailUrl":"https:\/\/www.letemsvetemapplem.eu\/bazar\/wp-content\/uploads\/2020\/11\/DSCF2813-scaled.jpg","datePublished":"2020-11-07T09:32:58+00:00","author":{"@id":""},"breadcrumb":{"@id":"https:\/\/www.letemsvetemapplem.eu\/bazar\/iphone-xr-64gb-cerna-2\/#breadcrumb"},"inLanguage":"cs","potentialAction":[{"@type":"ReadAction","target":["https:\/\/www.letemsvetemapplem.eu\/bazar\/iphone-xr-64gb-cerna-2\/"]}]},{"@type":"ImageObject","inLanguage":"cs","@id":"https:\/\/www.letemsvetemapplem.eu\/bazar\/iphone-xr-64gb-cerna-2\/#primaryimage","url":"https:\/\/www.letemsvetemapplem.eu\/bazar\/wp-content\/uploads\/2020\/11\/DSCF2813-scaled.jpg","contentUrl":"https:\/\/www.letemsvetemapplem.eu\/bazar\/wp-content\/uploads\/2020\/11\/DSCF2813-scaled.jpg","width":2560,"height":1707},{"@type":"BreadcrumbList","@id":"https:\/\/www.letemsvetemapplem.eu\/bazar\/iphone-xr-64gb-cerna-2\/#breadcrumb","itemListElement":[{"@type":"ListItem","position":1,"name":"Apple Bazar","item":"https:\/\/www.letemsvetemapplem.eu\/bazar\/"},{"@type":"ListItem","position":2,"name":"Iphone Xr 64GB \u010dern\u00e1"}]},{"@type":"WebSite","@id":"https:\/\/www.letemsvetemapplem.eu\/bazar\/#website","url":"https:\/\/www.letemsvetemapplem.eu\/bazar\/","name":"Apple bazar","description":"Oou\u017eit\u00e9 Apple produkty za skv\u011bl\u00e9 ceny","potentialAction":[{"@type":"SearchAction","target":{"@type":"EntryPoint","urlTemplate":"https:\/\/www.letemsvetemapplem.eu\/bazar\/?s={search_term_string}"},"query-input":{"@type":"PropertyValueSpecification","valueRequired":true,"valueName":"search_term_string"}}],"inLanguage":"cs"}]}},"_links":{"self":[{"href":"https:\/\/www.letemsvetemapplem.eu\/bazar\/wp-json\/wp\/v2\/posts\/208628","targetHints":{"allow":["GET"]}}],"collection":[{"href":"https:\/\/www.letemsvetemapplem.eu\/bazar\/wp-json\/wp\/v2\/posts"}],"about":[{"href":"https:\/\/www.letemsvetemapplem.eu\/bazar\/wp-json\/wp\/v2\/types\/post"}],"replies":[{"embeddable":true,"href":"https:\/\/www.letemsvetemapplem.eu\/bazar\/wp-json\/wp\/v2\/comments?post=208628"}],"version-history":[{"count":1,"href":"https:\/\/www.letemsvetemapplem.eu\/bazar\/wp-json\/wp\/v2\/posts\/208628\/revisions"}],"predecessor-version":[{"id":208635,"href":"https:\/\/www.letemsvetemapplem.eu\/bazar\/wp-json\/wp\/v2\/posts\/208628\/revisions\/208635"}],"wp:featuredmedia":[{"embeddable":true,"href":"https:\/\/www.letemsvetemapplem.eu\/bazar\/wp-json\/wp\/v2\/media\/208629"}],"wp:attachment":[{"href":"https:\/\/www.letemsvetemapplem.eu\/bazar\/wp-json\/wp\/v2\/media?parent=208628"}],"wp:term":[{"taxonomy":"category","embeddable":true,"href":"https:\/\/www.letemsvetemapplem.eu\/bazar\/wp-json\/wp\/v2\/categories?post=208628"},{"taxonomy":"post_tag","embeddable":true,"href":"https:\/\/www.letemsvetemapplem.eu\/bazar\/wp-json\/wp\/v2\/tags?post=208628"}],"curies":[{"name":"wp","href":"https:\/\/api.w.org\/{rel}","templated":true}]}}