{"id":2058,"date":"2016-06-20T12:23:49","date_gmt":"2016-06-20T11:23:49","guid":{"rendered":"https:\/\/www.letemsvetemapplem.eu\/bazar\/?p=2058"},"modified":"2016-06-20T12:23:49","modified_gmt":"2016-06-20T11:23:49","slug":"imac-27-late-2013","status":"publish","type":"post","link":"https:\/\/www.letemsvetemapplem.eu\/bazar\/imac-27-late-2013\/","title":{"rendered":"iMac 27 (late 2013)"},"content":{"rendered":"<p>!!TOP STAV!!<br \/>\ntel. 720 561 185<\/p>\n<p>Nab\u00edz\u00edm k prodeji iMac 27 (late 2013) koupeno 25.2.2014 v iStyle v Praze.<br \/>\nV sou\u010dasn\u00e9 dob\u011b je naprosto nevyu\u017e\u00edt\u00fd a proto tento v\u00fdkonn\u00fd a spolehliv\u00fd stroj prod\u00e1v\u00e1m.<\/p>\n<p>V cen\u011b je origin\u00e1ln\u00ed balen\u00ed a bezdr\u00e1tov\u00e1 kl\u00e1vesnice a my\u0161.<\/p>\n<p>preferuji osobn\u00ed p\u0159ed\u00e1n\u00ed v Praze, r\u00e1d iMac p\u0159edvedu a p\u0159iprav\u00fdm k prvn\u00edmu pou\u017eit\u00ed.<\/p>\n<p>\u00fahlop\u0159\u00ed\u010dka 27<br \/>\nProcesor 3,2 GHz Intel Core i5<br \/>\nPam\u011bt 8GB 1600 MHz DDR3<br \/>\n1000 GB<br \/>\nGrafika NVIDIA GeForce GT 755M 1024 MB<\/p>\n","protected":false},"excerpt":{"rendered":"<p>!!TOP STAV!! tel. 720 561 185 Nab\u00edz\u00edm k prodeji iMac 27 (late 2013) koupeno 25.2.2014 v iStyle v Praze. V sou\u010dasn\u00e9 dob\u011b je naprosto nevyu\u017e\u00edt\u00fd a proto tento v\u00fdkonn\u00fd a spolehliv\u00fd stroj prod\u00e1v\u00e1m. V cen\u011b je origin\u00e1ln\u00ed balen\u00ed a bezdr\u00e1tov\u00e1 kl\u00e1vesnice a my\u0161. preferuji osobn\u00ed p\u0159ed\u00e1n\u00ed v Praze, r\u00e1d iMac p\u0159edvedu a p\u0159iprav\u00fdm k prvn\u00edmu&#8230;<\/p>\n","protected":false},"author":0,"featured_media":2059,"comment_status":"open","ping_status":"open","sticky":false,"template":"","format":"standard","meta":{"footnotes":""},"categories":[41],"tags":[77],"class_list":["post-2058","post","type-post","status-publish","format-standard","has-post-thumbnail","hentry","category-imac","tag-imac"],"yoast_head":"<!-- This site is optimized with the Yoast SEO plugin v27.2 - https:\/\/yoast.com\/product\/yoast-seo-wordpress\/ -->\n<title>iMac 27 (late 2013) - Apple bazar<\/title>\n<meta name=\"robots\" content=\"index, follow, max-snippet:-1, max-image-preview:large, max-video-preview:-1\" \/>\n<link rel=\"canonical\" href=\"https:\/\/www.letemsvetemapplem.eu\/bazar\/imac-27-late-2013\/\" \/>\n<meta property=\"og:locale\" content=\"cs_CZ\" \/>\n<meta property=\"og:type\" content=\"article\" \/>\n<meta property=\"og:title\" content=\"iMac 27 (late 2013) - Apple bazar\" \/>\n<meta property=\"og:description\" content=\"!!TOP STAV!! tel. 720 561 185 Nab\u00edz\u00edm k prodeji iMac 27 (late 2013) koupeno 25.2.2014 v iStyle v Praze. V sou\u010dasn\u00e9 dob\u011b je naprosto nevyu\u017e\u00edt\u00fd a proto tento v\u00fdkonn\u00fd a spolehliv\u00fd stroj prod\u00e1v\u00e1m. V cen\u011b je origin\u00e1ln\u00ed balen\u00ed a bezdr\u00e1tov\u00e1 kl\u00e1vesnice a my\u0161. preferuji osobn\u00ed p\u0159ed\u00e1n\u00ed v Praze, r\u00e1d iMac p\u0159edvedu a p\u0159iprav\u00fdm k prvn\u00edmu...\" \/>\n<meta property=\"og:url\" content=\"https:\/\/www.letemsvetemapplem.eu\/bazar\/imac-27-late-2013\/\" \/>\n<meta property=\"og:site_name\" content=\"Apple bazar\" \/>\n<meta property=\"article:published_time\" content=\"2016-06-20T11:23:49+00:00\" \/>\n<meta property=\"og:image\" content=\"https:\/\/www.letemsvetemapplem.eu\/bazar\/wp-content\/uploads\/2016\/06\/6276987537.jpeg\" \/>\n\t<meta property=\"og:image:width\" content=\"600\" \/>\n\t<meta property=\"og:image:height\" content=\"600\" \/>\n\t<meta property=\"og:image:type\" content=\"image\/jpeg\" \/>\n<meta name=\"twitter:card\" content=\"summary_large_image\" \/>\n<script type=\"application\/ld+json\" class=\"yoast-schema-graph\">{\"@context\":\"https:\/\/schema.org\",\"@graph\":[{\"@type\":\"Article\",\"@id\":\"https:\/\/www.letemsvetemapplem.eu\/bazar\/imac-27-late-2013\/#article\",\"isPartOf\":{\"@id\":\"https:\/\/www.letemsvetemapplem.eu\/bazar\/imac-27-late-2013\/\"},\"author\":{\"name\":\"\",\"@id\":\"\"},\"headline\":\"iMac 27 (late 2013)\",\"datePublished\":\"2016-06-20T11:23:49+00:00\",\"mainEntityOfPage\":{\"@id\":\"https:\/\/www.letemsvetemapplem.eu\/bazar\/imac-27-late-2013\/\"},\"wordCount\":89,\"commentCount\":0,\"image\":{\"@id\":\"https:\/\/www.letemsvetemapplem.eu\/bazar\/imac-27-late-2013\/#primaryimage\"},\"thumbnailUrl\":\"https:\/\/www.letemsvetemapplem.eu\/bazar\/wp-content\/uploads\/2016\/06\/6276987537.jpeg\",\"keywords\":[\"iMac\"],\"articleSection\":[\"iMac\"],\"inLanguage\":\"cs\",\"potentialAction\":[{\"@type\":\"CommentAction\",\"name\":\"Comment\",\"target\":[\"https:\/\/www.letemsvetemapplem.eu\/bazar\/imac-27-late-2013\/#respond\"]}]},{\"@type\":\"WebPage\",\"@id\":\"https:\/\/www.letemsvetemapplem.eu\/bazar\/imac-27-late-2013\/\",\"url\":\"https:\/\/www.letemsvetemapplem.eu\/bazar\/imac-27-late-2013\/\",\"name\":\"iMac 27 (late 2013) - Apple bazar\",\"isPartOf\":{\"@id\":\"https:\/\/www.letemsvetemapplem.eu\/bazar\/#website\"},\"primaryImageOfPage\":{\"@id\":\"https:\/\/www.letemsvetemapplem.eu\/bazar\/imac-27-late-2013\/#primaryimage\"},\"image\":{\"@id\":\"https:\/\/www.letemsvetemapplem.eu\/bazar\/imac-27-late-2013\/#primaryimage\"},\"thumbnailUrl\":\"https:\/\/www.letemsvetemapplem.eu\/bazar\/wp-content\/uploads\/2016\/06\/6276987537.jpeg\",\"datePublished\":\"2016-06-20T11:23:49+00:00\",\"author\":{\"@id\":\"\"},\"breadcrumb\":{\"@id\":\"https:\/\/www.letemsvetemapplem.eu\/bazar\/imac-27-late-2013\/#breadcrumb\"},\"inLanguage\":\"cs\",\"potentialAction\":[{\"@type\":\"ReadAction\",\"target\":[\"https:\/\/www.letemsvetemapplem.eu\/bazar\/imac-27-late-2013\/\"]}]},{\"@type\":\"ImageObject\",\"inLanguage\":\"cs\",\"@id\":\"https:\/\/www.letemsvetemapplem.eu\/bazar\/imac-27-late-2013\/#primaryimage\",\"url\":\"https:\/\/www.letemsvetemapplem.eu\/bazar\/wp-content\/uploads\/2016\/06\/6276987537.jpeg\",\"contentUrl\":\"https:\/\/www.letemsvetemapplem.eu\/bazar\/wp-content\/uploads\/2016\/06\/6276987537.jpeg\",\"width\":600,\"height\":600},{\"@type\":\"BreadcrumbList\",\"@id\":\"https:\/\/www.letemsvetemapplem.eu\/bazar\/imac-27-late-2013\/#breadcrumb\",\"itemListElement\":[{\"@type\":\"ListItem\",\"position\":1,\"name\":\"Apple Bazar\",\"item\":\"https:\/\/www.letemsvetemapplem.eu\/bazar\/\"},{\"@type\":\"ListItem\",\"position\":2,\"name\":\"iMac 27 (late 2013)\"}]},{\"@type\":\"WebSite\",\"@id\":\"https:\/\/www.letemsvetemapplem.eu\/bazar\/#website\",\"url\":\"https:\/\/www.letemsvetemapplem.eu\/bazar\/\",\"name\":\"Apple bazar\",\"description\":\"Oou\u017eit\u00e9 Apple produkty za skv\u011bl\u00e9 ceny\",\"potentialAction\":[{\"@type\":\"SearchAction\",\"target\":{\"@type\":\"EntryPoint\",\"urlTemplate\":\"https:\/\/www.letemsvetemapplem.eu\/bazar\/?s={search_term_string}\"},\"query-input\":{\"@type\":\"PropertyValueSpecification\",\"valueRequired\":true,\"valueName\":\"search_term_string\"}}],\"inLanguage\":\"cs\"}]}<\/script>\n<!-- \/ Yoast SEO plugin. -->","yoast_head_json":{"title":"iMac 27 (late 2013) - Apple bazar","robots":{"index":"index","follow":"follow","max-snippet":"max-snippet:-1","max-image-preview":"max-image-preview:large","max-video-preview":"max-video-preview:-1"},"canonical":"https:\/\/www.letemsvetemapplem.eu\/bazar\/imac-27-late-2013\/","og_locale":"cs_CZ","og_type":"article","og_title":"iMac 27 (late 2013) - Apple bazar","og_description":"!!TOP STAV!! tel. 720 561 185 Nab\u00edz\u00edm k prodeji iMac 27 (late 2013) koupeno 25.2.2014 v iStyle v Praze. V sou\u010dasn\u00e9 dob\u011b je naprosto nevyu\u017e\u00edt\u00fd a proto tento v\u00fdkonn\u00fd a spolehliv\u00fd stroj prod\u00e1v\u00e1m. V cen\u011b je origin\u00e1ln\u00ed balen\u00ed a bezdr\u00e1tov\u00e1 kl\u00e1vesnice a my\u0161. preferuji osobn\u00ed p\u0159ed\u00e1n\u00ed v Praze, r\u00e1d iMac p\u0159edvedu a p\u0159iprav\u00fdm k prvn\u00edmu...","og_url":"https:\/\/www.letemsvetemapplem.eu\/bazar\/imac-27-late-2013\/","og_site_name":"Apple bazar","article_published_time":"2016-06-20T11:23:49+00:00","og_image":[{"width":600,"height":600,"url":"https:\/\/www.letemsvetemapplem.eu\/bazar\/wp-content\/uploads\/2016\/06\/6276987537.jpeg","type":"image\/jpeg"}],"twitter_card":"summary_large_image","schema":{"@context":"https:\/\/schema.org","@graph":[{"@type":"Article","@id":"https:\/\/www.letemsvetemapplem.eu\/bazar\/imac-27-late-2013\/#article","isPartOf":{"@id":"https:\/\/www.letemsvetemapplem.eu\/bazar\/imac-27-late-2013\/"},"author":{"name":"","@id":""},"headline":"iMac 27 (late 2013)","datePublished":"2016-06-20T11:23:49+00:00","mainEntityOfPage":{"@id":"https:\/\/www.letemsvetemapplem.eu\/bazar\/imac-27-late-2013\/"},"wordCount":89,"commentCount":0,"image":{"@id":"https:\/\/www.letemsvetemapplem.eu\/bazar\/imac-27-late-2013\/#primaryimage"},"thumbnailUrl":"https:\/\/www.letemsvetemapplem.eu\/bazar\/wp-content\/uploads\/2016\/06\/6276987537.jpeg","keywords":["iMac"],"articleSection":["iMac"],"inLanguage":"cs","potentialAction":[{"@type":"CommentAction","name":"Comment","target":["https:\/\/www.letemsvetemapplem.eu\/bazar\/imac-27-late-2013\/#respond"]}]},{"@type":"WebPage","@id":"https:\/\/www.letemsvetemapplem.eu\/bazar\/imac-27-late-2013\/","url":"https:\/\/www.letemsvetemapplem.eu\/bazar\/imac-27-late-2013\/","name":"iMac 27 (late 2013) - Apple bazar","isPartOf":{"@id":"https:\/\/www.letemsvetemapplem.eu\/bazar\/#website"},"primaryImageOfPage":{"@id":"https:\/\/www.letemsvetemapplem.eu\/bazar\/imac-27-late-2013\/#primaryimage"},"image":{"@id":"https:\/\/www.letemsvetemapplem.eu\/bazar\/imac-27-late-2013\/#primaryimage"},"thumbnailUrl":"https:\/\/www.letemsvetemapplem.eu\/bazar\/wp-content\/uploads\/2016\/06\/6276987537.jpeg","datePublished":"2016-06-20T11:23:49+00:00","author":{"@id":""},"breadcrumb":{"@id":"https:\/\/www.letemsvetemapplem.eu\/bazar\/imac-27-late-2013\/#breadcrumb"},"inLanguage":"cs","potentialAction":[{"@type":"ReadAction","target":["https:\/\/www.letemsvetemapplem.eu\/bazar\/imac-27-late-2013\/"]}]},{"@type":"ImageObject","inLanguage":"cs","@id":"https:\/\/www.letemsvetemapplem.eu\/bazar\/imac-27-late-2013\/#primaryimage","url":"https:\/\/www.letemsvetemapplem.eu\/bazar\/wp-content\/uploads\/2016\/06\/6276987537.jpeg","contentUrl":"https:\/\/www.letemsvetemapplem.eu\/bazar\/wp-content\/uploads\/2016\/06\/6276987537.jpeg","width":600,"height":600},{"@type":"BreadcrumbList","@id":"https:\/\/www.letemsvetemapplem.eu\/bazar\/imac-27-late-2013\/#breadcrumb","itemListElement":[{"@type":"ListItem","position":1,"name":"Apple Bazar","item":"https:\/\/www.letemsvetemapplem.eu\/bazar\/"},{"@type":"ListItem","position":2,"name":"iMac 27 (late 2013)"}]},{"@type":"WebSite","@id":"https:\/\/www.letemsvetemapplem.eu\/bazar\/#website","url":"https:\/\/www.letemsvetemapplem.eu\/bazar\/","name":"Apple bazar","description":"Oou\u017eit\u00e9 Apple produkty za skv\u011bl\u00e9 ceny","potentialAction":[{"@type":"SearchAction","target":{"@type":"EntryPoint","urlTemplate":"https:\/\/www.letemsvetemapplem.eu\/bazar\/?s={search_term_string}"},"query-input":{"@type":"PropertyValueSpecification","valueRequired":true,"valueName":"search_term_string"}}],"inLanguage":"cs"}]}},"_links":{"self":[{"href":"https:\/\/www.letemsvetemapplem.eu\/bazar\/wp-json\/wp\/v2\/posts\/2058","targetHints":{"allow":["GET"]}}],"collection":[{"href":"https:\/\/www.letemsvetemapplem.eu\/bazar\/wp-json\/wp\/v2\/posts"}],"about":[{"href":"https:\/\/www.letemsvetemapplem.eu\/bazar\/wp-json\/wp\/v2\/types\/post"}],"replies":[{"embeddable":true,"href":"https:\/\/www.letemsvetemapplem.eu\/bazar\/wp-json\/wp\/v2\/comments?post=2058"}],"version-history":[{"count":0,"href":"https:\/\/www.letemsvetemapplem.eu\/bazar\/wp-json\/wp\/v2\/posts\/2058\/revisions"}],"wp:featuredmedia":[{"embeddable":true,"href":"https:\/\/www.letemsvetemapplem.eu\/bazar\/wp-json\/wp\/v2\/media\/2059"}],"wp:attachment":[{"href":"https:\/\/www.letemsvetemapplem.eu\/bazar\/wp-json\/wp\/v2\/media?parent=2058"}],"wp:term":[{"taxonomy":"category","embeddable":true,"href":"https:\/\/www.letemsvetemapplem.eu\/bazar\/wp-json\/wp\/v2\/categories?post=2058"},{"taxonomy":"post_tag","embeddable":true,"href":"https:\/\/www.letemsvetemapplem.eu\/bazar\/wp-json\/wp\/v2\/tags?post=2058"}],"curies":[{"name":"wp","href":"https:\/\/api.w.org\/{rel}","templated":true}]}}