{"id":205389,"date":"2020-10-08T07:56:00","date_gmt":"2020-10-08T06:56:00","guid":{"rendered":"https:\/\/www.letemsvetemapplem.eu\/bazar\/?p=205389"},"modified":"2020-10-08T07:56:00","modified_gmt":"2020-10-08T06:56:00","slug":"iphone-7-plus-128gb-rose-gold","status":"publish","type":"post","link":"https:\/\/www.letemsvetemapplem.eu\/bazar\/iphone-7-plus-128gb-rose-gold\/","title":{"rendered":"iPhone 7 Plus 128GB rose gold"},"content":{"rendered":"<p>Telefon je v z\u00e1novn\u00edm stavu &#8211; na displeji, r\u00e1mu ani na z\u00e1dech nejsou \u0161kr\u00e1bance. Celkov\u011b stav nov\u00e9ho telefonu. Samoz\u0159ejm\u011b pln\u011b funk\u010dn\u00ed. Celou dobu na n\u011bm bylo temperovan\u00e9 sklo a kryt. <\/p>\n<p>Neblokov\u00e1no na oper\u00e1tora a odhl\u00e1\u0161eno z iCloudu. Kompletn\u00ed balen\u00ed, bohu\u017eel u\u017e bez z\u00e1ruky. <\/p>\n<p>Nejl\u00e9pe osobn\u00ed p\u0159ed\u00e1n\u00ed v Praze, ale po domluv\u011b v podstat\u011b i kdekoliv jinde. <\/p>\n","protected":false},"excerpt":{"rendered":"<p>Telefon je v z\u00e1novn\u00edm stavu &#8211; na displeji, r\u00e1mu ani na z\u00e1dech nejsou \u0161kr\u00e1bance. Celkov\u011b stav nov\u00e9ho telefonu. Samoz\u0159ejm\u011b pln\u011b funk\u010dn\u00ed. Celou dobu na n\u011bm bylo temperovan\u00e9 sklo a kryt. Neblokov\u00e1no na oper\u00e1tora a odhl\u00e1\u0161eno z iCloudu. Kompletn\u00ed balen\u00ed, bohu\u017eel u\u017e bez z\u00e1ruky. Nejl\u00e9pe osobn\u00ed p\u0159ed\u00e1n\u00ed v Praze, ale po domluv\u011b v podstat\u011b i kdekoliv&#8230;<\/p>\n","protected":false},"author":0,"featured_media":205390,"comment_status":"closed","ping_status":"closed","sticky":false,"template":"","format":"standard","meta":{"footnotes":""},"categories":[51],"tags":[],"class_list":["post-205389","post","type-post","status-publish","format-standard","has-post-thumbnail","hentry","category-iphone-7-iphone-7-plus"],"yoast_head":"<!-- This site is optimized with the Yoast SEO plugin v27.5 - https:\/\/yoast.com\/product\/yoast-seo-wordpress\/ -->\n<title>iPhone 7 Plus 128GB rose gold - Apple bazar<\/title>\n<meta name=\"robots\" content=\"index, follow, max-snippet:-1, max-image-preview:large, max-video-preview:-1\" \/>\n<link rel=\"canonical\" href=\"https:\/\/www.letemsvetemapplem.eu\/bazar\/iphone-7-plus-128gb-rose-gold\/\" \/>\n<meta property=\"og:locale\" content=\"cs_CZ\" \/>\n<meta property=\"og:type\" content=\"article\" \/>\n<meta property=\"og:title\" content=\"iPhone 7 Plus 128GB rose gold - Apple bazar\" \/>\n<meta property=\"og:description\" content=\"Telefon je v z\u00e1novn\u00edm stavu &#8211; na displeji, r\u00e1mu ani na z\u00e1dech nejsou \u0161kr\u00e1bance. Celkov\u011b stav nov\u00e9ho telefonu. Samoz\u0159ejm\u011b pln\u011b funk\u010dn\u00ed. Celou dobu na n\u011bm bylo temperovan\u00e9 sklo a kryt. Neblokov\u00e1no na oper\u00e1tora a odhl\u00e1\u0161eno z iCloudu. Kompletn\u00ed balen\u00ed, bohu\u017eel u\u017e bez z\u00e1ruky. Nejl\u00e9pe osobn\u00ed p\u0159ed\u00e1n\u00ed v Praze, ale po domluv\u011b v podstat\u011b i kdekoliv...\" \/>\n<meta property=\"og:url\" content=\"https:\/\/www.letemsvetemapplem.eu\/bazar\/iphone-7-plus-128gb-rose-gold\/\" \/>\n<meta property=\"og:site_name\" content=\"Apple bazar\" \/>\n<meta property=\"article:published_time\" content=\"2020-10-08T06:56:00+00:00\" \/>\n<meta property=\"og:image\" content=\"https:\/\/www.letemsvetemapplem.eu\/bazar\/wp-content\/uploads\/2020\/10\/E30715B9-AA14-4152-BA12-E72F4EA427C8-scaled.jpeg\" \/>\n\t<meta property=\"og:image:width\" content=\"2560\" \/>\n\t<meta property=\"og:image:height\" content=\"1920\" \/>\n\t<meta property=\"og:image:type\" content=\"image\/jpeg\" \/>\n<meta name=\"twitter:card\" content=\"summary_large_image\" \/>\n<script type=\"application\/ld+json\" class=\"yoast-schema-graph\">{\"@context\":\"https:\\\/\\\/schema.org\",\"@graph\":[{\"@type\":\"Article\",\"@id\":\"https:\\\/\\\/www.letemsvetemapplem.eu\\\/bazar\\\/iphone-7-plus-128gb-rose-gold\\\/#article\",\"isPartOf\":{\"@id\":\"https:\\\/\\\/www.letemsvetemapplem.eu\\\/bazar\\\/iphone-7-plus-128gb-rose-gold\\\/\"},\"author\":{\"name\":\"\",\"@id\":\"\"},\"headline\":\"iPhone 7 Plus 128GB rose gold\",\"datePublished\":\"2020-10-08T06:56:00+00:00\",\"mainEntityOfPage\":{\"@id\":\"https:\\\/\\\/www.letemsvetemapplem.eu\\\/bazar\\\/iphone-7-plus-128gb-rose-gold\\\/\"},\"wordCount\":78,\"image\":{\"@id\":\"https:\\\/\\\/www.letemsvetemapplem.eu\\\/bazar\\\/iphone-7-plus-128gb-rose-gold\\\/#primaryimage\"},\"thumbnailUrl\":\"https:\\\/\\\/www.letemsvetemapplem.eu\\\/bazar\\\/wp-content\\\/uploads\\\/2020\\\/10\\\/E30715B9-AA14-4152-BA12-E72F4EA427C8-scaled.jpeg\",\"articleSection\":[\"iPhone 7\\\/7 Plus\"],\"inLanguage\":\"cs\"},{\"@type\":\"WebPage\",\"@id\":\"https:\\\/\\\/www.letemsvetemapplem.eu\\\/bazar\\\/iphone-7-plus-128gb-rose-gold\\\/\",\"url\":\"https:\\\/\\\/www.letemsvetemapplem.eu\\\/bazar\\\/iphone-7-plus-128gb-rose-gold\\\/\",\"name\":\"iPhone 7 Plus 128GB rose gold - Apple bazar\",\"isPartOf\":{\"@id\":\"https:\\\/\\\/www.letemsvetemapplem.eu\\\/bazar\\\/#website\"},\"primaryImageOfPage\":{\"@id\":\"https:\\\/\\\/www.letemsvetemapplem.eu\\\/bazar\\\/iphone-7-plus-128gb-rose-gold\\\/#primaryimage\"},\"image\":{\"@id\":\"https:\\\/\\\/www.letemsvetemapplem.eu\\\/bazar\\\/iphone-7-plus-128gb-rose-gold\\\/#primaryimage\"},\"thumbnailUrl\":\"https:\\\/\\\/www.letemsvetemapplem.eu\\\/bazar\\\/wp-content\\\/uploads\\\/2020\\\/10\\\/E30715B9-AA14-4152-BA12-E72F4EA427C8-scaled.jpeg\",\"datePublished\":\"2020-10-08T06:56:00+00:00\",\"author\":{\"@id\":\"\"},\"breadcrumb\":{\"@id\":\"https:\\\/\\\/www.letemsvetemapplem.eu\\\/bazar\\\/iphone-7-plus-128gb-rose-gold\\\/#breadcrumb\"},\"inLanguage\":\"cs\",\"potentialAction\":[{\"@type\":\"ReadAction\",\"target\":[\"https:\\\/\\\/www.letemsvetemapplem.eu\\\/bazar\\\/iphone-7-plus-128gb-rose-gold\\\/\"]}]},{\"@type\":\"ImageObject\",\"inLanguage\":\"cs\",\"@id\":\"https:\\\/\\\/www.letemsvetemapplem.eu\\\/bazar\\\/iphone-7-plus-128gb-rose-gold\\\/#primaryimage\",\"url\":\"https:\\\/\\\/www.letemsvetemapplem.eu\\\/bazar\\\/wp-content\\\/uploads\\\/2020\\\/10\\\/E30715B9-AA14-4152-BA12-E72F4EA427C8-scaled.jpeg\",\"contentUrl\":\"https:\\\/\\\/www.letemsvetemapplem.eu\\\/bazar\\\/wp-content\\\/uploads\\\/2020\\\/10\\\/E30715B9-AA14-4152-BA12-E72F4EA427C8-scaled.jpeg\",\"width\":2560,\"height\":1920},{\"@type\":\"BreadcrumbList\",\"@id\":\"https:\\\/\\\/www.letemsvetemapplem.eu\\\/bazar\\\/iphone-7-plus-128gb-rose-gold\\\/#breadcrumb\",\"itemListElement\":[{\"@type\":\"ListItem\",\"position\":1,\"name\":\"Apple Bazar\",\"item\":\"https:\\\/\\\/www.letemsvetemapplem.eu\\\/bazar\\\/\"},{\"@type\":\"ListItem\",\"position\":2,\"name\":\"iPhone 7 Plus 128GB rose gold\"}]},{\"@type\":\"WebSite\",\"@id\":\"https:\\\/\\\/www.letemsvetemapplem.eu\\\/bazar\\\/#website\",\"url\":\"https:\\\/\\\/www.letemsvetemapplem.eu\\\/bazar\\\/\",\"name\":\"Apple bazar\",\"description\":\"Oou\u017eit\u00e9 Apple produkty za skv\u011bl\u00e9 ceny\",\"potentialAction\":[{\"@type\":\"SearchAction\",\"target\":{\"@type\":\"EntryPoint\",\"urlTemplate\":\"https:\\\/\\\/www.letemsvetemapplem.eu\\\/bazar\\\/?s={search_term_string}\"},\"query-input\":{\"@type\":\"PropertyValueSpecification\",\"valueRequired\":true,\"valueName\":\"search_term_string\"}}],\"inLanguage\":\"cs\"}]}<\/script>\n<!-- \/ Yoast SEO plugin. -->","yoast_head_json":{"title":"iPhone 7 Plus 128GB rose gold - Apple bazar","robots":{"index":"index","follow":"follow","max-snippet":"max-snippet:-1","max-image-preview":"max-image-preview:large","max-video-preview":"max-video-preview:-1"},"canonical":"https:\/\/www.letemsvetemapplem.eu\/bazar\/iphone-7-plus-128gb-rose-gold\/","og_locale":"cs_CZ","og_type":"article","og_title":"iPhone 7 Plus 128GB rose gold - Apple bazar","og_description":"Telefon je v z\u00e1novn\u00edm stavu &#8211; na displeji, r\u00e1mu ani na z\u00e1dech nejsou \u0161kr\u00e1bance. Celkov\u011b stav nov\u00e9ho telefonu. Samoz\u0159ejm\u011b pln\u011b funk\u010dn\u00ed. Celou dobu na n\u011bm bylo temperovan\u00e9 sklo a kryt. Neblokov\u00e1no na oper\u00e1tora a odhl\u00e1\u0161eno z iCloudu. Kompletn\u00ed balen\u00ed, bohu\u017eel u\u017e bez z\u00e1ruky. Nejl\u00e9pe osobn\u00ed p\u0159ed\u00e1n\u00ed v Praze, ale po domluv\u011b v podstat\u011b i kdekoliv...","og_url":"https:\/\/www.letemsvetemapplem.eu\/bazar\/iphone-7-plus-128gb-rose-gold\/","og_site_name":"Apple bazar","article_published_time":"2020-10-08T06:56:00+00:00","og_image":[{"width":2560,"height":1920,"url":"https:\/\/www.letemsvetemapplem.eu\/bazar\/wp-content\/uploads\/2020\/10\/E30715B9-AA14-4152-BA12-E72F4EA427C8-scaled.jpeg","type":"image\/jpeg"}],"twitter_card":"summary_large_image","schema":{"@context":"https:\/\/schema.org","@graph":[{"@type":"Article","@id":"https:\/\/www.letemsvetemapplem.eu\/bazar\/iphone-7-plus-128gb-rose-gold\/#article","isPartOf":{"@id":"https:\/\/www.letemsvetemapplem.eu\/bazar\/iphone-7-plus-128gb-rose-gold\/"},"author":{"name":"","@id":""},"headline":"iPhone 7 Plus 128GB rose gold","datePublished":"2020-10-08T06:56:00+00:00","mainEntityOfPage":{"@id":"https:\/\/www.letemsvetemapplem.eu\/bazar\/iphone-7-plus-128gb-rose-gold\/"},"wordCount":78,"image":{"@id":"https:\/\/www.letemsvetemapplem.eu\/bazar\/iphone-7-plus-128gb-rose-gold\/#primaryimage"},"thumbnailUrl":"https:\/\/www.letemsvetemapplem.eu\/bazar\/wp-content\/uploads\/2020\/10\/E30715B9-AA14-4152-BA12-E72F4EA427C8-scaled.jpeg","articleSection":["iPhone 7\/7 Plus"],"inLanguage":"cs"},{"@type":"WebPage","@id":"https:\/\/www.letemsvetemapplem.eu\/bazar\/iphone-7-plus-128gb-rose-gold\/","url":"https:\/\/www.letemsvetemapplem.eu\/bazar\/iphone-7-plus-128gb-rose-gold\/","name":"iPhone 7 Plus 128GB rose gold - Apple bazar","isPartOf":{"@id":"https:\/\/www.letemsvetemapplem.eu\/bazar\/#website"},"primaryImageOfPage":{"@id":"https:\/\/www.letemsvetemapplem.eu\/bazar\/iphone-7-plus-128gb-rose-gold\/#primaryimage"},"image":{"@id":"https:\/\/www.letemsvetemapplem.eu\/bazar\/iphone-7-plus-128gb-rose-gold\/#primaryimage"},"thumbnailUrl":"https:\/\/www.letemsvetemapplem.eu\/bazar\/wp-content\/uploads\/2020\/10\/E30715B9-AA14-4152-BA12-E72F4EA427C8-scaled.jpeg","datePublished":"2020-10-08T06:56:00+00:00","author":{"@id":""},"breadcrumb":{"@id":"https:\/\/www.letemsvetemapplem.eu\/bazar\/iphone-7-plus-128gb-rose-gold\/#breadcrumb"},"inLanguage":"cs","potentialAction":[{"@type":"ReadAction","target":["https:\/\/www.letemsvetemapplem.eu\/bazar\/iphone-7-plus-128gb-rose-gold\/"]}]},{"@type":"ImageObject","inLanguage":"cs","@id":"https:\/\/www.letemsvetemapplem.eu\/bazar\/iphone-7-plus-128gb-rose-gold\/#primaryimage","url":"https:\/\/www.letemsvetemapplem.eu\/bazar\/wp-content\/uploads\/2020\/10\/E30715B9-AA14-4152-BA12-E72F4EA427C8-scaled.jpeg","contentUrl":"https:\/\/www.letemsvetemapplem.eu\/bazar\/wp-content\/uploads\/2020\/10\/E30715B9-AA14-4152-BA12-E72F4EA427C8-scaled.jpeg","width":2560,"height":1920},{"@type":"BreadcrumbList","@id":"https:\/\/www.letemsvetemapplem.eu\/bazar\/iphone-7-plus-128gb-rose-gold\/#breadcrumb","itemListElement":[{"@type":"ListItem","position":1,"name":"Apple Bazar","item":"https:\/\/www.letemsvetemapplem.eu\/bazar\/"},{"@type":"ListItem","position":2,"name":"iPhone 7 Plus 128GB rose gold"}]},{"@type":"WebSite","@id":"https:\/\/www.letemsvetemapplem.eu\/bazar\/#website","url":"https:\/\/www.letemsvetemapplem.eu\/bazar\/","name":"Apple bazar","description":"Oou\u017eit\u00e9 Apple produkty za skv\u011bl\u00e9 ceny","potentialAction":[{"@type":"SearchAction","target":{"@type":"EntryPoint","urlTemplate":"https:\/\/www.letemsvetemapplem.eu\/bazar\/?s={search_term_string}"},"query-input":{"@type":"PropertyValueSpecification","valueRequired":true,"valueName":"search_term_string"}}],"inLanguage":"cs"}]}},"_links":{"self":[{"href":"https:\/\/www.letemsvetemapplem.eu\/bazar\/wp-json\/wp\/v2\/posts\/205389","targetHints":{"allow":["GET"]}}],"collection":[{"href":"https:\/\/www.letemsvetemapplem.eu\/bazar\/wp-json\/wp\/v2\/posts"}],"about":[{"href":"https:\/\/www.letemsvetemapplem.eu\/bazar\/wp-json\/wp\/v2\/types\/post"}],"replies":[{"embeddable":true,"href":"https:\/\/www.letemsvetemapplem.eu\/bazar\/wp-json\/wp\/v2\/comments?post=205389"}],"version-history":[{"count":1,"href":"https:\/\/www.letemsvetemapplem.eu\/bazar\/wp-json\/wp\/v2\/posts\/205389\/revisions"}],"predecessor-version":[{"id":205396,"href":"https:\/\/www.letemsvetemapplem.eu\/bazar\/wp-json\/wp\/v2\/posts\/205389\/revisions\/205396"}],"wp:featuredmedia":[{"embeddable":true,"href":"https:\/\/www.letemsvetemapplem.eu\/bazar\/wp-json\/wp\/v2\/media\/205390"}],"wp:attachment":[{"href":"https:\/\/www.letemsvetemapplem.eu\/bazar\/wp-json\/wp\/v2\/media?parent=205389"}],"wp:term":[{"taxonomy":"category","embeddable":true,"href":"https:\/\/www.letemsvetemapplem.eu\/bazar\/wp-json\/wp\/v2\/categories?post=205389"},{"taxonomy":"post_tag","embeddable":true,"href":"https:\/\/www.letemsvetemapplem.eu\/bazar\/wp-json\/wp\/v2\/tags?post=205389"}],"curies":[{"name":"wp","href":"https:\/\/api.w.org\/{rel}","templated":true}]}}