{"id":200792,"date":"2020-08-19T12:07:36","date_gmt":"2020-08-19T11:07:36","guid":{"rendered":"https:\/\/www.letemsvetemapplem.eu\/bazar\/?p=200792"},"modified":"2020-08-19T12:07:36","modified_gmt":"2020-08-19T11:07:36","slug":"apple-imac-27-1tb-ssd-intel-i7","status":"publish","type":"post","link":"https:\/\/www.letemsvetemapplem.eu\/bazar\/apple-imac-27-1tb-ssd-intel-i7\/","title":{"rendered":"Apple iMac 27\u201c 1TB SSD, Intel i7"},"content":{"rendered":"<p>Apple iMac 27\u201c, p\u0159\u00edplatkov\u00fd \u010dty\u0159j\u00e1drov\u00fd procesor Intel Core i7 3,4 GHz, p\u0159\u00edplatkov\u00e1 Grafick\u00e1 karta Nvidia Geforce GTX 680MX s 2GB pam\u011bti, RAM 8GB &#8211; obsazen\u00e9 pouze dva sloty, tud\u00ed\u017e jde snadno doplnit, letos vym\u011bn\u011bn intern\u00ed HDD za 1TB SSD disk + intern\u00ed Apple 128GB SSD disk.<\/p>\n<p>Po\u010d\u00edta\u010d je bez po\u0161kozen\u00ed a m\u00e1 krabici.<\/p>\n<p>Zdarma p\u0159id\u00e1m origin\u00e1ln\u00ed bezdr\u00e1tovou Apple Magic mouse, kter\u00e1 m\u00e1 bohu\u017eel zmatn\u011bl\u00fd povrch od \u0161patn\u00e9ho \u010di\u0161t\u011bn\u00ed(jinak pln\u011b funk\u010dn\u00ed) a neorigin\u00e1ln\u00ed kl\u00e1vesnici vzhledov\u011b shodnou s Apple kl\u00e1vesnic\u00ed, kter\u00e1 je star\u00e1 m\u011bs\u00edc a pln\u011b funk\u010dn\u00ed.<\/p>\n<p>iMac je mo\u017en\u00e9 osobn\u011b p\u0159edat s vyzkou\u0161en\u00edm, p\u0159\u00edpadn\u011b ho zaslat po\u0161tou, kdy po\u010d\u00edta\u010d dob\u0159e zabal\u00edm proti po\u0161kozen\u00ed.<\/p>\n","protected":false},"excerpt":{"rendered":"<p>Apple iMac 27\u201c, p\u0159\u00edplatkov\u00fd \u010dty\u0159j\u00e1drov\u00fd procesor Intel Core i7 3,4 GHz, p\u0159\u00edplatkov\u00e1 Grafick\u00e1 karta Nvidia Geforce GTX 680MX s 2GB pam\u011bti, RAM 8GB &#8211; obsazen\u00e9 pouze dva sloty, tud\u00ed\u017e jde snadno doplnit, letos vym\u011bn\u011bn intern\u00ed HDD za 1TB SSD disk + intern\u00ed Apple 128GB SSD disk. Po\u010d\u00edta\u010d je bez po\u0161kozen\u00ed a m\u00e1 krabici. Zdarma p\u0159id\u00e1m&#8230;<\/p>\n","protected":false},"author":0,"featured_media":200793,"comment_status":"closed","ping_status":"closed","sticky":false,"template":"","format":"standard","meta":{"footnotes":""},"categories":[41],"tags":[],"class_list":["post-200792","post","type-post","status-publish","format-standard","has-post-thumbnail","hentry","category-imac"],"yoast_head":"<!-- This site is optimized with the Yoast SEO plugin v27.2 - https:\/\/yoast.com\/product\/yoast-seo-wordpress\/ -->\n<title>Apple iMac 27\u201c 1TB SSD, Intel i7 - Apple bazar<\/title>\n<meta name=\"robots\" content=\"index, follow, max-snippet:-1, max-image-preview:large, max-video-preview:-1\" \/>\n<link rel=\"canonical\" href=\"https:\/\/www.letemsvetemapplem.eu\/bazar\/apple-imac-27-1tb-ssd-intel-i7\/\" \/>\n<meta property=\"og:locale\" content=\"cs_CZ\" \/>\n<meta property=\"og:type\" content=\"article\" \/>\n<meta property=\"og:title\" content=\"Apple iMac 27\u201c 1TB SSD, Intel i7 - Apple bazar\" \/>\n<meta property=\"og:description\" content=\"Apple iMac 27\u201c, p\u0159\u00edplatkov\u00fd \u010dty\u0159j\u00e1drov\u00fd procesor Intel Core i7 3,4 GHz, p\u0159\u00edplatkov\u00e1 Grafick\u00e1 karta Nvidia Geforce GTX 680MX s 2GB pam\u011bti, RAM 8GB &#8211; obsazen\u00e9 pouze dva sloty, tud\u00ed\u017e jde snadno doplnit, letos vym\u011bn\u011bn intern\u00ed HDD za 1TB SSD disk + intern\u00ed Apple 128GB SSD disk. Po\u010d\u00edta\u010d je bez po\u0161kozen\u00ed a m\u00e1 krabici. Zdarma p\u0159id\u00e1m...\" \/>\n<meta property=\"og:url\" content=\"https:\/\/www.letemsvetemapplem.eu\/bazar\/apple-imac-27-1tb-ssd-intel-i7\/\" \/>\n<meta property=\"og:site_name\" content=\"Apple bazar\" \/>\n<meta property=\"article:published_time\" content=\"2020-08-19T11:07:36+00:00\" \/>\n<meta property=\"og:image\" content=\"https:\/\/www.letemsvetemapplem.eu\/bazar\/wp-content\/uploads\/2020\/08\/1-5-scaled.jpg\" \/>\n\t<meta property=\"og:image:width\" content=\"2560\" \/>\n\t<meta property=\"og:image:height\" content=\"1920\" \/>\n\t<meta property=\"og:image:type\" content=\"image\/jpeg\" \/>\n<meta name=\"twitter:card\" content=\"summary_large_image\" \/>\n<script type=\"application\/ld+json\" class=\"yoast-schema-graph\">{\"@context\":\"https:\/\/schema.org\",\"@graph\":[{\"@type\":\"Article\",\"@id\":\"https:\/\/www.letemsvetemapplem.eu\/bazar\/apple-imac-27-1tb-ssd-intel-i7\/#article\",\"isPartOf\":{\"@id\":\"https:\/\/www.letemsvetemapplem.eu\/bazar\/apple-imac-27-1tb-ssd-intel-i7\/\"},\"author\":{\"name\":\"\",\"@id\":\"\"},\"headline\":\"Apple iMac 27\u201c 1TB SSD, Intel i7\",\"datePublished\":\"2020-08-19T11:07:36+00:00\",\"mainEntityOfPage\":{\"@id\":\"https:\/\/www.letemsvetemapplem.eu\/bazar\/apple-imac-27-1tb-ssd-intel-i7\/\"},\"wordCount\":141,\"image\":{\"@id\":\"https:\/\/www.letemsvetemapplem.eu\/bazar\/apple-imac-27-1tb-ssd-intel-i7\/#primaryimage\"},\"thumbnailUrl\":\"https:\/\/www.letemsvetemapplem.eu\/bazar\/wp-content\/uploads\/2020\/08\/1-5-scaled.jpg\",\"articleSection\":[\"iMac\"],\"inLanguage\":\"cs\"},{\"@type\":\"WebPage\",\"@id\":\"https:\/\/www.letemsvetemapplem.eu\/bazar\/apple-imac-27-1tb-ssd-intel-i7\/\",\"url\":\"https:\/\/www.letemsvetemapplem.eu\/bazar\/apple-imac-27-1tb-ssd-intel-i7\/\",\"name\":\"Apple iMac 27\u201c 1TB SSD, Intel i7 - Apple bazar\",\"isPartOf\":{\"@id\":\"https:\/\/www.letemsvetemapplem.eu\/bazar\/#website\"},\"primaryImageOfPage\":{\"@id\":\"https:\/\/www.letemsvetemapplem.eu\/bazar\/apple-imac-27-1tb-ssd-intel-i7\/#primaryimage\"},\"image\":{\"@id\":\"https:\/\/www.letemsvetemapplem.eu\/bazar\/apple-imac-27-1tb-ssd-intel-i7\/#primaryimage\"},\"thumbnailUrl\":\"https:\/\/www.letemsvetemapplem.eu\/bazar\/wp-content\/uploads\/2020\/08\/1-5-scaled.jpg\",\"datePublished\":\"2020-08-19T11:07:36+00:00\",\"author\":{\"@id\":\"\"},\"breadcrumb\":{\"@id\":\"https:\/\/www.letemsvetemapplem.eu\/bazar\/apple-imac-27-1tb-ssd-intel-i7\/#breadcrumb\"},\"inLanguage\":\"cs\",\"potentialAction\":[{\"@type\":\"ReadAction\",\"target\":[\"https:\/\/www.letemsvetemapplem.eu\/bazar\/apple-imac-27-1tb-ssd-intel-i7\/\"]}]},{\"@type\":\"ImageObject\",\"inLanguage\":\"cs\",\"@id\":\"https:\/\/www.letemsvetemapplem.eu\/bazar\/apple-imac-27-1tb-ssd-intel-i7\/#primaryimage\",\"url\":\"https:\/\/www.letemsvetemapplem.eu\/bazar\/wp-content\/uploads\/2020\/08\/1-5-scaled.jpg\",\"contentUrl\":\"https:\/\/www.letemsvetemapplem.eu\/bazar\/wp-content\/uploads\/2020\/08\/1-5-scaled.jpg\",\"width\":2560,\"height\":1920},{\"@type\":\"BreadcrumbList\",\"@id\":\"https:\/\/www.letemsvetemapplem.eu\/bazar\/apple-imac-27-1tb-ssd-intel-i7\/#breadcrumb\",\"itemListElement\":[{\"@type\":\"ListItem\",\"position\":1,\"name\":\"Apple Bazar\",\"item\":\"https:\/\/www.letemsvetemapplem.eu\/bazar\/\"},{\"@type\":\"ListItem\",\"position\":2,\"name\":\"Apple iMac 27\u201c 1TB SSD, Intel i7\"}]},{\"@type\":\"WebSite\",\"@id\":\"https:\/\/www.letemsvetemapplem.eu\/bazar\/#website\",\"url\":\"https:\/\/www.letemsvetemapplem.eu\/bazar\/\",\"name\":\"Apple bazar\",\"description\":\"Oou\u017eit\u00e9 Apple produkty za skv\u011bl\u00e9 ceny\",\"potentialAction\":[{\"@type\":\"SearchAction\",\"target\":{\"@type\":\"EntryPoint\",\"urlTemplate\":\"https:\/\/www.letemsvetemapplem.eu\/bazar\/?s={search_term_string}\"},\"query-input\":{\"@type\":\"PropertyValueSpecification\",\"valueRequired\":true,\"valueName\":\"search_term_string\"}}],\"inLanguage\":\"cs\"}]}<\/script>\n<!-- \/ Yoast SEO plugin. -->","yoast_head_json":{"title":"Apple iMac 27\u201c 1TB SSD, Intel i7 - Apple bazar","robots":{"index":"index","follow":"follow","max-snippet":"max-snippet:-1","max-image-preview":"max-image-preview:large","max-video-preview":"max-video-preview:-1"},"canonical":"https:\/\/www.letemsvetemapplem.eu\/bazar\/apple-imac-27-1tb-ssd-intel-i7\/","og_locale":"cs_CZ","og_type":"article","og_title":"Apple iMac 27\u201c 1TB SSD, Intel i7 - Apple bazar","og_description":"Apple iMac 27\u201c, p\u0159\u00edplatkov\u00fd \u010dty\u0159j\u00e1drov\u00fd procesor Intel Core i7 3,4 GHz, p\u0159\u00edplatkov\u00e1 Grafick\u00e1 karta Nvidia Geforce GTX 680MX s 2GB pam\u011bti, RAM 8GB &#8211; obsazen\u00e9 pouze dva sloty, tud\u00ed\u017e jde snadno doplnit, letos vym\u011bn\u011bn intern\u00ed HDD za 1TB SSD disk + intern\u00ed Apple 128GB SSD disk. Po\u010d\u00edta\u010d je bez po\u0161kozen\u00ed a m\u00e1 krabici. Zdarma p\u0159id\u00e1m...","og_url":"https:\/\/www.letemsvetemapplem.eu\/bazar\/apple-imac-27-1tb-ssd-intel-i7\/","og_site_name":"Apple bazar","article_published_time":"2020-08-19T11:07:36+00:00","og_image":[{"width":2560,"height":1920,"url":"https:\/\/www.letemsvetemapplem.eu\/bazar\/wp-content\/uploads\/2020\/08\/1-5-scaled.jpg","type":"image\/jpeg"}],"twitter_card":"summary_large_image","schema":{"@context":"https:\/\/schema.org","@graph":[{"@type":"Article","@id":"https:\/\/www.letemsvetemapplem.eu\/bazar\/apple-imac-27-1tb-ssd-intel-i7\/#article","isPartOf":{"@id":"https:\/\/www.letemsvetemapplem.eu\/bazar\/apple-imac-27-1tb-ssd-intel-i7\/"},"author":{"name":"","@id":""},"headline":"Apple iMac 27\u201c 1TB SSD, Intel i7","datePublished":"2020-08-19T11:07:36+00:00","mainEntityOfPage":{"@id":"https:\/\/www.letemsvetemapplem.eu\/bazar\/apple-imac-27-1tb-ssd-intel-i7\/"},"wordCount":141,"image":{"@id":"https:\/\/www.letemsvetemapplem.eu\/bazar\/apple-imac-27-1tb-ssd-intel-i7\/#primaryimage"},"thumbnailUrl":"https:\/\/www.letemsvetemapplem.eu\/bazar\/wp-content\/uploads\/2020\/08\/1-5-scaled.jpg","articleSection":["iMac"],"inLanguage":"cs"},{"@type":"WebPage","@id":"https:\/\/www.letemsvetemapplem.eu\/bazar\/apple-imac-27-1tb-ssd-intel-i7\/","url":"https:\/\/www.letemsvetemapplem.eu\/bazar\/apple-imac-27-1tb-ssd-intel-i7\/","name":"Apple iMac 27\u201c 1TB SSD, Intel i7 - Apple bazar","isPartOf":{"@id":"https:\/\/www.letemsvetemapplem.eu\/bazar\/#website"},"primaryImageOfPage":{"@id":"https:\/\/www.letemsvetemapplem.eu\/bazar\/apple-imac-27-1tb-ssd-intel-i7\/#primaryimage"},"image":{"@id":"https:\/\/www.letemsvetemapplem.eu\/bazar\/apple-imac-27-1tb-ssd-intel-i7\/#primaryimage"},"thumbnailUrl":"https:\/\/www.letemsvetemapplem.eu\/bazar\/wp-content\/uploads\/2020\/08\/1-5-scaled.jpg","datePublished":"2020-08-19T11:07:36+00:00","author":{"@id":""},"breadcrumb":{"@id":"https:\/\/www.letemsvetemapplem.eu\/bazar\/apple-imac-27-1tb-ssd-intel-i7\/#breadcrumb"},"inLanguage":"cs","potentialAction":[{"@type":"ReadAction","target":["https:\/\/www.letemsvetemapplem.eu\/bazar\/apple-imac-27-1tb-ssd-intel-i7\/"]}]},{"@type":"ImageObject","inLanguage":"cs","@id":"https:\/\/www.letemsvetemapplem.eu\/bazar\/apple-imac-27-1tb-ssd-intel-i7\/#primaryimage","url":"https:\/\/www.letemsvetemapplem.eu\/bazar\/wp-content\/uploads\/2020\/08\/1-5-scaled.jpg","contentUrl":"https:\/\/www.letemsvetemapplem.eu\/bazar\/wp-content\/uploads\/2020\/08\/1-5-scaled.jpg","width":2560,"height":1920},{"@type":"BreadcrumbList","@id":"https:\/\/www.letemsvetemapplem.eu\/bazar\/apple-imac-27-1tb-ssd-intel-i7\/#breadcrumb","itemListElement":[{"@type":"ListItem","position":1,"name":"Apple Bazar","item":"https:\/\/www.letemsvetemapplem.eu\/bazar\/"},{"@type":"ListItem","position":2,"name":"Apple iMac 27\u201c 1TB SSD, Intel i7"}]},{"@type":"WebSite","@id":"https:\/\/www.letemsvetemapplem.eu\/bazar\/#website","url":"https:\/\/www.letemsvetemapplem.eu\/bazar\/","name":"Apple bazar","description":"Oou\u017eit\u00e9 Apple produkty za skv\u011bl\u00e9 ceny","potentialAction":[{"@type":"SearchAction","target":{"@type":"EntryPoint","urlTemplate":"https:\/\/www.letemsvetemapplem.eu\/bazar\/?s={search_term_string}"},"query-input":{"@type":"PropertyValueSpecification","valueRequired":true,"valueName":"search_term_string"}}],"inLanguage":"cs"}]}},"_links":{"self":[{"href":"https:\/\/www.letemsvetemapplem.eu\/bazar\/wp-json\/wp\/v2\/posts\/200792","targetHints":{"allow":["GET"]}}],"collection":[{"href":"https:\/\/www.letemsvetemapplem.eu\/bazar\/wp-json\/wp\/v2\/posts"}],"about":[{"href":"https:\/\/www.letemsvetemapplem.eu\/bazar\/wp-json\/wp\/v2\/types\/post"}],"replies":[{"embeddable":true,"href":"https:\/\/www.letemsvetemapplem.eu\/bazar\/wp-json\/wp\/v2\/comments?post=200792"}],"version-history":[{"count":1,"href":"https:\/\/www.letemsvetemapplem.eu\/bazar\/wp-json\/wp\/v2\/posts\/200792\/revisions"}],"predecessor-version":[{"id":200800,"href":"https:\/\/www.letemsvetemapplem.eu\/bazar\/wp-json\/wp\/v2\/posts\/200792\/revisions\/200800"}],"wp:featuredmedia":[{"embeddable":true,"href":"https:\/\/www.letemsvetemapplem.eu\/bazar\/wp-json\/wp\/v2\/media\/200793"}],"wp:attachment":[{"href":"https:\/\/www.letemsvetemapplem.eu\/bazar\/wp-json\/wp\/v2\/media?parent=200792"}],"wp:term":[{"taxonomy":"category","embeddable":true,"href":"https:\/\/www.letemsvetemapplem.eu\/bazar\/wp-json\/wp\/v2\/categories?post=200792"},{"taxonomy":"post_tag","embeddable":true,"href":"https:\/\/www.letemsvetemapplem.eu\/bazar\/wp-json\/wp\/v2\/tags?post=200792"}],"curies":[{"name":"wp","href":"https:\/\/api.w.org\/{rel}","templated":true}]}}