{"id":19865,"date":"2017-03-16T11:43:13","date_gmt":"2017-03-16T10:43:13","guid":{"rendered":"https:\/\/www.letemsvetemapplem.eu\/bazar\/?p=19865"},"modified":"2017-03-16T11:43:13","modified_gmt":"2017-03-16T10:43:13","slug":"mac-21-5-4k-display-8-gb-ram-late-2015","status":"publish","type":"post","link":"https:\/\/www.letemsvetemapplem.eu\/bazar\/mac-21-5-4k-display-8-gb-ram-late-2015\/","title":{"rendered":"MAC 21 5 4K DISPLAY 8 GB RAM LATE 2015"},"content":{"rendered":"<p>Hezk\u00fd den.<br \/>\nProd\u00e1m nov\u00fd, minim\u00e1ln\u011b pou\u017e\u00edvan\u00fd, tedy v TOP stavu, IMAC 21 5 palcov\u00fd y konce roku 2015 s t\u011bmito specifikacemi:<br \/>\nDisplay Retina 4K P3 4096\u00a0\u00d7\u00a02304 pixel\u016f<br \/>\nProcesor \u010dty\u0159j\u00e1drov\u00fd Intel core i5 s 3,1 GHz turbo boost a\u017e na 3,6 GHz<br \/>\nGrafika Intel iris pro graphics 6200<br \/>\nPam\u011b\u0165 1 TB pevn\u00fd disk, 8 GB RAM<br \/>\nTake s Magic mouse 2, \u010desk\u00e1 magic keyboard, propojovac\u00ed kabel a u\u017eivatelsk\u00e1 p\u0159\u00edru\u010dka tak\u00e9 v \u010de\u0161tin\u011b<\/p>\n<p>D\u016fvod prodeje?<br \/>\nOv\u0161em, r\u00e1d bych si koupil psa, \u010di zainvestoval.<\/p>\n","protected":false},"excerpt":{"rendered":"<p>Hezk\u00fd den. Prod\u00e1m nov\u00fd, minim\u00e1ln\u011b pou\u017e\u00edvan\u00fd, tedy v TOP stavu, IMAC 21 5 palcov\u00fd y konce roku 2015 s t\u011bmito specifikacemi: Display Retina 4K P3 4096\u00a0\u00d7\u00a02304 pixel\u016f Procesor \u010dty\u0159j\u00e1drov\u00fd Intel core i5 s 3,1 GHz turbo boost a\u017e na 3,6 GHz Grafika Intel iris pro graphics 6200 Pam\u011b\u0165 1 TB pevn\u00fd disk, 8 GB RAM&#8230;<\/p>\n","protected":false},"author":0,"featured_media":19866,"comment_status":"open","ping_status":"open","sticky":false,"template":"","format":"standard","meta":{"footnotes":""},"categories":[41],"tags":[77],"class_list":["post-19865","post","type-post","status-publish","format-standard","has-post-thumbnail","hentry","category-imac","tag-imac"],"yoast_head":"<!-- This site is optimized with the Yoast SEO plugin v27.2 - https:\/\/yoast.com\/product\/yoast-seo-wordpress\/ -->\n<title>MAC 21 5 4K DISPLAY 8 GB RAM LATE 2015 - Apple bazar<\/title>\n<meta name=\"robots\" content=\"index, follow, max-snippet:-1, max-image-preview:large, max-video-preview:-1\" \/>\n<link rel=\"canonical\" href=\"https:\/\/www.letemsvetemapplem.eu\/bazar\/mac-21-5-4k-display-8-gb-ram-late-2015\/\" \/>\n<meta property=\"og:locale\" content=\"cs_CZ\" \/>\n<meta property=\"og:type\" content=\"article\" \/>\n<meta property=\"og:title\" content=\"MAC 21 5 4K DISPLAY 8 GB RAM LATE 2015 - Apple bazar\" \/>\n<meta property=\"og:description\" content=\"Hezk\u00fd den. Prod\u00e1m nov\u00fd, minim\u00e1ln\u011b pou\u017e\u00edvan\u00fd, tedy v TOP stavu, IMAC 21 5 palcov\u00fd y konce roku 2015 s t\u011bmito specifikacemi: Display Retina 4K P3 4096\u00a0\u00d7\u00a02304 pixel\u016f Procesor \u010dty\u0159j\u00e1drov\u00fd Intel core i5 s 3,1 GHz turbo boost a\u017e na 3,6 GHz Grafika Intel iris pro graphics 6200 Pam\u011b\u0165 1 TB pevn\u00fd disk, 8 GB RAM...\" \/>\n<meta property=\"og:url\" content=\"https:\/\/www.letemsvetemapplem.eu\/bazar\/mac-21-5-4k-display-8-gb-ram-late-2015\/\" \/>\n<meta property=\"og:site_name\" content=\"Apple bazar\" \/>\n<meta property=\"article:published_time\" content=\"2017-03-16T10:43:13+00:00\" \/>\n<meta property=\"og:image\" content=\"https:\/\/www.letemsvetemapplem.eu\/bazar\/wp-content\/uploads\/2017\/03\/IMG_1589.jpg\" \/>\n\t<meta property=\"og:image:width\" content=\"3840\" \/>\n\t<meta property=\"og:image:height\" content=\"2160\" \/>\n\t<meta property=\"og:image:type\" content=\"image\/jpeg\" \/>\n<meta name=\"twitter:card\" content=\"summary_large_image\" \/>\n<script type=\"application\/ld+json\" class=\"yoast-schema-graph\">{\"@context\":\"https:\/\/schema.org\",\"@graph\":[{\"@type\":\"Article\",\"@id\":\"https:\/\/www.letemsvetemapplem.eu\/bazar\/mac-21-5-4k-display-8-gb-ram-late-2015\/#article\",\"isPartOf\":{\"@id\":\"https:\/\/www.letemsvetemapplem.eu\/bazar\/mac-21-5-4k-display-8-gb-ram-late-2015\/\"},\"author\":{\"name\":\"\",\"@id\":\"\"},\"headline\":\"MAC 21 5 4K DISPLAY 8 GB RAM LATE 2015\",\"datePublished\":\"2017-03-16T10:43:13+00:00\",\"mainEntityOfPage\":{\"@id\":\"https:\/\/www.letemsvetemapplem.eu\/bazar\/mac-21-5-4k-display-8-gb-ram-late-2015\/\"},\"wordCount\":90,\"commentCount\":0,\"image\":{\"@id\":\"https:\/\/www.letemsvetemapplem.eu\/bazar\/mac-21-5-4k-display-8-gb-ram-late-2015\/#primaryimage\"},\"thumbnailUrl\":\"https:\/\/www.letemsvetemapplem.eu\/bazar\/wp-content\/uploads\/2017\/03\/IMG_1589.jpg\",\"keywords\":[\"iMac\"],\"articleSection\":[\"iMac\"],\"inLanguage\":\"cs\",\"potentialAction\":[{\"@type\":\"CommentAction\",\"name\":\"Comment\",\"target\":[\"https:\/\/www.letemsvetemapplem.eu\/bazar\/mac-21-5-4k-display-8-gb-ram-late-2015\/#respond\"]}]},{\"@type\":\"WebPage\",\"@id\":\"https:\/\/www.letemsvetemapplem.eu\/bazar\/mac-21-5-4k-display-8-gb-ram-late-2015\/\",\"url\":\"https:\/\/www.letemsvetemapplem.eu\/bazar\/mac-21-5-4k-display-8-gb-ram-late-2015\/\",\"name\":\"MAC 21 5 4K DISPLAY 8 GB RAM LATE 2015 - Apple bazar\",\"isPartOf\":{\"@id\":\"https:\/\/www.letemsvetemapplem.eu\/bazar\/#website\"},\"primaryImageOfPage\":{\"@id\":\"https:\/\/www.letemsvetemapplem.eu\/bazar\/mac-21-5-4k-display-8-gb-ram-late-2015\/#primaryimage\"},\"image\":{\"@id\":\"https:\/\/www.letemsvetemapplem.eu\/bazar\/mac-21-5-4k-display-8-gb-ram-late-2015\/#primaryimage\"},\"thumbnailUrl\":\"https:\/\/www.letemsvetemapplem.eu\/bazar\/wp-content\/uploads\/2017\/03\/IMG_1589.jpg\",\"datePublished\":\"2017-03-16T10:43:13+00:00\",\"author\":{\"@id\":\"\"},\"breadcrumb\":{\"@id\":\"https:\/\/www.letemsvetemapplem.eu\/bazar\/mac-21-5-4k-display-8-gb-ram-late-2015\/#breadcrumb\"},\"inLanguage\":\"cs\",\"potentialAction\":[{\"@type\":\"ReadAction\",\"target\":[\"https:\/\/www.letemsvetemapplem.eu\/bazar\/mac-21-5-4k-display-8-gb-ram-late-2015\/\"]}]},{\"@type\":\"ImageObject\",\"inLanguage\":\"cs\",\"@id\":\"https:\/\/www.letemsvetemapplem.eu\/bazar\/mac-21-5-4k-display-8-gb-ram-late-2015\/#primaryimage\",\"url\":\"https:\/\/www.letemsvetemapplem.eu\/bazar\/wp-content\/uploads\/2017\/03\/IMG_1589.jpg\",\"contentUrl\":\"https:\/\/www.letemsvetemapplem.eu\/bazar\/wp-content\/uploads\/2017\/03\/IMG_1589.jpg\",\"width\":3840,\"height\":2160},{\"@type\":\"BreadcrumbList\",\"@id\":\"https:\/\/www.letemsvetemapplem.eu\/bazar\/mac-21-5-4k-display-8-gb-ram-late-2015\/#breadcrumb\",\"itemListElement\":[{\"@type\":\"ListItem\",\"position\":1,\"name\":\"Apple Bazar\",\"item\":\"https:\/\/www.letemsvetemapplem.eu\/bazar\/\"},{\"@type\":\"ListItem\",\"position\":2,\"name\":\"MAC 21 5 4K DISPLAY 8 GB RAM LATE 2015\"}]},{\"@type\":\"WebSite\",\"@id\":\"https:\/\/www.letemsvetemapplem.eu\/bazar\/#website\",\"url\":\"https:\/\/www.letemsvetemapplem.eu\/bazar\/\",\"name\":\"Apple bazar\",\"description\":\"Oou\u017eit\u00e9 Apple produkty za skv\u011bl\u00e9 ceny\",\"potentialAction\":[{\"@type\":\"SearchAction\",\"target\":{\"@type\":\"EntryPoint\",\"urlTemplate\":\"https:\/\/www.letemsvetemapplem.eu\/bazar\/?s={search_term_string}\"},\"query-input\":{\"@type\":\"PropertyValueSpecification\",\"valueRequired\":true,\"valueName\":\"search_term_string\"}}],\"inLanguage\":\"cs\"}]}<\/script>\n<!-- \/ Yoast SEO plugin. -->","yoast_head_json":{"title":"MAC 21 5 4K DISPLAY 8 GB RAM LATE 2015 - Apple bazar","robots":{"index":"index","follow":"follow","max-snippet":"max-snippet:-1","max-image-preview":"max-image-preview:large","max-video-preview":"max-video-preview:-1"},"canonical":"https:\/\/www.letemsvetemapplem.eu\/bazar\/mac-21-5-4k-display-8-gb-ram-late-2015\/","og_locale":"cs_CZ","og_type":"article","og_title":"MAC 21 5 4K DISPLAY 8 GB RAM LATE 2015 - Apple bazar","og_description":"Hezk\u00fd den. Prod\u00e1m nov\u00fd, minim\u00e1ln\u011b pou\u017e\u00edvan\u00fd, tedy v TOP stavu, IMAC 21 5 palcov\u00fd y konce roku 2015 s t\u011bmito specifikacemi: Display Retina 4K P3 4096\u00a0\u00d7\u00a02304 pixel\u016f Procesor \u010dty\u0159j\u00e1drov\u00fd Intel core i5 s 3,1 GHz turbo boost a\u017e na 3,6 GHz Grafika Intel iris pro graphics 6200 Pam\u011b\u0165 1 TB pevn\u00fd disk, 8 GB RAM...","og_url":"https:\/\/www.letemsvetemapplem.eu\/bazar\/mac-21-5-4k-display-8-gb-ram-late-2015\/","og_site_name":"Apple bazar","article_published_time":"2017-03-16T10:43:13+00:00","og_image":[{"width":3840,"height":2160,"url":"https:\/\/www.letemsvetemapplem.eu\/bazar\/wp-content\/uploads\/2017\/03\/IMG_1589.jpg","type":"image\/jpeg"}],"twitter_card":"summary_large_image","schema":{"@context":"https:\/\/schema.org","@graph":[{"@type":"Article","@id":"https:\/\/www.letemsvetemapplem.eu\/bazar\/mac-21-5-4k-display-8-gb-ram-late-2015\/#article","isPartOf":{"@id":"https:\/\/www.letemsvetemapplem.eu\/bazar\/mac-21-5-4k-display-8-gb-ram-late-2015\/"},"author":{"name":"","@id":""},"headline":"MAC 21 5 4K DISPLAY 8 GB RAM LATE 2015","datePublished":"2017-03-16T10:43:13+00:00","mainEntityOfPage":{"@id":"https:\/\/www.letemsvetemapplem.eu\/bazar\/mac-21-5-4k-display-8-gb-ram-late-2015\/"},"wordCount":90,"commentCount":0,"image":{"@id":"https:\/\/www.letemsvetemapplem.eu\/bazar\/mac-21-5-4k-display-8-gb-ram-late-2015\/#primaryimage"},"thumbnailUrl":"https:\/\/www.letemsvetemapplem.eu\/bazar\/wp-content\/uploads\/2017\/03\/IMG_1589.jpg","keywords":["iMac"],"articleSection":["iMac"],"inLanguage":"cs","potentialAction":[{"@type":"CommentAction","name":"Comment","target":["https:\/\/www.letemsvetemapplem.eu\/bazar\/mac-21-5-4k-display-8-gb-ram-late-2015\/#respond"]}]},{"@type":"WebPage","@id":"https:\/\/www.letemsvetemapplem.eu\/bazar\/mac-21-5-4k-display-8-gb-ram-late-2015\/","url":"https:\/\/www.letemsvetemapplem.eu\/bazar\/mac-21-5-4k-display-8-gb-ram-late-2015\/","name":"MAC 21 5 4K DISPLAY 8 GB RAM LATE 2015 - Apple bazar","isPartOf":{"@id":"https:\/\/www.letemsvetemapplem.eu\/bazar\/#website"},"primaryImageOfPage":{"@id":"https:\/\/www.letemsvetemapplem.eu\/bazar\/mac-21-5-4k-display-8-gb-ram-late-2015\/#primaryimage"},"image":{"@id":"https:\/\/www.letemsvetemapplem.eu\/bazar\/mac-21-5-4k-display-8-gb-ram-late-2015\/#primaryimage"},"thumbnailUrl":"https:\/\/www.letemsvetemapplem.eu\/bazar\/wp-content\/uploads\/2017\/03\/IMG_1589.jpg","datePublished":"2017-03-16T10:43:13+00:00","author":{"@id":""},"breadcrumb":{"@id":"https:\/\/www.letemsvetemapplem.eu\/bazar\/mac-21-5-4k-display-8-gb-ram-late-2015\/#breadcrumb"},"inLanguage":"cs","potentialAction":[{"@type":"ReadAction","target":["https:\/\/www.letemsvetemapplem.eu\/bazar\/mac-21-5-4k-display-8-gb-ram-late-2015\/"]}]},{"@type":"ImageObject","inLanguage":"cs","@id":"https:\/\/www.letemsvetemapplem.eu\/bazar\/mac-21-5-4k-display-8-gb-ram-late-2015\/#primaryimage","url":"https:\/\/www.letemsvetemapplem.eu\/bazar\/wp-content\/uploads\/2017\/03\/IMG_1589.jpg","contentUrl":"https:\/\/www.letemsvetemapplem.eu\/bazar\/wp-content\/uploads\/2017\/03\/IMG_1589.jpg","width":3840,"height":2160},{"@type":"BreadcrumbList","@id":"https:\/\/www.letemsvetemapplem.eu\/bazar\/mac-21-5-4k-display-8-gb-ram-late-2015\/#breadcrumb","itemListElement":[{"@type":"ListItem","position":1,"name":"Apple Bazar","item":"https:\/\/www.letemsvetemapplem.eu\/bazar\/"},{"@type":"ListItem","position":2,"name":"MAC 21 5 4K DISPLAY 8 GB RAM LATE 2015"}]},{"@type":"WebSite","@id":"https:\/\/www.letemsvetemapplem.eu\/bazar\/#website","url":"https:\/\/www.letemsvetemapplem.eu\/bazar\/","name":"Apple bazar","description":"Oou\u017eit\u00e9 Apple produkty za skv\u011bl\u00e9 ceny","potentialAction":[{"@type":"SearchAction","target":{"@type":"EntryPoint","urlTemplate":"https:\/\/www.letemsvetemapplem.eu\/bazar\/?s={search_term_string}"},"query-input":{"@type":"PropertyValueSpecification","valueRequired":true,"valueName":"search_term_string"}}],"inLanguage":"cs"}]}},"_links":{"self":[{"href":"https:\/\/www.letemsvetemapplem.eu\/bazar\/wp-json\/wp\/v2\/posts\/19865","targetHints":{"allow":["GET"]}}],"collection":[{"href":"https:\/\/www.letemsvetemapplem.eu\/bazar\/wp-json\/wp\/v2\/posts"}],"about":[{"href":"https:\/\/www.letemsvetemapplem.eu\/bazar\/wp-json\/wp\/v2\/types\/post"}],"replies":[{"embeddable":true,"href":"https:\/\/www.letemsvetemapplem.eu\/bazar\/wp-json\/wp\/v2\/comments?post=19865"}],"version-history":[{"count":0,"href":"https:\/\/www.letemsvetemapplem.eu\/bazar\/wp-json\/wp\/v2\/posts\/19865\/revisions"}],"wp:featuredmedia":[{"embeddable":true,"href":"https:\/\/www.letemsvetemapplem.eu\/bazar\/wp-json\/wp\/v2\/media\/19866"}],"wp:attachment":[{"href":"https:\/\/www.letemsvetemapplem.eu\/bazar\/wp-json\/wp\/v2\/media?parent=19865"}],"wp:term":[{"taxonomy":"category","embeddable":true,"href":"https:\/\/www.letemsvetemapplem.eu\/bazar\/wp-json\/wp\/v2\/categories?post=19865"},{"taxonomy":"post_tag","embeddable":true,"href":"https:\/\/www.letemsvetemapplem.eu\/bazar\/wp-json\/wp\/v2\/tags?post=19865"}],"curies":[{"name":"wp","href":"https:\/\/api.w.org\/{rel}","templated":true}]}}