{"id":19523,"date":"2017-03-10T14:02:07","date_gmt":"2017-03-10T13:02:07","guid":{"rendered":"https:\/\/www.letemsvetemapplem.eu\/bazar\/?p=19523"},"modified":"2017-03-10T14:02:07","modified_gmt":"2017-03-10T13:02:07","slug":"imac-27-inch-late-2012","status":"publish","type":"post","link":"https:\/\/www.letemsvetemapplem.eu\/bazar\/imac-27-inch-late-2012\/","title":{"rendered":"iMac 27-inch, Late 2012"},"content":{"rendered":"<p>Apple iMac 27&quot;, Late 2012 Desktop \u2013 2,9 GHz Intel Core i5, 250GB Flash, 24GB 1600 MHz DDR3, NVIDIA GeForce GTX 660M 512 MB, macOS Sierra <\/p>\n<p>Funk\u010dn\u011b naprosto v po\u0159\u00e1dku. <\/p>\n<p>P\u0159i pln\u00e9m obrazov\u00e9m zobrazen\u00ed b\u00edl\u00e9 barvy v doln\u00edch roz\u00edch \u0161ed\u00e9 skvrny &#8211; viz foto.<\/p>\n","protected":false},"excerpt":{"rendered":"<p>Apple iMac 27&quot;, Late 2012 Desktop \u2013 2,9 GHz Intel Core i5, 250GB Flash, 24GB 1600 MHz DDR3, NVIDIA GeForce GTX 660M 512 MB, macOS Sierra Funk\u010dn\u011b naprosto v po\u0159\u00e1dku. P\u0159i pln\u00e9m obrazov\u00e9m zobrazen\u00ed b\u00edl\u00e9 barvy v doln\u00edch roz\u00edch \u0161ed\u00e9 skvrny &#8211; viz foto.<\/p>\n","protected":false},"author":0,"featured_media":19524,"comment_status":"open","ping_status":"open","sticky":false,"template":"","format":"standard","meta":{"footnotes":""},"categories":[41],"tags":[77],"class_list":["post-19523","post","type-post","status-publish","format-standard","has-post-thumbnail","hentry","category-imac","tag-imac"],"yoast_head":"<!-- This site is optimized with the Yoast SEO plugin v27.2 - https:\/\/yoast.com\/product\/yoast-seo-wordpress\/ -->\n<title>iMac 27-inch, Late 2012 - Apple bazar<\/title>\n<meta name=\"robots\" content=\"index, follow, max-snippet:-1, max-image-preview:large, max-video-preview:-1\" \/>\n<link rel=\"canonical\" href=\"https:\/\/www.letemsvetemapplem.eu\/bazar\/imac-27-inch-late-2012\/\" \/>\n<meta property=\"og:locale\" content=\"cs_CZ\" \/>\n<meta property=\"og:type\" content=\"article\" \/>\n<meta property=\"og:title\" content=\"iMac 27-inch, Late 2012 - Apple bazar\" \/>\n<meta property=\"og:description\" content=\"Apple iMac 27&quot;, Late 2012 Desktop \u2013 2,9 GHz Intel Core i5, 250GB Flash, 24GB 1600 MHz DDR3, NVIDIA GeForce GTX 660M 512 MB, macOS Sierra Funk\u010dn\u011b naprosto v po\u0159\u00e1dku. P\u0159i pln\u00e9m obrazov\u00e9m zobrazen\u00ed b\u00edl\u00e9 barvy v doln\u00edch roz\u00edch \u0161ed\u00e9 skvrny &#8211; viz foto.\" \/>\n<meta property=\"og:url\" content=\"https:\/\/www.letemsvetemapplem.eu\/bazar\/imac-27-inch-late-2012\/\" \/>\n<meta property=\"og:site_name\" content=\"Apple bazar\" \/>\n<meta property=\"article:published_time\" content=\"2017-03-10T13:02:07+00:00\" \/>\n<meta property=\"og:image\" content=\"https:\/\/www.letemsvetemapplem.eu\/bazar\/wp-content\/uploads\/2017\/03\/IMG_1987.jpg\" \/>\n\t<meta property=\"og:image:width\" content=\"2772\" \/>\n\t<meta property=\"og:image:height\" content=\"3646\" \/>\n\t<meta property=\"og:image:type\" content=\"image\/jpeg\" \/>\n<meta name=\"twitter:card\" content=\"summary_large_image\" \/>\n<script type=\"application\/ld+json\" class=\"yoast-schema-graph\">{\"@context\":\"https:\/\/schema.org\",\"@graph\":[{\"@type\":\"Article\",\"@id\":\"https:\/\/www.letemsvetemapplem.eu\/bazar\/imac-27-inch-late-2012\/#article\",\"isPartOf\":{\"@id\":\"https:\/\/www.letemsvetemapplem.eu\/bazar\/imac-27-inch-late-2012\/\"},\"author\":{\"name\":\"\",\"@id\":\"\"},\"headline\":\"iMac 27-inch, Late 2012\",\"datePublished\":\"2017-03-10T13:02:07+00:00\",\"mainEntityOfPage\":{\"@id\":\"https:\/\/www.letemsvetemapplem.eu\/bazar\/imac-27-inch-late-2012\/\"},\"wordCount\":50,\"commentCount\":0,\"image\":{\"@id\":\"https:\/\/www.letemsvetemapplem.eu\/bazar\/imac-27-inch-late-2012\/#primaryimage\"},\"thumbnailUrl\":\"https:\/\/www.letemsvetemapplem.eu\/bazar\/wp-content\/uploads\/2017\/03\/IMG_1987.jpg\",\"keywords\":[\"iMac\"],\"articleSection\":[\"iMac\"],\"inLanguage\":\"cs\",\"potentialAction\":[{\"@type\":\"CommentAction\",\"name\":\"Comment\",\"target\":[\"https:\/\/www.letemsvetemapplem.eu\/bazar\/imac-27-inch-late-2012\/#respond\"]}]},{\"@type\":\"WebPage\",\"@id\":\"https:\/\/www.letemsvetemapplem.eu\/bazar\/imac-27-inch-late-2012\/\",\"url\":\"https:\/\/www.letemsvetemapplem.eu\/bazar\/imac-27-inch-late-2012\/\",\"name\":\"iMac 27-inch, Late 2012 - Apple bazar\",\"isPartOf\":{\"@id\":\"https:\/\/www.letemsvetemapplem.eu\/bazar\/#website\"},\"primaryImageOfPage\":{\"@id\":\"https:\/\/www.letemsvetemapplem.eu\/bazar\/imac-27-inch-late-2012\/#primaryimage\"},\"image\":{\"@id\":\"https:\/\/www.letemsvetemapplem.eu\/bazar\/imac-27-inch-late-2012\/#primaryimage\"},\"thumbnailUrl\":\"https:\/\/www.letemsvetemapplem.eu\/bazar\/wp-content\/uploads\/2017\/03\/IMG_1987.jpg\",\"datePublished\":\"2017-03-10T13:02:07+00:00\",\"author\":{\"@id\":\"\"},\"breadcrumb\":{\"@id\":\"https:\/\/www.letemsvetemapplem.eu\/bazar\/imac-27-inch-late-2012\/#breadcrumb\"},\"inLanguage\":\"cs\",\"potentialAction\":[{\"@type\":\"ReadAction\",\"target\":[\"https:\/\/www.letemsvetemapplem.eu\/bazar\/imac-27-inch-late-2012\/\"]}]},{\"@type\":\"ImageObject\",\"inLanguage\":\"cs\",\"@id\":\"https:\/\/www.letemsvetemapplem.eu\/bazar\/imac-27-inch-late-2012\/#primaryimage\",\"url\":\"https:\/\/www.letemsvetemapplem.eu\/bazar\/wp-content\/uploads\/2017\/03\/IMG_1987.jpg\",\"contentUrl\":\"https:\/\/www.letemsvetemapplem.eu\/bazar\/wp-content\/uploads\/2017\/03\/IMG_1987.jpg\",\"width\":2772,\"height\":3646},{\"@type\":\"BreadcrumbList\",\"@id\":\"https:\/\/www.letemsvetemapplem.eu\/bazar\/imac-27-inch-late-2012\/#breadcrumb\",\"itemListElement\":[{\"@type\":\"ListItem\",\"position\":1,\"name\":\"Apple Bazar\",\"item\":\"https:\/\/www.letemsvetemapplem.eu\/bazar\/\"},{\"@type\":\"ListItem\",\"position\":2,\"name\":\"iMac 27-inch, Late 2012\"}]},{\"@type\":\"WebSite\",\"@id\":\"https:\/\/www.letemsvetemapplem.eu\/bazar\/#website\",\"url\":\"https:\/\/www.letemsvetemapplem.eu\/bazar\/\",\"name\":\"Apple bazar\",\"description\":\"Oou\u017eit\u00e9 Apple produkty za skv\u011bl\u00e9 ceny\",\"potentialAction\":[{\"@type\":\"SearchAction\",\"target\":{\"@type\":\"EntryPoint\",\"urlTemplate\":\"https:\/\/www.letemsvetemapplem.eu\/bazar\/?s={search_term_string}\"},\"query-input\":{\"@type\":\"PropertyValueSpecification\",\"valueRequired\":true,\"valueName\":\"search_term_string\"}}],\"inLanguage\":\"cs\"}]}<\/script>\n<!-- \/ Yoast SEO plugin. -->","yoast_head_json":{"title":"iMac 27-inch, Late 2012 - Apple bazar","robots":{"index":"index","follow":"follow","max-snippet":"max-snippet:-1","max-image-preview":"max-image-preview:large","max-video-preview":"max-video-preview:-1"},"canonical":"https:\/\/www.letemsvetemapplem.eu\/bazar\/imac-27-inch-late-2012\/","og_locale":"cs_CZ","og_type":"article","og_title":"iMac 27-inch, Late 2012 - Apple bazar","og_description":"Apple iMac 27&quot;, Late 2012 Desktop \u2013 2,9 GHz Intel Core i5, 250GB Flash, 24GB 1600 MHz DDR3, NVIDIA GeForce GTX 660M 512 MB, macOS Sierra Funk\u010dn\u011b naprosto v po\u0159\u00e1dku. P\u0159i pln\u00e9m obrazov\u00e9m zobrazen\u00ed b\u00edl\u00e9 barvy v doln\u00edch roz\u00edch \u0161ed\u00e9 skvrny &#8211; viz foto.","og_url":"https:\/\/www.letemsvetemapplem.eu\/bazar\/imac-27-inch-late-2012\/","og_site_name":"Apple bazar","article_published_time":"2017-03-10T13:02:07+00:00","og_image":[{"width":2772,"height":3646,"url":"https:\/\/www.letemsvetemapplem.eu\/bazar\/wp-content\/uploads\/2017\/03\/IMG_1987.jpg","type":"image\/jpeg"}],"twitter_card":"summary_large_image","schema":{"@context":"https:\/\/schema.org","@graph":[{"@type":"Article","@id":"https:\/\/www.letemsvetemapplem.eu\/bazar\/imac-27-inch-late-2012\/#article","isPartOf":{"@id":"https:\/\/www.letemsvetemapplem.eu\/bazar\/imac-27-inch-late-2012\/"},"author":{"name":"","@id":""},"headline":"iMac 27-inch, Late 2012","datePublished":"2017-03-10T13:02:07+00:00","mainEntityOfPage":{"@id":"https:\/\/www.letemsvetemapplem.eu\/bazar\/imac-27-inch-late-2012\/"},"wordCount":50,"commentCount":0,"image":{"@id":"https:\/\/www.letemsvetemapplem.eu\/bazar\/imac-27-inch-late-2012\/#primaryimage"},"thumbnailUrl":"https:\/\/www.letemsvetemapplem.eu\/bazar\/wp-content\/uploads\/2017\/03\/IMG_1987.jpg","keywords":["iMac"],"articleSection":["iMac"],"inLanguage":"cs","potentialAction":[{"@type":"CommentAction","name":"Comment","target":["https:\/\/www.letemsvetemapplem.eu\/bazar\/imac-27-inch-late-2012\/#respond"]}]},{"@type":"WebPage","@id":"https:\/\/www.letemsvetemapplem.eu\/bazar\/imac-27-inch-late-2012\/","url":"https:\/\/www.letemsvetemapplem.eu\/bazar\/imac-27-inch-late-2012\/","name":"iMac 27-inch, Late 2012 - Apple bazar","isPartOf":{"@id":"https:\/\/www.letemsvetemapplem.eu\/bazar\/#website"},"primaryImageOfPage":{"@id":"https:\/\/www.letemsvetemapplem.eu\/bazar\/imac-27-inch-late-2012\/#primaryimage"},"image":{"@id":"https:\/\/www.letemsvetemapplem.eu\/bazar\/imac-27-inch-late-2012\/#primaryimage"},"thumbnailUrl":"https:\/\/www.letemsvetemapplem.eu\/bazar\/wp-content\/uploads\/2017\/03\/IMG_1987.jpg","datePublished":"2017-03-10T13:02:07+00:00","author":{"@id":""},"breadcrumb":{"@id":"https:\/\/www.letemsvetemapplem.eu\/bazar\/imac-27-inch-late-2012\/#breadcrumb"},"inLanguage":"cs","potentialAction":[{"@type":"ReadAction","target":["https:\/\/www.letemsvetemapplem.eu\/bazar\/imac-27-inch-late-2012\/"]}]},{"@type":"ImageObject","inLanguage":"cs","@id":"https:\/\/www.letemsvetemapplem.eu\/bazar\/imac-27-inch-late-2012\/#primaryimage","url":"https:\/\/www.letemsvetemapplem.eu\/bazar\/wp-content\/uploads\/2017\/03\/IMG_1987.jpg","contentUrl":"https:\/\/www.letemsvetemapplem.eu\/bazar\/wp-content\/uploads\/2017\/03\/IMG_1987.jpg","width":2772,"height":3646},{"@type":"BreadcrumbList","@id":"https:\/\/www.letemsvetemapplem.eu\/bazar\/imac-27-inch-late-2012\/#breadcrumb","itemListElement":[{"@type":"ListItem","position":1,"name":"Apple Bazar","item":"https:\/\/www.letemsvetemapplem.eu\/bazar\/"},{"@type":"ListItem","position":2,"name":"iMac 27-inch, Late 2012"}]},{"@type":"WebSite","@id":"https:\/\/www.letemsvetemapplem.eu\/bazar\/#website","url":"https:\/\/www.letemsvetemapplem.eu\/bazar\/","name":"Apple bazar","description":"Oou\u017eit\u00e9 Apple produkty za skv\u011bl\u00e9 ceny","potentialAction":[{"@type":"SearchAction","target":{"@type":"EntryPoint","urlTemplate":"https:\/\/www.letemsvetemapplem.eu\/bazar\/?s={search_term_string}"},"query-input":{"@type":"PropertyValueSpecification","valueRequired":true,"valueName":"search_term_string"}}],"inLanguage":"cs"}]}},"_links":{"self":[{"href":"https:\/\/www.letemsvetemapplem.eu\/bazar\/wp-json\/wp\/v2\/posts\/19523","targetHints":{"allow":["GET"]}}],"collection":[{"href":"https:\/\/www.letemsvetemapplem.eu\/bazar\/wp-json\/wp\/v2\/posts"}],"about":[{"href":"https:\/\/www.letemsvetemapplem.eu\/bazar\/wp-json\/wp\/v2\/types\/post"}],"replies":[{"embeddable":true,"href":"https:\/\/www.letemsvetemapplem.eu\/bazar\/wp-json\/wp\/v2\/comments?post=19523"}],"version-history":[{"count":0,"href":"https:\/\/www.letemsvetemapplem.eu\/bazar\/wp-json\/wp\/v2\/posts\/19523\/revisions"}],"wp:featuredmedia":[{"embeddable":true,"href":"https:\/\/www.letemsvetemapplem.eu\/bazar\/wp-json\/wp\/v2\/media\/19524"}],"wp:attachment":[{"href":"https:\/\/www.letemsvetemapplem.eu\/bazar\/wp-json\/wp\/v2\/media?parent=19523"}],"wp:term":[{"taxonomy":"category","embeddable":true,"href":"https:\/\/www.letemsvetemapplem.eu\/bazar\/wp-json\/wp\/v2\/categories?post=19523"},{"taxonomy":"post_tag","embeddable":true,"href":"https:\/\/www.letemsvetemapplem.eu\/bazar\/wp-json\/wp\/v2\/tags?post=19523"}],"curies":[{"name":"wp","href":"https:\/\/api.w.org\/{rel}","templated":true}]}}