{"id":194890,"date":"2020-05-29T22:16:00","date_gmt":"2020-05-29T21:16:00","guid":{"rendered":"https:\/\/www.letemsvetemapplem.eu\/bazar\/?p=194890"},"modified":"2020-05-29T22:16:00","modified_gmt":"2020-05-29T21:16:00","slug":"prodam-mac-mini-2014-top-stav","status":"publish","type":"post","link":"https:\/\/www.letemsvetemapplem.eu\/bazar\/prodam-mac-mini-2014-top-stav\/","title":{"rendered":"Prod\u00e1m Mac mini 2014 &#8211; TOP STAV"},"content":{"rendered":"<p>Prod\u00e1m Mac mini 2014. PLN\u011a FUNK\u010cN\u00cd, MINIM\u00c1LN\u011a POU\u017d\u00cdVAN\u00dd, TOP STAV!!!!<br \/>\nProcesor<br \/>\n-1.4GHz i5<br \/>\n\u00dalo\u017ei\u0161t\u011b<br \/>\n-500GB HDD<br \/>\nOpera\u010dn\u00ed pam\u011b\u0165 RAM<br \/>\n-4 GB 1600MHz pam\u011bti<br \/>\nKompletn\u00ed balen\u00ed, zakoupen v iSetos.<br \/>\nPouze osobn\u00ed odb\u011br. <\/p>\n","protected":false},"excerpt":{"rendered":"<p>Prod\u00e1m Mac mini 2014. PLN\u011a FUNK\u010cN\u00cd, MINIM\u00c1LN\u011a POU\u017d\u00cdVAN\u00dd, TOP STAV!!!! Procesor -1.4GHz i5 \u00dalo\u017ei\u0161t\u011b -500GB HDD Opera\u010dn\u00ed pam\u011b\u0165 RAM -4 GB 1600MHz pam\u011bti Kompletn\u00ed balen\u00ed, zakoupen v iSetos. Pouze osobn\u00ed odb\u011br.<\/p>\n","protected":false},"author":0,"featured_media":194891,"comment_status":"closed","ping_status":"closed","sticky":false,"template":"","format":"standard","meta":{"footnotes":""},"categories":[44],"tags":[],"class_list":["post-194890","post","type-post","status-publish","format-standard","has-post-thumbnail","hentry","category-mac-mini"],"yoast_head":"<!-- This site is optimized with the Yoast SEO plugin v27.2 - https:\/\/yoast.com\/product\/yoast-seo-wordpress\/ -->\n<title>Prod\u00e1m Mac mini 2014 - TOP STAV - Apple bazar<\/title>\n<meta name=\"robots\" content=\"index, follow, max-snippet:-1, max-image-preview:large, max-video-preview:-1\" \/>\n<link rel=\"canonical\" href=\"https:\/\/www.letemsvetemapplem.eu\/bazar\/prodam-mac-mini-2014-top-stav\/\" \/>\n<meta property=\"og:locale\" content=\"cs_CZ\" \/>\n<meta property=\"og:type\" content=\"article\" \/>\n<meta property=\"og:title\" content=\"Prod\u00e1m Mac mini 2014 - TOP STAV - Apple bazar\" \/>\n<meta property=\"og:description\" content=\"Prod\u00e1m Mac mini 2014. PLN\u011a FUNK\u010cN\u00cd, MINIM\u00c1LN\u011a POU\u017d\u00cdVAN\u00dd, TOP STAV!!!! Procesor -1.4GHz i5 \u00dalo\u017ei\u0161t\u011b -500GB HDD Opera\u010dn\u00ed pam\u011b\u0165 RAM -4 GB 1600MHz pam\u011bti Kompletn\u00ed balen\u00ed, zakoupen v iSetos. Pouze osobn\u00ed odb\u011br.\" \/>\n<meta property=\"og:url\" content=\"https:\/\/www.letemsvetemapplem.eu\/bazar\/prodam-mac-mini-2014-top-stav\/\" \/>\n<meta property=\"og:site_name\" content=\"Apple bazar\" \/>\n<meta property=\"article:published_time\" content=\"2020-05-29T21:16:00+00:00\" \/>\n<meta property=\"og:image\" content=\"https:\/\/www.letemsvetemapplem.eu\/bazar\/wp-content\/uploads\/2020\/05\/BA3C428E-C9FE-4EA5-A4A0-D78457CEE0DF-scaled.jpeg\" \/>\n\t<meta property=\"og:image:width\" content=\"1919\" \/>\n\t<meta property=\"og:image:height\" content=\"2560\" \/>\n\t<meta property=\"og:image:type\" content=\"image\/jpeg\" \/>\n<meta name=\"twitter:card\" content=\"summary_large_image\" \/>\n<script type=\"application\/ld+json\" class=\"yoast-schema-graph\">{\"@context\":\"https:\/\/schema.org\",\"@graph\":[{\"@type\":\"Article\",\"@id\":\"https:\/\/www.letemsvetemapplem.eu\/bazar\/prodam-mac-mini-2014-top-stav\/#article\",\"isPartOf\":{\"@id\":\"https:\/\/www.letemsvetemapplem.eu\/bazar\/prodam-mac-mini-2014-top-stav\/\"},\"author\":{\"name\":\"\",\"@id\":\"\"},\"headline\":\"Prod\u00e1m Mac mini 2014 &#8211; TOP STAV\",\"datePublished\":\"2020-05-29T21:16:00+00:00\",\"mainEntityOfPage\":{\"@id\":\"https:\/\/www.letemsvetemapplem.eu\/bazar\/prodam-mac-mini-2014-top-stav\/\"},\"wordCount\":48,\"image\":{\"@id\":\"https:\/\/www.letemsvetemapplem.eu\/bazar\/prodam-mac-mini-2014-top-stav\/#primaryimage\"},\"thumbnailUrl\":\"https:\/\/www.letemsvetemapplem.eu\/bazar\/wp-content\/uploads\/2020\/05\/BA3C428E-C9FE-4EA5-A4A0-D78457CEE0DF-scaled.jpeg\",\"articleSection\":[\"Mac mini\"],\"inLanguage\":\"cs\"},{\"@type\":\"WebPage\",\"@id\":\"https:\/\/www.letemsvetemapplem.eu\/bazar\/prodam-mac-mini-2014-top-stav\/\",\"url\":\"https:\/\/www.letemsvetemapplem.eu\/bazar\/prodam-mac-mini-2014-top-stav\/\",\"name\":\"Prod\u00e1m Mac mini 2014 - TOP STAV - Apple bazar\",\"isPartOf\":{\"@id\":\"https:\/\/www.letemsvetemapplem.eu\/bazar\/#website\"},\"primaryImageOfPage\":{\"@id\":\"https:\/\/www.letemsvetemapplem.eu\/bazar\/prodam-mac-mini-2014-top-stav\/#primaryimage\"},\"image\":{\"@id\":\"https:\/\/www.letemsvetemapplem.eu\/bazar\/prodam-mac-mini-2014-top-stav\/#primaryimage\"},\"thumbnailUrl\":\"https:\/\/www.letemsvetemapplem.eu\/bazar\/wp-content\/uploads\/2020\/05\/BA3C428E-C9FE-4EA5-A4A0-D78457CEE0DF-scaled.jpeg\",\"datePublished\":\"2020-05-29T21:16:00+00:00\",\"author\":{\"@id\":\"\"},\"breadcrumb\":{\"@id\":\"https:\/\/www.letemsvetemapplem.eu\/bazar\/prodam-mac-mini-2014-top-stav\/#breadcrumb\"},\"inLanguage\":\"cs\",\"potentialAction\":[{\"@type\":\"ReadAction\",\"target\":[\"https:\/\/www.letemsvetemapplem.eu\/bazar\/prodam-mac-mini-2014-top-stav\/\"]}]},{\"@type\":\"ImageObject\",\"inLanguage\":\"cs\",\"@id\":\"https:\/\/www.letemsvetemapplem.eu\/bazar\/prodam-mac-mini-2014-top-stav\/#primaryimage\",\"url\":\"https:\/\/www.letemsvetemapplem.eu\/bazar\/wp-content\/uploads\/2020\/05\/BA3C428E-C9FE-4EA5-A4A0-D78457CEE0DF-scaled.jpeg\",\"contentUrl\":\"https:\/\/www.letemsvetemapplem.eu\/bazar\/wp-content\/uploads\/2020\/05\/BA3C428E-C9FE-4EA5-A4A0-D78457CEE0DF-scaled.jpeg\",\"width\":1919,\"height\":2560},{\"@type\":\"BreadcrumbList\",\"@id\":\"https:\/\/www.letemsvetemapplem.eu\/bazar\/prodam-mac-mini-2014-top-stav\/#breadcrumb\",\"itemListElement\":[{\"@type\":\"ListItem\",\"position\":1,\"name\":\"Apple Bazar\",\"item\":\"https:\/\/www.letemsvetemapplem.eu\/bazar\/\"},{\"@type\":\"ListItem\",\"position\":2,\"name\":\"Prod\u00e1m Mac mini 2014 &#8211; TOP STAV\"}]},{\"@type\":\"WebSite\",\"@id\":\"https:\/\/www.letemsvetemapplem.eu\/bazar\/#website\",\"url\":\"https:\/\/www.letemsvetemapplem.eu\/bazar\/\",\"name\":\"Apple bazar\",\"description\":\"Oou\u017eit\u00e9 Apple produkty za skv\u011bl\u00e9 ceny\",\"potentialAction\":[{\"@type\":\"SearchAction\",\"target\":{\"@type\":\"EntryPoint\",\"urlTemplate\":\"https:\/\/www.letemsvetemapplem.eu\/bazar\/?s={search_term_string}\"},\"query-input\":{\"@type\":\"PropertyValueSpecification\",\"valueRequired\":true,\"valueName\":\"search_term_string\"}}],\"inLanguage\":\"cs\"}]}<\/script>\n<!-- \/ Yoast SEO plugin. -->","yoast_head_json":{"title":"Prod\u00e1m Mac mini 2014 - TOP STAV - Apple bazar","robots":{"index":"index","follow":"follow","max-snippet":"max-snippet:-1","max-image-preview":"max-image-preview:large","max-video-preview":"max-video-preview:-1"},"canonical":"https:\/\/www.letemsvetemapplem.eu\/bazar\/prodam-mac-mini-2014-top-stav\/","og_locale":"cs_CZ","og_type":"article","og_title":"Prod\u00e1m Mac mini 2014 - TOP STAV - Apple bazar","og_description":"Prod\u00e1m Mac mini 2014. PLN\u011a FUNK\u010cN\u00cd, MINIM\u00c1LN\u011a POU\u017d\u00cdVAN\u00dd, TOP STAV!!!! Procesor -1.4GHz i5 \u00dalo\u017ei\u0161t\u011b -500GB HDD Opera\u010dn\u00ed pam\u011b\u0165 RAM -4 GB 1600MHz pam\u011bti Kompletn\u00ed balen\u00ed, zakoupen v iSetos. Pouze osobn\u00ed odb\u011br.","og_url":"https:\/\/www.letemsvetemapplem.eu\/bazar\/prodam-mac-mini-2014-top-stav\/","og_site_name":"Apple bazar","article_published_time":"2020-05-29T21:16:00+00:00","og_image":[{"width":1919,"height":2560,"url":"https:\/\/www.letemsvetemapplem.eu\/bazar\/wp-content\/uploads\/2020\/05\/BA3C428E-C9FE-4EA5-A4A0-D78457CEE0DF-scaled.jpeg","type":"image\/jpeg"}],"twitter_card":"summary_large_image","schema":{"@context":"https:\/\/schema.org","@graph":[{"@type":"Article","@id":"https:\/\/www.letemsvetemapplem.eu\/bazar\/prodam-mac-mini-2014-top-stav\/#article","isPartOf":{"@id":"https:\/\/www.letemsvetemapplem.eu\/bazar\/prodam-mac-mini-2014-top-stav\/"},"author":{"name":"","@id":""},"headline":"Prod\u00e1m Mac mini 2014 &#8211; TOP STAV","datePublished":"2020-05-29T21:16:00+00:00","mainEntityOfPage":{"@id":"https:\/\/www.letemsvetemapplem.eu\/bazar\/prodam-mac-mini-2014-top-stav\/"},"wordCount":48,"image":{"@id":"https:\/\/www.letemsvetemapplem.eu\/bazar\/prodam-mac-mini-2014-top-stav\/#primaryimage"},"thumbnailUrl":"https:\/\/www.letemsvetemapplem.eu\/bazar\/wp-content\/uploads\/2020\/05\/BA3C428E-C9FE-4EA5-A4A0-D78457CEE0DF-scaled.jpeg","articleSection":["Mac mini"],"inLanguage":"cs"},{"@type":"WebPage","@id":"https:\/\/www.letemsvetemapplem.eu\/bazar\/prodam-mac-mini-2014-top-stav\/","url":"https:\/\/www.letemsvetemapplem.eu\/bazar\/prodam-mac-mini-2014-top-stav\/","name":"Prod\u00e1m Mac mini 2014 - TOP STAV - Apple bazar","isPartOf":{"@id":"https:\/\/www.letemsvetemapplem.eu\/bazar\/#website"},"primaryImageOfPage":{"@id":"https:\/\/www.letemsvetemapplem.eu\/bazar\/prodam-mac-mini-2014-top-stav\/#primaryimage"},"image":{"@id":"https:\/\/www.letemsvetemapplem.eu\/bazar\/prodam-mac-mini-2014-top-stav\/#primaryimage"},"thumbnailUrl":"https:\/\/www.letemsvetemapplem.eu\/bazar\/wp-content\/uploads\/2020\/05\/BA3C428E-C9FE-4EA5-A4A0-D78457CEE0DF-scaled.jpeg","datePublished":"2020-05-29T21:16:00+00:00","author":{"@id":""},"breadcrumb":{"@id":"https:\/\/www.letemsvetemapplem.eu\/bazar\/prodam-mac-mini-2014-top-stav\/#breadcrumb"},"inLanguage":"cs","potentialAction":[{"@type":"ReadAction","target":["https:\/\/www.letemsvetemapplem.eu\/bazar\/prodam-mac-mini-2014-top-stav\/"]}]},{"@type":"ImageObject","inLanguage":"cs","@id":"https:\/\/www.letemsvetemapplem.eu\/bazar\/prodam-mac-mini-2014-top-stav\/#primaryimage","url":"https:\/\/www.letemsvetemapplem.eu\/bazar\/wp-content\/uploads\/2020\/05\/BA3C428E-C9FE-4EA5-A4A0-D78457CEE0DF-scaled.jpeg","contentUrl":"https:\/\/www.letemsvetemapplem.eu\/bazar\/wp-content\/uploads\/2020\/05\/BA3C428E-C9FE-4EA5-A4A0-D78457CEE0DF-scaled.jpeg","width":1919,"height":2560},{"@type":"BreadcrumbList","@id":"https:\/\/www.letemsvetemapplem.eu\/bazar\/prodam-mac-mini-2014-top-stav\/#breadcrumb","itemListElement":[{"@type":"ListItem","position":1,"name":"Apple Bazar","item":"https:\/\/www.letemsvetemapplem.eu\/bazar\/"},{"@type":"ListItem","position":2,"name":"Prod\u00e1m Mac mini 2014 &#8211; TOP STAV"}]},{"@type":"WebSite","@id":"https:\/\/www.letemsvetemapplem.eu\/bazar\/#website","url":"https:\/\/www.letemsvetemapplem.eu\/bazar\/","name":"Apple bazar","description":"Oou\u017eit\u00e9 Apple produkty za skv\u011bl\u00e9 ceny","potentialAction":[{"@type":"SearchAction","target":{"@type":"EntryPoint","urlTemplate":"https:\/\/www.letemsvetemapplem.eu\/bazar\/?s={search_term_string}"},"query-input":{"@type":"PropertyValueSpecification","valueRequired":true,"valueName":"search_term_string"}}],"inLanguage":"cs"}]}},"_links":{"self":[{"href":"https:\/\/www.letemsvetemapplem.eu\/bazar\/wp-json\/wp\/v2\/posts\/194890","targetHints":{"allow":["GET"]}}],"collection":[{"href":"https:\/\/www.letemsvetemapplem.eu\/bazar\/wp-json\/wp\/v2\/posts"}],"about":[{"href":"https:\/\/www.letemsvetemapplem.eu\/bazar\/wp-json\/wp\/v2\/types\/post"}],"replies":[{"embeddable":true,"href":"https:\/\/www.letemsvetemapplem.eu\/bazar\/wp-json\/wp\/v2\/comments?post=194890"}],"version-history":[{"count":1,"href":"https:\/\/www.letemsvetemapplem.eu\/bazar\/wp-json\/wp\/v2\/posts\/194890\/revisions"}],"predecessor-version":[{"id":194896,"href":"https:\/\/www.letemsvetemapplem.eu\/bazar\/wp-json\/wp\/v2\/posts\/194890\/revisions\/194896"}],"wp:featuredmedia":[{"embeddable":true,"href":"https:\/\/www.letemsvetemapplem.eu\/bazar\/wp-json\/wp\/v2\/media\/194891"}],"wp:attachment":[{"href":"https:\/\/www.letemsvetemapplem.eu\/bazar\/wp-json\/wp\/v2\/media?parent=194890"}],"wp:term":[{"taxonomy":"category","embeddable":true,"href":"https:\/\/www.letemsvetemapplem.eu\/bazar\/wp-json\/wp\/v2\/categories?post=194890"},{"taxonomy":"post_tag","embeddable":true,"href":"https:\/\/www.letemsvetemapplem.eu\/bazar\/wp-json\/wp\/v2\/tags?post=194890"}],"curies":[{"name":"wp","href":"https:\/\/api.w.org\/{rel}","templated":true}]}}