{"id":193300,"date":"2020-05-10T15:13:29","date_gmt":"2020-05-10T14:13:29","guid":{"rendered":"https:\/\/www.letemsvetemapplem.eu\/bazar\/?p=193300"},"modified":"2020-05-10T15:13:29","modified_gmt":"2020-05-10T14:13:29","slug":"macbook-pro-13-2019-touch-bar-zaruka-2","status":"publish","type":"post","link":"https:\/\/www.letemsvetemapplem.eu\/bazar\/macbook-pro-13-2019-touch-bar-zaruka-2\/","title":{"rendered":"MacBook Pro 13&quot; 2019, Touch Bar, Z\u00e1ruka"},"content":{"rendered":"<p>Prod\u00e1m 7 m\u011bs\u00edc\u016f star\u00fd MacBook Pro 13&quot;. Minim\u00e1ln\u011b pou\u017e\u00edvan\u00fd. Stejn\u00e1 konfigurace jako zde (https:\/\/istyle.cz\/macbook-pro-13-128gb-1-4ghz-touch-bar-a-touch-id-vesmirne-sedy-muhn2cz.html)<\/p>\n<p>Nenese \u017e\u00e1dn\u00e9 zn\u00e1mky pou\u017e\u00edv\u00e1n\u00ed. Bez \u0161kr\u00e1banc\u016f a od\u011brk\u016f.<br \/>\nNotebook dod\u00e1m v origin\u00e1ln\u00edm balen\u00ed s origin\u00e1ln\u00ed nab\u00edje\u010dkou, kter\u00e1 taky nejev\u00ed \u017e\u00e1dn\u00e9 zn\u00e1mky pou\u017e\u00edv\u00e1n\u00ed. P\u0159ihod\u00edm k tomu i iStyle HUB 4K s HDMI, 2x USB port, 1x USB-C a l\u00e1tkov\u00fd vak na Notebook.<\/p>\n<p>Kupov\u00e1no v 14.10.2019 v iStyle na Chodov\u011b.<br \/>\nPo\u0159izovac\u00ed cena v\u010detn\u011b iStyle HUB: 40.689,00 K\u010d<\/p>\n<p>Pouze osobn\u00ed odb\u011br v Praze.<\/p>\n<p>Touch Bar, Intel i5, 8GB Ram, 128GB SSD Disk v proveden\u00ed Space Grey<\/p>\n","protected":false},"excerpt":{"rendered":"<p>Prod\u00e1m 7 m\u011bs\u00edc\u016f star\u00fd MacBook Pro 13&quot;. Minim\u00e1ln\u011b pou\u017e\u00edvan\u00fd. Stejn\u00e1 konfigurace jako zde (https:\/\/istyle.cz\/macbook-pro-13-128gb-1-4ghz-touch-bar-a-touch-id-vesmirne-sedy-muhn2cz.html) Nenese \u017e\u00e1dn\u00e9 zn\u00e1mky pou\u017e\u00edv\u00e1n\u00ed. Bez \u0161kr\u00e1banc\u016f a od\u011brk\u016f. Notebook dod\u00e1m v origin\u00e1ln\u00edm balen\u00ed s origin\u00e1ln\u00ed nab\u00edje\u010dkou, kter\u00e1 taky nejev\u00ed \u017e\u00e1dn\u00e9 zn\u00e1mky pou\u017e\u00edv\u00e1n\u00ed. P\u0159ihod\u00edm k tomu i iStyle HUB 4K s HDMI, 2x USB port, 1x USB-C a l\u00e1tkov\u00fd vak na Notebook&#8230;.<\/p>\n","protected":false},"author":0,"featured_media":193301,"comment_status":"closed","ping_status":"closed","sticky":false,"template":"","format":"standard","meta":{"footnotes":""},"categories":[48],"tags":[],"class_list":["post-193300","post","type-post","status-publish","format-standard","has-post-thumbnail","hentry","category-macbook-pro"],"yoast_head":"<!-- This site is optimized with the Yoast SEO plugin v27.5 - https:\/\/yoast.com\/product\/yoast-seo-wordpress\/ -->\n<title>MacBook Pro 13&quot; 2019, Touch Bar, Z\u00e1ruka - Apple bazar<\/title>\n<meta name=\"robots\" content=\"index, follow, max-snippet:-1, max-image-preview:large, max-video-preview:-1\" \/>\n<link rel=\"canonical\" href=\"https:\/\/www.letemsvetemapplem.eu\/bazar\/macbook-pro-13-2019-touch-bar-zaruka-2\/\" \/>\n<meta property=\"og:locale\" content=\"cs_CZ\" \/>\n<meta property=\"og:type\" content=\"article\" \/>\n<meta property=\"og:title\" content=\"MacBook Pro 13&quot; 2019, Touch Bar, Z\u00e1ruka - Apple bazar\" \/>\n<meta property=\"og:description\" content=\"Prod\u00e1m 7 m\u011bs\u00edc\u016f star\u00fd MacBook Pro 13&quot;. Minim\u00e1ln\u011b pou\u017e\u00edvan\u00fd. Stejn\u00e1 konfigurace jako zde (https:\/\/istyle.cz\/macbook-pro-13-128gb-1-4ghz-touch-bar-a-touch-id-vesmirne-sedy-muhn2cz.html) Nenese \u017e\u00e1dn\u00e9 zn\u00e1mky pou\u017e\u00edv\u00e1n\u00ed. Bez \u0161kr\u00e1banc\u016f a od\u011brk\u016f. Notebook dod\u00e1m v origin\u00e1ln\u00edm balen\u00ed s origin\u00e1ln\u00ed nab\u00edje\u010dkou, kter\u00e1 taky nejev\u00ed \u017e\u00e1dn\u00e9 zn\u00e1mky pou\u017e\u00edv\u00e1n\u00ed. P\u0159ihod\u00edm k tomu i iStyle HUB 4K s HDMI, 2x USB port, 1x USB-C a l\u00e1tkov\u00fd vak na Notebook....\" \/>\n<meta property=\"og:url\" content=\"https:\/\/www.letemsvetemapplem.eu\/bazar\/macbook-pro-13-2019-touch-bar-zaruka-2\/\" \/>\n<meta property=\"og:site_name\" content=\"Apple bazar\" \/>\n<meta property=\"article:published_time\" content=\"2020-05-10T14:13:29+00:00\" \/>\n<meta property=\"og:image\" content=\"https:\/\/www.letemsvetemapplem.eu\/bazar\/wp-content\/uploads\/2020\/05\/1-5-scaled.jpg\" \/>\n\t<meta property=\"og:image:width\" content=\"1920\" \/>\n\t<meta property=\"og:image:height\" content=\"2560\" \/>\n\t<meta property=\"og:image:type\" content=\"image\/jpeg\" \/>\n<meta name=\"twitter:card\" content=\"summary_large_image\" \/>\n<script type=\"application\/ld+json\" class=\"yoast-schema-graph\">{\"@context\":\"https:\\\/\\\/schema.org\",\"@graph\":[{\"@type\":\"Article\",\"@id\":\"https:\\\/\\\/www.letemsvetemapplem.eu\\\/bazar\\\/macbook-pro-13-2019-touch-bar-zaruka-2\\\/#article\",\"isPartOf\":{\"@id\":\"https:\\\/\\\/www.letemsvetemapplem.eu\\\/bazar\\\/macbook-pro-13-2019-touch-bar-zaruka-2\\\/\"},\"author\":{\"name\":\"\",\"@id\":\"\"},\"headline\":\"MacBook Pro 13&quot; 2019, Touch Bar, Z\u00e1ruka\",\"datePublished\":\"2020-05-10T14:13:29+00:00\",\"mainEntityOfPage\":{\"@id\":\"https:\\\/\\\/www.letemsvetemapplem.eu\\\/bazar\\\/macbook-pro-13-2019-touch-bar-zaruka-2\\\/\"},\"wordCount\":126,\"image\":{\"@id\":\"https:\\\/\\\/www.letemsvetemapplem.eu\\\/bazar\\\/macbook-pro-13-2019-touch-bar-zaruka-2\\\/#primaryimage\"},\"thumbnailUrl\":\"https:\\\/\\\/www.letemsvetemapplem.eu\\\/bazar\\\/wp-content\\\/uploads\\\/2020\\\/05\\\/1-5-scaled.jpg\",\"articleSection\":[\"MacBook Pro\"],\"inLanguage\":\"cs\"},{\"@type\":\"WebPage\",\"@id\":\"https:\\\/\\\/www.letemsvetemapplem.eu\\\/bazar\\\/macbook-pro-13-2019-touch-bar-zaruka-2\\\/\",\"url\":\"https:\\\/\\\/www.letemsvetemapplem.eu\\\/bazar\\\/macbook-pro-13-2019-touch-bar-zaruka-2\\\/\",\"name\":\"MacBook Pro 13&quot; 2019, Touch Bar, Z\u00e1ruka - Apple bazar\",\"isPartOf\":{\"@id\":\"https:\\\/\\\/www.letemsvetemapplem.eu\\\/bazar\\\/#website\"},\"primaryImageOfPage\":{\"@id\":\"https:\\\/\\\/www.letemsvetemapplem.eu\\\/bazar\\\/macbook-pro-13-2019-touch-bar-zaruka-2\\\/#primaryimage\"},\"image\":{\"@id\":\"https:\\\/\\\/www.letemsvetemapplem.eu\\\/bazar\\\/macbook-pro-13-2019-touch-bar-zaruka-2\\\/#primaryimage\"},\"thumbnailUrl\":\"https:\\\/\\\/www.letemsvetemapplem.eu\\\/bazar\\\/wp-content\\\/uploads\\\/2020\\\/05\\\/1-5-scaled.jpg\",\"datePublished\":\"2020-05-10T14:13:29+00:00\",\"author\":{\"@id\":\"\"},\"breadcrumb\":{\"@id\":\"https:\\\/\\\/www.letemsvetemapplem.eu\\\/bazar\\\/macbook-pro-13-2019-touch-bar-zaruka-2\\\/#breadcrumb\"},\"inLanguage\":\"cs\",\"potentialAction\":[{\"@type\":\"ReadAction\",\"target\":[\"https:\\\/\\\/www.letemsvetemapplem.eu\\\/bazar\\\/macbook-pro-13-2019-touch-bar-zaruka-2\\\/\"]}]},{\"@type\":\"ImageObject\",\"inLanguage\":\"cs\",\"@id\":\"https:\\\/\\\/www.letemsvetemapplem.eu\\\/bazar\\\/macbook-pro-13-2019-touch-bar-zaruka-2\\\/#primaryimage\",\"url\":\"https:\\\/\\\/www.letemsvetemapplem.eu\\\/bazar\\\/wp-content\\\/uploads\\\/2020\\\/05\\\/1-5-scaled.jpg\",\"contentUrl\":\"https:\\\/\\\/www.letemsvetemapplem.eu\\\/bazar\\\/wp-content\\\/uploads\\\/2020\\\/05\\\/1-5-scaled.jpg\",\"width\":1920,\"height\":2560},{\"@type\":\"BreadcrumbList\",\"@id\":\"https:\\\/\\\/www.letemsvetemapplem.eu\\\/bazar\\\/macbook-pro-13-2019-touch-bar-zaruka-2\\\/#breadcrumb\",\"itemListElement\":[{\"@type\":\"ListItem\",\"position\":1,\"name\":\"Apple Bazar\",\"item\":\"https:\\\/\\\/www.letemsvetemapplem.eu\\\/bazar\\\/\"},{\"@type\":\"ListItem\",\"position\":2,\"name\":\"MacBook Pro 13&quot; 2019, Touch Bar, Z\u00e1ruka\"}]},{\"@type\":\"WebSite\",\"@id\":\"https:\\\/\\\/www.letemsvetemapplem.eu\\\/bazar\\\/#website\",\"url\":\"https:\\\/\\\/www.letemsvetemapplem.eu\\\/bazar\\\/\",\"name\":\"Apple bazar\",\"description\":\"Oou\u017eit\u00e9 Apple produkty za skv\u011bl\u00e9 ceny\",\"potentialAction\":[{\"@type\":\"SearchAction\",\"target\":{\"@type\":\"EntryPoint\",\"urlTemplate\":\"https:\\\/\\\/www.letemsvetemapplem.eu\\\/bazar\\\/?s={search_term_string}\"},\"query-input\":{\"@type\":\"PropertyValueSpecification\",\"valueRequired\":true,\"valueName\":\"search_term_string\"}}],\"inLanguage\":\"cs\"}]}<\/script>\n<!-- \/ Yoast SEO plugin. -->","yoast_head_json":{"title":"MacBook Pro 13&quot; 2019, Touch Bar, Z\u00e1ruka - Apple bazar","robots":{"index":"index","follow":"follow","max-snippet":"max-snippet:-1","max-image-preview":"max-image-preview:large","max-video-preview":"max-video-preview:-1"},"canonical":"https:\/\/www.letemsvetemapplem.eu\/bazar\/macbook-pro-13-2019-touch-bar-zaruka-2\/","og_locale":"cs_CZ","og_type":"article","og_title":"MacBook Pro 13&quot; 2019, Touch Bar, Z\u00e1ruka - Apple bazar","og_description":"Prod\u00e1m 7 m\u011bs\u00edc\u016f star\u00fd MacBook Pro 13&quot;. Minim\u00e1ln\u011b pou\u017e\u00edvan\u00fd. Stejn\u00e1 konfigurace jako zde (https:\/\/istyle.cz\/macbook-pro-13-128gb-1-4ghz-touch-bar-a-touch-id-vesmirne-sedy-muhn2cz.html) Nenese \u017e\u00e1dn\u00e9 zn\u00e1mky pou\u017e\u00edv\u00e1n\u00ed. Bez \u0161kr\u00e1banc\u016f a od\u011brk\u016f. Notebook dod\u00e1m v origin\u00e1ln\u00edm balen\u00ed s origin\u00e1ln\u00ed nab\u00edje\u010dkou, kter\u00e1 taky nejev\u00ed \u017e\u00e1dn\u00e9 zn\u00e1mky pou\u017e\u00edv\u00e1n\u00ed. P\u0159ihod\u00edm k tomu i iStyle HUB 4K s HDMI, 2x USB port, 1x USB-C a l\u00e1tkov\u00fd vak na Notebook....","og_url":"https:\/\/www.letemsvetemapplem.eu\/bazar\/macbook-pro-13-2019-touch-bar-zaruka-2\/","og_site_name":"Apple bazar","article_published_time":"2020-05-10T14:13:29+00:00","og_image":[{"width":1920,"height":2560,"url":"https:\/\/www.letemsvetemapplem.eu\/bazar\/wp-content\/uploads\/2020\/05\/1-5-scaled.jpg","type":"image\/jpeg"}],"twitter_card":"summary_large_image","schema":{"@context":"https:\/\/schema.org","@graph":[{"@type":"Article","@id":"https:\/\/www.letemsvetemapplem.eu\/bazar\/macbook-pro-13-2019-touch-bar-zaruka-2\/#article","isPartOf":{"@id":"https:\/\/www.letemsvetemapplem.eu\/bazar\/macbook-pro-13-2019-touch-bar-zaruka-2\/"},"author":{"name":"","@id":""},"headline":"MacBook Pro 13&quot; 2019, Touch Bar, Z\u00e1ruka","datePublished":"2020-05-10T14:13:29+00:00","mainEntityOfPage":{"@id":"https:\/\/www.letemsvetemapplem.eu\/bazar\/macbook-pro-13-2019-touch-bar-zaruka-2\/"},"wordCount":126,"image":{"@id":"https:\/\/www.letemsvetemapplem.eu\/bazar\/macbook-pro-13-2019-touch-bar-zaruka-2\/#primaryimage"},"thumbnailUrl":"https:\/\/www.letemsvetemapplem.eu\/bazar\/wp-content\/uploads\/2020\/05\/1-5-scaled.jpg","articleSection":["MacBook Pro"],"inLanguage":"cs"},{"@type":"WebPage","@id":"https:\/\/www.letemsvetemapplem.eu\/bazar\/macbook-pro-13-2019-touch-bar-zaruka-2\/","url":"https:\/\/www.letemsvetemapplem.eu\/bazar\/macbook-pro-13-2019-touch-bar-zaruka-2\/","name":"MacBook Pro 13&quot; 2019, Touch Bar, Z\u00e1ruka - Apple bazar","isPartOf":{"@id":"https:\/\/www.letemsvetemapplem.eu\/bazar\/#website"},"primaryImageOfPage":{"@id":"https:\/\/www.letemsvetemapplem.eu\/bazar\/macbook-pro-13-2019-touch-bar-zaruka-2\/#primaryimage"},"image":{"@id":"https:\/\/www.letemsvetemapplem.eu\/bazar\/macbook-pro-13-2019-touch-bar-zaruka-2\/#primaryimage"},"thumbnailUrl":"https:\/\/www.letemsvetemapplem.eu\/bazar\/wp-content\/uploads\/2020\/05\/1-5-scaled.jpg","datePublished":"2020-05-10T14:13:29+00:00","author":{"@id":""},"breadcrumb":{"@id":"https:\/\/www.letemsvetemapplem.eu\/bazar\/macbook-pro-13-2019-touch-bar-zaruka-2\/#breadcrumb"},"inLanguage":"cs","potentialAction":[{"@type":"ReadAction","target":["https:\/\/www.letemsvetemapplem.eu\/bazar\/macbook-pro-13-2019-touch-bar-zaruka-2\/"]}]},{"@type":"ImageObject","inLanguage":"cs","@id":"https:\/\/www.letemsvetemapplem.eu\/bazar\/macbook-pro-13-2019-touch-bar-zaruka-2\/#primaryimage","url":"https:\/\/www.letemsvetemapplem.eu\/bazar\/wp-content\/uploads\/2020\/05\/1-5-scaled.jpg","contentUrl":"https:\/\/www.letemsvetemapplem.eu\/bazar\/wp-content\/uploads\/2020\/05\/1-5-scaled.jpg","width":1920,"height":2560},{"@type":"BreadcrumbList","@id":"https:\/\/www.letemsvetemapplem.eu\/bazar\/macbook-pro-13-2019-touch-bar-zaruka-2\/#breadcrumb","itemListElement":[{"@type":"ListItem","position":1,"name":"Apple Bazar","item":"https:\/\/www.letemsvetemapplem.eu\/bazar\/"},{"@type":"ListItem","position":2,"name":"MacBook Pro 13&quot; 2019, Touch Bar, Z\u00e1ruka"}]},{"@type":"WebSite","@id":"https:\/\/www.letemsvetemapplem.eu\/bazar\/#website","url":"https:\/\/www.letemsvetemapplem.eu\/bazar\/","name":"Apple bazar","description":"Oou\u017eit\u00e9 Apple produkty za skv\u011bl\u00e9 ceny","potentialAction":[{"@type":"SearchAction","target":{"@type":"EntryPoint","urlTemplate":"https:\/\/www.letemsvetemapplem.eu\/bazar\/?s={search_term_string}"},"query-input":{"@type":"PropertyValueSpecification","valueRequired":true,"valueName":"search_term_string"}}],"inLanguage":"cs"}]}},"_links":{"self":[{"href":"https:\/\/www.letemsvetemapplem.eu\/bazar\/wp-json\/wp\/v2\/posts\/193300","targetHints":{"allow":["GET"]}}],"collection":[{"href":"https:\/\/www.letemsvetemapplem.eu\/bazar\/wp-json\/wp\/v2\/posts"}],"about":[{"href":"https:\/\/www.letemsvetemapplem.eu\/bazar\/wp-json\/wp\/v2\/types\/post"}],"replies":[{"embeddable":true,"href":"https:\/\/www.letemsvetemapplem.eu\/bazar\/wp-json\/wp\/v2\/comments?post=193300"}],"version-history":[{"count":1,"href":"https:\/\/www.letemsvetemapplem.eu\/bazar\/wp-json\/wp\/v2\/posts\/193300\/revisions"}],"predecessor-version":[{"id":193307,"href":"https:\/\/www.letemsvetemapplem.eu\/bazar\/wp-json\/wp\/v2\/posts\/193300\/revisions\/193307"}],"wp:featuredmedia":[{"embeddable":true,"href":"https:\/\/www.letemsvetemapplem.eu\/bazar\/wp-json\/wp\/v2\/media\/193301"}],"wp:attachment":[{"href":"https:\/\/www.letemsvetemapplem.eu\/bazar\/wp-json\/wp\/v2\/media?parent=193300"}],"wp:term":[{"taxonomy":"category","embeddable":true,"href":"https:\/\/www.letemsvetemapplem.eu\/bazar\/wp-json\/wp\/v2\/categories?post=193300"},{"taxonomy":"post_tag","embeddable":true,"href":"https:\/\/www.letemsvetemapplem.eu\/bazar\/wp-json\/wp\/v2\/tags?post=193300"}],"curies":[{"name":"wp","href":"https:\/\/api.w.org\/{rel}","templated":true}]}}