{"id":192875,"date":"2020-05-06T10:00:56","date_gmt":"2020-05-06T09:00:56","guid":{"rendered":"https:\/\/www.letemsvetemapplem.eu\/bazar\/?p=192875"},"modified":"2020-05-19T19:36:31","modified_gmt":"2020-05-19T18:36:31","slug":"iphone-7-gold-32-gb-v-zaruce-do-13-8","status":"publish","type":"post","link":"https:\/\/www.letemsvetemapplem.eu\/bazar\/iphone-7-gold-32-gb-v-zaruce-do-13-8\/","title":{"rendered":"Iphone 7 gold 32 GB &#8211; v z\u00e1ruce do 13. 8."},"content":{"rendered":"<p>Prod\u00e1m iPhone 7 32 GB, barva gold. V z\u00e1ruce do 13. 8. 2020 (paragon p\u0159ilo\u017een). Telefon je 100% funk\u010dn\u00ed, bez jak\u00e9koli z\u00e1vady\/probl\u00e9mu. Odblokovan\u00fd, uveden\u00fd do tov\u00e1rn\u00edho nastaven\u00ed. Kondice baterie 86 %. B\u011b\u017en\u00e9 zn\u00e1mky pou\u017e\u00edv\u00e1n\u00ed (foto). K telefonu funk\u010dn\u00ed origin\u00e1ln\u00ed sluch\u00e1tka, origin\u00e1ln\u00ed adapt\u00e9r pro US z\u00e1suvky (nepou\u017eit\u00fd) + p\u0159id\u00e1m origin\u00e1ln\u00ed adapt\u00e9r pro evropu (v\u0161e na fotce).<\/p>\n","protected":false},"excerpt":{"rendered":"<p>Prod\u00e1m iPhone 7 32 GB, barva gold. V z\u00e1ruce do 13. 8. 2020 (paragon p\u0159ilo\u017een). Telefon je 100% funk\u010dn\u00ed, bez jak\u00e9koli z\u00e1vady\/probl\u00e9mu. Odblokovan\u00fd, uveden\u00fd do tov\u00e1rn\u00edho nastaven\u00ed. Kondice baterie 86 %. B\u011b\u017en\u00e9 zn\u00e1mky pou\u017e\u00edv\u00e1n\u00ed (foto). K telefonu funk\u010dn\u00ed origin\u00e1ln\u00ed sluch\u00e1tka, origin\u00e1ln\u00ed adapt\u00e9r pro US z\u00e1suvky (nepou\u017eit\u00fd) + p\u0159id\u00e1m origin\u00e1ln\u00ed adapt\u00e9r pro evropu (v\u0161e na fotce).<\/p>\n","protected":false},"author":0,"featured_media":192876,"comment_status":"closed","ping_status":"closed","sticky":false,"template":"","format":"standard","meta":{"footnotes":""},"categories":[51],"tags":[],"class_list":["post-192875","post","type-post","status-publish","format-standard","has-post-thumbnail","hentry","category-iphone-7-iphone-7-plus"],"yoast_head":"<!-- This site is optimized with the Yoast SEO plugin v27.5 - https:\/\/yoast.com\/product\/yoast-seo-wordpress\/ -->\n<title>Iphone 7 gold 32 GB - v z\u00e1ruce do 13. 8. - Apple bazar<\/title>\n<meta name=\"robots\" content=\"index, follow, max-snippet:-1, max-image-preview:large, max-video-preview:-1\" \/>\n<link rel=\"canonical\" href=\"https:\/\/www.letemsvetemapplem.eu\/bazar\/iphone-7-gold-32-gb-v-zaruce-do-13-8\/\" \/>\n<meta property=\"og:locale\" content=\"cs_CZ\" \/>\n<meta property=\"og:type\" content=\"article\" \/>\n<meta property=\"og:title\" content=\"Iphone 7 gold 32 GB - v z\u00e1ruce do 13. 8. - Apple bazar\" \/>\n<meta property=\"og:description\" content=\"Prod\u00e1m iPhone 7 32 GB, barva gold. V z\u00e1ruce do 13. 8. 2020 (paragon p\u0159ilo\u017een). Telefon je 100% funk\u010dn\u00ed, bez jak\u00e9koli z\u00e1vady\/probl\u00e9mu. Odblokovan\u00fd, uveden\u00fd do tov\u00e1rn\u00edho nastaven\u00ed. Kondice baterie 86 %. B\u011b\u017en\u00e9 zn\u00e1mky pou\u017e\u00edv\u00e1n\u00ed (foto). K telefonu funk\u010dn\u00ed origin\u00e1ln\u00ed sluch\u00e1tka, origin\u00e1ln\u00ed adapt\u00e9r pro US z\u00e1suvky (nepou\u017eit\u00fd) + p\u0159id\u00e1m origin\u00e1ln\u00ed adapt\u00e9r pro evropu (v\u0161e na fotce).\" \/>\n<meta property=\"og:url\" content=\"https:\/\/www.letemsvetemapplem.eu\/bazar\/iphone-7-gold-32-gb-v-zaruce-do-13-8\/\" \/>\n<meta property=\"og:site_name\" content=\"Apple bazar\" \/>\n<meta property=\"article:published_time\" content=\"2020-05-06T09:00:56+00:00\" \/>\n<meta property=\"article:modified_time\" content=\"2020-05-19T18:36:31+00:00\" \/>\n<meta property=\"og:image\" content=\"https:\/\/www.letemsvetemapplem.eu\/bazar\/wp-content\/uploads\/2020\/05\/IMG_0131-scaled.jpeg\" \/>\n\t<meta property=\"og:image:width\" content=\"1920\" \/>\n\t<meta property=\"og:image:height\" content=\"2560\" \/>\n\t<meta property=\"og:image:type\" content=\"image\/jpeg\" \/>\n<meta name=\"twitter:card\" content=\"summary_large_image\" \/>\n<script type=\"application\/ld+json\" class=\"yoast-schema-graph\">{\"@context\":\"https:\\\/\\\/schema.org\",\"@graph\":[{\"@type\":\"Article\",\"@id\":\"https:\\\/\\\/www.letemsvetemapplem.eu\\\/bazar\\\/iphone-7-gold-32-gb-v-zaruce-do-13-8\\\/#article\",\"isPartOf\":{\"@id\":\"https:\\\/\\\/www.letemsvetemapplem.eu\\\/bazar\\\/iphone-7-gold-32-gb-v-zaruce-do-13-8\\\/\"},\"author\":{\"name\":\"\",\"@id\":\"\"},\"headline\":\"Iphone 7 gold 32 GB &#8211; v z\u00e1ruce do 13. 8.\",\"datePublished\":\"2020-05-06T09:00:56+00:00\",\"dateModified\":\"2020-05-19T18:36:31+00:00\",\"mainEntityOfPage\":{\"@id\":\"https:\\\/\\\/www.letemsvetemapplem.eu\\\/bazar\\\/iphone-7-gold-32-gb-v-zaruce-do-13-8\\\/\"},\"wordCount\":81,\"image\":{\"@id\":\"https:\\\/\\\/www.letemsvetemapplem.eu\\\/bazar\\\/iphone-7-gold-32-gb-v-zaruce-do-13-8\\\/#primaryimage\"},\"thumbnailUrl\":\"https:\\\/\\\/www.letemsvetemapplem.eu\\\/bazar\\\/wp-content\\\/uploads\\\/2020\\\/05\\\/IMG_0131-scaled.jpeg\",\"articleSection\":[\"iPhone 7\\\/7 Plus\"],\"inLanguage\":\"cs\"},{\"@type\":\"WebPage\",\"@id\":\"https:\\\/\\\/www.letemsvetemapplem.eu\\\/bazar\\\/iphone-7-gold-32-gb-v-zaruce-do-13-8\\\/\",\"url\":\"https:\\\/\\\/www.letemsvetemapplem.eu\\\/bazar\\\/iphone-7-gold-32-gb-v-zaruce-do-13-8\\\/\",\"name\":\"Iphone 7 gold 32 GB - v z\u00e1ruce do 13. 8. - Apple bazar\",\"isPartOf\":{\"@id\":\"https:\\\/\\\/www.letemsvetemapplem.eu\\\/bazar\\\/#website\"},\"primaryImageOfPage\":{\"@id\":\"https:\\\/\\\/www.letemsvetemapplem.eu\\\/bazar\\\/iphone-7-gold-32-gb-v-zaruce-do-13-8\\\/#primaryimage\"},\"image\":{\"@id\":\"https:\\\/\\\/www.letemsvetemapplem.eu\\\/bazar\\\/iphone-7-gold-32-gb-v-zaruce-do-13-8\\\/#primaryimage\"},\"thumbnailUrl\":\"https:\\\/\\\/www.letemsvetemapplem.eu\\\/bazar\\\/wp-content\\\/uploads\\\/2020\\\/05\\\/IMG_0131-scaled.jpeg\",\"datePublished\":\"2020-05-06T09:00:56+00:00\",\"dateModified\":\"2020-05-19T18:36:31+00:00\",\"author\":{\"@id\":\"\"},\"breadcrumb\":{\"@id\":\"https:\\\/\\\/www.letemsvetemapplem.eu\\\/bazar\\\/iphone-7-gold-32-gb-v-zaruce-do-13-8\\\/#breadcrumb\"},\"inLanguage\":\"cs\",\"potentialAction\":[{\"@type\":\"ReadAction\",\"target\":[\"https:\\\/\\\/www.letemsvetemapplem.eu\\\/bazar\\\/iphone-7-gold-32-gb-v-zaruce-do-13-8\\\/\"]}]},{\"@type\":\"ImageObject\",\"inLanguage\":\"cs\",\"@id\":\"https:\\\/\\\/www.letemsvetemapplem.eu\\\/bazar\\\/iphone-7-gold-32-gb-v-zaruce-do-13-8\\\/#primaryimage\",\"url\":\"https:\\\/\\\/www.letemsvetemapplem.eu\\\/bazar\\\/wp-content\\\/uploads\\\/2020\\\/05\\\/IMG_0131-scaled.jpeg\",\"contentUrl\":\"https:\\\/\\\/www.letemsvetemapplem.eu\\\/bazar\\\/wp-content\\\/uploads\\\/2020\\\/05\\\/IMG_0131-scaled.jpeg\",\"width\":1920,\"height\":2560},{\"@type\":\"BreadcrumbList\",\"@id\":\"https:\\\/\\\/www.letemsvetemapplem.eu\\\/bazar\\\/iphone-7-gold-32-gb-v-zaruce-do-13-8\\\/#breadcrumb\",\"itemListElement\":[{\"@type\":\"ListItem\",\"position\":1,\"name\":\"Apple Bazar\",\"item\":\"https:\\\/\\\/www.letemsvetemapplem.eu\\\/bazar\\\/\"},{\"@type\":\"ListItem\",\"position\":2,\"name\":\"Iphone 7 gold 32 GB &#8211; v z\u00e1ruce do 13. 8.\"}]},{\"@type\":\"WebSite\",\"@id\":\"https:\\\/\\\/www.letemsvetemapplem.eu\\\/bazar\\\/#website\",\"url\":\"https:\\\/\\\/www.letemsvetemapplem.eu\\\/bazar\\\/\",\"name\":\"Apple bazar\",\"description\":\"Oou\u017eit\u00e9 Apple produkty za skv\u011bl\u00e9 ceny\",\"potentialAction\":[{\"@type\":\"SearchAction\",\"target\":{\"@type\":\"EntryPoint\",\"urlTemplate\":\"https:\\\/\\\/www.letemsvetemapplem.eu\\\/bazar\\\/?s={search_term_string}\"},\"query-input\":{\"@type\":\"PropertyValueSpecification\",\"valueRequired\":true,\"valueName\":\"search_term_string\"}}],\"inLanguage\":\"cs\"}]}<\/script>\n<!-- \/ Yoast SEO plugin. -->","yoast_head_json":{"title":"Iphone 7 gold 32 GB - v z\u00e1ruce do 13. 8. - Apple bazar","robots":{"index":"index","follow":"follow","max-snippet":"max-snippet:-1","max-image-preview":"max-image-preview:large","max-video-preview":"max-video-preview:-1"},"canonical":"https:\/\/www.letemsvetemapplem.eu\/bazar\/iphone-7-gold-32-gb-v-zaruce-do-13-8\/","og_locale":"cs_CZ","og_type":"article","og_title":"Iphone 7 gold 32 GB - v z\u00e1ruce do 13. 8. - Apple bazar","og_description":"Prod\u00e1m iPhone 7 32 GB, barva gold. V z\u00e1ruce do 13. 8. 2020 (paragon p\u0159ilo\u017een). Telefon je 100% funk\u010dn\u00ed, bez jak\u00e9koli z\u00e1vady\/probl\u00e9mu. Odblokovan\u00fd, uveden\u00fd do tov\u00e1rn\u00edho nastaven\u00ed. Kondice baterie 86 %. B\u011b\u017en\u00e9 zn\u00e1mky pou\u017e\u00edv\u00e1n\u00ed (foto). K telefonu funk\u010dn\u00ed origin\u00e1ln\u00ed sluch\u00e1tka, origin\u00e1ln\u00ed adapt\u00e9r pro US z\u00e1suvky (nepou\u017eit\u00fd) + p\u0159id\u00e1m origin\u00e1ln\u00ed adapt\u00e9r pro evropu (v\u0161e na fotce).","og_url":"https:\/\/www.letemsvetemapplem.eu\/bazar\/iphone-7-gold-32-gb-v-zaruce-do-13-8\/","og_site_name":"Apple bazar","article_published_time":"2020-05-06T09:00:56+00:00","article_modified_time":"2020-05-19T18:36:31+00:00","og_image":[{"width":1920,"height":2560,"url":"https:\/\/www.letemsvetemapplem.eu\/bazar\/wp-content\/uploads\/2020\/05\/IMG_0131-scaled.jpeg","type":"image\/jpeg"}],"twitter_card":"summary_large_image","schema":{"@context":"https:\/\/schema.org","@graph":[{"@type":"Article","@id":"https:\/\/www.letemsvetemapplem.eu\/bazar\/iphone-7-gold-32-gb-v-zaruce-do-13-8\/#article","isPartOf":{"@id":"https:\/\/www.letemsvetemapplem.eu\/bazar\/iphone-7-gold-32-gb-v-zaruce-do-13-8\/"},"author":{"name":"","@id":""},"headline":"Iphone 7 gold 32 GB &#8211; v z\u00e1ruce do 13. 8.","datePublished":"2020-05-06T09:00:56+00:00","dateModified":"2020-05-19T18:36:31+00:00","mainEntityOfPage":{"@id":"https:\/\/www.letemsvetemapplem.eu\/bazar\/iphone-7-gold-32-gb-v-zaruce-do-13-8\/"},"wordCount":81,"image":{"@id":"https:\/\/www.letemsvetemapplem.eu\/bazar\/iphone-7-gold-32-gb-v-zaruce-do-13-8\/#primaryimage"},"thumbnailUrl":"https:\/\/www.letemsvetemapplem.eu\/bazar\/wp-content\/uploads\/2020\/05\/IMG_0131-scaled.jpeg","articleSection":["iPhone 7\/7 Plus"],"inLanguage":"cs"},{"@type":"WebPage","@id":"https:\/\/www.letemsvetemapplem.eu\/bazar\/iphone-7-gold-32-gb-v-zaruce-do-13-8\/","url":"https:\/\/www.letemsvetemapplem.eu\/bazar\/iphone-7-gold-32-gb-v-zaruce-do-13-8\/","name":"Iphone 7 gold 32 GB - v z\u00e1ruce do 13. 8. - Apple bazar","isPartOf":{"@id":"https:\/\/www.letemsvetemapplem.eu\/bazar\/#website"},"primaryImageOfPage":{"@id":"https:\/\/www.letemsvetemapplem.eu\/bazar\/iphone-7-gold-32-gb-v-zaruce-do-13-8\/#primaryimage"},"image":{"@id":"https:\/\/www.letemsvetemapplem.eu\/bazar\/iphone-7-gold-32-gb-v-zaruce-do-13-8\/#primaryimage"},"thumbnailUrl":"https:\/\/www.letemsvetemapplem.eu\/bazar\/wp-content\/uploads\/2020\/05\/IMG_0131-scaled.jpeg","datePublished":"2020-05-06T09:00:56+00:00","dateModified":"2020-05-19T18:36:31+00:00","author":{"@id":""},"breadcrumb":{"@id":"https:\/\/www.letemsvetemapplem.eu\/bazar\/iphone-7-gold-32-gb-v-zaruce-do-13-8\/#breadcrumb"},"inLanguage":"cs","potentialAction":[{"@type":"ReadAction","target":["https:\/\/www.letemsvetemapplem.eu\/bazar\/iphone-7-gold-32-gb-v-zaruce-do-13-8\/"]}]},{"@type":"ImageObject","inLanguage":"cs","@id":"https:\/\/www.letemsvetemapplem.eu\/bazar\/iphone-7-gold-32-gb-v-zaruce-do-13-8\/#primaryimage","url":"https:\/\/www.letemsvetemapplem.eu\/bazar\/wp-content\/uploads\/2020\/05\/IMG_0131-scaled.jpeg","contentUrl":"https:\/\/www.letemsvetemapplem.eu\/bazar\/wp-content\/uploads\/2020\/05\/IMG_0131-scaled.jpeg","width":1920,"height":2560},{"@type":"BreadcrumbList","@id":"https:\/\/www.letemsvetemapplem.eu\/bazar\/iphone-7-gold-32-gb-v-zaruce-do-13-8\/#breadcrumb","itemListElement":[{"@type":"ListItem","position":1,"name":"Apple Bazar","item":"https:\/\/www.letemsvetemapplem.eu\/bazar\/"},{"@type":"ListItem","position":2,"name":"Iphone 7 gold 32 GB &#8211; v z\u00e1ruce do 13. 8."}]},{"@type":"WebSite","@id":"https:\/\/www.letemsvetemapplem.eu\/bazar\/#website","url":"https:\/\/www.letemsvetemapplem.eu\/bazar\/","name":"Apple bazar","description":"Oou\u017eit\u00e9 Apple produkty za skv\u011bl\u00e9 ceny","potentialAction":[{"@type":"SearchAction","target":{"@type":"EntryPoint","urlTemplate":"https:\/\/www.letemsvetemapplem.eu\/bazar\/?s={search_term_string}"},"query-input":{"@type":"PropertyValueSpecification","valueRequired":true,"valueName":"search_term_string"}}],"inLanguage":"cs"}]}},"_links":{"self":[{"href":"https:\/\/www.letemsvetemapplem.eu\/bazar\/wp-json\/wp\/v2\/posts\/192875","targetHints":{"allow":["GET"]}}],"collection":[{"href":"https:\/\/www.letemsvetemapplem.eu\/bazar\/wp-json\/wp\/v2\/posts"}],"about":[{"href":"https:\/\/www.letemsvetemapplem.eu\/bazar\/wp-json\/wp\/v2\/types\/post"}],"replies":[{"embeddable":true,"href":"https:\/\/www.letemsvetemapplem.eu\/bazar\/wp-json\/wp\/v2\/comments?post=192875"}],"version-history":[{"count":2,"href":"https:\/\/www.letemsvetemapplem.eu\/bazar\/wp-json\/wp\/v2\/posts\/192875\/revisions"}],"predecessor-version":[{"id":194041,"href":"https:\/\/www.letemsvetemapplem.eu\/bazar\/wp-json\/wp\/v2\/posts\/192875\/revisions\/194041"}],"wp:featuredmedia":[{"embeddable":true,"href":"https:\/\/www.letemsvetemapplem.eu\/bazar\/wp-json\/wp\/v2\/media\/192876"}],"wp:attachment":[{"href":"https:\/\/www.letemsvetemapplem.eu\/bazar\/wp-json\/wp\/v2\/media?parent=192875"}],"wp:term":[{"taxonomy":"category","embeddable":true,"href":"https:\/\/www.letemsvetemapplem.eu\/bazar\/wp-json\/wp\/v2\/categories?post=192875"},{"taxonomy":"post_tag","embeddable":true,"href":"https:\/\/www.letemsvetemapplem.eu\/bazar\/wp-json\/wp\/v2\/tags?post=192875"}],"curies":[{"name":"wp","href":"https:\/\/api.w.org\/{rel}","templated":true}]}}