{"id":192590,"date":"2020-05-03T15:16:19","date_gmt":"2020-05-03T14:16:19","guid":{"rendered":"https:\/\/www.letemsvetemapplem.eu\/bazar\/?p=192590"},"modified":"2020-05-03T15:16:19","modified_gmt":"2020-05-03T14:16:19","slug":"apple-macmini-2012","status":"publish","type":"post","link":"https:\/\/www.letemsvetemapplem.eu\/bazar\/apple-macmini-2012\/","title":{"rendered":"Apple MacMini 2012"},"content":{"rendered":"<p>Nab\u00edz\u00edm k prodeji nevyu\u017eit\u00fd Apple Mac mini (Late 2012) v konfiguraci \u2013 Intel Core i5 2,5GhZ, 10GB RAM 1600MHz DDR3, SSD 256 GB (NOV\u00c9) , grafick\u00e1 karta Intel HD Graphic 4000.<\/p>\n<p>P\u016fvodn\u00ed SSD disk jsem si vyt\u00e1hl a do Macu dal \u00fapln\u011b nov\u00fd disk jak jsem ji\u017e psal v\u00ed\u0161e o kapacit\u011b 256GB &#8211; Fakturu dolo\u017e\u00edm.<br \/>\nByla zv\u00fd\u0161ena pam\u011b\u0165 o 8GB &#8211; T\u00e9\u017e nov\u00e9 pam\u011bti dolo\u017e\u00edm doklad.<\/p>\n<p>Zdarma p\u0159id\u00e1m p\u016fvodn\u00ed 2GB RAM s MacMini.<br \/>\nSyst\u00e9m bude odhl\u00e1\u0161en\u00fd s iCloudu a bude provedena \u010dist\u00e1 instalace macOS Catalina<\/p>\n<p>Preferuj\u00ed osobn\u00ed p\u0159evzet\u00ed a vyzkou\u0161en\u00ed MacMini na m\u00edst\u011b.<br \/>\nD\u00e1m z\u00e1ruku 48hodin na skryt\u00e9 vady.<\/p>\n<p>Nenab\u00edzejte pros\u00edm v\u00fdm\u011bny za notebook s Windows. Pouze mo\u017en\u00e1 v\u00fdm\u011bna za MacBook Pro 2013 samoz\u0159ejm\u011b s m\u00fdm doplatkem.<\/p>\n<p>Po\u010d\u00edta\u010d je vy\u010di\u0161t\u011bn\u00fd od prachu a je p\u0159ipraven k okam\u017eit\u00e9mu pou\u017eit\u00ed.<\/p>\n","protected":false},"excerpt":{"rendered":"<p>Nab\u00edz\u00edm k prodeji nevyu\u017eit\u00fd Apple Mac mini (Late 2012) v konfiguraci \u2013 Intel Core i5 2,5GhZ, 10GB RAM 1600MHz DDR3, SSD 256 GB (NOV\u00c9) , grafick\u00e1 karta Intel HD Graphic 4000. P\u016fvodn\u00ed SSD disk jsem si vyt\u00e1hl a do Macu dal \u00fapln\u011b nov\u00fd disk jak jsem ji\u017e psal v\u00ed\u0161e o kapacit\u011b 256GB &#8211; Fakturu dolo\u017e\u00edm&#8230;.<\/p>\n","protected":false},"author":0,"featured_media":192591,"comment_status":"closed","ping_status":"closed","sticky":false,"template":"","format":"standard","meta":{"footnotes":""},"categories":[44],"tags":[],"class_list":["post-192590","post","type-post","status-publish","format-standard","has-post-thumbnail","hentry","category-mac-mini"],"yoast_head":"<!-- This site is optimized with the Yoast SEO plugin v27.2 - https:\/\/yoast.com\/product\/yoast-seo-wordpress\/ -->\n<title>Apple MacMini 2012 - Apple bazar<\/title>\n<meta name=\"robots\" content=\"index, follow, max-snippet:-1, max-image-preview:large, max-video-preview:-1\" \/>\n<link rel=\"canonical\" href=\"https:\/\/www.letemsvetemapplem.eu\/bazar\/apple-macmini-2012\/\" \/>\n<meta property=\"og:locale\" content=\"cs_CZ\" \/>\n<meta property=\"og:type\" content=\"article\" \/>\n<meta property=\"og:title\" content=\"Apple MacMini 2012 - Apple bazar\" \/>\n<meta property=\"og:description\" content=\"Nab\u00edz\u00edm k prodeji nevyu\u017eit\u00fd Apple Mac mini (Late 2012) v konfiguraci \u2013 Intel Core i5 2,5GhZ, 10GB RAM 1600MHz DDR3, SSD 256 GB (NOV\u00c9) , grafick\u00e1 karta Intel HD Graphic 4000. P\u016fvodn\u00ed SSD disk jsem si vyt\u00e1hl a do Macu dal \u00fapln\u011b nov\u00fd disk jak jsem ji\u017e psal v\u00ed\u0161e o kapacit\u011b 256GB &#8211; Fakturu dolo\u017e\u00edm....\" \/>\n<meta property=\"og:url\" content=\"https:\/\/www.letemsvetemapplem.eu\/bazar\/apple-macmini-2012\/\" \/>\n<meta property=\"og:site_name\" content=\"Apple bazar\" \/>\n<meta property=\"article:published_time\" content=\"2020-05-03T14:16:19+00:00\" \/>\n<meta property=\"og:image\" content=\"https:\/\/www.letemsvetemapplem.eu\/bazar\/wp-content\/uploads\/2020\/05\/WhatsApp-Image-2020-05-03-at-16.00.43-2.jpeg\" \/>\n\t<meta property=\"og:image:width\" content=\"1600\" \/>\n\t<meta property=\"og:image:height\" content=\"1200\" \/>\n\t<meta property=\"og:image:type\" content=\"image\/jpeg\" \/>\n<meta name=\"twitter:card\" content=\"summary_large_image\" \/>\n<script type=\"application\/ld+json\" class=\"yoast-schema-graph\">{\"@context\":\"https:\/\/schema.org\",\"@graph\":[{\"@type\":\"Article\",\"@id\":\"https:\/\/www.letemsvetemapplem.eu\/bazar\/apple-macmini-2012\/#article\",\"isPartOf\":{\"@id\":\"https:\/\/www.letemsvetemapplem.eu\/bazar\/apple-macmini-2012\/\"},\"author\":{\"name\":\"\",\"@id\":\"\"},\"headline\":\"Apple MacMini 2012\",\"datePublished\":\"2020-05-03T14:16:19+00:00\",\"mainEntityOfPage\":{\"@id\":\"https:\/\/www.letemsvetemapplem.eu\/bazar\/apple-macmini-2012\/\"},\"wordCount\":161,\"image\":{\"@id\":\"https:\/\/www.letemsvetemapplem.eu\/bazar\/apple-macmini-2012\/#primaryimage\"},\"thumbnailUrl\":\"https:\/\/www.letemsvetemapplem.eu\/bazar\/wp-content\/uploads\/2020\/05\/WhatsApp-Image-2020-05-03-at-16.00.43-2.jpeg\",\"articleSection\":[\"Mac mini\"],\"inLanguage\":\"cs\"},{\"@type\":\"WebPage\",\"@id\":\"https:\/\/www.letemsvetemapplem.eu\/bazar\/apple-macmini-2012\/\",\"url\":\"https:\/\/www.letemsvetemapplem.eu\/bazar\/apple-macmini-2012\/\",\"name\":\"Apple MacMini 2012 - Apple bazar\",\"isPartOf\":{\"@id\":\"https:\/\/www.letemsvetemapplem.eu\/bazar\/#website\"},\"primaryImageOfPage\":{\"@id\":\"https:\/\/www.letemsvetemapplem.eu\/bazar\/apple-macmini-2012\/#primaryimage\"},\"image\":{\"@id\":\"https:\/\/www.letemsvetemapplem.eu\/bazar\/apple-macmini-2012\/#primaryimage\"},\"thumbnailUrl\":\"https:\/\/www.letemsvetemapplem.eu\/bazar\/wp-content\/uploads\/2020\/05\/WhatsApp-Image-2020-05-03-at-16.00.43-2.jpeg\",\"datePublished\":\"2020-05-03T14:16:19+00:00\",\"author\":{\"@id\":\"\"},\"breadcrumb\":{\"@id\":\"https:\/\/www.letemsvetemapplem.eu\/bazar\/apple-macmini-2012\/#breadcrumb\"},\"inLanguage\":\"cs\",\"potentialAction\":[{\"@type\":\"ReadAction\",\"target\":[\"https:\/\/www.letemsvetemapplem.eu\/bazar\/apple-macmini-2012\/\"]}]},{\"@type\":\"ImageObject\",\"inLanguage\":\"cs\",\"@id\":\"https:\/\/www.letemsvetemapplem.eu\/bazar\/apple-macmini-2012\/#primaryimage\",\"url\":\"https:\/\/www.letemsvetemapplem.eu\/bazar\/wp-content\/uploads\/2020\/05\/WhatsApp-Image-2020-05-03-at-16.00.43-2.jpeg\",\"contentUrl\":\"https:\/\/www.letemsvetemapplem.eu\/bazar\/wp-content\/uploads\/2020\/05\/WhatsApp-Image-2020-05-03-at-16.00.43-2.jpeg\",\"width\":1600,\"height\":1200},{\"@type\":\"BreadcrumbList\",\"@id\":\"https:\/\/www.letemsvetemapplem.eu\/bazar\/apple-macmini-2012\/#breadcrumb\",\"itemListElement\":[{\"@type\":\"ListItem\",\"position\":1,\"name\":\"Apple Bazar\",\"item\":\"https:\/\/www.letemsvetemapplem.eu\/bazar\/\"},{\"@type\":\"ListItem\",\"position\":2,\"name\":\"Apple MacMini 2012\"}]},{\"@type\":\"WebSite\",\"@id\":\"https:\/\/www.letemsvetemapplem.eu\/bazar\/#website\",\"url\":\"https:\/\/www.letemsvetemapplem.eu\/bazar\/\",\"name\":\"Apple bazar\",\"description\":\"Oou\u017eit\u00e9 Apple produkty za skv\u011bl\u00e9 ceny\",\"potentialAction\":[{\"@type\":\"SearchAction\",\"target\":{\"@type\":\"EntryPoint\",\"urlTemplate\":\"https:\/\/www.letemsvetemapplem.eu\/bazar\/?s={search_term_string}\"},\"query-input\":{\"@type\":\"PropertyValueSpecification\",\"valueRequired\":true,\"valueName\":\"search_term_string\"}}],\"inLanguage\":\"cs\"}]}<\/script>\n<!-- \/ Yoast SEO plugin. -->","yoast_head_json":{"title":"Apple MacMini 2012 - Apple bazar","robots":{"index":"index","follow":"follow","max-snippet":"max-snippet:-1","max-image-preview":"max-image-preview:large","max-video-preview":"max-video-preview:-1"},"canonical":"https:\/\/www.letemsvetemapplem.eu\/bazar\/apple-macmini-2012\/","og_locale":"cs_CZ","og_type":"article","og_title":"Apple MacMini 2012 - Apple bazar","og_description":"Nab\u00edz\u00edm k prodeji nevyu\u017eit\u00fd Apple Mac mini (Late 2012) v konfiguraci \u2013 Intel Core i5 2,5GhZ, 10GB RAM 1600MHz DDR3, SSD 256 GB (NOV\u00c9) , grafick\u00e1 karta Intel HD Graphic 4000. P\u016fvodn\u00ed SSD disk jsem si vyt\u00e1hl a do Macu dal \u00fapln\u011b nov\u00fd disk jak jsem ji\u017e psal v\u00ed\u0161e o kapacit\u011b 256GB &#8211; Fakturu dolo\u017e\u00edm....","og_url":"https:\/\/www.letemsvetemapplem.eu\/bazar\/apple-macmini-2012\/","og_site_name":"Apple bazar","article_published_time":"2020-05-03T14:16:19+00:00","og_image":[{"width":1600,"height":1200,"url":"https:\/\/www.letemsvetemapplem.eu\/bazar\/wp-content\/uploads\/2020\/05\/WhatsApp-Image-2020-05-03-at-16.00.43-2.jpeg","type":"image\/jpeg"}],"twitter_card":"summary_large_image","schema":{"@context":"https:\/\/schema.org","@graph":[{"@type":"Article","@id":"https:\/\/www.letemsvetemapplem.eu\/bazar\/apple-macmini-2012\/#article","isPartOf":{"@id":"https:\/\/www.letemsvetemapplem.eu\/bazar\/apple-macmini-2012\/"},"author":{"name":"","@id":""},"headline":"Apple MacMini 2012","datePublished":"2020-05-03T14:16:19+00:00","mainEntityOfPage":{"@id":"https:\/\/www.letemsvetemapplem.eu\/bazar\/apple-macmini-2012\/"},"wordCount":161,"image":{"@id":"https:\/\/www.letemsvetemapplem.eu\/bazar\/apple-macmini-2012\/#primaryimage"},"thumbnailUrl":"https:\/\/www.letemsvetemapplem.eu\/bazar\/wp-content\/uploads\/2020\/05\/WhatsApp-Image-2020-05-03-at-16.00.43-2.jpeg","articleSection":["Mac mini"],"inLanguage":"cs"},{"@type":"WebPage","@id":"https:\/\/www.letemsvetemapplem.eu\/bazar\/apple-macmini-2012\/","url":"https:\/\/www.letemsvetemapplem.eu\/bazar\/apple-macmini-2012\/","name":"Apple MacMini 2012 - Apple bazar","isPartOf":{"@id":"https:\/\/www.letemsvetemapplem.eu\/bazar\/#website"},"primaryImageOfPage":{"@id":"https:\/\/www.letemsvetemapplem.eu\/bazar\/apple-macmini-2012\/#primaryimage"},"image":{"@id":"https:\/\/www.letemsvetemapplem.eu\/bazar\/apple-macmini-2012\/#primaryimage"},"thumbnailUrl":"https:\/\/www.letemsvetemapplem.eu\/bazar\/wp-content\/uploads\/2020\/05\/WhatsApp-Image-2020-05-03-at-16.00.43-2.jpeg","datePublished":"2020-05-03T14:16:19+00:00","author":{"@id":""},"breadcrumb":{"@id":"https:\/\/www.letemsvetemapplem.eu\/bazar\/apple-macmini-2012\/#breadcrumb"},"inLanguage":"cs","potentialAction":[{"@type":"ReadAction","target":["https:\/\/www.letemsvetemapplem.eu\/bazar\/apple-macmini-2012\/"]}]},{"@type":"ImageObject","inLanguage":"cs","@id":"https:\/\/www.letemsvetemapplem.eu\/bazar\/apple-macmini-2012\/#primaryimage","url":"https:\/\/www.letemsvetemapplem.eu\/bazar\/wp-content\/uploads\/2020\/05\/WhatsApp-Image-2020-05-03-at-16.00.43-2.jpeg","contentUrl":"https:\/\/www.letemsvetemapplem.eu\/bazar\/wp-content\/uploads\/2020\/05\/WhatsApp-Image-2020-05-03-at-16.00.43-2.jpeg","width":1600,"height":1200},{"@type":"BreadcrumbList","@id":"https:\/\/www.letemsvetemapplem.eu\/bazar\/apple-macmini-2012\/#breadcrumb","itemListElement":[{"@type":"ListItem","position":1,"name":"Apple Bazar","item":"https:\/\/www.letemsvetemapplem.eu\/bazar\/"},{"@type":"ListItem","position":2,"name":"Apple MacMini 2012"}]},{"@type":"WebSite","@id":"https:\/\/www.letemsvetemapplem.eu\/bazar\/#website","url":"https:\/\/www.letemsvetemapplem.eu\/bazar\/","name":"Apple bazar","description":"Oou\u017eit\u00e9 Apple produkty za skv\u011bl\u00e9 ceny","potentialAction":[{"@type":"SearchAction","target":{"@type":"EntryPoint","urlTemplate":"https:\/\/www.letemsvetemapplem.eu\/bazar\/?s={search_term_string}"},"query-input":{"@type":"PropertyValueSpecification","valueRequired":true,"valueName":"search_term_string"}}],"inLanguage":"cs"}]}},"_links":{"self":[{"href":"https:\/\/www.letemsvetemapplem.eu\/bazar\/wp-json\/wp\/v2\/posts\/192590","targetHints":{"allow":["GET"]}}],"collection":[{"href":"https:\/\/www.letemsvetemapplem.eu\/bazar\/wp-json\/wp\/v2\/posts"}],"about":[{"href":"https:\/\/www.letemsvetemapplem.eu\/bazar\/wp-json\/wp\/v2\/types\/post"}],"replies":[{"embeddable":true,"href":"https:\/\/www.letemsvetemapplem.eu\/bazar\/wp-json\/wp\/v2\/comments?post=192590"}],"version-history":[{"count":1,"href":"https:\/\/www.letemsvetemapplem.eu\/bazar\/wp-json\/wp\/v2\/posts\/192590\/revisions"}],"predecessor-version":[{"id":192594,"href":"https:\/\/www.letemsvetemapplem.eu\/bazar\/wp-json\/wp\/v2\/posts\/192590\/revisions\/192594"}],"wp:featuredmedia":[{"embeddable":true,"href":"https:\/\/www.letemsvetemapplem.eu\/bazar\/wp-json\/wp\/v2\/media\/192591"}],"wp:attachment":[{"href":"https:\/\/www.letemsvetemapplem.eu\/bazar\/wp-json\/wp\/v2\/media?parent=192590"}],"wp:term":[{"taxonomy":"category","embeddable":true,"href":"https:\/\/www.letemsvetemapplem.eu\/bazar\/wp-json\/wp\/v2\/categories?post=192590"},{"taxonomy":"post_tag","embeddable":true,"href":"https:\/\/www.letemsvetemapplem.eu\/bazar\/wp-json\/wp\/v2\/tags?post=192590"}],"curies":[{"name":"wp","href":"https:\/\/api.w.org\/{rel}","templated":true}]}}