{"id":191586,"date":"2020-04-21T14:25:27","date_gmt":"2020-04-21T13:25:27","guid":{"rendered":"https:\/\/www.letemsvetemapplem.eu\/bazar\/?p=191586"},"modified":"2020-04-24T10:41:13","modified_gmt":"2020-04-24T09:41:13","slug":"apple-imac-27-5k-2017","status":"publish","type":"post","link":"https:\/\/www.letemsvetemapplem.eu\/bazar\/apple-imac-27-5k-2017\/","title":{"rendered":"Apple iMac 27&quot; 5K 2017"},"content":{"rendered":"<p>Prod\u00e1v\u00e1m iMac Retina 5K 27-inch 2017). Pou\u017e\u00edvan\u00fd na kancel\u00e1\u0159skou pr\u00e1ci (Office) a internet. iMac je ve 100% stavu, bez zn\u00e1mek pou\u017e\u00edv\u00e1n\u00ed.<br \/>\nProd\u00e1v\u00e1m s kl\u00e1vesnic\u00ed Apple Magic Keyboard a s my\u0161\u00ed Logitech Anywhere MX (p\u0159\u00edslu\u0161enstv\u00ed viz foto).<br \/>\nParametry:<br \/>\n27 palcov\u00fd iMac s monitorem Retina 5K (LED podsv\u00edcen\u00ed s pom\u011brem zobrazovac\u00ed plochy 16:9; 5120 x 2880 pixel\u016f; senzor okoln\u00edho sv\u011btla)<br \/>\n3,4GHz \u010dty\u0159j\u00e1drov\u00fd Intel Core i5 s 6MB sd\u00edlen\u00e9 L3 mezipam\u011bti (Turbo Bootst a\u017e na 3,8Ghz)<br \/>\n8 GB 2400MHz pam\u011bti DDR4; podporov\u00e1no a\u017e 64 GB (snadn\u00e9 dopln\u011bn\u00ed pomoc\u00ed modul\u016f)<br \/>\n1TB jednotka Fusion Drive<br \/>\nRadeon Pro 570 se 4 GB VRAM<br \/>\nKamera FaceTime<br \/>\nDva porty Thunderbolt 3 (USB-C); podpora pro vysokorychlostn\u00ed I\/O videov\u00fdstup<br \/>\nSlot pro SDXC karty a \u010dty\u0159i USB-A porty<br \/>\nEthernet 10\/100\/1000BASE-T<br \/>\nVesvat\u011bn\u00e9 stereoreproduktory, mikrofon, sluch\u00e1tkov\u00e1 zd\u00ed\u0159ka<br \/>\nWi-Fi 802.11ac a BlueTooth 4.2<br \/>\nApple Magic Keyboard a my\u0161 Logitech<br \/>\nmacOS Catalina<br \/>\nSpl\u0148uje po\u017eadavky ENERGY STAR<\/p>\n","protected":false},"excerpt":{"rendered":"<p>Prod\u00e1v\u00e1m iMac Retina 5K 27-inch 2017). Pou\u017e\u00edvan\u00fd na kancel\u00e1\u0159skou pr\u00e1ci (Office) a internet. iMac je ve 100% stavu, bez zn\u00e1mek pou\u017e\u00edv\u00e1n\u00ed. Prod\u00e1v\u00e1m s kl\u00e1vesnic\u00ed Apple Magic Keyboard a s my\u0161\u00ed Logitech Anywhere MX (p\u0159\u00edslu\u0161enstv\u00ed viz foto). Parametry: 27 palcov\u00fd iMac s monitorem Retina 5K (LED podsv\u00edcen\u00ed s pom\u011brem zobrazovac\u00ed plochy 16:9; 5120 x 2880 pixel\u016f;&#8230;<\/p>\n","protected":false},"author":0,"featured_media":191587,"comment_status":"closed","ping_status":"closed","sticky":false,"template":"","format":"standard","meta":{"footnotes":""},"categories":[41],"tags":[],"class_list":["post-191586","post","type-post","status-publish","format-standard","has-post-thumbnail","hentry","category-imac"],"yoast_head":"<!-- This site is optimized with the Yoast SEO plugin v27.2 - https:\/\/yoast.com\/product\/yoast-seo-wordpress\/ -->\n<title>Apple iMac 27&quot; 5K 2017 - Apple bazar<\/title>\n<meta name=\"robots\" content=\"index, follow, max-snippet:-1, max-image-preview:large, max-video-preview:-1\" \/>\n<link rel=\"canonical\" href=\"https:\/\/www.letemsvetemapplem.eu\/bazar\/apple-imac-27-5k-2017\/\" \/>\n<meta property=\"og:locale\" content=\"cs_CZ\" \/>\n<meta property=\"og:type\" content=\"article\" \/>\n<meta property=\"og:title\" content=\"Apple iMac 27&quot; 5K 2017 - Apple bazar\" \/>\n<meta property=\"og:description\" content=\"Prod\u00e1v\u00e1m iMac Retina 5K 27-inch 2017). Pou\u017e\u00edvan\u00fd na kancel\u00e1\u0159skou pr\u00e1ci (Office) a internet. iMac je ve 100% stavu, bez zn\u00e1mek pou\u017e\u00edv\u00e1n\u00ed. Prod\u00e1v\u00e1m s kl\u00e1vesnic\u00ed Apple Magic Keyboard a s my\u0161\u00ed Logitech Anywhere MX (p\u0159\u00edslu\u0161enstv\u00ed viz foto). Parametry: 27 palcov\u00fd iMac s monitorem Retina 5K (LED podsv\u00edcen\u00ed s pom\u011brem zobrazovac\u00ed plochy 16:9; 5120 x 2880 pixel\u016f;...\" \/>\n<meta property=\"og:url\" content=\"https:\/\/www.letemsvetemapplem.eu\/bazar\/apple-imac-27-5k-2017\/\" \/>\n<meta property=\"og:site_name\" content=\"Apple bazar\" \/>\n<meta property=\"article:published_time\" content=\"2020-04-21T13:25:27+00:00\" \/>\n<meta property=\"article:modified_time\" content=\"2020-04-24T09:41:13+00:00\" \/>\n<meta property=\"og:image\" content=\"https:\/\/www.letemsvetemapplem.eu\/bazar\/wp-content\/uploads\/2020\/04\/IMG_1892-scaled.jpeg\" \/>\n\t<meta property=\"og:image:width\" content=\"2560\" \/>\n\t<meta property=\"og:image:height\" content=\"1920\" \/>\n\t<meta property=\"og:image:type\" content=\"image\/jpeg\" \/>\n<meta name=\"twitter:card\" content=\"summary_large_image\" \/>\n<script type=\"application\/ld+json\" class=\"yoast-schema-graph\">{\"@context\":\"https:\/\/schema.org\",\"@graph\":[{\"@type\":\"Article\",\"@id\":\"https:\/\/www.letemsvetemapplem.eu\/bazar\/apple-imac-27-5k-2017\/#article\",\"isPartOf\":{\"@id\":\"https:\/\/www.letemsvetemapplem.eu\/bazar\/apple-imac-27-5k-2017\/\"},\"author\":{\"name\":\"\",\"@id\":\"\"},\"headline\":\"Apple iMac 27&quot; 5K 2017\",\"datePublished\":\"2020-04-21T13:25:27+00:00\",\"dateModified\":\"2020-04-24T09:41:13+00:00\",\"mainEntityOfPage\":{\"@id\":\"https:\/\/www.letemsvetemapplem.eu\/bazar\/apple-imac-27-5k-2017\/\"},\"wordCount\":165,\"image\":{\"@id\":\"https:\/\/www.letemsvetemapplem.eu\/bazar\/apple-imac-27-5k-2017\/#primaryimage\"},\"thumbnailUrl\":\"https:\/\/www.letemsvetemapplem.eu\/bazar\/wp-content\/uploads\/2020\/04\/IMG_1892-scaled.jpeg\",\"articleSection\":[\"iMac\"],\"inLanguage\":\"cs\"},{\"@type\":\"WebPage\",\"@id\":\"https:\/\/www.letemsvetemapplem.eu\/bazar\/apple-imac-27-5k-2017\/\",\"url\":\"https:\/\/www.letemsvetemapplem.eu\/bazar\/apple-imac-27-5k-2017\/\",\"name\":\"Apple iMac 27&quot; 5K 2017 - Apple bazar\",\"isPartOf\":{\"@id\":\"https:\/\/www.letemsvetemapplem.eu\/bazar\/#website\"},\"primaryImageOfPage\":{\"@id\":\"https:\/\/www.letemsvetemapplem.eu\/bazar\/apple-imac-27-5k-2017\/#primaryimage\"},\"image\":{\"@id\":\"https:\/\/www.letemsvetemapplem.eu\/bazar\/apple-imac-27-5k-2017\/#primaryimage\"},\"thumbnailUrl\":\"https:\/\/www.letemsvetemapplem.eu\/bazar\/wp-content\/uploads\/2020\/04\/IMG_1892-scaled.jpeg\",\"datePublished\":\"2020-04-21T13:25:27+00:00\",\"dateModified\":\"2020-04-24T09:41:13+00:00\",\"author\":{\"@id\":\"\"},\"breadcrumb\":{\"@id\":\"https:\/\/www.letemsvetemapplem.eu\/bazar\/apple-imac-27-5k-2017\/#breadcrumb\"},\"inLanguage\":\"cs\",\"potentialAction\":[{\"@type\":\"ReadAction\",\"target\":[\"https:\/\/www.letemsvetemapplem.eu\/bazar\/apple-imac-27-5k-2017\/\"]}]},{\"@type\":\"ImageObject\",\"inLanguage\":\"cs\",\"@id\":\"https:\/\/www.letemsvetemapplem.eu\/bazar\/apple-imac-27-5k-2017\/#primaryimage\",\"url\":\"https:\/\/www.letemsvetemapplem.eu\/bazar\/wp-content\/uploads\/2020\/04\/IMG_1892-scaled.jpeg\",\"contentUrl\":\"https:\/\/www.letemsvetemapplem.eu\/bazar\/wp-content\/uploads\/2020\/04\/IMG_1892-scaled.jpeg\",\"width\":2560,\"height\":1920},{\"@type\":\"BreadcrumbList\",\"@id\":\"https:\/\/www.letemsvetemapplem.eu\/bazar\/apple-imac-27-5k-2017\/#breadcrumb\",\"itemListElement\":[{\"@type\":\"ListItem\",\"position\":1,\"name\":\"Apple Bazar\",\"item\":\"https:\/\/www.letemsvetemapplem.eu\/bazar\/\"},{\"@type\":\"ListItem\",\"position\":2,\"name\":\"Apple iMac 27&quot; 5K 2017\"}]},{\"@type\":\"WebSite\",\"@id\":\"https:\/\/www.letemsvetemapplem.eu\/bazar\/#website\",\"url\":\"https:\/\/www.letemsvetemapplem.eu\/bazar\/\",\"name\":\"Apple bazar\",\"description\":\"Oou\u017eit\u00e9 Apple produkty za skv\u011bl\u00e9 ceny\",\"potentialAction\":[{\"@type\":\"SearchAction\",\"target\":{\"@type\":\"EntryPoint\",\"urlTemplate\":\"https:\/\/www.letemsvetemapplem.eu\/bazar\/?s={search_term_string}\"},\"query-input\":{\"@type\":\"PropertyValueSpecification\",\"valueRequired\":true,\"valueName\":\"search_term_string\"}}],\"inLanguage\":\"cs\"}]}<\/script>\n<!-- \/ Yoast SEO plugin. -->","yoast_head_json":{"title":"Apple iMac 27&quot; 5K 2017 - Apple bazar","robots":{"index":"index","follow":"follow","max-snippet":"max-snippet:-1","max-image-preview":"max-image-preview:large","max-video-preview":"max-video-preview:-1"},"canonical":"https:\/\/www.letemsvetemapplem.eu\/bazar\/apple-imac-27-5k-2017\/","og_locale":"cs_CZ","og_type":"article","og_title":"Apple iMac 27&quot; 5K 2017 - Apple bazar","og_description":"Prod\u00e1v\u00e1m iMac Retina 5K 27-inch 2017). Pou\u017e\u00edvan\u00fd na kancel\u00e1\u0159skou pr\u00e1ci (Office) a internet. iMac je ve 100% stavu, bez zn\u00e1mek pou\u017e\u00edv\u00e1n\u00ed. Prod\u00e1v\u00e1m s kl\u00e1vesnic\u00ed Apple Magic Keyboard a s my\u0161\u00ed Logitech Anywhere MX (p\u0159\u00edslu\u0161enstv\u00ed viz foto). Parametry: 27 palcov\u00fd iMac s monitorem Retina 5K (LED podsv\u00edcen\u00ed s pom\u011brem zobrazovac\u00ed plochy 16:9; 5120 x 2880 pixel\u016f;...","og_url":"https:\/\/www.letemsvetemapplem.eu\/bazar\/apple-imac-27-5k-2017\/","og_site_name":"Apple bazar","article_published_time":"2020-04-21T13:25:27+00:00","article_modified_time":"2020-04-24T09:41:13+00:00","og_image":[{"width":2560,"height":1920,"url":"https:\/\/www.letemsvetemapplem.eu\/bazar\/wp-content\/uploads\/2020\/04\/IMG_1892-scaled.jpeg","type":"image\/jpeg"}],"twitter_card":"summary_large_image","schema":{"@context":"https:\/\/schema.org","@graph":[{"@type":"Article","@id":"https:\/\/www.letemsvetemapplem.eu\/bazar\/apple-imac-27-5k-2017\/#article","isPartOf":{"@id":"https:\/\/www.letemsvetemapplem.eu\/bazar\/apple-imac-27-5k-2017\/"},"author":{"name":"","@id":""},"headline":"Apple iMac 27&quot; 5K 2017","datePublished":"2020-04-21T13:25:27+00:00","dateModified":"2020-04-24T09:41:13+00:00","mainEntityOfPage":{"@id":"https:\/\/www.letemsvetemapplem.eu\/bazar\/apple-imac-27-5k-2017\/"},"wordCount":165,"image":{"@id":"https:\/\/www.letemsvetemapplem.eu\/bazar\/apple-imac-27-5k-2017\/#primaryimage"},"thumbnailUrl":"https:\/\/www.letemsvetemapplem.eu\/bazar\/wp-content\/uploads\/2020\/04\/IMG_1892-scaled.jpeg","articleSection":["iMac"],"inLanguage":"cs"},{"@type":"WebPage","@id":"https:\/\/www.letemsvetemapplem.eu\/bazar\/apple-imac-27-5k-2017\/","url":"https:\/\/www.letemsvetemapplem.eu\/bazar\/apple-imac-27-5k-2017\/","name":"Apple iMac 27&quot; 5K 2017 - Apple bazar","isPartOf":{"@id":"https:\/\/www.letemsvetemapplem.eu\/bazar\/#website"},"primaryImageOfPage":{"@id":"https:\/\/www.letemsvetemapplem.eu\/bazar\/apple-imac-27-5k-2017\/#primaryimage"},"image":{"@id":"https:\/\/www.letemsvetemapplem.eu\/bazar\/apple-imac-27-5k-2017\/#primaryimage"},"thumbnailUrl":"https:\/\/www.letemsvetemapplem.eu\/bazar\/wp-content\/uploads\/2020\/04\/IMG_1892-scaled.jpeg","datePublished":"2020-04-21T13:25:27+00:00","dateModified":"2020-04-24T09:41:13+00:00","author":{"@id":""},"breadcrumb":{"@id":"https:\/\/www.letemsvetemapplem.eu\/bazar\/apple-imac-27-5k-2017\/#breadcrumb"},"inLanguage":"cs","potentialAction":[{"@type":"ReadAction","target":["https:\/\/www.letemsvetemapplem.eu\/bazar\/apple-imac-27-5k-2017\/"]}]},{"@type":"ImageObject","inLanguage":"cs","@id":"https:\/\/www.letemsvetemapplem.eu\/bazar\/apple-imac-27-5k-2017\/#primaryimage","url":"https:\/\/www.letemsvetemapplem.eu\/bazar\/wp-content\/uploads\/2020\/04\/IMG_1892-scaled.jpeg","contentUrl":"https:\/\/www.letemsvetemapplem.eu\/bazar\/wp-content\/uploads\/2020\/04\/IMG_1892-scaled.jpeg","width":2560,"height":1920},{"@type":"BreadcrumbList","@id":"https:\/\/www.letemsvetemapplem.eu\/bazar\/apple-imac-27-5k-2017\/#breadcrumb","itemListElement":[{"@type":"ListItem","position":1,"name":"Apple Bazar","item":"https:\/\/www.letemsvetemapplem.eu\/bazar\/"},{"@type":"ListItem","position":2,"name":"Apple iMac 27&quot; 5K 2017"}]},{"@type":"WebSite","@id":"https:\/\/www.letemsvetemapplem.eu\/bazar\/#website","url":"https:\/\/www.letemsvetemapplem.eu\/bazar\/","name":"Apple bazar","description":"Oou\u017eit\u00e9 Apple produkty za skv\u011bl\u00e9 ceny","potentialAction":[{"@type":"SearchAction","target":{"@type":"EntryPoint","urlTemplate":"https:\/\/www.letemsvetemapplem.eu\/bazar\/?s={search_term_string}"},"query-input":{"@type":"PropertyValueSpecification","valueRequired":true,"valueName":"search_term_string"}}],"inLanguage":"cs"}]}},"_links":{"self":[{"href":"https:\/\/www.letemsvetemapplem.eu\/bazar\/wp-json\/wp\/v2\/posts\/191586","targetHints":{"allow":["GET"]}}],"collection":[{"href":"https:\/\/www.letemsvetemapplem.eu\/bazar\/wp-json\/wp\/v2\/posts"}],"about":[{"href":"https:\/\/www.letemsvetemapplem.eu\/bazar\/wp-json\/wp\/v2\/types\/post"}],"replies":[{"embeddable":true,"href":"https:\/\/www.letemsvetemapplem.eu\/bazar\/wp-json\/wp\/v2\/comments?post=191586"}],"version-history":[{"count":1,"href":"https:\/\/www.letemsvetemapplem.eu\/bazar\/wp-json\/wp\/v2\/posts\/191586\/revisions"}],"predecessor-version":[{"id":191591,"href":"https:\/\/www.letemsvetemapplem.eu\/bazar\/wp-json\/wp\/v2\/posts\/191586\/revisions\/191591"}],"wp:featuredmedia":[{"embeddable":true,"href":"https:\/\/www.letemsvetemapplem.eu\/bazar\/wp-json\/wp\/v2\/media\/191587"}],"wp:attachment":[{"href":"https:\/\/www.letemsvetemapplem.eu\/bazar\/wp-json\/wp\/v2\/media?parent=191586"}],"wp:term":[{"taxonomy":"category","embeddable":true,"href":"https:\/\/www.letemsvetemapplem.eu\/bazar\/wp-json\/wp\/v2\/categories?post=191586"},{"taxonomy":"post_tag","embeddable":true,"href":"https:\/\/www.letemsvetemapplem.eu\/bazar\/wp-json\/wp\/v2\/tags?post=191586"}],"curies":[{"name":"wp","href":"https:\/\/api.w.org\/{rel}","templated":true}]}}