{"id":191240,"date":"2020-04-18T15:49:55","date_gmt":"2020-04-18T14:49:55","guid":{"rendered":"https:\/\/www.letemsvetemapplem.eu\/bazar\/?p=191240"},"modified":"2020-04-18T15:49:55","modified_gmt":"2020-04-18T14:49:55","slug":"mac-mini-mid-2011-6","status":"publish","type":"post","link":"https:\/\/www.letemsvetemapplem.eu\/bazar\/mac-mini-mid-2011-6\/","title":{"rendered":"Mac Mini mid 2011"},"content":{"rendered":"<p>Zdrav\u00edm, prod\u00e1v\u00e1m Mac Mini mid 2011.<br \/>\nProcesor: Intel Core i5 ( 2,3 GHz )<br \/>\nGrafika: Intel HD Graphics 3000 ( 384 MB )<br \/>\nPam\u011b\u0165: 4 GB RAM<br \/>\n\u00dalo\u017ei\u0161t\u011b: 500 GB<br \/>\n( M\u00e1m v\u0161echno p\u0159\u00edslu\u0161enstv\u00ed, za p\u0159\u00edplatek m\u016f\u017eu d\u00e1t monitor s my\u0161\u00ed i kl\u00e1vesnic\u00ed , nebo vylep\u0161it RAMky. PC nen\u00ed d\u011blan\u00fd na hry! )<br \/>\nPro v\u00edce informac\u00ed \u010di fotek pi\u0161te na mobil nebo email<\/p>\n","protected":false},"excerpt":{"rendered":"<p>Zdrav\u00edm, prod\u00e1v\u00e1m Mac Mini mid 2011. Procesor: Intel Core i5 ( 2,3 GHz ) Grafika: Intel HD Graphics 3000 ( 384 MB ) Pam\u011b\u0165: 4 GB RAM \u00dalo\u017ei\u0161t\u011b: 500 GB ( M\u00e1m v\u0161echno p\u0159\u00edslu\u0161enstv\u00ed, za p\u0159\u00edplatek m\u016f\u017eu d\u00e1t monitor s my\u0161\u00ed i kl\u00e1vesnic\u00ed , nebo vylep\u0161it RAMky. PC nen\u00ed d\u011blan\u00fd na hry! ) Pro v\u00edce&#8230;<\/p>\n","protected":false},"author":0,"featured_media":191241,"comment_status":"closed","ping_status":"closed","sticky":false,"template":"","format":"standard","meta":{"footnotes":""},"categories":[44],"tags":[],"class_list":["post-191240","post","type-post","status-publish","format-standard","has-post-thumbnail","hentry","category-mac-mini"],"yoast_head":"<!-- This site is optimized with the Yoast SEO plugin v27.2 - https:\/\/yoast.com\/product\/yoast-seo-wordpress\/ -->\n<title>Mac Mini mid 2011 - Apple bazar<\/title>\n<meta name=\"robots\" content=\"index, follow, max-snippet:-1, max-image-preview:large, max-video-preview:-1\" \/>\n<link rel=\"canonical\" href=\"https:\/\/www.letemsvetemapplem.eu\/bazar\/mac-mini-mid-2011-6\/\" \/>\n<meta property=\"og:locale\" content=\"cs_CZ\" \/>\n<meta property=\"og:type\" content=\"article\" \/>\n<meta property=\"og:title\" content=\"Mac Mini mid 2011 - Apple bazar\" \/>\n<meta property=\"og:description\" content=\"Zdrav\u00edm, prod\u00e1v\u00e1m Mac Mini mid 2011. Procesor: Intel Core i5 ( 2,3 GHz ) Grafika: Intel HD Graphics 3000 ( 384 MB ) Pam\u011b\u0165: 4 GB RAM \u00dalo\u017ei\u0161t\u011b: 500 GB ( M\u00e1m v\u0161echno p\u0159\u00edslu\u0161enstv\u00ed, za p\u0159\u00edplatek m\u016f\u017eu d\u00e1t monitor s my\u0161\u00ed i kl\u00e1vesnic\u00ed , nebo vylep\u0161it RAMky. PC nen\u00ed d\u011blan\u00fd na hry! ) Pro v\u00edce...\" \/>\n<meta property=\"og:url\" content=\"https:\/\/www.letemsvetemapplem.eu\/bazar\/mac-mini-mid-2011-6\/\" \/>\n<meta property=\"og:site_name\" content=\"Apple bazar\" \/>\n<meta property=\"article:published_time\" content=\"2020-04-18T14:49:55+00:00\" \/>\n<meta property=\"og:image\" content=\"https:\/\/www.letemsvetemapplem.eu\/bazar\/wp-content\/uploads\/2020\/04\/118098711.jpg\" \/>\n\t<meta property=\"og:image:width\" content=\"450\" \/>\n\t<meta property=\"og:image:height\" content=\"800\" \/>\n\t<meta property=\"og:image:type\" content=\"image\/jpeg\" \/>\n<meta name=\"twitter:card\" content=\"summary_large_image\" \/>\n<script type=\"application\/ld+json\" class=\"yoast-schema-graph\">{\"@context\":\"https:\/\/schema.org\",\"@graph\":[{\"@type\":\"Article\",\"@id\":\"https:\/\/www.letemsvetemapplem.eu\/bazar\/mac-mini-mid-2011-6\/#article\",\"isPartOf\":{\"@id\":\"https:\/\/www.letemsvetemapplem.eu\/bazar\/mac-mini-mid-2011-6\/\"},\"author\":{\"name\":\"\",\"@id\":\"\"},\"headline\":\"Mac Mini mid 2011\",\"datePublished\":\"2020-04-18T14:49:55+00:00\",\"mainEntityOfPage\":{\"@id\":\"https:\/\/www.letemsvetemapplem.eu\/bazar\/mac-mini-mid-2011-6\/\"},\"wordCount\":70,\"image\":{\"@id\":\"https:\/\/www.letemsvetemapplem.eu\/bazar\/mac-mini-mid-2011-6\/#primaryimage\"},\"thumbnailUrl\":\"https:\/\/www.letemsvetemapplem.eu\/bazar\/wp-content\/uploads\/2020\/04\/118098711.jpg\",\"articleSection\":[\"Mac mini\"],\"inLanguage\":\"cs\"},{\"@type\":\"WebPage\",\"@id\":\"https:\/\/www.letemsvetemapplem.eu\/bazar\/mac-mini-mid-2011-6\/\",\"url\":\"https:\/\/www.letemsvetemapplem.eu\/bazar\/mac-mini-mid-2011-6\/\",\"name\":\"Mac Mini mid 2011 - Apple bazar\",\"isPartOf\":{\"@id\":\"https:\/\/www.letemsvetemapplem.eu\/bazar\/#website\"},\"primaryImageOfPage\":{\"@id\":\"https:\/\/www.letemsvetemapplem.eu\/bazar\/mac-mini-mid-2011-6\/#primaryimage\"},\"image\":{\"@id\":\"https:\/\/www.letemsvetemapplem.eu\/bazar\/mac-mini-mid-2011-6\/#primaryimage\"},\"thumbnailUrl\":\"https:\/\/www.letemsvetemapplem.eu\/bazar\/wp-content\/uploads\/2020\/04\/118098711.jpg\",\"datePublished\":\"2020-04-18T14:49:55+00:00\",\"author\":{\"@id\":\"\"},\"breadcrumb\":{\"@id\":\"https:\/\/www.letemsvetemapplem.eu\/bazar\/mac-mini-mid-2011-6\/#breadcrumb\"},\"inLanguage\":\"cs\",\"potentialAction\":[{\"@type\":\"ReadAction\",\"target\":[\"https:\/\/www.letemsvetemapplem.eu\/bazar\/mac-mini-mid-2011-6\/\"]}]},{\"@type\":\"ImageObject\",\"inLanguage\":\"cs\",\"@id\":\"https:\/\/www.letemsvetemapplem.eu\/bazar\/mac-mini-mid-2011-6\/#primaryimage\",\"url\":\"https:\/\/www.letemsvetemapplem.eu\/bazar\/wp-content\/uploads\/2020\/04\/118098711.jpg\",\"contentUrl\":\"https:\/\/www.letemsvetemapplem.eu\/bazar\/wp-content\/uploads\/2020\/04\/118098711.jpg\",\"width\":450,\"height\":800},{\"@type\":\"BreadcrumbList\",\"@id\":\"https:\/\/www.letemsvetemapplem.eu\/bazar\/mac-mini-mid-2011-6\/#breadcrumb\",\"itemListElement\":[{\"@type\":\"ListItem\",\"position\":1,\"name\":\"Apple Bazar\",\"item\":\"https:\/\/www.letemsvetemapplem.eu\/bazar\/\"},{\"@type\":\"ListItem\",\"position\":2,\"name\":\"Mac Mini mid 2011\"}]},{\"@type\":\"WebSite\",\"@id\":\"https:\/\/www.letemsvetemapplem.eu\/bazar\/#website\",\"url\":\"https:\/\/www.letemsvetemapplem.eu\/bazar\/\",\"name\":\"Apple bazar\",\"description\":\"Oou\u017eit\u00e9 Apple produkty za skv\u011bl\u00e9 ceny\",\"potentialAction\":[{\"@type\":\"SearchAction\",\"target\":{\"@type\":\"EntryPoint\",\"urlTemplate\":\"https:\/\/www.letemsvetemapplem.eu\/bazar\/?s={search_term_string}\"},\"query-input\":{\"@type\":\"PropertyValueSpecification\",\"valueRequired\":true,\"valueName\":\"search_term_string\"}}],\"inLanguage\":\"cs\"}]}<\/script>\n<!-- \/ Yoast SEO plugin. -->","yoast_head_json":{"title":"Mac Mini mid 2011 - Apple bazar","robots":{"index":"index","follow":"follow","max-snippet":"max-snippet:-1","max-image-preview":"max-image-preview:large","max-video-preview":"max-video-preview:-1"},"canonical":"https:\/\/www.letemsvetemapplem.eu\/bazar\/mac-mini-mid-2011-6\/","og_locale":"cs_CZ","og_type":"article","og_title":"Mac Mini mid 2011 - Apple bazar","og_description":"Zdrav\u00edm, prod\u00e1v\u00e1m Mac Mini mid 2011. Procesor: Intel Core i5 ( 2,3 GHz ) Grafika: Intel HD Graphics 3000 ( 384 MB ) Pam\u011b\u0165: 4 GB RAM \u00dalo\u017ei\u0161t\u011b: 500 GB ( M\u00e1m v\u0161echno p\u0159\u00edslu\u0161enstv\u00ed, za p\u0159\u00edplatek m\u016f\u017eu d\u00e1t monitor s my\u0161\u00ed i kl\u00e1vesnic\u00ed , nebo vylep\u0161it RAMky. PC nen\u00ed d\u011blan\u00fd na hry! ) Pro v\u00edce...","og_url":"https:\/\/www.letemsvetemapplem.eu\/bazar\/mac-mini-mid-2011-6\/","og_site_name":"Apple bazar","article_published_time":"2020-04-18T14:49:55+00:00","og_image":[{"width":450,"height":800,"url":"https:\/\/www.letemsvetemapplem.eu\/bazar\/wp-content\/uploads\/2020\/04\/118098711.jpg","type":"image\/jpeg"}],"twitter_card":"summary_large_image","schema":{"@context":"https:\/\/schema.org","@graph":[{"@type":"Article","@id":"https:\/\/www.letemsvetemapplem.eu\/bazar\/mac-mini-mid-2011-6\/#article","isPartOf":{"@id":"https:\/\/www.letemsvetemapplem.eu\/bazar\/mac-mini-mid-2011-6\/"},"author":{"name":"","@id":""},"headline":"Mac Mini mid 2011","datePublished":"2020-04-18T14:49:55+00:00","mainEntityOfPage":{"@id":"https:\/\/www.letemsvetemapplem.eu\/bazar\/mac-mini-mid-2011-6\/"},"wordCount":70,"image":{"@id":"https:\/\/www.letemsvetemapplem.eu\/bazar\/mac-mini-mid-2011-6\/#primaryimage"},"thumbnailUrl":"https:\/\/www.letemsvetemapplem.eu\/bazar\/wp-content\/uploads\/2020\/04\/118098711.jpg","articleSection":["Mac mini"],"inLanguage":"cs"},{"@type":"WebPage","@id":"https:\/\/www.letemsvetemapplem.eu\/bazar\/mac-mini-mid-2011-6\/","url":"https:\/\/www.letemsvetemapplem.eu\/bazar\/mac-mini-mid-2011-6\/","name":"Mac Mini mid 2011 - Apple bazar","isPartOf":{"@id":"https:\/\/www.letemsvetemapplem.eu\/bazar\/#website"},"primaryImageOfPage":{"@id":"https:\/\/www.letemsvetemapplem.eu\/bazar\/mac-mini-mid-2011-6\/#primaryimage"},"image":{"@id":"https:\/\/www.letemsvetemapplem.eu\/bazar\/mac-mini-mid-2011-6\/#primaryimage"},"thumbnailUrl":"https:\/\/www.letemsvetemapplem.eu\/bazar\/wp-content\/uploads\/2020\/04\/118098711.jpg","datePublished":"2020-04-18T14:49:55+00:00","author":{"@id":""},"breadcrumb":{"@id":"https:\/\/www.letemsvetemapplem.eu\/bazar\/mac-mini-mid-2011-6\/#breadcrumb"},"inLanguage":"cs","potentialAction":[{"@type":"ReadAction","target":["https:\/\/www.letemsvetemapplem.eu\/bazar\/mac-mini-mid-2011-6\/"]}]},{"@type":"ImageObject","inLanguage":"cs","@id":"https:\/\/www.letemsvetemapplem.eu\/bazar\/mac-mini-mid-2011-6\/#primaryimage","url":"https:\/\/www.letemsvetemapplem.eu\/bazar\/wp-content\/uploads\/2020\/04\/118098711.jpg","contentUrl":"https:\/\/www.letemsvetemapplem.eu\/bazar\/wp-content\/uploads\/2020\/04\/118098711.jpg","width":450,"height":800},{"@type":"BreadcrumbList","@id":"https:\/\/www.letemsvetemapplem.eu\/bazar\/mac-mini-mid-2011-6\/#breadcrumb","itemListElement":[{"@type":"ListItem","position":1,"name":"Apple Bazar","item":"https:\/\/www.letemsvetemapplem.eu\/bazar\/"},{"@type":"ListItem","position":2,"name":"Mac Mini mid 2011"}]},{"@type":"WebSite","@id":"https:\/\/www.letemsvetemapplem.eu\/bazar\/#website","url":"https:\/\/www.letemsvetemapplem.eu\/bazar\/","name":"Apple bazar","description":"Oou\u017eit\u00e9 Apple produkty za skv\u011bl\u00e9 ceny","potentialAction":[{"@type":"SearchAction","target":{"@type":"EntryPoint","urlTemplate":"https:\/\/www.letemsvetemapplem.eu\/bazar\/?s={search_term_string}"},"query-input":{"@type":"PropertyValueSpecification","valueRequired":true,"valueName":"search_term_string"}}],"inLanguage":"cs"}]}},"_links":{"self":[{"href":"https:\/\/www.letemsvetemapplem.eu\/bazar\/wp-json\/wp\/v2\/posts\/191240","targetHints":{"allow":["GET"]}}],"collection":[{"href":"https:\/\/www.letemsvetemapplem.eu\/bazar\/wp-json\/wp\/v2\/posts"}],"about":[{"href":"https:\/\/www.letemsvetemapplem.eu\/bazar\/wp-json\/wp\/v2\/types\/post"}],"replies":[{"embeddable":true,"href":"https:\/\/www.letemsvetemapplem.eu\/bazar\/wp-json\/wp\/v2\/comments?post=191240"}],"version-history":[{"count":1,"href":"https:\/\/www.letemsvetemapplem.eu\/bazar\/wp-json\/wp\/v2\/posts\/191240\/revisions"}],"predecessor-version":[{"id":191244,"href":"https:\/\/www.letemsvetemapplem.eu\/bazar\/wp-json\/wp\/v2\/posts\/191240\/revisions\/191244"}],"wp:featuredmedia":[{"embeddable":true,"href":"https:\/\/www.letemsvetemapplem.eu\/bazar\/wp-json\/wp\/v2\/media\/191241"}],"wp:attachment":[{"href":"https:\/\/www.letemsvetemapplem.eu\/bazar\/wp-json\/wp\/v2\/media?parent=191240"}],"wp:term":[{"taxonomy":"category","embeddable":true,"href":"https:\/\/www.letemsvetemapplem.eu\/bazar\/wp-json\/wp\/v2\/categories?post=191240"},{"taxonomy":"post_tag","embeddable":true,"href":"https:\/\/www.letemsvetemapplem.eu\/bazar\/wp-json\/wp\/v2\/tags?post=191240"}],"curies":[{"name":"wp","href":"https:\/\/api.w.org\/{rel}","templated":true}]}}