{"id":19051,"date":"2017-03-03T09:23:02","date_gmt":"2017-03-03T08:23:02","guid":{"rendered":"https:\/\/www.letemsvetemapplem.eu\/bazar\/?p=19051"},"modified":"2017-03-03T09:23:02","modified_gmt":"2017-03-03T08:23:02","slug":"imac-20-2008-ve-vynikajici-forme","status":"publish","type":"post","link":"https:\/\/www.letemsvetemapplem.eu\/bazar\/imac-20-2008-ve-vynikajici-forme\/","title":{"rendered":"iMac 20&quot;, 2008 ve vynikaj\u00edc\u00ed form\u011b"},"content":{"rendered":"<p>Prod\u00e1m iMac ve v\u00fdborn\u00e9 form\u011b, 20-inch, Mid 2008<br \/>\nProcessor  2 GHz Intel Core 2 Duo, Memory  4 GB 667 MHz DDR2 SDRAM, Graphics  ATI Radeon HD 2400 XT 128 MB, Software  OS X 10.9.5 (13F1911), HDD 256 Gb<br \/>\nPou\u017e\u00edvan\u00fd jako dom\u00e1c\u00ed komp, white kl\u00e1vesnice a my\u0161.<\/p>\n","protected":false},"excerpt":{"rendered":"<p>Prod\u00e1m iMac ve v\u00fdborn\u00e9 form\u011b, 20-inch, Mid 2008 Processor 2 GHz Intel Core 2 Duo, Memory 4 GB 667 MHz DDR2 SDRAM, Graphics ATI Radeon HD 2400 XT 128 MB, Software OS X 10.9.5 (13F1911), HDD 256 Gb Pou\u017e\u00edvan\u00fd jako dom\u00e1c\u00ed komp, white kl\u00e1vesnice a my\u0161.<\/p>\n","protected":false},"author":0,"featured_media":19052,"comment_status":"open","ping_status":"open","sticky":false,"template":"","format":"standard","meta":{"footnotes":""},"categories":[41],"tags":[77],"class_list":["post-19051","post","type-post","status-publish","format-standard","has-post-thumbnail","hentry","category-imac","tag-imac"],"yoast_head":"<!-- This site is optimized with the Yoast SEO plugin v27.2 - https:\/\/yoast.com\/product\/yoast-seo-wordpress\/ -->\n<title>iMac 20&quot;, 2008 ve vynikaj\u00edc\u00ed form\u011b - Apple bazar<\/title>\n<meta name=\"robots\" content=\"index, follow, max-snippet:-1, max-image-preview:large, max-video-preview:-1\" \/>\n<link rel=\"canonical\" href=\"https:\/\/www.letemsvetemapplem.eu\/bazar\/imac-20-2008-ve-vynikajici-forme\/\" \/>\n<meta property=\"og:locale\" content=\"cs_CZ\" \/>\n<meta property=\"og:type\" content=\"article\" \/>\n<meta property=\"og:title\" content=\"iMac 20&quot;, 2008 ve vynikaj\u00edc\u00ed form\u011b - Apple bazar\" \/>\n<meta property=\"og:description\" content=\"Prod\u00e1m iMac ve v\u00fdborn\u00e9 form\u011b, 20-inch, Mid 2008 Processor 2 GHz Intel Core 2 Duo, Memory 4 GB 667 MHz DDR2 SDRAM, Graphics ATI Radeon HD 2400 XT 128 MB, Software OS X 10.9.5 (13F1911), HDD 256 Gb Pou\u017e\u00edvan\u00fd jako dom\u00e1c\u00ed komp, white kl\u00e1vesnice a my\u0161.\" \/>\n<meta property=\"og:url\" content=\"https:\/\/www.letemsvetemapplem.eu\/bazar\/imac-20-2008-ve-vynikajici-forme\/\" \/>\n<meta property=\"og:site_name\" content=\"Apple bazar\" \/>\n<meta property=\"article:published_time\" content=\"2017-03-03T08:23:02+00:00\" \/>\n<meta property=\"og:image\" content=\"https:\/\/www.letemsvetemapplem.eu\/bazar\/wp-content\/uploads\/2017\/03\/IMG_1003-1.jpg\" \/>\n\t<meta property=\"og:image:width\" content=\"1224\" \/>\n\t<meta property=\"og:image:height\" content=\"1224\" \/>\n\t<meta property=\"og:image:type\" content=\"image\/jpeg\" \/>\n<meta name=\"twitter:card\" content=\"summary_large_image\" \/>\n<script type=\"application\/ld+json\" class=\"yoast-schema-graph\">{\"@context\":\"https:\/\/schema.org\",\"@graph\":[{\"@type\":\"Article\",\"@id\":\"https:\/\/www.letemsvetemapplem.eu\/bazar\/imac-20-2008-ve-vynikajici-forme\/#article\",\"isPartOf\":{\"@id\":\"https:\/\/www.letemsvetemapplem.eu\/bazar\/imac-20-2008-ve-vynikajici-forme\/\"},\"author\":{\"name\":\"\",\"@id\":\"\"},\"headline\":\"iMac 20&quot;, 2008 ve vynikaj\u00edc\u00ed form\u011b\",\"datePublished\":\"2017-03-03T08:23:02+00:00\",\"mainEntityOfPage\":{\"@id\":\"https:\/\/www.letemsvetemapplem.eu\/bazar\/imac-20-2008-ve-vynikajici-forme\/\"},\"wordCount\":48,\"commentCount\":0,\"image\":{\"@id\":\"https:\/\/www.letemsvetemapplem.eu\/bazar\/imac-20-2008-ve-vynikajici-forme\/#primaryimage\"},\"thumbnailUrl\":\"https:\/\/www.letemsvetemapplem.eu\/bazar\/wp-content\/uploads\/2017\/03\/IMG_1003-1.jpg\",\"keywords\":[\"iMac\"],\"articleSection\":[\"iMac\"],\"inLanguage\":\"cs\",\"potentialAction\":[{\"@type\":\"CommentAction\",\"name\":\"Comment\",\"target\":[\"https:\/\/www.letemsvetemapplem.eu\/bazar\/imac-20-2008-ve-vynikajici-forme\/#respond\"]}]},{\"@type\":\"WebPage\",\"@id\":\"https:\/\/www.letemsvetemapplem.eu\/bazar\/imac-20-2008-ve-vynikajici-forme\/\",\"url\":\"https:\/\/www.letemsvetemapplem.eu\/bazar\/imac-20-2008-ve-vynikajici-forme\/\",\"name\":\"iMac 20&quot;, 2008 ve vynikaj\u00edc\u00ed form\u011b - Apple bazar\",\"isPartOf\":{\"@id\":\"https:\/\/www.letemsvetemapplem.eu\/bazar\/#website\"},\"primaryImageOfPage\":{\"@id\":\"https:\/\/www.letemsvetemapplem.eu\/bazar\/imac-20-2008-ve-vynikajici-forme\/#primaryimage\"},\"image\":{\"@id\":\"https:\/\/www.letemsvetemapplem.eu\/bazar\/imac-20-2008-ve-vynikajici-forme\/#primaryimage\"},\"thumbnailUrl\":\"https:\/\/www.letemsvetemapplem.eu\/bazar\/wp-content\/uploads\/2017\/03\/IMG_1003-1.jpg\",\"datePublished\":\"2017-03-03T08:23:02+00:00\",\"author\":{\"@id\":\"\"},\"breadcrumb\":{\"@id\":\"https:\/\/www.letemsvetemapplem.eu\/bazar\/imac-20-2008-ve-vynikajici-forme\/#breadcrumb\"},\"inLanguage\":\"cs\",\"potentialAction\":[{\"@type\":\"ReadAction\",\"target\":[\"https:\/\/www.letemsvetemapplem.eu\/bazar\/imac-20-2008-ve-vynikajici-forme\/\"]}]},{\"@type\":\"ImageObject\",\"inLanguage\":\"cs\",\"@id\":\"https:\/\/www.letemsvetemapplem.eu\/bazar\/imac-20-2008-ve-vynikajici-forme\/#primaryimage\",\"url\":\"https:\/\/www.letemsvetemapplem.eu\/bazar\/wp-content\/uploads\/2017\/03\/IMG_1003-1.jpg\",\"contentUrl\":\"https:\/\/www.letemsvetemapplem.eu\/bazar\/wp-content\/uploads\/2017\/03\/IMG_1003-1.jpg\",\"width\":1224,\"height\":1224},{\"@type\":\"BreadcrumbList\",\"@id\":\"https:\/\/www.letemsvetemapplem.eu\/bazar\/imac-20-2008-ve-vynikajici-forme\/#breadcrumb\",\"itemListElement\":[{\"@type\":\"ListItem\",\"position\":1,\"name\":\"Apple Bazar\",\"item\":\"https:\/\/www.letemsvetemapplem.eu\/bazar\/\"},{\"@type\":\"ListItem\",\"position\":2,\"name\":\"iMac 20&quot;, 2008 ve vynikaj\u00edc\u00ed form\u011b\"}]},{\"@type\":\"WebSite\",\"@id\":\"https:\/\/www.letemsvetemapplem.eu\/bazar\/#website\",\"url\":\"https:\/\/www.letemsvetemapplem.eu\/bazar\/\",\"name\":\"Apple bazar\",\"description\":\"Oou\u017eit\u00e9 Apple produkty za skv\u011bl\u00e9 ceny\",\"potentialAction\":[{\"@type\":\"SearchAction\",\"target\":{\"@type\":\"EntryPoint\",\"urlTemplate\":\"https:\/\/www.letemsvetemapplem.eu\/bazar\/?s={search_term_string}\"},\"query-input\":{\"@type\":\"PropertyValueSpecification\",\"valueRequired\":true,\"valueName\":\"search_term_string\"}}],\"inLanguage\":\"cs\"}]}<\/script>\n<!-- \/ Yoast SEO plugin. -->","yoast_head_json":{"title":"iMac 20&quot;, 2008 ve vynikaj\u00edc\u00ed form\u011b - Apple bazar","robots":{"index":"index","follow":"follow","max-snippet":"max-snippet:-1","max-image-preview":"max-image-preview:large","max-video-preview":"max-video-preview:-1"},"canonical":"https:\/\/www.letemsvetemapplem.eu\/bazar\/imac-20-2008-ve-vynikajici-forme\/","og_locale":"cs_CZ","og_type":"article","og_title":"iMac 20&quot;, 2008 ve vynikaj\u00edc\u00ed form\u011b - Apple bazar","og_description":"Prod\u00e1m iMac ve v\u00fdborn\u00e9 form\u011b, 20-inch, Mid 2008 Processor 2 GHz Intel Core 2 Duo, Memory 4 GB 667 MHz DDR2 SDRAM, Graphics ATI Radeon HD 2400 XT 128 MB, Software OS X 10.9.5 (13F1911), HDD 256 Gb Pou\u017e\u00edvan\u00fd jako dom\u00e1c\u00ed komp, white kl\u00e1vesnice a my\u0161.","og_url":"https:\/\/www.letemsvetemapplem.eu\/bazar\/imac-20-2008-ve-vynikajici-forme\/","og_site_name":"Apple bazar","article_published_time":"2017-03-03T08:23:02+00:00","og_image":[{"width":1224,"height":1224,"url":"https:\/\/www.letemsvetemapplem.eu\/bazar\/wp-content\/uploads\/2017\/03\/IMG_1003-1.jpg","type":"image\/jpeg"}],"twitter_card":"summary_large_image","schema":{"@context":"https:\/\/schema.org","@graph":[{"@type":"Article","@id":"https:\/\/www.letemsvetemapplem.eu\/bazar\/imac-20-2008-ve-vynikajici-forme\/#article","isPartOf":{"@id":"https:\/\/www.letemsvetemapplem.eu\/bazar\/imac-20-2008-ve-vynikajici-forme\/"},"author":{"name":"","@id":""},"headline":"iMac 20&quot;, 2008 ve vynikaj\u00edc\u00ed form\u011b","datePublished":"2017-03-03T08:23:02+00:00","mainEntityOfPage":{"@id":"https:\/\/www.letemsvetemapplem.eu\/bazar\/imac-20-2008-ve-vynikajici-forme\/"},"wordCount":48,"commentCount":0,"image":{"@id":"https:\/\/www.letemsvetemapplem.eu\/bazar\/imac-20-2008-ve-vynikajici-forme\/#primaryimage"},"thumbnailUrl":"https:\/\/www.letemsvetemapplem.eu\/bazar\/wp-content\/uploads\/2017\/03\/IMG_1003-1.jpg","keywords":["iMac"],"articleSection":["iMac"],"inLanguage":"cs","potentialAction":[{"@type":"CommentAction","name":"Comment","target":["https:\/\/www.letemsvetemapplem.eu\/bazar\/imac-20-2008-ve-vynikajici-forme\/#respond"]}]},{"@type":"WebPage","@id":"https:\/\/www.letemsvetemapplem.eu\/bazar\/imac-20-2008-ve-vynikajici-forme\/","url":"https:\/\/www.letemsvetemapplem.eu\/bazar\/imac-20-2008-ve-vynikajici-forme\/","name":"iMac 20&quot;, 2008 ve vynikaj\u00edc\u00ed form\u011b - Apple bazar","isPartOf":{"@id":"https:\/\/www.letemsvetemapplem.eu\/bazar\/#website"},"primaryImageOfPage":{"@id":"https:\/\/www.letemsvetemapplem.eu\/bazar\/imac-20-2008-ve-vynikajici-forme\/#primaryimage"},"image":{"@id":"https:\/\/www.letemsvetemapplem.eu\/bazar\/imac-20-2008-ve-vynikajici-forme\/#primaryimage"},"thumbnailUrl":"https:\/\/www.letemsvetemapplem.eu\/bazar\/wp-content\/uploads\/2017\/03\/IMG_1003-1.jpg","datePublished":"2017-03-03T08:23:02+00:00","author":{"@id":""},"breadcrumb":{"@id":"https:\/\/www.letemsvetemapplem.eu\/bazar\/imac-20-2008-ve-vynikajici-forme\/#breadcrumb"},"inLanguage":"cs","potentialAction":[{"@type":"ReadAction","target":["https:\/\/www.letemsvetemapplem.eu\/bazar\/imac-20-2008-ve-vynikajici-forme\/"]}]},{"@type":"ImageObject","inLanguage":"cs","@id":"https:\/\/www.letemsvetemapplem.eu\/bazar\/imac-20-2008-ve-vynikajici-forme\/#primaryimage","url":"https:\/\/www.letemsvetemapplem.eu\/bazar\/wp-content\/uploads\/2017\/03\/IMG_1003-1.jpg","contentUrl":"https:\/\/www.letemsvetemapplem.eu\/bazar\/wp-content\/uploads\/2017\/03\/IMG_1003-1.jpg","width":1224,"height":1224},{"@type":"BreadcrumbList","@id":"https:\/\/www.letemsvetemapplem.eu\/bazar\/imac-20-2008-ve-vynikajici-forme\/#breadcrumb","itemListElement":[{"@type":"ListItem","position":1,"name":"Apple Bazar","item":"https:\/\/www.letemsvetemapplem.eu\/bazar\/"},{"@type":"ListItem","position":2,"name":"iMac 20&quot;, 2008 ve vynikaj\u00edc\u00ed form\u011b"}]},{"@type":"WebSite","@id":"https:\/\/www.letemsvetemapplem.eu\/bazar\/#website","url":"https:\/\/www.letemsvetemapplem.eu\/bazar\/","name":"Apple bazar","description":"Oou\u017eit\u00e9 Apple produkty za skv\u011bl\u00e9 ceny","potentialAction":[{"@type":"SearchAction","target":{"@type":"EntryPoint","urlTemplate":"https:\/\/www.letemsvetemapplem.eu\/bazar\/?s={search_term_string}"},"query-input":{"@type":"PropertyValueSpecification","valueRequired":true,"valueName":"search_term_string"}}],"inLanguage":"cs"}]}},"_links":{"self":[{"href":"https:\/\/www.letemsvetemapplem.eu\/bazar\/wp-json\/wp\/v2\/posts\/19051","targetHints":{"allow":["GET"]}}],"collection":[{"href":"https:\/\/www.letemsvetemapplem.eu\/bazar\/wp-json\/wp\/v2\/posts"}],"about":[{"href":"https:\/\/www.letemsvetemapplem.eu\/bazar\/wp-json\/wp\/v2\/types\/post"}],"replies":[{"embeddable":true,"href":"https:\/\/www.letemsvetemapplem.eu\/bazar\/wp-json\/wp\/v2\/comments?post=19051"}],"version-history":[{"count":0,"href":"https:\/\/www.letemsvetemapplem.eu\/bazar\/wp-json\/wp\/v2\/posts\/19051\/revisions"}],"wp:featuredmedia":[{"embeddable":true,"href":"https:\/\/www.letemsvetemapplem.eu\/bazar\/wp-json\/wp\/v2\/media\/19052"}],"wp:attachment":[{"href":"https:\/\/www.letemsvetemapplem.eu\/bazar\/wp-json\/wp\/v2\/media?parent=19051"}],"wp:term":[{"taxonomy":"category","embeddable":true,"href":"https:\/\/www.letemsvetemapplem.eu\/bazar\/wp-json\/wp\/v2\/categories?post=19051"},{"taxonomy":"post_tag","embeddable":true,"href":"https:\/\/www.letemsvetemapplem.eu\/bazar\/wp-json\/wp\/v2\/tags?post=19051"}],"curies":[{"name":"wp","href":"https:\/\/api.w.org\/{rel}","templated":true}]}}