{"id":188710,"date":"2020-03-15T13:23:24","date_gmt":"2020-03-15T12:23:24","guid":{"rendered":"https:\/\/www.letemsvetemapplem.eu\/bazar\/?p=188710"},"modified":"2020-04-02T09:21:02","modified_gmt":"2020-04-02T08:21:02","slug":"prodam-imac-2019-retina-5k-27-inch","status":"publish","type":"post","link":"https:\/\/www.letemsvetemapplem.eu\/bazar\/prodam-imac-2019-retina-5k-27-inch\/","title":{"rendered":"Prod\u00e1m iMac 2019 Retina 5K, 27-inch"},"content":{"rendered":"<p>Prod\u00e1m nejnov\u011bj\u0161\u00ed iMac 2019 27 palc\u016f. Roz\u0161\u00ed\u0159en o 16GB ram, celkem 24GB RAM. <\/p>\n<p>\u017d\u00e1dn\u00e9 vady ani \u0161kr\u00e1bance. V cen\u011b je i origin\u00e1ln\u00ed apple krabice. Koupeno 09.09.2019 v iStylu. P\u0159echaz\u00edm na macBook Pro kv\u016fli mobilit\u011b. V z\u00e1ruce. Mohu poskytnout fakturu. <\/p>\n<p>Osobn\u00ed odb\u011br v Litom\u011b\u0159ic\u00edch, p\u0159\u00edpadn\u011b po\u0161lu po domluv\u011b. <\/p>\n<p>3,0GHz 6j\u00e1drov\u00fd procesor, Turbo Boost a\u017e 4,1 GHz 1TB \u00falo\u017ei\u0161t\u011b Retina 5K displej 3,0GHz 6j\u00e1drov\u00fd Intel Core i5 osm\u00e9 generace Turbo Boost a\u017e 4,1 GHz 24 GB 2666MHz pam\u011bti DDR4, mo\u017enost objednat a\u017e 32 GB 1TB Fusion Drive\u00b9 Radeon Pro 570X se 4 GB pam\u011bti GDDR5 Dva porty Thunderbolt 3 Retina 5K P3 displej s rozli\u0161en\u00edm 5120 \u00d7 2880<\/p>\n<p> Odkaz na nov\u00fd naleznete zde: https:\/\/www.apple.com\/shop\/buy-mac\/imac\/27-inch<\/p>\n","protected":false},"excerpt":{"rendered":"<p>Prod\u00e1m nejnov\u011bj\u0161\u00ed iMac 2019 27 palc\u016f. Roz\u0161\u00ed\u0159en o 16GB ram, celkem 24GB RAM. \u017d\u00e1dn\u00e9 vady ani \u0161kr\u00e1bance. V cen\u011b je i origin\u00e1ln\u00ed apple krabice. Koupeno 09.09.2019 v iStylu. P\u0159echaz\u00edm na macBook Pro kv\u016fli mobilit\u011b. V z\u00e1ruce. Mohu poskytnout fakturu. Osobn\u00ed odb\u011br v Litom\u011b\u0159ic\u00edch, p\u0159\u00edpadn\u011b po\u0161lu po domluv\u011b. 3,0GHz 6j\u00e1drov\u00fd procesor, Turbo Boost a\u017e 4,1 GHz&#8230;<\/p>\n","protected":false},"author":0,"featured_media":188711,"comment_status":"closed","ping_status":"closed","sticky":false,"template":"","format":"standard","meta":{"footnotes":""},"categories":[41],"tags":[],"class_list":["post-188710","post","type-post","status-publish","format-standard","has-post-thumbnail","hentry","category-imac"],"yoast_head":"<!-- This site is optimized with the Yoast SEO plugin v27.2 - https:\/\/yoast.com\/product\/yoast-seo-wordpress\/ -->\n<title>Prod\u00e1m iMac 2019 Retina 5K, 27-inch - Apple bazar<\/title>\n<meta name=\"robots\" content=\"index, follow, max-snippet:-1, max-image-preview:large, max-video-preview:-1\" \/>\n<link rel=\"canonical\" href=\"https:\/\/www.letemsvetemapplem.eu\/bazar\/prodam-imac-2019-retina-5k-27-inch\/\" \/>\n<meta property=\"og:locale\" content=\"cs_CZ\" \/>\n<meta property=\"og:type\" content=\"article\" \/>\n<meta property=\"og:title\" content=\"Prod\u00e1m iMac 2019 Retina 5K, 27-inch - Apple bazar\" \/>\n<meta property=\"og:description\" content=\"Prod\u00e1m nejnov\u011bj\u0161\u00ed iMac 2019 27 palc\u016f. Roz\u0161\u00ed\u0159en o 16GB ram, celkem 24GB RAM. \u017d\u00e1dn\u00e9 vady ani \u0161kr\u00e1bance. V cen\u011b je i origin\u00e1ln\u00ed apple krabice. Koupeno 09.09.2019 v iStylu. P\u0159echaz\u00edm na macBook Pro kv\u016fli mobilit\u011b. V z\u00e1ruce. Mohu poskytnout fakturu. Osobn\u00ed odb\u011br v Litom\u011b\u0159ic\u00edch, p\u0159\u00edpadn\u011b po\u0161lu po domluv\u011b. 3,0GHz 6j\u00e1drov\u00fd procesor, Turbo Boost a\u017e 4,1 GHz...\" \/>\n<meta property=\"og:url\" content=\"https:\/\/www.letemsvetemapplem.eu\/bazar\/prodam-imac-2019-retina-5k-27-inch\/\" \/>\n<meta property=\"og:site_name\" content=\"Apple bazar\" \/>\n<meta property=\"article:published_time\" content=\"2020-03-15T12:23:24+00:00\" \/>\n<meta property=\"article:modified_time\" content=\"2020-04-02T08:21:02+00:00\" \/>\n<meta property=\"og:image\" content=\"https:\/\/www.letemsvetemapplem.eu\/bazar\/wp-content\/uploads\/2020\/03\/IMG_7138-scaled.jpeg\" \/>\n\t<meta property=\"og:image:width\" content=\"2560\" \/>\n\t<meta property=\"og:image:height\" content=\"1920\" \/>\n\t<meta property=\"og:image:type\" content=\"image\/jpeg\" \/>\n<meta name=\"twitter:card\" content=\"summary_large_image\" \/>\n<script type=\"application\/ld+json\" class=\"yoast-schema-graph\">{\"@context\":\"https:\/\/schema.org\",\"@graph\":[{\"@type\":\"Article\",\"@id\":\"https:\/\/www.letemsvetemapplem.eu\/bazar\/prodam-imac-2019-retina-5k-27-inch\/#article\",\"isPartOf\":{\"@id\":\"https:\/\/www.letemsvetemapplem.eu\/bazar\/prodam-imac-2019-retina-5k-27-inch\/\"},\"author\":{\"name\":\"\",\"@id\":\"\"},\"headline\":\"Prod\u00e1m iMac 2019 Retina 5K, 27-inch\",\"datePublished\":\"2020-03-15T12:23:24+00:00\",\"dateModified\":\"2020-04-02T08:21:02+00:00\",\"mainEntityOfPage\":{\"@id\":\"https:\/\/www.letemsvetemapplem.eu\/bazar\/prodam-imac-2019-retina-5k-27-inch\/\"},\"wordCount\":136,\"image\":{\"@id\":\"https:\/\/www.letemsvetemapplem.eu\/bazar\/prodam-imac-2019-retina-5k-27-inch\/#primaryimage\"},\"thumbnailUrl\":\"https:\/\/www.letemsvetemapplem.eu\/bazar\/wp-content\/uploads\/2020\/03\/IMG_7138-scaled.jpeg\",\"articleSection\":[\"iMac\"],\"inLanguage\":\"cs\"},{\"@type\":\"WebPage\",\"@id\":\"https:\/\/www.letemsvetemapplem.eu\/bazar\/prodam-imac-2019-retina-5k-27-inch\/\",\"url\":\"https:\/\/www.letemsvetemapplem.eu\/bazar\/prodam-imac-2019-retina-5k-27-inch\/\",\"name\":\"Prod\u00e1m iMac 2019 Retina 5K, 27-inch - Apple bazar\",\"isPartOf\":{\"@id\":\"https:\/\/www.letemsvetemapplem.eu\/bazar\/#website\"},\"primaryImageOfPage\":{\"@id\":\"https:\/\/www.letemsvetemapplem.eu\/bazar\/prodam-imac-2019-retina-5k-27-inch\/#primaryimage\"},\"image\":{\"@id\":\"https:\/\/www.letemsvetemapplem.eu\/bazar\/prodam-imac-2019-retina-5k-27-inch\/#primaryimage\"},\"thumbnailUrl\":\"https:\/\/www.letemsvetemapplem.eu\/bazar\/wp-content\/uploads\/2020\/03\/IMG_7138-scaled.jpeg\",\"datePublished\":\"2020-03-15T12:23:24+00:00\",\"dateModified\":\"2020-04-02T08:21:02+00:00\",\"author\":{\"@id\":\"\"},\"breadcrumb\":{\"@id\":\"https:\/\/www.letemsvetemapplem.eu\/bazar\/prodam-imac-2019-retina-5k-27-inch\/#breadcrumb\"},\"inLanguage\":\"cs\",\"potentialAction\":[{\"@type\":\"ReadAction\",\"target\":[\"https:\/\/www.letemsvetemapplem.eu\/bazar\/prodam-imac-2019-retina-5k-27-inch\/\"]}]},{\"@type\":\"ImageObject\",\"inLanguage\":\"cs\",\"@id\":\"https:\/\/www.letemsvetemapplem.eu\/bazar\/prodam-imac-2019-retina-5k-27-inch\/#primaryimage\",\"url\":\"https:\/\/www.letemsvetemapplem.eu\/bazar\/wp-content\/uploads\/2020\/03\/IMG_7138-scaled.jpeg\",\"contentUrl\":\"https:\/\/www.letemsvetemapplem.eu\/bazar\/wp-content\/uploads\/2020\/03\/IMG_7138-scaled.jpeg\",\"width\":2560,\"height\":1920},{\"@type\":\"BreadcrumbList\",\"@id\":\"https:\/\/www.letemsvetemapplem.eu\/bazar\/prodam-imac-2019-retina-5k-27-inch\/#breadcrumb\",\"itemListElement\":[{\"@type\":\"ListItem\",\"position\":1,\"name\":\"Apple Bazar\",\"item\":\"https:\/\/www.letemsvetemapplem.eu\/bazar\/\"},{\"@type\":\"ListItem\",\"position\":2,\"name\":\"Prod\u00e1m iMac 2019 Retina 5K, 27-inch\"}]},{\"@type\":\"WebSite\",\"@id\":\"https:\/\/www.letemsvetemapplem.eu\/bazar\/#website\",\"url\":\"https:\/\/www.letemsvetemapplem.eu\/bazar\/\",\"name\":\"Apple bazar\",\"description\":\"Oou\u017eit\u00e9 Apple produkty za skv\u011bl\u00e9 ceny\",\"potentialAction\":[{\"@type\":\"SearchAction\",\"target\":{\"@type\":\"EntryPoint\",\"urlTemplate\":\"https:\/\/www.letemsvetemapplem.eu\/bazar\/?s={search_term_string}\"},\"query-input\":{\"@type\":\"PropertyValueSpecification\",\"valueRequired\":true,\"valueName\":\"search_term_string\"}}],\"inLanguage\":\"cs\"}]}<\/script>\n<!-- \/ Yoast SEO plugin. -->","yoast_head_json":{"title":"Prod\u00e1m iMac 2019 Retina 5K, 27-inch - Apple bazar","robots":{"index":"index","follow":"follow","max-snippet":"max-snippet:-1","max-image-preview":"max-image-preview:large","max-video-preview":"max-video-preview:-1"},"canonical":"https:\/\/www.letemsvetemapplem.eu\/bazar\/prodam-imac-2019-retina-5k-27-inch\/","og_locale":"cs_CZ","og_type":"article","og_title":"Prod\u00e1m iMac 2019 Retina 5K, 27-inch - Apple bazar","og_description":"Prod\u00e1m nejnov\u011bj\u0161\u00ed iMac 2019 27 palc\u016f. Roz\u0161\u00ed\u0159en o 16GB ram, celkem 24GB RAM. \u017d\u00e1dn\u00e9 vady ani \u0161kr\u00e1bance. V cen\u011b je i origin\u00e1ln\u00ed apple krabice. Koupeno 09.09.2019 v iStylu. P\u0159echaz\u00edm na macBook Pro kv\u016fli mobilit\u011b. V z\u00e1ruce. Mohu poskytnout fakturu. Osobn\u00ed odb\u011br v Litom\u011b\u0159ic\u00edch, p\u0159\u00edpadn\u011b po\u0161lu po domluv\u011b. 3,0GHz 6j\u00e1drov\u00fd procesor, Turbo Boost a\u017e 4,1 GHz...","og_url":"https:\/\/www.letemsvetemapplem.eu\/bazar\/prodam-imac-2019-retina-5k-27-inch\/","og_site_name":"Apple bazar","article_published_time":"2020-03-15T12:23:24+00:00","article_modified_time":"2020-04-02T08:21:02+00:00","og_image":[{"width":2560,"height":1920,"url":"https:\/\/www.letemsvetemapplem.eu\/bazar\/wp-content\/uploads\/2020\/03\/IMG_7138-scaled.jpeg","type":"image\/jpeg"}],"twitter_card":"summary_large_image","schema":{"@context":"https:\/\/schema.org","@graph":[{"@type":"Article","@id":"https:\/\/www.letemsvetemapplem.eu\/bazar\/prodam-imac-2019-retina-5k-27-inch\/#article","isPartOf":{"@id":"https:\/\/www.letemsvetemapplem.eu\/bazar\/prodam-imac-2019-retina-5k-27-inch\/"},"author":{"name":"","@id":""},"headline":"Prod\u00e1m iMac 2019 Retina 5K, 27-inch","datePublished":"2020-03-15T12:23:24+00:00","dateModified":"2020-04-02T08:21:02+00:00","mainEntityOfPage":{"@id":"https:\/\/www.letemsvetemapplem.eu\/bazar\/prodam-imac-2019-retina-5k-27-inch\/"},"wordCount":136,"image":{"@id":"https:\/\/www.letemsvetemapplem.eu\/bazar\/prodam-imac-2019-retina-5k-27-inch\/#primaryimage"},"thumbnailUrl":"https:\/\/www.letemsvetemapplem.eu\/bazar\/wp-content\/uploads\/2020\/03\/IMG_7138-scaled.jpeg","articleSection":["iMac"],"inLanguage":"cs"},{"@type":"WebPage","@id":"https:\/\/www.letemsvetemapplem.eu\/bazar\/prodam-imac-2019-retina-5k-27-inch\/","url":"https:\/\/www.letemsvetemapplem.eu\/bazar\/prodam-imac-2019-retina-5k-27-inch\/","name":"Prod\u00e1m iMac 2019 Retina 5K, 27-inch - Apple bazar","isPartOf":{"@id":"https:\/\/www.letemsvetemapplem.eu\/bazar\/#website"},"primaryImageOfPage":{"@id":"https:\/\/www.letemsvetemapplem.eu\/bazar\/prodam-imac-2019-retina-5k-27-inch\/#primaryimage"},"image":{"@id":"https:\/\/www.letemsvetemapplem.eu\/bazar\/prodam-imac-2019-retina-5k-27-inch\/#primaryimage"},"thumbnailUrl":"https:\/\/www.letemsvetemapplem.eu\/bazar\/wp-content\/uploads\/2020\/03\/IMG_7138-scaled.jpeg","datePublished":"2020-03-15T12:23:24+00:00","dateModified":"2020-04-02T08:21:02+00:00","author":{"@id":""},"breadcrumb":{"@id":"https:\/\/www.letemsvetemapplem.eu\/bazar\/prodam-imac-2019-retina-5k-27-inch\/#breadcrumb"},"inLanguage":"cs","potentialAction":[{"@type":"ReadAction","target":["https:\/\/www.letemsvetemapplem.eu\/bazar\/prodam-imac-2019-retina-5k-27-inch\/"]}]},{"@type":"ImageObject","inLanguage":"cs","@id":"https:\/\/www.letemsvetemapplem.eu\/bazar\/prodam-imac-2019-retina-5k-27-inch\/#primaryimage","url":"https:\/\/www.letemsvetemapplem.eu\/bazar\/wp-content\/uploads\/2020\/03\/IMG_7138-scaled.jpeg","contentUrl":"https:\/\/www.letemsvetemapplem.eu\/bazar\/wp-content\/uploads\/2020\/03\/IMG_7138-scaled.jpeg","width":2560,"height":1920},{"@type":"BreadcrumbList","@id":"https:\/\/www.letemsvetemapplem.eu\/bazar\/prodam-imac-2019-retina-5k-27-inch\/#breadcrumb","itemListElement":[{"@type":"ListItem","position":1,"name":"Apple Bazar","item":"https:\/\/www.letemsvetemapplem.eu\/bazar\/"},{"@type":"ListItem","position":2,"name":"Prod\u00e1m iMac 2019 Retina 5K, 27-inch"}]},{"@type":"WebSite","@id":"https:\/\/www.letemsvetemapplem.eu\/bazar\/#website","url":"https:\/\/www.letemsvetemapplem.eu\/bazar\/","name":"Apple bazar","description":"Oou\u017eit\u00e9 Apple produkty za skv\u011bl\u00e9 ceny","potentialAction":[{"@type":"SearchAction","target":{"@type":"EntryPoint","urlTemplate":"https:\/\/www.letemsvetemapplem.eu\/bazar\/?s={search_term_string}"},"query-input":{"@type":"PropertyValueSpecification","valueRequired":true,"valueName":"search_term_string"}}],"inLanguage":"cs"}]}},"_links":{"self":[{"href":"https:\/\/www.letemsvetemapplem.eu\/bazar\/wp-json\/wp\/v2\/posts\/188710","targetHints":{"allow":["GET"]}}],"collection":[{"href":"https:\/\/www.letemsvetemapplem.eu\/bazar\/wp-json\/wp\/v2\/posts"}],"about":[{"href":"https:\/\/www.letemsvetemapplem.eu\/bazar\/wp-json\/wp\/v2\/types\/post"}],"replies":[{"embeddable":true,"href":"https:\/\/www.letemsvetemapplem.eu\/bazar\/wp-json\/wp\/v2\/comments?post=188710"}],"version-history":[{"count":2,"href":"https:\/\/www.letemsvetemapplem.eu\/bazar\/wp-json\/wp\/v2\/posts\/188710\/revisions"}],"predecessor-version":[{"id":190043,"href":"https:\/\/www.letemsvetemapplem.eu\/bazar\/wp-json\/wp\/v2\/posts\/188710\/revisions\/190043"}],"wp:featuredmedia":[{"embeddable":true,"href":"https:\/\/www.letemsvetemapplem.eu\/bazar\/wp-json\/wp\/v2\/media\/188711"}],"wp:attachment":[{"href":"https:\/\/www.letemsvetemapplem.eu\/bazar\/wp-json\/wp\/v2\/media?parent=188710"}],"wp:term":[{"taxonomy":"category","embeddable":true,"href":"https:\/\/www.letemsvetemapplem.eu\/bazar\/wp-json\/wp\/v2\/categories?post=188710"},{"taxonomy":"post_tag","embeddable":true,"href":"https:\/\/www.letemsvetemapplem.eu\/bazar\/wp-json\/wp\/v2\/tags?post=188710"}],"curies":[{"name":"wp","href":"https:\/\/api.w.org\/{rel}","templated":true}]}}