{"id":188172,"date":"2020-03-08T17:12:40","date_gmt":"2020-03-08T16:12:40","guid":{"rendered":"https:\/\/www.letemsvetemapplem.eu\/bazar\/?p=188172"},"modified":"2020-03-08T17:12:40","modified_gmt":"2020-03-08T16:12:40","slug":"imac-27-retina-5k-4","status":"publish","type":"post","link":"https:\/\/www.letemsvetemapplem.eu\/bazar\/imac-27-retina-5k-4\/","title":{"rendered":"iMac 27\u201d Retina 5K"},"content":{"rendered":"<p>Prod\u00e1m iMac 27\u201d(2017) zakoupen\u00fd v \u010dervenci 2019(je\u0161t\u011b v z\u00e1ruce)<br \/>\nProcesor Intel Core i5 3,8GHz &#8211; 4,2GHz Turbo Boost<br \/>\n8GB RAM<br \/>\nGrafick\u00e1 karta Radeon Pro 580 s 8GB VRAM<br \/>\n2TB Fusion Drive<br \/>\nJako nov\u00fd, v\u0161e 100% funk\u010dn\u00ed<\/p>\n","protected":false},"excerpt":{"rendered":"<p>Prod\u00e1m iMac 27\u201d(2017) zakoupen\u00fd v \u010dervenci 2019(je\u0161t\u011b v z\u00e1ruce) Procesor Intel Core i5 3,8GHz &#8211; 4,2GHz Turbo Boost 8GB RAM Grafick\u00e1 karta Radeon Pro 580 s 8GB VRAM 2TB Fusion Drive Jako nov\u00fd, v\u0161e 100% funk\u010dn\u00ed<\/p>\n","protected":false},"author":0,"featured_media":188173,"comment_status":"closed","ping_status":"closed","sticky":false,"template":"","format":"standard","meta":{"footnotes":""},"categories":[41],"tags":[],"class_list":["post-188172","post","type-post","status-publish","format-standard","has-post-thumbnail","hentry","category-imac"],"yoast_head":"<!-- This site is optimized with the Yoast SEO plugin v27.2 - https:\/\/yoast.com\/product\/yoast-seo-wordpress\/ -->\n<title>iMac 27\u201d Retina 5K - Apple bazar<\/title>\n<meta name=\"robots\" content=\"index, follow, max-snippet:-1, max-image-preview:large, max-video-preview:-1\" \/>\n<link rel=\"canonical\" href=\"https:\/\/www.letemsvetemapplem.eu\/bazar\/imac-27-retina-5k-4\/\" \/>\n<meta property=\"og:locale\" content=\"cs_CZ\" \/>\n<meta property=\"og:type\" content=\"article\" \/>\n<meta property=\"og:title\" content=\"iMac 27\u201d Retina 5K - Apple bazar\" \/>\n<meta property=\"og:description\" content=\"Prod\u00e1m iMac 27\u201d(2017) zakoupen\u00fd v \u010dervenci 2019(je\u0161t\u011b v z\u00e1ruce) Procesor Intel Core i5 3,8GHz &#8211; 4,2GHz Turbo Boost 8GB RAM Grafick\u00e1 karta Radeon Pro 580 s 8GB VRAM 2TB Fusion Drive Jako nov\u00fd, v\u0161e 100% funk\u010dn\u00ed\" \/>\n<meta property=\"og:url\" content=\"https:\/\/www.letemsvetemapplem.eu\/bazar\/imac-27-retina-5k-4\/\" \/>\n<meta property=\"og:site_name\" content=\"Apple bazar\" \/>\n<meta property=\"article:published_time\" content=\"2020-03-08T16:12:40+00:00\" \/>\n<meta property=\"og:image\" content=\"https:\/\/www.letemsvetemapplem.eu\/bazar\/wp-content\/uploads\/2020\/03\/7DD969A5-C4A6-4ED0-9688-28A7350E5AD1-3-scaled.jpeg\" \/>\n\t<meta property=\"og:image:width\" content=\"2560\" \/>\n\t<meta property=\"og:image:height\" content=\"1920\" \/>\n\t<meta property=\"og:image:type\" content=\"image\/jpeg\" \/>\n<meta name=\"twitter:card\" content=\"summary_large_image\" \/>\n<script type=\"application\/ld+json\" class=\"yoast-schema-graph\">{\"@context\":\"https:\/\/schema.org\",\"@graph\":[{\"@type\":\"Article\",\"@id\":\"https:\/\/www.letemsvetemapplem.eu\/bazar\/imac-27-retina-5k-4\/#article\",\"isPartOf\":{\"@id\":\"https:\/\/www.letemsvetemapplem.eu\/bazar\/imac-27-retina-5k-4\/\"},\"author\":{\"name\":\"\",\"@id\":\"\"},\"headline\":\"iMac 27\u201d Retina 5K\",\"datePublished\":\"2020-03-08T16:12:40+00:00\",\"mainEntityOfPage\":{\"@id\":\"https:\/\/www.letemsvetemapplem.eu\/bazar\/imac-27-retina-5k-4\/\"},\"wordCount\":41,\"image\":{\"@id\":\"https:\/\/www.letemsvetemapplem.eu\/bazar\/imac-27-retina-5k-4\/#primaryimage\"},\"thumbnailUrl\":\"https:\/\/www.letemsvetemapplem.eu\/bazar\/wp-content\/uploads\/2020\/03\/7DD969A5-C4A6-4ED0-9688-28A7350E5AD1-3-scaled.jpeg\",\"articleSection\":[\"iMac\"],\"inLanguage\":\"cs\"},{\"@type\":\"WebPage\",\"@id\":\"https:\/\/www.letemsvetemapplem.eu\/bazar\/imac-27-retina-5k-4\/\",\"url\":\"https:\/\/www.letemsvetemapplem.eu\/bazar\/imac-27-retina-5k-4\/\",\"name\":\"iMac 27\u201d Retina 5K - Apple bazar\",\"isPartOf\":{\"@id\":\"https:\/\/www.letemsvetemapplem.eu\/bazar\/#website\"},\"primaryImageOfPage\":{\"@id\":\"https:\/\/www.letemsvetemapplem.eu\/bazar\/imac-27-retina-5k-4\/#primaryimage\"},\"image\":{\"@id\":\"https:\/\/www.letemsvetemapplem.eu\/bazar\/imac-27-retina-5k-4\/#primaryimage\"},\"thumbnailUrl\":\"https:\/\/www.letemsvetemapplem.eu\/bazar\/wp-content\/uploads\/2020\/03\/7DD969A5-C4A6-4ED0-9688-28A7350E5AD1-3-scaled.jpeg\",\"datePublished\":\"2020-03-08T16:12:40+00:00\",\"author\":{\"@id\":\"\"},\"breadcrumb\":{\"@id\":\"https:\/\/www.letemsvetemapplem.eu\/bazar\/imac-27-retina-5k-4\/#breadcrumb\"},\"inLanguage\":\"cs\",\"potentialAction\":[{\"@type\":\"ReadAction\",\"target\":[\"https:\/\/www.letemsvetemapplem.eu\/bazar\/imac-27-retina-5k-4\/\"]}]},{\"@type\":\"ImageObject\",\"inLanguage\":\"cs\",\"@id\":\"https:\/\/www.letemsvetemapplem.eu\/bazar\/imac-27-retina-5k-4\/#primaryimage\",\"url\":\"https:\/\/www.letemsvetemapplem.eu\/bazar\/wp-content\/uploads\/2020\/03\/7DD969A5-C4A6-4ED0-9688-28A7350E5AD1-3-scaled.jpeg\",\"contentUrl\":\"https:\/\/www.letemsvetemapplem.eu\/bazar\/wp-content\/uploads\/2020\/03\/7DD969A5-C4A6-4ED0-9688-28A7350E5AD1-3-scaled.jpeg\",\"width\":2560,\"height\":1920},{\"@type\":\"BreadcrumbList\",\"@id\":\"https:\/\/www.letemsvetemapplem.eu\/bazar\/imac-27-retina-5k-4\/#breadcrumb\",\"itemListElement\":[{\"@type\":\"ListItem\",\"position\":1,\"name\":\"Apple Bazar\",\"item\":\"https:\/\/www.letemsvetemapplem.eu\/bazar\/\"},{\"@type\":\"ListItem\",\"position\":2,\"name\":\"iMac 27\u201d Retina 5K\"}]},{\"@type\":\"WebSite\",\"@id\":\"https:\/\/www.letemsvetemapplem.eu\/bazar\/#website\",\"url\":\"https:\/\/www.letemsvetemapplem.eu\/bazar\/\",\"name\":\"Apple bazar\",\"description\":\"Oou\u017eit\u00e9 Apple produkty za skv\u011bl\u00e9 ceny\",\"potentialAction\":[{\"@type\":\"SearchAction\",\"target\":{\"@type\":\"EntryPoint\",\"urlTemplate\":\"https:\/\/www.letemsvetemapplem.eu\/bazar\/?s={search_term_string}\"},\"query-input\":{\"@type\":\"PropertyValueSpecification\",\"valueRequired\":true,\"valueName\":\"search_term_string\"}}],\"inLanguage\":\"cs\"}]}<\/script>\n<!-- \/ Yoast SEO plugin. -->","yoast_head_json":{"title":"iMac 27\u201d Retina 5K - Apple bazar","robots":{"index":"index","follow":"follow","max-snippet":"max-snippet:-1","max-image-preview":"max-image-preview:large","max-video-preview":"max-video-preview:-1"},"canonical":"https:\/\/www.letemsvetemapplem.eu\/bazar\/imac-27-retina-5k-4\/","og_locale":"cs_CZ","og_type":"article","og_title":"iMac 27\u201d Retina 5K - Apple bazar","og_description":"Prod\u00e1m iMac 27\u201d(2017) zakoupen\u00fd v \u010dervenci 2019(je\u0161t\u011b v z\u00e1ruce) Procesor Intel Core i5 3,8GHz &#8211; 4,2GHz Turbo Boost 8GB RAM Grafick\u00e1 karta Radeon Pro 580 s 8GB VRAM 2TB Fusion Drive Jako nov\u00fd, v\u0161e 100% funk\u010dn\u00ed","og_url":"https:\/\/www.letemsvetemapplem.eu\/bazar\/imac-27-retina-5k-4\/","og_site_name":"Apple bazar","article_published_time":"2020-03-08T16:12:40+00:00","og_image":[{"width":2560,"height":1920,"url":"https:\/\/www.letemsvetemapplem.eu\/bazar\/wp-content\/uploads\/2020\/03\/7DD969A5-C4A6-4ED0-9688-28A7350E5AD1-3-scaled.jpeg","type":"image\/jpeg"}],"twitter_card":"summary_large_image","schema":{"@context":"https:\/\/schema.org","@graph":[{"@type":"Article","@id":"https:\/\/www.letemsvetemapplem.eu\/bazar\/imac-27-retina-5k-4\/#article","isPartOf":{"@id":"https:\/\/www.letemsvetemapplem.eu\/bazar\/imac-27-retina-5k-4\/"},"author":{"name":"","@id":""},"headline":"iMac 27\u201d Retina 5K","datePublished":"2020-03-08T16:12:40+00:00","mainEntityOfPage":{"@id":"https:\/\/www.letemsvetemapplem.eu\/bazar\/imac-27-retina-5k-4\/"},"wordCount":41,"image":{"@id":"https:\/\/www.letemsvetemapplem.eu\/bazar\/imac-27-retina-5k-4\/#primaryimage"},"thumbnailUrl":"https:\/\/www.letemsvetemapplem.eu\/bazar\/wp-content\/uploads\/2020\/03\/7DD969A5-C4A6-4ED0-9688-28A7350E5AD1-3-scaled.jpeg","articleSection":["iMac"],"inLanguage":"cs"},{"@type":"WebPage","@id":"https:\/\/www.letemsvetemapplem.eu\/bazar\/imac-27-retina-5k-4\/","url":"https:\/\/www.letemsvetemapplem.eu\/bazar\/imac-27-retina-5k-4\/","name":"iMac 27\u201d Retina 5K - Apple bazar","isPartOf":{"@id":"https:\/\/www.letemsvetemapplem.eu\/bazar\/#website"},"primaryImageOfPage":{"@id":"https:\/\/www.letemsvetemapplem.eu\/bazar\/imac-27-retina-5k-4\/#primaryimage"},"image":{"@id":"https:\/\/www.letemsvetemapplem.eu\/bazar\/imac-27-retina-5k-4\/#primaryimage"},"thumbnailUrl":"https:\/\/www.letemsvetemapplem.eu\/bazar\/wp-content\/uploads\/2020\/03\/7DD969A5-C4A6-4ED0-9688-28A7350E5AD1-3-scaled.jpeg","datePublished":"2020-03-08T16:12:40+00:00","author":{"@id":""},"breadcrumb":{"@id":"https:\/\/www.letemsvetemapplem.eu\/bazar\/imac-27-retina-5k-4\/#breadcrumb"},"inLanguage":"cs","potentialAction":[{"@type":"ReadAction","target":["https:\/\/www.letemsvetemapplem.eu\/bazar\/imac-27-retina-5k-4\/"]}]},{"@type":"ImageObject","inLanguage":"cs","@id":"https:\/\/www.letemsvetemapplem.eu\/bazar\/imac-27-retina-5k-4\/#primaryimage","url":"https:\/\/www.letemsvetemapplem.eu\/bazar\/wp-content\/uploads\/2020\/03\/7DD969A5-C4A6-4ED0-9688-28A7350E5AD1-3-scaled.jpeg","contentUrl":"https:\/\/www.letemsvetemapplem.eu\/bazar\/wp-content\/uploads\/2020\/03\/7DD969A5-C4A6-4ED0-9688-28A7350E5AD1-3-scaled.jpeg","width":2560,"height":1920},{"@type":"BreadcrumbList","@id":"https:\/\/www.letemsvetemapplem.eu\/bazar\/imac-27-retina-5k-4\/#breadcrumb","itemListElement":[{"@type":"ListItem","position":1,"name":"Apple Bazar","item":"https:\/\/www.letemsvetemapplem.eu\/bazar\/"},{"@type":"ListItem","position":2,"name":"iMac 27\u201d Retina 5K"}]},{"@type":"WebSite","@id":"https:\/\/www.letemsvetemapplem.eu\/bazar\/#website","url":"https:\/\/www.letemsvetemapplem.eu\/bazar\/","name":"Apple bazar","description":"Oou\u017eit\u00e9 Apple produkty za skv\u011bl\u00e9 ceny","potentialAction":[{"@type":"SearchAction","target":{"@type":"EntryPoint","urlTemplate":"https:\/\/www.letemsvetemapplem.eu\/bazar\/?s={search_term_string}"},"query-input":{"@type":"PropertyValueSpecification","valueRequired":true,"valueName":"search_term_string"}}],"inLanguage":"cs"}]}},"_links":{"self":[{"href":"https:\/\/www.letemsvetemapplem.eu\/bazar\/wp-json\/wp\/v2\/posts\/188172","targetHints":{"allow":["GET"]}}],"collection":[{"href":"https:\/\/www.letemsvetemapplem.eu\/bazar\/wp-json\/wp\/v2\/posts"}],"about":[{"href":"https:\/\/www.letemsvetemapplem.eu\/bazar\/wp-json\/wp\/v2\/types\/post"}],"replies":[{"embeddable":true,"href":"https:\/\/www.letemsvetemapplem.eu\/bazar\/wp-json\/wp\/v2\/comments?post=188172"}],"version-history":[{"count":1,"href":"https:\/\/www.letemsvetemapplem.eu\/bazar\/wp-json\/wp\/v2\/posts\/188172\/revisions"}],"predecessor-version":[{"id":188178,"href":"https:\/\/www.letemsvetemapplem.eu\/bazar\/wp-json\/wp\/v2\/posts\/188172\/revisions\/188178"}],"wp:featuredmedia":[{"embeddable":true,"href":"https:\/\/www.letemsvetemapplem.eu\/bazar\/wp-json\/wp\/v2\/media\/188173"}],"wp:attachment":[{"href":"https:\/\/www.letemsvetemapplem.eu\/bazar\/wp-json\/wp\/v2\/media?parent=188172"}],"wp:term":[{"taxonomy":"category","embeddable":true,"href":"https:\/\/www.letemsvetemapplem.eu\/bazar\/wp-json\/wp\/v2\/categories?post=188172"},{"taxonomy":"post_tag","embeddable":true,"href":"https:\/\/www.letemsvetemapplem.eu\/bazar\/wp-json\/wp\/v2\/tags?post=188172"}],"curies":[{"name":"wp","href":"https:\/\/api.w.org\/{rel}","templated":true}]}}